{"id":2519,"date":"2015-05-23T18:19:21","date_gmt":"2015-05-23T17:19:21","guid":{"rendered":"http:\/\/www.lawebradio.com\/news\/?p=2519"},"modified":"2015-06-08T08:47:00","modified_gmt":"2015-06-08T07:47:00","slug":"raje-une-fm-qui-a-investit-le-digital-avec-determination-depuis-plusieurs-annees","status":"publish","type":"post","link":"https:\/\/www.lawebradio.com\/news\/raje-une-fm-qui-a-investit-le-digital-avec-determination-depuis-plusieurs-annees\/","title":{"rendered":"RAJE, une FM qui a investi le digital avec d\u00e9termination depuis plusieurs ann\u00e9es"},"content":{"rendered":"<p><strong>D\u00e9velopp\u00e9e sous forme de radio associative, RAJE propose un concept de radio alliant performance \u00e9conomique et utilit\u00e9 sociale. Elle diffuse une programmation musicale alliant les sons d\u2019aujourd\u2019hui et de demain, ponctu\u00e9e de contenus d\u2019informations locales en FM dans le Vaucluse, le Gard, l\u2019H\u00e9rault et les Bouches-du-Rh\u00f4ne, en RNT sur Paris Aix-Marseille, Nice, en Loire-Atlantique et sur le Web.<\/strong><\/p>\n<p>Interview de Val\u00e8re Corr\u00e9ard, son fondateur en 1998, qui fut d&rsquo;abord chercheur en droit public, puis s\u2019est orient\u00e9 vers la communication et les m\u00e9dias depuis dix ans :<br \/>\n&#8211; \u00ab\u00a0RAJE est une radio musicale associative qui fait partie du Groupe SOS depuis trois ans. C&rsquo;est une entreprise sociale qui met l&rsquo;efficacit\u00e9 \u00e9conomique au service de l\u2019int\u00e9r\u00eat g\u00e9n\u00e9ral. Construit sur des activit\u00e9 de lutte contre les exclusions, elle a su se diversifier progressivement et d\u00e9veloppe aujourd&rsquo;hui de dispositifs d&rsquo;excellence pour tous y compris les plus d\u00e9munis. Elle r\u00e9pond ainsi aux besoins fondamentaux de la soci\u00e9t\u00e9 \u00e0 travers cinq c\u0153urs de m\u00e9tier: la jeunesse, l&#8217;emploi, les solidarit\u00e9s, la sant\u00e9, les seniors.<\/p>\n<p>C&rsquo;est dans un esprit \u00ab\u00a0avant-gardiste\u00a0\u00bb que nous avons propos\u00e9 une offre similaire \u00e0 la diffusion en FM avec la cr\u00e9ation d&rsquo;une radio en ligne d\u00e8s 2001 qui est \u00e9cout\u00e9e par 20 000 auditeurs\/mois en moyenne aujourd&rsquo;hui.<\/p>\n<p>Pr\u00e8s de 30 collaborateurs participent au D\u00e9partement m\u00e9dias du GROUPE SOS et interviennent \u00e0 ce titre pour RAJE. La promotion se fait par tous les canaux classiques : antenne, m\u00e9dia, hors m\u00e9dias, sociale. Plusieurs \u00e9missions en live sont r\u00e9alis\u00e9es tournant autour de styles musicaux comme le reggae, le hip hop, deep house, la pop moderne et l\u2019\u00e9lectro.\u00a0\u00bb<\/p>\n<p>Quelle est l&rsquo;anecdote que vous pourriez \u00e9voquer sur la vie de votre radio ?<br \/>\n&#8211; \u00ab\u00a0Le jour o\u00f9 nous avons appris que le CSA avait retenu notre candidature pour la diffusion sur la RNT dans 3 grandes villes (Paris, Nice et Marseille), nous avons d\u2019abord vers\u00e9 dans l\u2019euphorie et la soir\u00e9e a finit dans les projections quand nous avons r\u00e9alis\u00e9 la t\u00e2che qui nous attendait !\u00a0\u00bb<\/p>\n<p>\u2022 Le player : <a href=\"http:\/\/www.raje.fr\/ecouter-la-radio.php\" target=\"_blank\">http:\/\/www.raje.fr\/ecouter-la-radio.php<\/a><br \/>\n\u2022 Facebook : <a href=\"https:\/\/www.facebook.com\/RAJEradio\" target=\"_blank\">https:\/\/www.facebook.com\/RAJEradio<\/a><\/p>\n","protected":false},"excerpt":{"rendered":"<p>D\u00e9velopp\u00e9e sous forme de radio associative, RAJE propose un concept de radio alliant performance \u00e9conomique et utilit\u00e9 sociale. Elle diffuse une programmation musicale alliant les sons d\u2019aujourd\u2019hui et de demain, ponctu\u00e9e de contenus d\u2019informations locales en FM dans le Vaucluse, le Gard, l\u2019H\u00e9rault et les Bouches-du-Rh\u00f4ne, en RNT sur Paris Aix-Marseille, Nice, en Loire-Atlantique et [&hellip;]<\/p>\n","protected":false},"author":3,"featured_media":2521,"comment_status":"closed","ping_status":"closed","sticky":false,"template":"","format":"standard","meta":{"_et_pb_use_builder":"","_et_pb_old_content":"","_et_gb_content_width":"","footnotes":""},"categories":[6],"tags":[831,830,823],"class_list":["post-2519","post","type-post","status-publish","format-standard","has-post-thumbnail","hentry","category-focus","tag-radio-associative","tag-raje","tag-valere-correard","et-has-post-format-content","et_post_format-et-post-format-standard"],"yoast_head":"<!-- This site is optimized with the Yoast SEO plugin v27.4 - https:\/\/yoast.com\/product\/yoast-seo-wordpress\/ -->\n<title>RAJE, une FM qui a investi le digital avec d\u00e9termination depuis plusieurs ann\u00e9es - Lawebradio.com - Actualit\u00e9s des radios digitales<\/title>\n<meta name=\"description\" content=\"C&#039;est dans un esprit &quot;avant-gardiste&quot; que cette FM r\u00e9gionale a diffus\u00e9 ses programmes sur le Web d\u00e8s 2001, \u00e9cout\u00e9e par 20 000 internautes\/mois aujourd&#039;hui.\" \/>\n<meta name=\"robots\" content=\"index, follow, max-snippet:-1, max-image-preview:large, max-video-preview:-1\" \/>\n<link rel=\"canonical\" href=\"https:\/\/www.lawebradio.com\/news\/raje-une-fm-qui-a-investit-le-digital-avec-determination-depuis-plusieurs-annees\/\" \/>\n<meta property=\"og:locale\" content=\"fr_FR\" \/>\n<meta property=\"og:type\" content=\"article\" \/>\n<meta property=\"og:title\" content=\"RAJE, une FM qui a investi le digital avec d\u00e9termination depuis plusieurs ann\u00e9es - Lawebradio.com - Actualit\u00e9s des radios digitales\" \/>\n<meta property=\"og:description\" content=\"C&#039;est dans un esprit &quot;avant-gardiste&quot; que cette FM r\u00e9gionale a diffus\u00e9 ses programmes sur le Web d\u00e8s 2001, \u00e9cout\u00e9e par 20 000 internautes\/mois aujourd&#039;hui.\" \/>\n<meta property=\"og:url\" content=\"https:\/\/www.lawebradio.com\/news\/raje-une-fm-qui-a-investit-le-digital-avec-determination-depuis-plusieurs-annees\/\" \/>\n<meta property=\"og:site_name\" content=\"Lawebradio.com - Actualit\u00e9s des radios digitales\" \/>\n<meta property=\"article:published_time\" content=\"2015-05-23T17:19:21+00:00\" \/>\n<meta property=\"article:modified_time\" content=\"2015-06-08T07:47:00+00:00\" \/>\n<meta property=\"og:image\" content=\"https:\/\/www.lawebradio.com\/news\/wp-content\/uploads\/2015\/05\/ima-raje2015.jpg\" \/>\n\t<meta property=\"og:image:width\" content=\"640\" \/>\n\t<meta property=\"og:image:height\" content=\"310\" \/>\n\t<meta property=\"og:image:type\" content=\"image\/jpeg\" \/>\n<meta name=\"author\" content=\"Julien Lecourbe\" \/>\n<meta name=\"twitter:label1\" content=\"\u00c9crit par\" \/>\n\t<meta name=\"twitter:data1\" content=\"Julien Lecourbe\" \/>\n\t<meta name=\"twitter:label2\" content=\"Dur\u00e9e de lecture estim\u00e9e\" \/>\n\t<meta name=\"twitter:data2\" content=\"2 minutes\" \/>\n<script type=\"application\/ld+json\" class=\"yoast-schema-graph\">{\"@context\":\"https:\\\/\\\/schema.org\",\"@graph\":[{\"@type\":\"Article\",\"@id\":\"https:\\\/\\\/www.lawebradio.com\\\/news\\\/raje-une-fm-qui-a-investit-le-digital-avec-determination-depuis-plusieurs-annees\\\/#article\",\"isPartOf\":{\"@id\":\"https:\\\/\\\/www.lawebradio.com\\\/news\\\/raje-une-fm-qui-a-investit-le-digital-avec-determination-depuis-plusieurs-annees\\\/\"},\"author\":{\"name\":\"Julien Lecourbe\",\"@id\":\"https:\\\/\\\/www.lawebradio.com\\\/news\\\/#\\\/schema\\\/person\\\/95fd11aee6e6cfe70a4b58b482103f1f\"},\"headline\":\"RAJE, une FM qui a investi le digital avec d\u00e9termination depuis plusieurs ann\u00e9es\",\"datePublished\":\"2015-05-23T17:19:21+00:00\",\"dateModified\":\"2015-06-08T07:47:00+00:00\",\"mainEntityOfPage\":{\"@id\":\"https:\\\/\\\/www.lawebradio.com\\\/news\\\/raje-une-fm-qui-a-investit-le-digital-avec-determination-depuis-plusieurs-annees\\\/\"},\"wordCount\":394,\"publisher\":{\"@id\":\"https:\\\/\\\/www.lawebradio.com\\\/news\\\/#organization\"},\"image\":{\"@id\":\"https:\\\/\\\/www.lawebradio.com\\\/news\\\/raje-une-fm-qui-a-investit-le-digital-avec-determination-depuis-plusieurs-annees\\\/#primaryimage\"},\"thumbnailUrl\":\"https:\\\/\\\/www.lawebradio.com\\\/news\\\/wp-content\\\/uploads\\\/2015\\\/05\\\/ima-raje2015.jpg\",\"keywords\":[\"radio associative\",\"RAJE\",\"Val\u00e8re Correard\"],\"articleSection\":[\"Focus\"],\"inLanguage\":\"fr-FR\"},{\"@type\":\"WebPage\",\"@id\":\"https:\\\/\\\/www.lawebradio.com\\\/news\\\/raje-une-fm-qui-a-investit-le-digital-avec-determination-depuis-plusieurs-annees\\\/\",\"url\":\"https:\\\/\\\/www.lawebradio.com\\\/news\\\/raje-une-fm-qui-a-investit-le-digital-avec-determination-depuis-plusieurs-annees\\\/\",\"name\":\"RAJE, une FM qui a investi le digital avec d\u00e9termination depuis plusieurs ann\u00e9es - Lawebradio.com - Actualit\u00e9s des radios digitales\",\"isPartOf\":{\"@id\":\"https:\\\/\\\/www.lawebradio.com\\\/news\\\/#website\"},\"primaryImageOfPage\":{\"@id\":\"https:\\\/\\\/www.lawebradio.com\\\/news\\\/raje-une-fm-qui-a-investit-le-digital-avec-determination-depuis-plusieurs-annees\\\/#primaryimage\"},\"image\":{\"@id\":\"https:\\\/\\\/www.lawebradio.com\\\/news\\\/raje-une-fm-qui-a-investit-le-digital-avec-determination-depuis-plusieurs-annees\\\/#primaryimage\"},\"thumbnailUrl\":\"https:\\\/\\\/www.lawebradio.com\\\/news\\\/wp-content\\\/uploads\\\/2015\\\/05\\\/ima-raje2015.jpg\",\"datePublished\":\"2015-05-23T17:19:21+00:00\",\"dateModified\":\"2015-06-08T07:47:00+00:00\",\"description\":\"C'est dans un esprit \\\"avant-gardiste\\\" que cette FM r\u00e9gionale a diffus\u00e9 ses programmes sur le Web d\u00e8s 2001, \u00e9cout\u00e9e par 20 000 internautes\\\/mois aujourd'hui.\",\"inLanguage\":\"fr-FR\",\"potentialAction\":[{\"@type\":\"ReadAction\",\"target\":[\"https:\\\/\\\/www.lawebradio.com\\\/news\\\/raje-une-fm-qui-a-investit-le-digital-avec-determination-depuis-plusieurs-annees\\\/\"]}]},{\"@type\":\"ImageObject\",\"inLanguage\":\"fr-FR\",\"@id\":\"https:\\\/\\\/www.lawebradio.com\\\/news\\\/raje-une-fm-qui-a-investit-le-digital-avec-determination-depuis-plusieurs-annees\\\/#primaryimage\",\"url\":\"https:\\\/\\\/www.lawebradio.com\\\/news\\\/wp-content\\\/uploads\\\/2015\\\/05\\\/ima-raje2015.jpg\",\"contentUrl\":\"https:\\\/\\\/www.lawebradio.com\\\/news\\\/wp-content\\\/uploads\\\/2015\\\/05\\\/ima-raje2015.jpg\",\"width\":640,\"height\":310},{\"@type\":\"WebSite\",\"@id\":\"https:\\\/\\\/www.lawebradio.com\\\/news\\\/#website\",\"url\":\"https:\\\/\\\/www.lawebradio.com\\\/news\\\/\",\"name\":\"Lawebradio.com - Actualit\u00e9s des radios digitales\",\"description\":\"\",\"publisher\":{\"@id\":\"https:\\\/\\\/www.lawebradio.com\\\/news\\\/#organization\"},\"potentialAction\":[{\"@type\":\"SearchAction\",\"target\":{\"@type\":\"EntryPoint\",\"urlTemplate\":\"https:\\\/\\\/www.lawebradio.com\\\/news\\\/?s={search_term_string}\"},\"query-input\":{\"@type\":\"PropertyValueSpecification\",\"valueRequired\":true,\"valueName\":\"search_term_string\"}}],\"inLanguage\":\"fr-FR\"},{\"@type\":\"Organization\",\"@id\":\"https:\\\/\\\/www.lawebradio.com\\\/news\\\/#organization\",\"name\":\"Lawebradio.com - Actualit\u00e9s des radios digitales\",\"url\":\"https:\\\/\\\/www.lawebradio.com\\\/news\\\/\",\"logo\":{\"@type\":\"ImageObject\",\"inLanguage\":\"fr-FR\",\"@id\":\"https:\\\/\\\/www.lawebradio.com\\\/news\\\/#\\\/schema\\\/logo\\\/image\\\/\",\"url\":\"https:\\\/\\\/www.lawebradio.com\\\/news\\\/wp-content\\\/uploads\\\/2020\\\/10\\\/logo2020.png\",\"contentUrl\":\"https:\\\/\\\/www.lawebradio.com\\\/news\\\/wp-content\\\/uploads\\\/2020\\\/10\\\/logo2020.png\",\"width\":254,\"height\":43,\"caption\":\"Lawebradio.com - Actualit\u00e9s des radios digitales\"},\"image\":{\"@id\":\"https:\\\/\\\/www.lawebradio.com\\\/news\\\/#\\\/schema\\\/logo\\\/image\\\/\"}},{\"@type\":\"Person\",\"@id\":\"https:\\\/\\\/www.lawebradio.com\\\/news\\\/#\\\/schema\\\/person\\\/95fd11aee6e6cfe70a4b58b482103f1f\",\"name\":\"Julien Lecourbe\",\"image\":{\"@type\":\"ImageObject\",\"inLanguage\":\"fr-FR\",\"@id\":\"https:\\\/\\\/secure.gravatar.com\\\/avatar\\\/0d25a327c6e268d9730d9c0cbeeee0fea76f04c6cf9528c29e782ef324afc515?s=96&d=mm&r=g\",\"url\":\"https:\\\/\\\/secure.gravatar.com\\\/avatar\\\/0d25a327c6e268d9730d9c0cbeeee0fea76f04c6cf9528c29e782ef324afc515?s=96&d=mm&r=g\",\"contentUrl\":\"https:\\\/\\\/secure.gravatar.com\\\/avatar\\\/0d25a327c6e268d9730d9c0cbeeee0fea76f04c6cf9528c29e782ef324afc515?s=96&d=mm&r=g\",\"caption\":\"Julien Lecourbe\"},\"url\":\"https:\\\/\\\/www.lawebradio.com\\\/news\\\/author\\\/la-redaction\\\/\"}]}<\/script>\n<!-- \/ Yoast SEO plugin. -->","yoast_head_json":{"title":"RAJE, une FM qui a investi le digital avec d\u00e9termination depuis plusieurs ann\u00e9es - Lawebradio.com - Actualit\u00e9s des radios digitales","description":"C'est dans un esprit \"avant-gardiste\" que cette FM r\u00e9gionale a diffus\u00e9 ses programmes sur le Web d\u00e8s 2001, \u00e9cout\u00e9e par 20 000 internautes\/mois aujourd'hui.","robots":{"index":"index","follow":"follow","max-snippet":"max-snippet:-1","max-image-preview":"max-image-preview:large","max-video-preview":"max-video-preview:-1"},"canonical":"https:\/\/www.lawebradio.com\/news\/raje-une-fm-qui-a-investit-le-digital-avec-determination-depuis-plusieurs-annees\/","og_locale":"fr_FR","og_type":"article","og_title":"RAJE, une FM qui a investi le digital avec d\u00e9termination depuis plusieurs ann\u00e9es - Lawebradio.com - Actualit\u00e9s des radios digitales","og_description":"C'est dans un esprit \"avant-gardiste\" que cette FM r\u00e9gionale a diffus\u00e9 ses programmes sur le Web d\u00e8s 2001, \u00e9cout\u00e9e par 20 000 internautes\/mois aujourd'hui.","og_url":"https:\/\/www.lawebradio.com\/news\/raje-une-fm-qui-a-investit-le-digital-avec-determination-depuis-plusieurs-annees\/","og_site_name":"Lawebradio.com - Actualit\u00e9s des radios digitales","article_published_time":"2015-05-23T17:19:21+00:00","article_modified_time":"2015-06-08T07:47:00+00:00","og_image":[{"width":640,"height":310,"url":"https:\/\/www.lawebradio.com\/news\/wp-content\/uploads\/2015\/05\/ima-raje2015.jpg","type":"image\/jpeg"}],"author":"Julien Lecourbe","twitter_misc":{"\u00c9crit par":"Julien Lecourbe","Dur\u00e9e de lecture estim\u00e9e":"2 minutes"},"schema":{"@context":"https:\/\/schema.org","@graph":[{"@type":"Article","@id":"https:\/\/www.lawebradio.com\/news\/raje-une-fm-qui-a-investit-le-digital-avec-determination-depuis-plusieurs-annees\/#article","isPartOf":{"@id":"https:\/\/www.lawebradio.com\/news\/raje-une-fm-qui-a-investit-le-digital-avec-determination-depuis-plusieurs-annees\/"},"author":{"name":"Julien Lecourbe","@id":"https:\/\/www.lawebradio.com\/news\/#\/schema\/person\/95fd11aee6e6cfe70a4b58b482103f1f"},"headline":"RAJE, une FM qui a investi le digital avec d\u00e9termination depuis plusieurs ann\u00e9es","datePublished":"2015-05-23T17:19:21+00:00","dateModified":"2015-06-08T07:47:00+00:00","mainEntityOfPage":{"@id":"https:\/\/www.lawebradio.com\/news\/raje-une-fm-qui-a-investit-le-digital-avec-determination-depuis-plusieurs-annees\/"},"wordCount":394,"publisher":{"@id":"https:\/\/www.lawebradio.com\/news\/#organization"},"image":{"@id":"https:\/\/www.lawebradio.com\/news\/raje-une-fm-qui-a-investit-le-digital-avec-determination-depuis-plusieurs-annees\/#primaryimage"},"thumbnailUrl":"https:\/\/www.lawebradio.com\/news\/wp-content\/uploads\/2015\/05\/ima-raje2015.jpg","keywords":["radio associative","RAJE","Val\u00e8re Correard"],"articleSection":["Focus"],"inLanguage":"fr-FR"},{"@type":"WebPage","@id":"https:\/\/www.lawebradio.com\/news\/raje-une-fm-qui-a-investit-le-digital-avec-determination-depuis-plusieurs-annees\/","url":"https:\/\/www.lawebradio.com\/news\/raje-une-fm-qui-a-investit-le-digital-avec-determination-depuis-plusieurs-annees\/","name":"RAJE, une FM qui a investi le digital avec d\u00e9termination depuis plusieurs ann\u00e9es - Lawebradio.com - Actualit\u00e9s des radios digitales","isPartOf":{"@id":"https:\/\/www.lawebradio.com\/news\/#website"},"primaryImageOfPage":{"@id":"https:\/\/www.lawebradio.com\/news\/raje-une-fm-qui-a-investit-le-digital-avec-determination-depuis-plusieurs-annees\/#primaryimage"},"image":{"@id":"https:\/\/www.lawebradio.com\/news\/raje-une-fm-qui-a-investit-le-digital-avec-determination-depuis-plusieurs-annees\/#primaryimage"},"thumbnailUrl":"https:\/\/www.lawebradio.com\/news\/wp-content\/uploads\/2015\/05\/ima-raje2015.jpg","datePublished":"2015-05-23T17:19:21+00:00","dateModified":"2015-06-08T07:47:00+00:00","description":"C'est dans un esprit \"avant-gardiste\" que cette FM r\u00e9gionale a diffus\u00e9 ses programmes sur le Web d\u00e8s 2001, \u00e9cout\u00e9e par 20 000 internautes\/mois aujourd'hui.","inLanguage":"fr-FR","potentialAction":[{"@type":"ReadAction","target":["https:\/\/www.lawebradio.com\/news\/raje-une-fm-qui-a-investit-le-digital-avec-determination-depuis-plusieurs-annees\/"]}]},{"@type":"ImageObject","inLanguage":"fr-FR","@id":"https:\/\/www.lawebradio.com\/news\/raje-une-fm-qui-a-investit-le-digital-avec-determination-depuis-plusieurs-annees\/#primaryimage","url":"https:\/\/www.lawebradio.com\/news\/wp-content\/uploads\/2015\/05\/ima-raje2015.jpg","contentUrl":"https:\/\/www.lawebradio.com\/news\/wp-content\/uploads\/2015\/05\/ima-raje2015.jpg","width":640,"height":310},{"@type":"WebSite","@id":"https:\/\/www.lawebradio.com\/news\/#website","url":"https:\/\/www.lawebradio.com\/news\/","name":"Lawebradio.com - Actualit\u00e9s des radios digitales","description":"","publisher":{"@id":"https:\/\/www.lawebradio.com\/news\/#organization"},"potentialAction":[{"@type":"SearchAction","target":{"@type":"EntryPoint","urlTemplate":"https:\/\/www.lawebradio.com\/news\/?s={search_term_string}"},"query-input":{"@type":"PropertyValueSpecification","valueRequired":true,"valueName":"search_term_string"}}],"inLanguage":"fr-FR"},{"@type":"Organization","@id":"https:\/\/www.lawebradio.com\/news\/#organization","name":"Lawebradio.com - Actualit\u00e9s des radios digitales","url":"https:\/\/www.lawebradio.com\/news\/","logo":{"@type":"ImageObject","inLanguage":"fr-FR","@id":"https:\/\/www.lawebradio.com\/news\/#\/schema\/logo\/image\/","url":"https:\/\/www.lawebradio.com\/news\/wp-content\/uploads\/2020\/10\/logo2020.png","contentUrl":"https:\/\/www.lawebradio.com\/news\/wp-content\/uploads\/2020\/10\/logo2020.png","width":254,"height":43,"caption":"Lawebradio.com - Actualit\u00e9s des radios digitales"},"image":{"@id":"https:\/\/www.lawebradio.com\/news\/#\/schema\/logo\/image\/"}},{"@type":"Person","@id":"https:\/\/www.lawebradio.com\/news\/#\/schema\/person\/95fd11aee6e6cfe70a4b58b482103f1f","name":"Julien Lecourbe","image":{"@type":"ImageObject","inLanguage":"fr-FR","@id":"https:\/\/secure.gravatar.com\/avatar\/0d25a327c6e268d9730d9c0cbeeee0fea76f04c6cf9528c29e782ef324afc515?s=96&d=mm&r=g","url":"https:\/\/secure.gravatar.com\/avatar\/0d25a327c6e268d9730d9c0cbeeee0fea76f04c6cf9528c29e782ef324afc515?s=96&d=mm&r=g","contentUrl":"https:\/\/secure.gravatar.com\/avatar\/0d25a327c6e268d9730d9c0cbeeee0fea76f04c6cf9528c29e782ef324afc515?s=96&d=mm&r=g","caption":"Julien Lecourbe"},"url":"https:\/\/www.lawebradio.com\/news\/author\/la-redaction\/"}]}},"_links":{"self":[{"href":"https:\/\/www.lawebradio.com\/news\/wp-json\/wp\/v2\/posts\/2519","targetHints":{"allow":["GET"]}}],"collection":[{"href":"https:\/\/www.lawebradio.com\/news\/wp-json\/wp\/v2\/posts"}],"about":[{"href":"https:\/\/www.lawebradio.com\/news\/wp-json\/wp\/v2\/types\/post"}],"author":[{"embeddable":true,"href":"https:\/\/www.lawebradio.com\/news\/wp-json\/wp\/v2\/users\/3"}],"replies":[{"embeddable":true,"href":"https:\/\/www.lawebradio.com\/news\/wp-json\/wp\/v2\/comments?post=2519"}],"version-history":[{"count":6,"href":"https:\/\/www.lawebradio.com\/news\/wp-json\/wp\/v2\/posts\/2519\/revisions"}],"predecessor-version":[{"id":2597,"href":"https:\/\/www.lawebradio.com\/news\/wp-json\/wp\/v2\/posts\/2519\/revisions\/2597"}],"wp:featuredmedia":[{"embeddable":true,"href":"https:\/\/www.lawebradio.com\/news\/wp-json\/wp\/v2\/media\/2521"}],"wp:attachment":[{"href":"https:\/\/www.lawebradio.com\/news\/wp-json\/wp\/v2\/media?parent=2519"}],"wp:term":[{"taxonomy":"category","embeddable":true,"href":"https:\/\/www.lawebradio.com\/news\/wp-json\/wp\/v2\/categories?post=2519"},{"taxonomy":"post_tag","embeddable":true,"href":"https:\/\/www.lawebradio.com\/news\/wp-json\/wp\/v2\/tags?post=2519"}],"curies":[{"name":"wp","href":"https:\/\/api.w.org\/{rel}","templated":true}]}}