{"id":2445,"date":"2015-05-08T09:44:53","date_gmt":"2015-05-08T08:44:53","guid":{"rendered":"http:\/\/www.lawebradio.com\/news\/?p=2445"},"modified":"2015-05-08T09:50:59","modified_gmt":"2015-05-08T08:50:59","slug":"seance-radio-un-oeil-ouvert-sur-le-monde-du-cinema","status":"publish","type":"post","link":"https:\/\/www.lawebradio.com\/news\/seance-radio-un-oeil-ouvert-sur-le-monde-du-cinema\/","title":{"rendered":"S\u00e9ance Radio, un oeil ouvert sur le monde du cin\u00e9ma"},"content":{"rendered":"<p><strong>Lanc\u00e9e en 2012 \u00e0 l&rsquo;initiative de BNP Paribas, la webradio \u00ab\u00a0S\u00e9ance Radio\u00a0\u00bb propose aux fans du 7\u00e8me Art un contenu \u00e9ditorial riche en interviews, chroniques et \u00e9missions ainsi que la diffusion d&rsquo;un contenu musical compos\u00e9 de bandes originales de films.<\/strong><\/p>\n<p>Une r\u00e9daction compos\u00e9e de 10 chroniqueurs dont Bruno Cras, Antoine Sire, Laurent Bourdon, Betty Mourao, Nicolas Balazard, propose 4 \u00e9missions cultes \u00ab\u00a0S\u00e9ance Live\u00a0\u00bb, \u00ab\u00a0La Grande S\u00e9ance\u00a0\u00bb, \u00ab\u00a0Le Filmographe\u00a0\u00bb et le \u00ab\u00a0Pav\u00e9 dans la toile\u00a0\u00bb et 15 heures de direct par semaine permettant de revenir sur les richesses de l\u2019univers cin\u00e9matographique mondial. <img loading=\"lazy\" decoding=\"async\" class=\"alignleft size-full wp-image-2447\" src=\"http:\/\/www.lawebradio.com\/news\/wp-content\/uploads\/2015\/05\/ima02-seance-radio2015.png\" alt=\"ima02-seance-radio2015\" width=\"250\" height=\"220\" srcset=\"https:\/\/www.lawebradio.com\/news\/wp-content\/uploads\/2015\/05\/ima02-seance-radio2015.png 250w, https:\/\/www.lawebradio.com\/news\/wp-content\/uploads\/2015\/05\/ima02-seance-radio2015-150x132.png 150w\" sizes=\"auto, (max-width: 250px) 100vw, 250px\" \/>Ce sont plus de 30.000 auditeurs uniques chaque mois qui se connectent \u00e0 S\u00e9ance Radio et pr\u00e8s de 4 000 applications qui ont \u00e9t\u00e9 t\u00e9l\u00e9charg\u00e9es. En 2014, BNP Paribas a lanc\u00e9 l&rsquo;application \u00ab\u00a0S\u00e9ance Cin\u00e9\u00a0\u00bb l&rsquo;application qui permet d&rsquo;organiser un cin\u00e9 entre amis en toute simplicit\u00e9. (Disponible sur Appstore et sur Google Play)<\/p>\n<p>A noter que durant toute la dur\u00e9e du Festival de Cannes du 13 au 24 mai 2015, le chroniqueur C\u00e9sar Monteyrol livrera dans \u00ab\u00a0S\u00e9ance Live\u00a0\u00bb et dans le \u00ab\u00a0Pav\u00e9 dans la Toile\u00a0\u00bb, l&rsquo;actualit\u00e9 de cet \u00e9v\u00e9nement international.<\/p>\n<p>\u2022 Le site : <a href=\"http:\/\/seanceradio.com\" target=\"_blank\">http:\/\/seanceradio.com<\/a><br \/>\n\u2022 Twitter : <a href=\"https:\/\/twitter.com\/seanceradio\" target=\"_blank\">https:\/\/twitter.com\/seanceradio<\/a><\/p>\n<p><iframe loading=\"lazy\" src=\"https:\/\/www.youtube.com\/embed\/uoLzAj0WmO0?rel=0&amp;showinfo=0\" width=\"640\" height=\"360\" frameborder=\"0\" allowfullscreen=\"allowfullscreen\"><\/iframe><\/p>\n","protected":false},"excerpt":{"rendered":"<p>Lanc\u00e9e en 2012 \u00e0 l&rsquo;initiative de BNP Paribas, la webradio \u00ab\u00a0S\u00e9ance Radio\u00a0\u00bb propose aux fans du 7\u00e8me Art un contenu \u00e9ditorial riche en interviews, chroniques et \u00e9missions ainsi que la diffusion d&rsquo;un contenu musical compos\u00e9 de bandes originales de films. Une r\u00e9daction compos\u00e9e de 10 chroniqueurs dont Bruno Cras, Antoine Sire, Laurent Bourdon, Betty Mourao, [&hellip;]<\/p>\n","protected":false},"author":3,"featured_media":2446,"comment_status":"closed","ping_status":"closed","sticky":false,"template":"","format":"standard","meta":{"_et_pb_use_builder":"","_et_pb_old_content":"","_et_gb_content_width":"","footnotes":""},"categories":[6],"tags":[813,815,811,812,808,814,809,816,810,807,44],"class_list":["post-2445","post","type-post","status-publish","format-standard","has-post-thumbnail","hentry","category-focus","tag-antoine-sire","tag-betty-mourao","tag-bnp-paribas","tag-bruno-cras","tag-la-grande-seance","tag-laurent-bourdon","tag-le-filmographe","tag-nicolas-balazard","tag-pave-dans-la-toile","tag-seance-live","tag-webradios","et-has-post-format-content","et_post_format-et-post-format-standard"],"yoast_head":"<!-- This site is optimized with the Yoast SEO plugin v27.4 - https:\/\/yoast.com\/product\/yoast-seo-wordpress\/ -->\n<title>S\u00e9ance Radio, un oeil ouvert sur le monde du cin\u00e9ma - Lawebradio.com - Actualit\u00e9s des radios digitales<\/title>\n<meta name=\"description\" content=\"Lanc\u00e9e en 2012 \u00e0 l&#039;initiative de BNP Paribas, S\u00e9ance Radio propose aux fans du 7\u00e8me Art un contenu \u00e9ditorial riche en interviews, chroniques et \u00e9missions...\" \/>\n<meta name=\"robots\" content=\"index, follow, max-snippet:-1, max-image-preview:large, max-video-preview:-1\" \/>\n<link rel=\"canonical\" href=\"https:\/\/www.lawebradio.com\/news\/seance-radio-un-oeil-ouvert-sur-le-monde-du-cinema\/\" \/>\n<meta property=\"og:locale\" content=\"fr_FR\" \/>\n<meta property=\"og:type\" content=\"article\" \/>\n<meta property=\"og:title\" content=\"S\u00e9ance Radio, un oeil ouvert sur le monde du cin\u00e9ma - Lawebradio.com - Actualit\u00e9s des radios digitales\" \/>\n<meta property=\"og:description\" content=\"Lanc\u00e9e en 2012 \u00e0 l&#039;initiative de BNP Paribas, S\u00e9ance Radio propose aux fans du 7\u00e8me Art un contenu \u00e9ditorial riche en interviews, chroniques et \u00e9missions...\" \/>\n<meta property=\"og:url\" content=\"https:\/\/www.lawebradio.com\/news\/seance-radio-un-oeil-ouvert-sur-le-monde-du-cinema\/\" \/>\n<meta property=\"og:site_name\" content=\"Lawebradio.com - Actualit\u00e9s des radios digitales\" \/>\n<meta property=\"article:published_time\" content=\"2015-05-08T08:44:53+00:00\" \/>\n<meta property=\"article:modified_time\" content=\"2015-05-08T08:50:59+00:00\" \/>\n<meta property=\"og:image\" content=\"https:\/\/www.lawebradio.com\/news\/wp-content\/uploads\/2015\/05\/ima-seance-radio2015.jpg\" \/>\n\t<meta property=\"og:image:width\" content=\"640\" \/>\n\t<meta property=\"og:image:height\" content=\"310\" \/>\n\t<meta property=\"og:image:type\" content=\"image\/jpeg\" \/>\n<meta name=\"author\" content=\"Julien Lecourbe\" \/>\n<meta name=\"twitter:label1\" content=\"\u00c9crit par\" \/>\n\t<meta name=\"twitter:data1\" content=\"Julien Lecourbe\" \/>\n\t<meta name=\"twitter:label2\" content=\"Dur\u00e9e de lecture estim\u00e9e\" \/>\n\t<meta name=\"twitter:data2\" content=\"1 minute\" \/>\n<script type=\"application\/ld+json\" class=\"yoast-schema-graph\">{\"@context\":\"https:\\\/\\\/schema.org\",\"@graph\":[{\"@type\":\"Article\",\"@id\":\"https:\\\/\\\/www.lawebradio.com\\\/news\\\/seance-radio-un-oeil-ouvert-sur-le-monde-du-cinema\\\/#article\",\"isPartOf\":{\"@id\":\"https:\\\/\\\/www.lawebradio.com\\\/news\\\/seance-radio-un-oeil-ouvert-sur-le-monde-du-cinema\\\/\"},\"author\":{\"name\":\"Julien Lecourbe\",\"@id\":\"https:\\\/\\\/www.lawebradio.com\\\/news\\\/#\\\/schema\\\/person\\\/95fd11aee6e6cfe70a4b58b482103f1f\"},\"headline\":\"S\u00e9ance Radio, un oeil ouvert sur le monde du cin\u00e9ma\",\"datePublished\":\"2015-05-08T08:44:53+00:00\",\"dateModified\":\"2015-05-08T08:50:59+00:00\",\"mainEntityOfPage\":{\"@id\":\"https:\\\/\\\/www.lawebradio.com\\\/news\\\/seance-radio-un-oeil-ouvert-sur-le-monde-du-cinema\\\/\"},\"wordCount\":213,\"publisher\":{\"@id\":\"https:\\\/\\\/www.lawebradio.com\\\/news\\\/#organization\"},\"image\":{\"@id\":\"https:\\\/\\\/www.lawebradio.com\\\/news\\\/seance-radio-un-oeil-ouvert-sur-le-monde-du-cinema\\\/#primaryimage\"},\"thumbnailUrl\":\"https:\\\/\\\/www.lawebradio.com\\\/news\\\/wp-content\\\/uploads\\\/2015\\\/05\\\/ima-seance-radio2015.jpg\",\"keywords\":[\"Antoine Sire\",\"Betty Mourao\",\"BNP Paribas\",\"Bruno Cras\",\"La Grande S\u00e9ance\",\"Laurent Bourdon\",\"Le Filmographe\",\"Nicolas Balazard\",\"Pav\u00e9 dans la toile\",\"S\u00e9ance Live\",\"webradios\"],\"articleSection\":[\"Focus\"],\"inLanguage\":\"fr-FR\"},{\"@type\":\"WebPage\",\"@id\":\"https:\\\/\\\/www.lawebradio.com\\\/news\\\/seance-radio-un-oeil-ouvert-sur-le-monde-du-cinema\\\/\",\"url\":\"https:\\\/\\\/www.lawebradio.com\\\/news\\\/seance-radio-un-oeil-ouvert-sur-le-monde-du-cinema\\\/\",\"name\":\"S\u00e9ance Radio, un oeil ouvert sur le monde du cin\u00e9ma - Lawebradio.com - Actualit\u00e9s des radios digitales\",\"isPartOf\":{\"@id\":\"https:\\\/\\\/www.lawebradio.com\\\/news\\\/#website\"},\"primaryImageOfPage\":{\"@id\":\"https:\\\/\\\/www.lawebradio.com\\\/news\\\/seance-radio-un-oeil-ouvert-sur-le-monde-du-cinema\\\/#primaryimage\"},\"image\":{\"@id\":\"https:\\\/\\\/www.lawebradio.com\\\/news\\\/seance-radio-un-oeil-ouvert-sur-le-monde-du-cinema\\\/#primaryimage\"},\"thumbnailUrl\":\"https:\\\/\\\/www.lawebradio.com\\\/news\\\/wp-content\\\/uploads\\\/2015\\\/05\\\/ima-seance-radio2015.jpg\",\"datePublished\":\"2015-05-08T08:44:53+00:00\",\"dateModified\":\"2015-05-08T08:50:59+00:00\",\"description\":\"Lanc\u00e9e en 2012 \u00e0 l'initiative de BNP Paribas, S\u00e9ance Radio propose aux fans du 7\u00e8me Art un contenu \u00e9ditorial riche en interviews, chroniques et \u00e9missions...\",\"inLanguage\":\"fr-FR\",\"potentialAction\":[{\"@type\":\"ReadAction\",\"target\":[\"https:\\\/\\\/www.lawebradio.com\\\/news\\\/seance-radio-un-oeil-ouvert-sur-le-monde-du-cinema\\\/\"]}]},{\"@type\":\"ImageObject\",\"inLanguage\":\"fr-FR\",\"@id\":\"https:\\\/\\\/www.lawebradio.com\\\/news\\\/seance-radio-un-oeil-ouvert-sur-le-monde-du-cinema\\\/#primaryimage\",\"url\":\"https:\\\/\\\/www.lawebradio.com\\\/news\\\/wp-content\\\/uploads\\\/2015\\\/05\\\/ima-seance-radio2015.jpg\",\"contentUrl\":\"https:\\\/\\\/www.lawebradio.com\\\/news\\\/wp-content\\\/uploads\\\/2015\\\/05\\\/ima-seance-radio2015.jpg\",\"width\":640,\"height\":310},{\"@type\":\"WebSite\",\"@id\":\"https:\\\/\\\/www.lawebradio.com\\\/news\\\/#website\",\"url\":\"https:\\\/\\\/www.lawebradio.com\\\/news\\\/\",\"name\":\"Lawebradio.com - Actualit\u00e9s des radios digitales\",\"description\":\"\",\"publisher\":{\"@id\":\"https:\\\/\\\/www.lawebradio.com\\\/news\\\/#organization\"},\"potentialAction\":[{\"@type\":\"SearchAction\",\"target\":{\"@type\":\"EntryPoint\",\"urlTemplate\":\"https:\\\/\\\/www.lawebradio.com\\\/news\\\/?s={search_term_string}\"},\"query-input\":{\"@type\":\"PropertyValueSpecification\",\"valueRequired\":true,\"valueName\":\"search_term_string\"}}],\"inLanguage\":\"fr-FR\"},{\"@type\":\"Organization\",\"@id\":\"https:\\\/\\\/www.lawebradio.com\\\/news\\\/#organization\",\"name\":\"Lawebradio.com - Actualit\u00e9s des radios digitales\",\"url\":\"https:\\\/\\\/www.lawebradio.com\\\/news\\\/\",\"logo\":{\"@type\":\"ImageObject\",\"inLanguage\":\"fr-FR\",\"@id\":\"https:\\\/\\\/www.lawebradio.com\\\/news\\\/#\\\/schema\\\/logo\\\/image\\\/\",\"url\":\"https:\\\/\\\/www.lawebradio.com\\\/news\\\/wp-content\\\/uploads\\\/2020\\\/10\\\/logo2020.png\",\"contentUrl\":\"https:\\\/\\\/www.lawebradio.com\\\/news\\\/wp-content\\\/uploads\\\/2020\\\/10\\\/logo2020.png\",\"width\":254,\"height\":43,\"caption\":\"Lawebradio.com - Actualit\u00e9s des radios digitales\"},\"image\":{\"@id\":\"https:\\\/\\\/www.lawebradio.com\\\/news\\\/#\\\/schema\\\/logo\\\/image\\\/\"}},{\"@type\":\"Person\",\"@id\":\"https:\\\/\\\/www.lawebradio.com\\\/news\\\/#\\\/schema\\\/person\\\/95fd11aee6e6cfe70a4b58b482103f1f\",\"name\":\"Julien Lecourbe\",\"image\":{\"@type\":\"ImageObject\",\"inLanguage\":\"fr-FR\",\"@id\":\"https:\\\/\\\/secure.gravatar.com\\\/avatar\\\/0d25a327c6e268d9730d9c0cbeeee0fea76f04c6cf9528c29e782ef324afc515?s=96&d=mm&r=g\",\"url\":\"https:\\\/\\\/secure.gravatar.com\\\/avatar\\\/0d25a327c6e268d9730d9c0cbeeee0fea76f04c6cf9528c29e782ef324afc515?s=96&d=mm&r=g\",\"contentUrl\":\"https:\\\/\\\/secure.gravatar.com\\\/avatar\\\/0d25a327c6e268d9730d9c0cbeeee0fea76f04c6cf9528c29e782ef324afc515?s=96&d=mm&r=g\",\"caption\":\"Julien Lecourbe\"},\"url\":\"https:\\\/\\\/www.lawebradio.com\\\/news\\\/author\\\/la-redaction\\\/\"}]}<\/script>\n<!-- \/ Yoast SEO plugin. -->","yoast_head_json":{"title":"S\u00e9ance Radio, un oeil ouvert sur le monde du cin\u00e9ma - Lawebradio.com - Actualit\u00e9s des radios digitales","description":"Lanc\u00e9e en 2012 \u00e0 l'initiative de BNP Paribas, S\u00e9ance Radio propose aux fans du 7\u00e8me Art un contenu \u00e9ditorial riche en interviews, chroniques et \u00e9missions...","robots":{"index":"index","follow":"follow","max-snippet":"max-snippet:-1","max-image-preview":"max-image-preview:large","max-video-preview":"max-video-preview:-1"},"canonical":"https:\/\/www.lawebradio.com\/news\/seance-radio-un-oeil-ouvert-sur-le-monde-du-cinema\/","og_locale":"fr_FR","og_type":"article","og_title":"S\u00e9ance Radio, un oeil ouvert sur le monde du cin\u00e9ma - Lawebradio.com - Actualit\u00e9s des radios digitales","og_description":"Lanc\u00e9e en 2012 \u00e0 l'initiative de BNP Paribas, S\u00e9ance Radio propose aux fans du 7\u00e8me Art un contenu \u00e9ditorial riche en interviews, chroniques et \u00e9missions...","og_url":"https:\/\/www.lawebradio.com\/news\/seance-radio-un-oeil-ouvert-sur-le-monde-du-cinema\/","og_site_name":"Lawebradio.com - Actualit\u00e9s des radios digitales","article_published_time":"2015-05-08T08:44:53+00:00","article_modified_time":"2015-05-08T08:50:59+00:00","og_image":[{"width":640,"height":310,"url":"https:\/\/www.lawebradio.com\/news\/wp-content\/uploads\/2015\/05\/ima-seance-radio2015.jpg","type":"image\/jpeg"}],"author":"Julien Lecourbe","twitter_misc":{"\u00c9crit par":"Julien Lecourbe","Dur\u00e9e de lecture estim\u00e9e":"1 minute"},"schema":{"@context":"https:\/\/schema.org","@graph":[{"@type":"Article","@id":"https:\/\/www.lawebradio.com\/news\/seance-radio-un-oeil-ouvert-sur-le-monde-du-cinema\/#article","isPartOf":{"@id":"https:\/\/www.lawebradio.com\/news\/seance-radio-un-oeil-ouvert-sur-le-monde-du-cinema\/"},"author":{"name":"Julien Lecourbe","@id":"https:\/\/www.lawebradio.com\/news\/#\/schema\/person\/95fd11aee6e6cfe70a4b58b482103f1f"},"headline":"S\u00e9ance Radio, un oeil ouvert sur le monde du cin\u00e9ma","datePublished":"2015-05-08T08:44:53+00:00","dateModified":"2015-05-08T08:50:59+00:00","mainEntityOfPage":{"@id":"https:\/\/www.lawebradio.com\/news\/seance-radio-un-oeil-ouvert-sur-le-monde-du-cinema\/"},"wordCount":213,"publisher":{"@id":"https:\/\/www.lawebradio.com\/news\/#organization"},"image":{"@id":"https:\/\/www.lawebradio.com\/news\/seance-radio-un-oeil-ouvert-sur-le-monde-du-cinema\/#primaryimage"},"thumbnailUrl":"https:\/\/www.lawebradio.com\/news\/wp-content\/uploads\/2015\/05\/ima-seance-radio2015.jpg","keywords":["Antoine Sire","Betty Mourao","BNP Paribas","Bruno Cras","La Grande S\u00e9ance","Laurent Bourdon","Le Filmographe","Nicolas Balazard","Pav\u00e9 dans la toile","S\u00e9ance Live","webradios"],"articleSection":["Focus"],"inLanguage":"fr-FR"},{"@type":"WebPage","@id":"https:\/\/www.lawebradio.com\/news\/seance-radio-un-oeil-ouvert-sur-le-monde-du-cinema\/","url":"https:\/\/www.lawebradio.com\/news\/seance-radio-un-oeil-ouvert-sur-le-monde-du-cinema\/","name":"S\u00e9ance Radio, un oeil ouvert sur le monde du cin\u00e9ma - Lawebradio.com - Actualit\u00e9s des radios digitales","isPartOf":{"@id":"https:\/\/www.lawebradio.com\/news\/#website"},"primaryImageOfPage":{"@id":"https:\/\/www.lawebradio.com\/news\/seance-radio-un-oeil-ouvert-sur-le-monde-du-cinema\/#primaryimage"},"image":{"@id":"https:\/\/www.lawebradio.com\/news\/seance-radio-un-oeil-ouvert-sur-le-monde-du-cinema\/#primaryimage"},"thumbnailUrl":"https:\/\/www.lawebradio.com\/news\/wp-content\/uploads\/2015\/05\/ima-seance-radio2015.jpg","datePublished":"2015-05-08T08:44:53+00:00","dateModified":"2015-05-08T08:50:59+00:00","description":"Lanc\u00e9e en 2012 \u00e0 l'initiative de BNP Paribas, S\u00e9ance Radio propose aux fans du 7\u00e8me Art un contenu \u00e9ditorial riche en interviews, chroniques et \u00e9missions...","inLanguage":"fr-FR","potentialAction":[{"@type":"ReadAction","target":["https:\/\/www.lawebradio.com\/news\/seance-radio-un-oeil-ouvert-sur-le-monde-du-cinema\/"]}]},{"@type":"ImageObject","inLanguage":"fr-FR","@id":"https:\/\/www.lawebradio.com\/news\/seance-radio-un-oeil-ouvert-sur-le-monde-du-cinema\/#primaryimage","url":"https:\/\/www.lawebradio.com\/news\/wp-content\/uploads\/2015\/05\/ima-seance-radio2015.jpg","contentUrl":"https:\/\/www.lawebradio.com\/news\/wp-content\/uploads\/2015\/05\/ima-seance-radio2015.jpg","width":640,"height":310},{"@type":"WebSite","@id":"https:\/\/www.lawebradio.com\/news\/#website","url":"https:\/\/www.lawebradio.com\/news\/","name":"Lawebradio.com - Actualit\u00e9s des radios digitales","description":"","publisher":{"@id":"https:\/\/www.lawebradio.com\/news\/#organization"},"potentialAction":[{"@type":"SearchAction","target":{"@type":"EntryPoint","urlTemplate":"https:\/\/www.lawebradio.com\/news\/?s={search_term_string}"},"query-input":{"@type":"PropertyValueSpecification","valueRequired":true,"valueName":"search_term_string"}}],"inLanguage":"fr-FR"},{"@type":"Organization","@id":"https:\/\/www.lawebradio.com\/news\/#organization","name":"Lawebradio.com - Actualit\u00e9s des radios digitales","url":"https:\/\/www.lawebradio.com\/news\/","logo":{"@type":"ImageObject","inLanguage":"fr-FR","@id":"https:\/\/www.lawebradio.com\/news\/#\/schema\/logo\/image\/","url":"https:\/\/www.lawebradio.com\/news\/wp-content\/uploads\/2020\/10\/logo2020.png","contentUrl":"https:\/\/www.lawebradio.com\/news\/wp-content\/uploads\/2020\/10\/logo2020.png","width":254,"height":43,"caption":"Lawebradio.com - Actualit\u00e9s des radios digitales"},"image":{"@id":"https:\/\/www.lawebradio.com\/news\/#\/schema\/logo\/image\/"}},{"@type":"Person","@id":"https:\/\/www.lawebradio.com\/news\/#\/schema\/person\/95fd11aee6e6cfe70a4b58b482103f1f","name":"Julien Lecourbe","image":{"@type":"ImageObject","inLanguage":"fr-FR","@id":"https:\/\/secure.gravatar.com\/avatar\/0d25a327c6e268d9730d9c0cbeeee0fea76f04c6cf9528c29e782ef324afc515?s=96&d=mm&r=g","url":"https:\/\/secure.gravatar.com\/avatar\/0d25a327c6e268d9730d9c0cbeeee0fea76f04c6cf9528c29e782ef324afc515?s=96&d=mm&r=g","contentUrl":"https:\/\/secure.gravatar.com\/avatar\/0d25a327c6e268d9730d9c0cbeeee0fea76f04c6cf9528c29e782ef324afc515?s=96&d=mm&r=g","caption":"Julien Lecourbe"},"url":"https:\/\/www.lawebradio.com\/news\/author\/la-redaction\/"}]}},"_links":{"self":[{"href":"https:\/\/www.lawebradio.com\/news\/wp-json\/wp\/v2\/posts\/2445","targetHints":{"allow":["GET"]}}],"collection":[{"href":"https:\/\/www.lawebradio.com\/news\/wp-json\/wp\/v2\/posts"}],"about":[{"href":"https:\/\/www.lawebradio.com\/news\/wp-json\/wp\/v2\/types\/post"}],"author":[{"embeddable":true,"href":"https:\/\/www.lawebradio.com\/news\/wp-json\/wp\/v2\/users\/3"}],"replies":[{"embeddable":true,"href":"https:\/\/www.lawebradio.com\/news\/wp-json\/wp\/v2\/comments?post=2445"}],"version-history":[{"count":5,"href":"https:\/\/www.lawebradio.com\/news\/wp-json\/wp\/v2\/posts\/2445\/revisions"}],"predecessor-version":[{"id":2452,"href":"https:\/\/www.lawebradio.com\/news\/wp-json\/wp\/v2\/posts\/2445\/revisions\/2452"}],"wp:featuredmedia":[{"embeddable":true,"href":"https:\/\/www.lawebradio.com\/news\/wp-json\/wp\/v2\/media\/2446"}],"wp:attachment":[{"href":"https:\/\/www.lawebradio.com\/news\/wp-json\/wp\/v2\/media?parent=2445"}],"wp:term":[{"taxonomy":"category","embeddable":true,"href":"https:\/\/www.lawebradio.com\/news\/wp-json\/wp\/v2\/categories?post=2445"},{"taxonomy":"post_tag","embeddable":true,"href":"https:\/\/www.lawebradio.com\/news\/wp-json\/wp\/v2\/tags?post=2445"}],"curies":[{"name":"wp","href":"https:\/\/api.w.org\/{rel}","templated":true}]}}