{"id":2427,"date":"2015-04-27T19:10:04","date_gmt":"2015-04-27T18:10:04","guid":{"rendered":"http:\/\/www.lawebradio.com\/news\/?p=2427"},"modified":"2015-04-27T19:10:04","modified_gmt":"2015-04-27T18:10:04","slug":"le-digital-en-france-represente-le-2eme-media-derriere-la-tv","status":"publish","type":"post","link":"https:\/\/www.lawebradio.com\/news\/le-digital-en-france-represente-le-2eme-media-derriere-la-tv\/","title":{"rendered":"Le digital en France repr\u00e9sente le 2\u00e8me m\u00e9dia derri\u00e8re la TV"},"content":{"rendered":"<p><strong>Le march\u00e9 fran\u00e7ais de la publicit\u00e9 digitale atteint pr\u00e8s de 3 milliards d\u2019euros de chiffre d\u2019affaires net sur l\u2019ensemble de l\u2019ann\u00e9e 2014, soit une progression de 4% par rapport \u00e0 2013 et devient le 2\u00e8me m\u00e9dia investi.<\/strong><\/p>\n<p>Avec une progression de 4% sur l\u2019ann\u00e9e 2014, la communication \u00ab online \u00bb et tangente les 3 milliards : 2 896 M\u20ac nets de chiffre d\u2019affaires. Les d\u00e9penses sur le m\u00e9dia digital repr\u00e9sentent d\u00e9sormais 25% des investissements m\u00e9dia1, derri\u00e8re la TV (27%) et pour la premi\u00e8re fois DEVANT la presse (24%).<\/p>\n<p>Le mix digital est toujours domin\u00e9 par le Search, mais le Display (tous formats, tous devices, tous modes de commercialisation) connait la croissance la plus forte.<br \/>\nAvec une progression de +8%, le Display (27%) reste le deuxi\u00e8me segment en valeur pour 813 M\u20ac de chiffre d\u2019affaires net en 2014. La mutation du Display se CONFIRME sous l\u2019effet combin\u00e9 de l\u2019explosion du format Vid\u00e9o (+65%) au d\u00e9triment des formats classiques (-6%), de la progression continue du Programmatique (+66%) et de la belle acc\u00e9l\u00e9ration des investissements Mobile (+80%).<br \/>\nLe Search (liens sponsoris\u00e9s\/SEM), port\u00e9 par la croissance du Mobile et du Local, poursuit sa dynamique de +4%. Avec 1 745 M\u20ac, il reste n\u00b01 dans le mix digital et COMPTE pour 59% du march\u00e9 de la publicit\u00e9 online en France.<br \/>\nLes Autres Leviers \u2013 Affiliation, Comparateurs et Emailing &#8211; comptent pour 14% du march\u00e9 et malgr\u00e9 une contraction \u00e0 -6%, les montants investis restent cons\u00e9quents. Ainsi, l\u2019Affiliation affiche une d\u00e9croissance \u00e0 -5% et atteint un montant total de 208 M\u20ac nets alors que les Comparateurs (127 M\u20ac nets) et l\u2019Emailing (91M\u20ac nets) baissent respectivement de -10% et -3% sur l\u2019ann\u00e9e 2014.<\/p>\n<p><img loading=\"lazy\" decoding=\"async\" class=\"alignnone size-full wp-image-2429\" src=\"http:\/\/www.lawebradio.com\/news\/wp-content\/uploads\/2015\/04\/ima-marche-pub-digitale2015.jpg\" alt=\"ima-marche-pub-digitale2015\" width=\"640\" height=\"310\" srcset=\"https:\/\/www.lawebradio.com\/news\/wp-content\/uploads\/2015\/04\/ima-marche-pub-digitale2015.jpg 640w, https:\/\/www.lawebradio.com\/news\/wp-content\/uploads\/2015\/04\/ima-marche-pub-digitale2015-150x73.jpg 150w, https:\/\/www.lawebradio.com\/news\/wp-content\/uploads\/2015\/04\/ima-marche-pub-digitale2015-300x145.jpg 300w\" sizes=\"auto, (max-width: 640px) 100vw, 640px\" \/><\/p>\n<p>Malgr\u00e9 cette croissance, le poids du digital en France de 25%, reste toujours tr\u00e8s en dessous des pays comparables. Il reste donc \u00e0 la France un fort potentiel de d\u00e9veloppement pour atteindre les niveaux d\u2019investissements digitaux de l\u2019Allemagne (32%) ou du UK (37%).<\/p>\n<p>\u2022 <a href=\"http:\/\/www.sri-france.org\/wp-content\/uploads\/2015\/02\/13%C2%B0-OBS-EPUBS-SRI-FY14-DIFF-bis.pdf\" target=\"_blank\">Plus d&rsquo;infos sur la 13\u00e8me \u00e9dition de l\u2019Observatoire de l\u2019e-pub du SRI, r\u00e9alis\u00e9 par PwC, en partenariat avec l\u2019UDECAM<\/a><\/p>\n","protected":false},"excerpt":{"rendered":"<p>Le march\u00e9 fran\u00e7ais de la publicit\u00e9 digitale atteint pr\u00e8s de 3 milliards d\u2019euros de chiffre d\u2019affaires net sur l\u2019ensemble de l\u2019ann\u00e9e 2014, soit une progression de 4% par rapport \u00e0 2013 et devient le 2\u00e8me m\u00e9dia investi. Avec une progression de 4% sur l\u2019ann\u00e9e 2014, la communication \u00ab online \u00bb et tangente les 3 milliards [&hellip;]<\/p>\n","protected":false},"author":3,"featured_media":2428,"comment_status":"closed","ping_status":"closed","sticky":false,"template":"","format":"standard","meta":{"_et_pb_use_builder":"","_et_pb_old_content":"","_et_gb_content_width":"","footnotes":""},"categories":[13],"tags":[],"class_list":["post-2427","post","type-post","status-publish","format-standard","has-post-thumbnail","hentry","category-top","et-has-post-format-content","et_post_format-et-post-format-standard"],"yoast_head":"<!-- This site is optimized with the Yoast SEO plugin v27.4 - https:\/\/yoast.com\/product\/yoast-seo-wordpress\/ -->\n<title>Le digital en France repr\u00e9sente le 2\u00e8me m\u00e9dia derri\u00e8re la TV - Lawebradio.com - Actualit\u00e9s des radios digitales<\/title>\n<meta name=\"description\" content=\"Les d\u00e9penses sur le m\u00e9dia digital repr\u00e9sentent 25% des investissements m\u00e9dia1, derri\u00e8re la TV (27%) et pour la premi\u00e8re fois DEVANT la presse (24%).\" \/>\n<meta name=\"robots\" content=\"index, follow, max-snippet:-1, max-image-preview:large, max-video-preview:-1\" \/>\n<link rel=\"canonical\" href=\"https:\/\/www.lawebradio.com\/news\/le-digital-en-france-represente-le-2eme-media-derriere-la-tv\/\" \/>\n<meta property=\"og:locale\" content=\"fr_FR\" \/>\n<meta property=\"og:type\" content=\"article\" \/>\n<meta property=\"og:title\" content=\"Le digital en France repr\u00e9sente le 2\u00e8me m\u00e9dia derri\u00e8re la TV - Lawebradio.com - Actualit\u00e9s des radios digitales\" \/>\n<meta property=\"og:description\" content=\"Les d\u00e9penses sur le m\u00e9dia digital repr\u00e9sentent 25% des investissements m\u00e9dia1, derri\u00e8re la TV (27%) et pour la premi\u00e8re fois DEVANT la presse (24%).\" \/>\n<meta property=\"og:url\" content=\"https:\/\/www.lawebradio.com\/news\/le-digital-en-france-represente-le-2eme-media-derriere-la-tv\/\" \/>\n<meta property=\"og:site_name\" content=\"Lawebradio.com - Actualit\u00e9s des radios digitales\" \/>\n<meta property=\"article:published_time\" content=\"2015-04-27T18:10:04+00:00\" \/>\n<meta property=\"og:image\" content=\"https:\/\/www.lawebradio.com\/news\/wp-content\/uploads\/2015\/04\/ima01-marche-pub-digitale2015.jpg\" \/>\n\t<meta property=\"og:image:width\" content=\"640\" \/>\n\t<meta property=\"og:image:height\" content=\"310\" \/>\n\t<meta property=\"og:image:type\" content=\"image\/jpeg\" \/>\n<meta name=\"author\" content=\"Julien Lecourbe\" \/>\n<meta name=\"twitter:label1\" content=\"\u00c9crit par\" \/>\n\t<meta name=\"twitter:data1\" content=\"Julien Lecourbe\" \/>\n\t<meta name=\"twitter:label2\" content=\"Dur\u00e9e de lecture estim\u00e9e\" \/>\n\t<meta name=\"twitter:data2\" content=\"2 minutes\" \/>\n<script type=\"application\/ld+json\" class=\"yoast-schema-graph\">{\"@context\":\"https:\\\/\\\/schema.org\",\"@graph\":[{\"@type\":\"Article\",\"@id\":\"https:\\\/\\\/www.lawebradio.com\\\/news\\\/le-digital-en-france-represente-le-2eme-media-derriere-la-tv\\\/#article\",\"isPartOf\":{\"@id\":\"https:\\\/\\\/www.lawebradio.com\\\/news\\\/le-digital-en-france-represente-le-2eme-media-derriere-la-tv\\\/\"},\"author\":{\"name\":\"Julien Lecourbe\",\"@id\":\"https:\\\/\\\/www.lawebradio.com\\\/news\\\/#\\\/schema\\\/person\\\/95fd11aee6e6cfe70a4b58b482103f1f\"},\"headline\":\"Le digital en France repr\u00e9sente le 2\u00e8me m\u00e9dia derri\u00e8re la TV\",\"datePublished\":\"2015-04-27T18:10:04+00:00\",\"mainEntityOfPage\":{\"@id\":\"https:\\\/\\\/www.lawebradio.com\\\/news\\\/le-digital-en-france-represente-le-2eme-media-derriere-la-tv\\\/\"},\"wordCount\":357,\"publisher\":{\"@id\":\"https:\\\/\\\/www.lawebradio.com\\\/news\\\/#organization\"},\"image\":{\"@id\":\"https:\\\/\\\/www.lawebradio.com\\\/news\\\/le-digital-en-france-represente-le-2eme-media-derriere-la-tv\\\/#primaryimage\"},\"thumbnailUrl\":\"https:\\\/\\\/www.lawebradio.com\\\/news\\\/wp-content\\\/uploads\\\/2015\\\/04\\\/ima01-marche-pub-digitale2015.jpg\",\"articleSection\":[\"Top\"],\"inLanguage\":\"fr-FR\"},{\"@type\":\"WebPage\",\"@id\":\"https:\\\/\\\/www.lawebradio.com\\\/news\\\/le-digital-en-france-represente-le-2eme-media-derriere-la-tv\\\/\",\"url\":\"https:\\\/\\\/www.lawebradio.com\\\/news\\\/le-digital-en-france-represente-le-2eme-media-derriere-la-tv\\\/\",\"name\":\"Le digital en France repr\u00e9sente le 2\u00e8me m\u00e9dia derri\u00e8re la TV - Lawebradio.com - Actualit\u00e9s des radios digitales\",\"isPartOf\":{\"@id\":\"https:\\\/\\\/www.lawebradio.com\\\/news\\\/#website\"},\"primaryImageOfPage\":{\"@id\":\"https:\\\/\\\/www.lawebradio.com\\\/news\\\/le-digital-en-france-represente-le-2eme-media-derriere-la-tv\\\/#primaryimage\"},\"image\":{\"@id\":\"https:\\\/\\\/www.lawebradio.com\\\/news\\\/le-digital-en-france-represente-le-2eme-media-derriere-la-tv\\\/#primaryimage\"},\"thumbnailUrl\":\"https:\\\/\\\/www.lawebradio.com\\\/news\\\/wp-content\\\/uploads\\\/2015\\\/04\\\/ima01-marche-pub-digitale2015.jpg\",\"datePublished\":\"2015-04-27T18:10:04+00:00\",\"description\":\"Les d\u00e9penses sur le m\u00e9dia digital repr\u00e9sentent 25% des investissements m\u00e9dia1, derri\u00e8re la TV (27%) et pour la premi\u00e8re fois DEVANT la presse (24%).\",\"inLanguage\":\"fr-FR\",\"potentialAction\":[{\"@type\":\"ReadAction\",\"target\":[\"https:\\\/\\\/www.lawebradio.com\\\/news\\\/le-digital-en-france-represente-le-2eme-media-derriere-la-tv\\\/\"]}]},{\"@type\":\"ImageObject\",\"inLanguage\":\"fr-FR\",\"@id\":\"https:\\\/\\\/www.lawebradio.com\\\/news\\\/le-digital-en-france-represente-le-2eme-media-derriere-la-tv\\\/#primaryimage\",\"url\":\"https:\\\/\\\/www.lawebradio.com\\\/news\\\/wp-content\\\/uploads\\\/2015\\\/04\\\/ima01-marche-pub-digitale2015.jpg\",\"contentUrl\":\"https:\\\/\\\/www.lawebradio.com\\\/news\\\/wp-content\\\/uploads\\\/2015\\\/04\\\/ima01-marche-pub-digitale2015.jpg\",\"width\":640,\"height\":310},{\"@type\":\"WebSite\",\"@id\":\"https:\\\/\\\/www.lawebradio.com\\\/news\\\/#website\",\"url\":\"https:\\\/\\\/www.lawebradio.com\\\/news\\\/\",\"name\":\"Lawebradio.com - Actualit\u00e9s des radios digitales\",\"description\":\"\",\"publisher\":{\"@id\":\"https:\\\/\\\/www.lawebradio.com\\\/news\\\/#organization\"},\"potentialAction\":[{\"@type\":\"SearchAction\",\"target\":{\"@type\":\"EntryPoint\",\"urlTemplate\":\"https:\\\/\\\/www.lawebradio.com\\\/news\\\/?s={search_term_string}\"},\"query-input\":{\"@type\":\"PropertyValueSpecification\",\"valueRequired\":true,\"valueName\":\"search_term_string\"}}],\"inLanguage\":\"fr-FR\"},{\"@type\":\"Organization\",\"@id\":\"https:\\\/\\\/www.lawebradio.com\\\/news\\\/#organization\",\"name\":\"Lawebradio.com - Actualit\u00e9s des radios digitales\",\"url\":\"https:\\\/\\\/www.lawebradio.com\\\/news\\\/\",\"logo\":{\"@type\":\"ImageObject\",\"inLanguage\":\"fr-FR\",\"@id\":\"https:\\\/\\\/www.lawebradio.com\\\/news\\\/#\\\/schema\\\/logo\\\/image\\\/\",\"url\":\"https:\\\/\\\/www.lawebradio.com\\\/news\\\/wp-content\\\/uploads\\\/2020\\\/10\\\/logo2020.png\",\"contentUrl\":\"https:\\\/\\\/www.lawebradio.com\\\/news\\\/wp-content\\\/uploads\\\/2020\\\/10\\\/logo2020.png\",\"width\":254,\"height\":43,\"caption\":\"Lawebradio.com - Actualit\u00e9s des radios digitales\"},\"image\":{\"@id\":\"https:\\\/\\\/www.lawebradio.com\\\/news\\\/#\\\/schema\\\/logo\\\/image\\\/\"}},{\"@type\":\"Person\",\"@id\":\"https:\\\/\\\/www.lawebradio.com\\\/news\\\/#\\\/schema\\\/person\\\/95fd11aee6e6cfe70a4b58b482103f1f\",\"name\":\"Julien Lecourbe\",\"image\":{\"@type\":\"ImageObject\",\"inLanguage\":\"fr-FR\",\"@id\":\"https:\\\/\\\/secure.gravatar.com\\\/avatar\\\/0d25a327c6e268d9730d9c0cbeeee0fea76f04c6cf9528c29e782ef324afc515?s=96&d=mm&r=g\",\"url\":\"https:\\\/\\\/secure.gravatar.com\\\/avatar\\\/0d25a327c6e268d9730d9c0cbeeee0fea76f04c6cf9528c29e782ef324afc515?s=96&d=mm&r=g\",\"contentUrl\":\"https:\\\/\\\/secure.gravatar.com\\\/avatar\\\/0d25a327c6e268d9730d9c0cbeeee0fea76f04c6cf9528c29e782ef324afc515?s=96&d=mm&r=g\",\"caption\":\"Julien Lecourbe\"},\"url\":\"https:\\\/\\\/www.lawebradio.com\\\/news\\\/author\\\/la-redaction\\\/\"}]}<\/script>\n<!-- \/ Yoast SEO plugin. -->","yoast_head_json":{"title":"Le digital en France repr\u00e9sente le 2\u00e8me m\u00e9dia derri\u00e8re la TV - Lawebradio.com - Actualit\u00e9s des radios digitales","description":"Les d\u00e9penses sur le m\u00e9dia digital repr\u00e9sentent 25% des investissements m\u00e9dia1, derri\u00e8re la TV (27%) et pour la premi\u00e8re fois DEVANT la presse (24%).","robots":{"index":"index","follow":"follow","max-snippet":"max-snippet:-1","max-image-preview":"max-image-preview:large","max-video-preview":"max-video-preview:-1"},"canonical":"https:\/\/www.lawebradio.com\/news\/le-digital-en-france-represente-le-2eme-media-derriere-la-tv\/","og_locale":"fr_FR","og_type":"article","og_title":"Le digital en France repr\u00e9sente le 2\u00e8me m\u00e9dia derri\u00e8re la TV - Lawebradio.com - Actualit\u00e9s des radios digitales","og_description":"Les d\u00e9penses sur le m\u00e9dia digital repr\u00e9sentent 25% des investissements m\u00e9dia1, derri\u00e8re la TV (27%) et pour la premi\u00e8re fois DEVANT la presse (24%).","og_url":"https:\/\/www.lawebradio.com\/news\/le-digital-en-france-represente-le-2eme-media-derriere-la-tv\/","og_site_name":"Lawebradio.com - Actualit\u00e9s des radios digitales","article_published_time":"2015-04-27T18:10:04+00:00","og_image":[{"width":640,"height":310,"url":"https:\/\/www.lawebradio.com\/news\/wp-content\/uploads\/2015\/04\/ima01-marche-pub-digitale2015.jpg","type":"image\/jpeg"}],"author":"Julien Lecourbe","twitter_misc":{"\u00c9crit par":"Julien Lecourbe","Dur\u00e9e de lecture estim\u00e9e":"2 minutes"},"schema":{"@context":"https:\/\/schema.org","@graph":[{"@type":"Article","@id":"https:\/\/www.lawebradio.com\/news\/le-digital-en-france-represente-le-2eme-media-derriere-la-tv\/#article","isPartOf":{"@id":"https:\/\/www.lawebradio.com\/news\/le-digital-en-france-represente-le-2eme-media-derriere-la-tv\/"},"author":{"name":"Julien Lecourbe","@id":"https:\/\/www.lawebradio.com\/news\/#\/schema\/person\/95fd11aee6e6cfe70a4b58b482103f1f"},"headline":"Le digital en France repr\u00e9sente le 2\u00e8me m\u00e9dia derri\u00e8re la TV","datePublished":"2015-04-27T18:10:04+00:00","mainEntityOfPage":{"@id":"https:\/\/www.lawebradio.com\/news\/le-digital-en-france-represente-le-2eme-media-derriere-la-tv\/"},"wordCount":357,"publisher":{"@id":"https:\/\/www.lawebradio.com\/news\/#organization"},"image":{"@id":"https:\/\/www.lawebradio.com\/news\/le-digital-en-france-represente-le-2eme-media-derriere-la-tv\/#primaryimage"},"thumbnailUrl":"https:\/\/www.lawebradio.com\/news\/wp-content\/uploads\/2015\/04\/ima01-marche-pub-digitale2015.jpg","articleSection":["Top"],"inLanguage":"fr-FR"},{"@type":"WebPage","@id":"https:\/\/www.lawebradio.com\/news\/le-digital-en-france-represente-le-2eme-media-derriere-la-tv\/","url":"https:\/\/www.lawebradio.com\/news\/le-digital-en-france-represente-le-2eme-media-derriere-la-tv\/","name":"Le digital en France repr\u00e9sente le 2\u00e8me m\u00e9dia derri\u00e8re la TV - Lawebradio.com - Actualit\u00e9s des radios digitales","isPartOf":{"@id":"https:\/\/www.lawebradio.com\/news\/#website"},"primaryImageOfPage":{"@id":"https:\/\/www.lawebradio.com\/news\/le-digital-en-france-represente-le-2eme-media-derriere-la-tv\/#primaryimage"},"image":{"@id":"https:\/\/www.lawebradio.com\/news\/le-digital-en-france-represente-le-2eme-media-derriere-la-tv\/#primaryimage"},"thumbnailUrl":"https:\/\/www.lawebradio.com\/news\/wp-content\/uploads\/2015\/04\/ima01-marche-pub-digitale2015.jpg","datePublished":"2015-04-27T18:10:04+00:00","description":"Les d\u00e9penses sur le m\u00e9dia digital repr\u00e9sentent 25% des investissements m\u00e9dia1, derri\u00e8re la TV (27%) et pour la premi\u00e8re fois DEVANT la presse (24%).","inLanguage":"fr-FR","potentialAction":[{"@type":"ReadAction","target":["https:\/\/www.lawebradio.com\/news\/le-digital-en-france-represente-le-2eme-media-derriere-la-tv\/"]}]},{"@type":"ImageObject","inLanguage":"fr-FR","@id":"https:\/\/www.lawebradio.com\/news\/le-digital-en-france-represente-le-2eme-media-derriere-la-tv\/#primaryimage","url":"https:\/\/www.lawebradio.com\/news\/wp-content\/uploads\/2015\/04\/ima01-marche-pub-digitale2015.jpg","contentUrl":"https:\/\/www.lawebradio.com\/news\/wp-content\/uploads\/2015\/04\/ima01-marche-pub-digitale2015.jpg","width":640,"height":310},{"@type":"WebSite","@id":"https:\/\/www.lawebradio.com\/news\/#website","url":"https:\/\/www.lawebradio.com\/news\/","name":"Lawebradio.com - Actualit\u00e9s des radios digitales","description":"","publisher":{"@id":"https:\/\/www.lawebradio.com\/news\/#organization"},"potentialAction":[{"@type":"SearchAction","target":{"@type":"EntryPoint","urlTemplate":"https:\/\/www.lawebradio.com\/news\/?s={search_term_string}"},"query-input":{"@type":"PropertyValueSpecification","valueRequired":true,"valueName":"search_term_string"}}],"inLanguage":"fr-FR"},{"@type":"Organization","@id":"https:\/\/www.lawebradio.com\/news\/#organization","name":"Lawebradio.com - Actualit\u00e9s des radios digitales","url":"https:\/\/www.lawebradio.com\/news\/","logo":{"@type":"ImageObject","inLanguage":"fr-FR","@id":"https:\/\/www.lawebradio.com\/news\/#\/schema\/logo\/image\/","url":"https:\/\/www.lawebradio.com\/news\/wp-content\/uploads\/2020\/10\/logo2020.png","contentUrl":"https:\/\/www.lawebradio.com\/news\/wp-content\/uploads\/2020\/10\/logo2020.png","width":254,"height":43,"caption":"Lawebradio.com - Actualit\u00e9s des radios digitales"},"image":{"@id":"https:\/\/www.lawebradio.com\/news\/#\/schema\/logo\/image\/"}},{"@type":"Person","@id":"https:\/\/www.lawebradio.com\/news\/#\/schema\/person\/95fd11aee6e6cfe70a4b58b482103f1f","name":"Julien Lecourbe","image":{"@type":"ImageObject","inLanguage":"fr-FR","@id":"https:\/\/secure.gravatar.com\/avatar\/0d25a327c6e268d9730d9c0cbeeee0fea76f04c6cf9528c29e782ef324afc515?s=96&d=mm&r=g","url":"https:\/\/secure.gravatar.com\/avatar\/0d25a327c6e268d9730d9c0cbeeee0fea76f04c6cf9528c29e782ef324afc515?s=96&d=mm&r=g","contentUrl":"https:\/\/secure.gravatar.com\/avatar\/0d25a327c6e268d9730d9c0cbeeee0fea76f04c6cf9528c29e782ef324afc515?s=96&d=mm&r=g","caption":"Julien Lecourbe"},"url":"https:\/\/www.lawebradio.com\/news\/author\/la-redaction\/"}]}},"_links":{"self":[{"href":"https:\/\/www.lawebradio.com\/news\/wp-json\/wp\/v2\/posts\/2427","targetHints":{"allow":["GET"]}}],"collection":[{"href":"https:\/\/www.lawebradio.com\/news\/wp-json\/wp\/v2\/posts"}],"about":[{"href":"https:\/\/www.lawebradio.com\/news\/wp-json\/wp\/v2\/types\/post"}],"author":[{"embeddable":true,"href":"https:\/\/www.lawebradio.com\/news\/wp-json\/wp\/v2\/users\/3"}],"replies":[{"embeddable":true,"href":"https:\/\/www.lawebradio.com\/news\/wp-json\/wp\/v2\/comments?post=2427"}],"version-history":[{"count":1,"href":"https:\/\/www.lawebradio.com\/news\/wp-json\/wp\/v2\/posts\/2427\/revisions"}],"predecessor-version":[{"id":2430,"href":"https:\/\/www.lawebradio.com\/news\/wp-json\/wp\/v2\/posts\/2427\/revisions\/2430"}],"wp:featuredmedia":[{"embeddable":true,"href":"https:\/\/www.lawebradio.com\/news\/wp-json\/wp\/v2\/media\/2428"}],"wp:attachment":[{"href":"https:\/\/www.lawebradio.com\/news\/wp-json\/wp\/v2\/media?parent=2427"}],"wp:term":[{"taxonomy":"category","embeddable":true,"href":"https:\/\/www.lawebradio.com\/news\/wp-json\/wp\/v2\/categories?post=2427"},{"taxonomy":"post_tag","embeddable":true,"href":"https:\/\/www.lawebradio.com\/news\/wp-json\/wp\/v2\/tags?post=2427"}],"curies":[{"name":"wp","href":"https:\/\/api.w.org\/{rel}","templated":true}]}}