{"id":2423,"date":"2015-04-27T18:36:46","date_gmt":"2015-04-27T17:36:46","guid":{"rendered":"http:\/\/www.lawebradio.com\/news\/?p=2423"},"modified":"2015-04-27T18:37:03","modified_gmt":"2015-04-27T17:37:03","slug":"la-phablet-un-support-ideal-pour-ecouter-les-radios-digitales","status":"publish","type":"post","link":"https:\/\/www.lawebradio.com\/news\/la-phablet-un-support-ideal-pour-ecouter-les-radios-digitales\/","title":{"rendered":"La Phablet, un support id\u00e9al pour \u00e9couter les radios digitales"},"content":{"rendered":"<p><strong>Suite \u00e0 la baisse des prix des smartphones et aux forfaits haut d\u00e9bit \u00ab\u00a0bon march\u00e9\u00a0\u00bb, le segment des Phablets a explos\u00e9 en 2014 partout dans le monde ainsi que sur le march\u00e9 fran\u00e7ais selon l&rsquo;\u00e9tude internationale de l&rsquo;Institut GfK.<\/strong><\/p>\n<p>Equip\u00e9es d&rsquo;un \u00e9cran sup\u00e9rieur \u00e0 5,5 pouces, les Phablets repr\u00e9sentent 12,8% des quantit\u00e9s mondiales de mobiles depuis 2012. Ce sont les consommateurs asiatiques qui se sont empar\u00e9s, les premiers, de ces mod\u00e8les beaucoup plus confortables que les smartphones et bien plus transportables que les tablettes avec 17,5% des ventes. Tandis qu&rsquo;au Moyen-Orient, la part des Phablets \u00e9tait de 11,1% au 4\u00e8me trimestre 2014, doublant le volume en l&rsquo;espace d&rsquo;un an. En europe, la part de march\u00e9 repr\u00e9sente 6,4% mais elle tend \u00e0 augmenter tr\u00e8s rapidement selon les estimations de 2015. En Afrique, leur part \u00e9tait de 5,5%, l\u00e9g\u00e8rement en hausse par rapport aux 4,4% de l\u2019ann\u00e9e pr\u00e9c\u00e9dente. Les plus faibles quantit\u00e9s \u00e9coul\u00e9es seront en Am\u00e9rique Latine, avec 1,9% des volumes de ventes, contre 0,4% au 4e trimestre 2013.<\/p>\n<p>Avec les nombreux usages propos\u00e9s et des prix de plus en plus attractifs, les Phablets devraient trouver un large public en 2015.<\/p>\n<p>\u2022 <a href=\"http:\/\/www.gfk.com\/news-and-events\/press-room\/press-releases\/pages\/the-unstoppable-rise-of-the-phablet.aspx\" target=\"_blank\">Consultez le rapport GfK<\/a><\/p>\n<p><img loading=\"lazy\" decoding=\"async\" class=\"alignnone size-full wp-image-2425\" src=\"http:\/\/www.lawebradio.com\/news\/wp-content\/uploads\/2015\/04\/ima-phablet-gfk2015.jpg\" alt=\"ima-phablet-gfk2015\" width=\"640\" height=\"357\" srcset=\"https:\/\/www.lawebradio.com\/news\/wp-content\/uploads\/2015\/04\/ima-phablet-gfk2015.jpg 640w, https:\/\/www.lawebradio.com\/news\/wp-content\/uploads\/2015\/04\/ima-phablet-gfk2015-150x84.jpg 150w, https:\/\/www.lawebradio.com\/news\/wp-content\/uploads\/2015\/04\/ima-phablet-gfk2015-300x167.jpg 300w\" sizes=\"auto, (max-width: 640px) 100vw, 640px\" \/><\/p>\n","protected":false},"excerpt":{"rendered":"<p>Suite \u00e0 la baisse des prix des smartphones et aux forfaits haut d\u00e9bit \u00ab\u00a0bon march\u00e9\u00a0\u00bb, le segment des Phablets a explos\u00e9 en 2014 partout dans le monde ainsi que sur le march\u00e9 fran\u00e7ais selon l&rsquo;\u00e9tude internationale de l&rsquo;Institut GfK. Equip\u00e9es d&rsquo;un \u00e9cran sup\u00e9rieur \u00e0 5,5 pouces, les Phablets repr\u00e9sentent 12,8% des quantit\u00e9s mondiales de mobiles [&hellip;]<\/p>\n","protected":false},"author":3,"featured_media":2424,"comment_status":"closed","ping_status":"closed","sticky":false,"template":"","format":"standard","meta":{"_et_pb_use_builder":"","_et_pb_old_content":"","_et_gb_content_width":"","footnotes":""},"categories":[13],"tags":[804,328,15,44],"class_list":["post-2423","post","type-post","status-publish","format-standard","has-post-thumbnail","hentry","category-top","tag-phablet","tag-radio-digitale","tag-radionomy","tag-webradios","et-has-post-format-content","et_post_format-et-post-format-standard"],"yoast_head":"<!-- This site is optimized with the Yoast SEO plugin v27.4 - https:\/\/yoast.com\/product\/yoast-seo-wordpress\/ -->\n<title>La Phablet, un support id\u00e9al pour \u00e9couter les radios digitales - Lawebradio.com - Actualit\u00e9s des radios digitales<\/title>\n<meta name=\"description\" content=\"Le segment des Phablets a explos\u00e9 en 2014 partout dans le monde ainsi que sur le march\u00e9 fran\u00e7ais selon l&#039;\u00e9tude internationale de l&#039;Institut GfK.\" \/>\n<meta name=\"robots\" content=\"index, follow, max-snippet:-1, max-image-preview:large, max-video-preview:-1\" \/>\n<link rel=\"canonical\" href=\"https:\/\/www.lawebradio.com\/news\/la-phablet-un-support-ideal-pour-ecouter-les-radios-digitales\/\" \/>\n<meta property=\"og:locale\" content=\"fr_FR\" \/>\n<meta property=\"og:type\" content=\"article\" \/>\n<meta property=\"og:title\" content=\"La Phablet, un support id\u00e9al pour \u00e9couter les radios digitales - Lawebradio.com - Actualit\u00e9s des radios digitales\" \/>\n<meta property=\"og:description\" content=\"Le segment des Phablets a explos\u00e9 en 2014 partout dans le monde ainsi que sur le march\u00e9 fran\u00e7ais selon l&#039;\u00e9tude internationale de l&#039;Institut GfK.\" \/>\n<meta property=\"og:url\" content=\"https:\/\/www.lawebradio.com\/news\/la-phablet-un-support-ideal-pour-ecouter-les-radios-digitales\/\" \/>\n<meta property=\"og:site_name\" content=\"Lawebradio.com - Actualit\u00e9s des radios digitales\" \/>\n<meta property=\"article:published_time\" content=\"2015-04-27T17:36:46+00:00\" \/>\n<meta property=\"article:modified_time\" content=\"2015-04-27T17:37:03+00:00\" \/>\n<meta property=\"og:image\" content=\"https:\/\/www.lawebradio.com\/news\/wp-content\/uploads\/2015\/04\/ima01-phablet-gfk2015.jpg\" \/>\n\t<meta property=\"og:image:width\" content=\"640\" \/>\n\t<meta property=\"og:image:height\" content=\"310\" \/>\n\t<meta property=\"og:image:type\" content=\"image\/jpeg\" \/>\n<meta name=\"author\" content=\"Julien Lecourbe\" \/>\n<meta name=\"twitter:label1\" content=\"\u00c9crit par\" \/>\n\t<meta name=\"twitter:data1\" content=\"Julien Lecourbe\" \/>\n\t<meta name=\"twitter:label2\" content=\"Dur\u00e9e de lecture estim\u00e9e\" \/>\n\t<meta name=\"twitter:data2\" content=\"1 minute\" \/>\n<script type=\"application\/ld+json\" class=\"yoast-schema-graph\">{\"@context\":\"https:\\\/\\\/schema.org\",\"@graph\":[{\"@type\":\"Article\",\"@id\":\"https:\\\/\\\/www.lawebradio.com\\\/news\\\/la-phablet-un-support-ideal-pour-ecouter-les-radios-digitales\\\/#article\",\"isPartOf\":{\"@id\":\"https:\\\/\\\/www.lawebradio.com\\\/news\\\/la-phablet-un-support-ideal-pour-ecouter-les-radios-digitales\\\/\"},\"author\":{\"name\":\"Julien Lecourbe\",\"@id\":\"https:\\\/\\\/www.lawebradio.com\\\/news\\\/#\\\/schema\\\/person\\\/95fd11aee6e6cfe70a4b58b482103f1f\"},\"headline\":\"La Phablet, un support id\u00e9al pour \u00e9couter les radios digitales\",\"datePublished\":\"2015-04-27T17:36:46+00:00\",\"dateModified\":\"2015-04-27T17:37:03+00:00\",\"mainEntityOfPage\":{\"@id\":\"https:\\\/\\\/www.lawebradio.com\\\/news\\\/la-phablet-un-support-ideal-pour-ecouter-les-radios-digitales\\\/\"},\"wordCount\":212,\"publisher\":{\"@id\":\"https:\\\/\\\/www.lawebradio.com\\\/news\\\/#organization\"},\"image\":{\"@id\":\"https:\\\/\\\/www.lawebradio.com\\\/news\\\/la-phablet-un-support-ideal-pour-ecouter-les-radios-digitales\\\/#primaryimage\"},\"thumbnailUrl\":\"https:\\\/\\\/www.lawebradio.com\\\/news\\\/wp-content\\\/uploads\\\/2015\\\/04\\\/ima01-phablet-gfk2015.jpg\",\"keywords\":[\"phablet\",\"radio digitale\",\"radionomy\",\"webradios\"],\"articleSection\":[\"Top\"],\"inLanguage\":\"fr-FR\"},{\"@type\":\"WebPage\",\"@id\":\"https:\\\/\\\/www.lawebradio.com\\\/news\\\/la-phablet-un-support-ideal-pour-ecouter-les-radios-digitales\\\/\",\"url\":\"https:\\\/\\\/www.lawebradio.com\\\/news\\\/la-phablet-un-support-ideal-pour-ecouter-les-radios-digitales\\\/\",\"name\":\"La Phablet, un support id\u00e9al pour \u00e9couter les radios digitales - Lawebradio.com - Actualit\u00e9s des radios digitales\",\"isPartOf\":{\"@id\":\"https:\\\/\\\/www.lawebradio.com\\\/news\\\/#website\"},\"primaryImageOfPage\":{\"@id\":\"https:\\\/\\\/www.lawebradio.com\\\/news\\\/la-phablet-un-support-ideal-pour-ecouter-les-radios-digitales\\\/#primaryimage\"},\"image\":{\"@id\":\"https:\\\/\\\/www.lawebradio.com\\\/news\\\/la-phablet-un-support-ideal-pour-ecouter-les-radios-digitales\\\/#primaryimage\"},\"thumbnailUrl\":\"https:\\\/\\\/www.lawebradio.com\\\/news\\\/wp-content\\\/uploads\\\/2015\\\/04\\\/ima01-phablet-gfk2015.jpg\",\"datePublished\":\"2015-04-27T17:36:46+00:00\",\"dateModified\":\"2015-04-27T17:37:03+00:00\",\"description\":\"Le segment des Phablets a explos\u00e9 en 2014 partout dans le monde ainsi que sur le march\u00e9 fran\u00e7ais selon l'\u00e9tude internationale de l'Institut GfK.\",\"inLanguage\":\"fr-FR\",\"potentialAction\":[{\"@type\":\"ReadAction\",\"target\":[\"https:\\\/\\\/www.lawebradio.com\\\/news\\\/la-phablet-un-support-ideal-pour-ecouter-les-radios-digitales\\\/\"]}]},{\"@type\":\"ImageObject\",\"inLanguage\":\"fr-FR\",\"@id\":\"https:\\\/\\\/www.lawebradio.com\\\/news\\\/la-phablet-un-support-ideal-pour-ecouter-les-radios-digitales\\\/#primaryimage\",\"url\":\"https:\\\/\\\/www.lawebradio.com\\\/news\\\/wp-content\\\/uploads\\\/2015\\\/04\\\/ima01-phablet-gfk2015.jpg\",\"contentUrl\":\"https:\\\/\\\/www.lawebradio.com\\\/news\\\/wp-content\\\/uploads\\\/2015\\\/04\\\/ima01-phablet-gfk2015.jpg\",\"width\":640,\"height\":310},{\"@type\":\"WebSite\",\"@id\":\"https:\\\/\\\/www.lawebradio.com\\\/news\\\/#website\",\"url\":\"https:\\\/\\\/www.lawebradio.com\\\/news\\\/\",\"name\":\"Lawebradio.com - Actualit\u00e9s des radios digitales\",\"description\":\"\",\"publisher\":{\"@id\":\"https:\\\/\\\/www.lawebradio.com\\\/news\\\/#organization\"},\"potentialAction\":[{\"@type\":\"SearchAction\",\"target\":{\"@type\":\"EntryPoint\",\"urlTemplate\":\"https:\\\/\\\/www.lawebradio.com\\\/news\\\/?s={search_term_string}\"},\"query-input\":{\"@type\":\"PropertyValueSpecification\",\"valueRequired\":true,\"valueName\":\"search_term_string\"}}],\"inLanguage\":\"fr-FR\"},{\"@type\":\"Organization\",\"@id\":\"https:\\\/\\\/www.lawebradio.com\\\/news\\\/#organization\",\"name\":\"Lawebradio.com - Actualit\u00e9s des radios digitales\",\"url\":\"https:\\\/\\\/www.lawebradio.com\\\/news\\\/\",\"logo\":{\"@type\":\"ImageObject\",\"inLanguage\":\"fr-FR\",\"@id\":\"https:\\\/\\\/www.lawebradio.com\\\/news\\\/#\\\/schema\\\/logo\\\/image\\\/\",\"url\":\"https:\\\/\\\/www.lawebradio.com\\\/news\\\/wp-content\\\/uploads\\\/2020\\\/10\\\/logo2020.png\",\"contentUrl\":\"https:\\\/\\\/www.lawebradio.com\\\/news\\\/wp-content\\\/uploads\\\/2020\\\/10\\\/logo2020.png\",\"width\":254,\"height\":43,\"caption\":\"Lawebradio.com - Actualit\u00e9s des radios digitales\"},\"image\":{\"@id\":\"https:\\\/\\\/www.lawebradio.com\\\/news\\\/#\\\/schema\\\/logo\\\/image\\\/\"}},{\"@type\":\"Person\",\"@id\":\"https:\\\/\\\/www.lawebradio.com\\\/news\\\/#\\\/schema\\\/person\\\/95fd11aee6e6cfe70a4b58b482103f1f\",\"name\":\"Julien Lecourbe\",\"image\":{\"@type\":\"ImageObject\",\"inLanguage\":\"fr-FR\",\"@id\":\"https:\\\/\\\/secure.gravatar.com\\\/avatar\\\/0d25a327c6e268d9730d9c0cbeeee0fea76f04c6cf9528c29e782ef324afc515?s=96&d=mm&r=g\",\"url\":\"https:\\\/\\\/secure.gravatar.com\\\/avatar\\\/0d25a327c6e268d9730d9c0cbeeee0fea76f04c6cf9528c29e782ef324afc515?s=96&d=mm&r=g\",\"contentUrl\":\"https:\\\/\\\/secure.gravatar.com\\\/avatar\\\/0d25a327c6e268d9730d9c0cbeeee0fea76f04c6cf9528c29e782ef324afc515?s=96&d=mm&r=g\",\"caption\":\"Julien Lecourbe\"},\"url\":\"https:\\\/\\\/www.lawebradio.com\\\/news\\\/author\\\/la-redaction\\\/\"}]}<\/script>\n<!-- \/ Yoast SEO plugin. -->","yoast_head_json":{"title":"La Phablet, un support id\u00e9al pour \u00e9couter les radios digitales - Lawebradio.com - Actualit\u00e9s des radios digitales","description":"Le segment des Phablets a explos\u00e9 en 2014 partout dans le monde ainsi que sur le march\u00e9 fran\u00e7ais selon l'\u00e9tude internationale de l'Institut GfK.","robots":{"index":"index","follow":"follow","max-snippet":"max-snippet:-1","max-image-preview":"max-image-preview:large","max-video-preview":"max-video-preview:-1"},"canonical":"https:\/\/www.lawebradio.com\/news\/la-phablet-un-support-ideal-pour-ecouter-les-radios-digitales\/","og_locale":"fr_FR","og_type":"article","og_title":"La Phablet, un support id\u00e9al pour \u00e9couter les radios digitales - Lawebradio.com - Actualit\u00e9s des radios digitales","og_description":"Le segment des Phablets a explos\u00e9 en 2014 partout dans le monde ainsi que sur le march\u00e9 fran\u00e7ais selon l'\u00e9tude internationale de l'Institut GfK.","og_url":"https:\/\/www.lawebradio.com\/news\/la-phablet-un-support-ideal-pour-ecouter-les-radios-digitales\/","og_site_name":"Lawebradio.com - Actualit\u00e9s des radios digitales","article_published_time":"2015-04-27T17:36:46+00:00","article_modified_time":"2015-04-27T17:37:03+00:00","og_image":[{"width":640,"height":310,"url":"https:\/\/www.lawebradio.com\/news\/wp-content\/uploads\/2015\/04\/ima01-phablet-gfk2015.jpg","type":"image\/jpeg"}],"author":"Julien Lecourbe","twitter_misc":{"\u00c9crit par":"Julien Lecourbe","Dur\u00e9e de lecture estim\u00e9e":"1 minute"},"schema":{"@context":"https:\/\/schema.org","@graph":[{"@type":"Article","@id":"https:\/\/www.lawebradio.com\/news\/la-phablet-un-support-ideal-pour-ecouter-les-radios-digitales\/#article","isPartOf":{"@id":"https:\/\/www.lawebradio.com\/news\/la-phablet-un-support-ideal-pour-ecouter-les-radios-digitales\/"},"author":{"name":"Julien Lecourbe","@id":"https:\/\/www.lawebradio.com\/news\/#\/schema\/person\/95fd11aee6e6cfe70a4b58b482103f1f"},"headline":"La Phablet, un support id\u00e9al pour \u00e9couter les radios digitales","datePublished":"2015-04-27T17:36:46+00:00","dateModified":"2015-04-27T17:37:03+00:00","mainEntityOfPage":{"@id":"https:\/\/www.lawebradio.com\/news\/la-phablet-un-support-ideal-pour-ecouter-les-radios-digitales\/"},"wordCount":212,"publisher":{"@id":"https:\/\/www.lawebradio.com\/news\/#organization"},"image":{"@id":"https:\/\/www.lawebradio.com\/news\/la-phablet-un-support-ideal-pour-ecouter-les-radios-digitales\/#primaryimage"},"thumbnailUrl":"https:\/\/www.lawebradio.com\/news\/wp-content\/uploads\/2015\/04\/ima01-phablet-gfk2015.jpg","keywords":["phablet","radio digitale","radionomy","webradios"],"articleSection":["Top"],"inLanguage":"fr-FR"},{"@type":"WebPage","@id":"https:\/\/www.lawebradio.com\/news\/la-phablet-un-support-ideal-pour-ecouter-les-radios-digitales\/","url":"https:\/\/www.lawebradio.com\/news\/la-phablet-un-support-ideal-pour-ecouter-les-radios-digitales\/","name":"La Phablet, un support id\u00e9al pour \u00e9couter les radios digitales - Lawebradio.com - Actualit\u00e9s des radios digitales","isPartOf":{"@id":"https:\/\/www.lawebradio.com\/news\/#website"},"primaryImageOfPage":{"@id":"https:\/\/www.lawebradio.com\/news\/la-phablet-un-support-ideal-pour-ecouter-les-radios-digitales\/#primaryimage"},"image":{"@id":"https:\/\/www.lawebradio.com\/news\/la-phablet-un-support-ideal-pour-ecouter-les-radios-digitales\/#primaryimage"},"thumbnailUrl":"https:\/\/www.lawebradio.com\/news\/wp-content\/uploads\/2015\/04\/ima01-phablet-gfk2015.jpg","datePublished":"2015-04-27T17:36:46+00:00","dateModified":"2015-04-27T17:37:03+00:00","description":"Le segment des Phablets a explos\u00e9 en 2014 partout dans le monde ainsi que sur le march\u00e9 fran\u00e7ais selon l'\u00e9tude internationale de l'Institut GfK.","inLanguage":"fr-FR","potentialAction":[{"@type":"ReadAction","target":["https:\/\/www.lawebradio.com\/news\/la-phablet-un-support-ideal-pour-ecouter-les-radios-digitales\/"]}]},{"@type":"ImageObject","inLanguage":"fr-FR","@id":"https:\/\/www.lawebradio.com\/news\/la-phablet-un-support-ideal-pour-ecouter-les-radios-digitales\/#primaryimage","url":"https:\/\/www.lawebradio.com\/news\/wp-content\/uploads\/2015\/04\/ima01-phablet-gfk2015.jpg","contentUrl":"https:\/\/www.lawebradio.com\/news\/wp-content\/uploads\/2015\/04\/ima01-phablet-gfk2015.jpg","width":640,"height":310},{"@type":"WebSite","@id":"https:\/\/www.lawebradio.com\/news\/#website","url":"https:\/\/www.lawebradio.com\/news\/","name":"Lawebradio.com - Actualit\u00e9s des radios digitales","description":"","publisher":{"@id":"https:\/\/www.lawebradio.com\/news\/#organization"},"potentialAction":[{"@type":"SearchAction","target":{"@type":"EntryPoint","urlTemplate":"https:\/\/www.lawebradio.com\/news\/?s={search_term_string}"},"query-input":{"@type":"PropertyValueSpecification","valueRequired":true,"valueName":"search_term_string"}}],"inLanguage":"fr-FR"},{"@type":"Organization","@id":"https:\/\/www.lawebradio.com\/news\/#organization","name":"Lawebradio.com - Actualit\u00e9s des radios digitales","url":"https:\/\/www.lawebradio.com\/news\/","logo":{"@type":"ImageObject","inLanguage":"fr-FR","@id":"https:\/\/www.lawebradio.com\/news\/#\/schema\/logo\/image\/","url":"https:\/\/www.lawebradio.com\/news\/wp-content\/uploads\/2020\/10\/logo2020.png","contentUrl":"https:\/\/www.lawebradio.com\/news\/wp-content\/uploads\/2020\/10\/logo2020.png","width":254,"height":43,"caption":"Lawebradio.com - Actualit\u00e9s des radios digitales"},"image":{"@id":"https:\/\/www.lawebradio.com\/news\/#\/schema\/logo\/image\/"}},{"@type":"Person","@id":"https:\/\/www.lawebradio.com\/news\/#\/schema\/person\/95fd11aee6e6cfe70a4b58b482103f1f","name":"Julien Lecourbe","image":{"@type":"ImageObject","inLanguage":"fr-FR","@id":"https:\/\/secure.gravatar.com\/avatar\/0d25a327c6e268d9730d9c0cbeeee0fea76f04c6cf9528c29e782ef324afc515?s=96&d=mm&r=g","url":"https:\/\/secure.gravatar.com\/avatar\/0d25a327c6e268d9730d9c0cbeeee0fea76f04c6cf9528c29e782ef324afc515?s=96&d=mm&r=g","contentUrl":"https:\/\/secure.gravatar.com\/avatar\/0d25a327c6e268d9730d9c0cbeeee0fea76f04c6cf9528c29e782ef324afc515?s=96&d=mm&r=g","caption":"Julien Lecourbe"},"url":"https:\/\/www.lawebradio.com\/news\/author\/la-redaction\/"}]}},"_links":{"self":[{"href":"https:\/\/www.lawebradio.com\/news\/wp-json\/wp\/v2\/posts\/2423","targetHints":{"allow":["GET"]}}],"collection":[{"href":"https:\/\/www.lawebradio.com\/news\/wp-json\/wp\/v2\/posts"}],"about":[{"href":"https:\/\/www.lawebradio.com\/news\/wp-json\/wp\/v2\/types\/post"}],"author":[{"embeddable":true,"href":"https:\/\/www.lawebradio.com\/news\/wp-json\/wp\/v2\/users\/3"}],"replies":[{"embeddable":true,"href":"https:\/\/www.lawebradio.com\/news\/wp-json\/wp\/v2\/comments?post=2423"}],"version-history":[{"count":1,"href":"https:\/\/www.lawebradio.com\/news\/wp-json\/wp\/v2\/posts\/2423\/revisions"}],"predecessor-version":[{"id":2426,"href":"https:\/\/www.lawebradio.com\/news\/wp-json\/wp\/v2\/posts\/2423\/revisions\/2426"}],"wp:featuredmedia":[{"embeddable":true,"href":"https:\/\/www.lawebradio.com\/news\/wp-json\/wp\/v2\/media\/2424"}],"wp:attachment":[{"href":"https:\/\/www.lawebradio.com\/news\/wp-json\/wp\/v2\/media?parent=2423"}],"wp:term":[{"taxonomy":"category","embeddable":true,"href":"https:\/\/www.lawebradio.com\/news\/wp-json\/wp\/v2\/categories?post=2423"},{"taxonomy":"post_tag","embeddable":true,"href":"https:\/\/www.lawebradio.com\/news\/wp-json\/wp\/v2\/tags?post=2423"}],"curies":[{"name":"wp","href":"https:\/\/api.w.org\/{rel}","templated":true}]}}