{"id":239,"date":"2013-10-14T11:27:44","date_gmt":"2013-10-14T10:27:44","guid":{"rendered":"http:\/\/www.lawebradio.com\/news\/?p=239"},"modified":"2013-10-14T11:27:44","modified_gmt":"2013-10-14T10:27:44","slug":"creer-matinale-webradio","status":"publish","type":"post","link":"https:\/\/www.lawebradio.com\/news\/creer-matinale-webradio\/","title":{"rendered":"Cr\u00e9er une matinale sur sa webradio"},"content":{"rendered":"<p><strong>1. Pourquoi faut-il s&rsquo;y essayer ?<\/strong><\/p>\n<p>6h &#8211; 9h, c&rsquo;est le prime time de la radio, en tout cas de la radio FM ou AM. Les plus grands r\u00e9seaux nationaux, rivalisent pour muscler l&rsquo;audience de ce cr\u00e9neau horaire strat\u00e9gique. Le matin, les radios g\u00e9n\u00e9ralistes font de l&rsquo;info et (un peu) de divertissement tandis que les radios musicales parlent un peu plus que le restant de la journ\u00e9e, distillant, entre deux titres, m\u00e9t\u00e9o, horoscope et infos-trafic.<\/p>\n<p>La radio, c&rsquo;est l&rsquo;ami du petit d\u00e9jeuner, c&rsquo;est le poste que l&rsquo;on allume dans sa salle de bain, bref, c&rsquo;est le compagnon du matin.<\/p>\n<p>Reste \u00e0 savoir si les habitudes d&rsquo;\u00e9coute sont les m\u00eames pour une webradio. A priori, non, il n&rsquo;y a qu&rsquo;\u00e0 regarder les courbes d&rsquo;audience qui, souvent, grimpent \u00e0 partir de 9h, lorsque les ordinateurs sont allum\u00e9s et pr\u00eats \u00e0 \u00e9couter nos multiples programmes.<br \/>\nPourtant, cr\u00e9er une matinale (c&rsquo;est-\u00e0-dire en fait ajouter un peu de talk sur sa radio entre 6h et 9h) sur sa webradio n&rsquo;est, \u00e0 mon sens, pas si saugrenu que \u00e7a et ce pour les cinq raisons suivantes :<\/p>\n<p>Raison 1 : Les webradios s&rsquo;\u00e9coutent de plus en plus sur des smartphones, ce qui les rend beaucoup plus accessibles que sur un ordinateur, et notamment le matin.<\/p>\n<p>Raison 2 : Si vos auditeurs savent qu&rsquo;une petite touche d&rsquo;infos va leur \u00eatre apport\u00e9e chaque matin, ils ne ressentiront peut-\u00eatre plus le besoin d&rsquo;aller chercher de l&rsquo;info sur une autre antenne et se connecteront chez vous d\u00e8s le matin.<\/p>\n<p>Raison 3 : Radionomy vous fournit tous les podcasts pour que vous puissiez cr\u00e9er votre matinale et que cette derni\u00e8re tourne toute seule sans que vous n&rsquo;ayiez besoin de vous lever \u00e0 l&rsquo;aube.<\/p>\n<p>Raison 4 : Cela permet de renforcer un cr\u00e9neau horaire plut\u00f4t faible en termes d&rsquo;audience fran\u00e7aise.<\/p>\n<p>Raison 5 : Cela ne p\u00e9nalise que tr\u00e8s peu votre audience am\u00e9ricaine car de 6 h \u00e0 9 h, c&rsquo;est le soir ou le d\u00e9but de la nuit aux Etats-Unis.<\/p>\n<p><strong>2. Comment faut-il programmer sa matinale ?<\/strong><\/p>\n<p>Avant toute chose, il ne faut pas oublier que votre webradio est avant tout musicale et que ce n&rsquo;est pas parce que l&rsquo;on d\u00e9cide de cr\u00e9er une \u00e9mission de 6h \u00e0 9h qu&rsquo;il ne faut mettre que du talk et encha\u00eener des flashs et des chroniques toutes les cinq minutes.<br \/>\nLa couleur d&rsquo;antenne de votre radio doit \u00eatre respect\u00e9e.<\/p>\n<p>Votre matinale doit \u00eatre en coh\u00e9rence avec ce que vous proposez le restant de la journ\u00e9e. A mon sens, l&rsquo;id\u00e9al est donc de conserver exactement le m\u00eame programme musical et d&rsquo;ajouter, toutes les demi-heures un flash infos ou un podcasts loisir et culture (voir les lettres du producteur N.3 et 6 dans lesquelles tous les podcasts de Radionomy sont d\u00e9taill\u00e9s). Un podcast de deux minutes toutes les demi-heures, cela me semble largement suffisant pour apporter quelque chose de diff\u00e9rent le matin sans trop perturber le programme musical.<\/p>\n<p>Evidemment, pour que tout cela soit \u00ab\u00a0propre \u00e0 l&rsquo;antenne\u00a0\u00bb, il faut \u00ab\u00a0habiller\u00a0\u00bb les podcasts que vous choisirez de diffuser avec des podcasts intro et extro aux couleurs de votre radio. Travaillez bien ces intros et extros, ils doivent permettre :<br \/>\nDe cr\u00e9er une transition facile entre la musique et le talk<br \/>\nDe servir en m\u00eame temps de bande annonce. En effet, notamment dans les extros, vous allez pouvoir rappeler, par exemple, que \u00ab\u00a0l&rsquo;horoscope, c&rsquo;est tous les matins \u00e0 6h30\u00a0\u00bb sur Radio Bonheur.<\/p>\n<p><strong>3. Faut-il ou non enregistrer des interventions ?<\/strong><\/p>\n<p>Pas n\u00e9cessairement. Je pense m\u00eame que c&rsquo;est une perte de temps. Ce que vos auditeurs veulent entendre le matin, c&rsquo;est avant tout de la musique et quelques infos. Le fait qu&rsquo;il y ait un \u00e9lement de talk toutes les 30 minutes suffit \u00e0 cr\u00e9er une ambiance diff\u00e9rente du reste de la journ\u00e9e.<br \/>\nLe but est que cette matinale puisse tourner sans que vous n&rsquo;ayez trop \u00e0 vous en occuper. N&rsquo;oubliez pas qu&rsquo;il vaut mieux faire peu mais tenir dans le temps que beaucoup en risquant de l\u00e2cher au bout de quelques semaines.<\/p>\n<p><strong>4. Les derniers conseils<\/strong><\/p>\n<p>Ecoutez votre matinale. Soyez attentifs aux transitions, v\u00e9rifiez si tout est diffus\u00e9 comme vous le souhaitez et placez-vous \u00e0 la place d&rsquo;un auditeur pour savoir si votre cocktail (ou plut\u00f4t caf\u00e9 au lait) musique-infos du matin est bien dos\u00e9.<br \/>\nFaites la promotion de votre matinale. Si vos auditeurs ne viennent que dans la journ\u00e9e sur votre radio, il y a peu de chances pour qu&rsquo;ils s&rsquo;y connectent le matin si vous ne les y incitez pas. Faites de la promotion sur votre antenne et votre site Internet pour que certains de vos fid\u00e8les soient tent\u00e9s de venir vous \u00e9couter en beurrant leur tartine !<\/p>\n<p>Article r\u00e9dig\u00e9 par Nicolas Goyet<\/p>\n","protected":false},"excerpt":{"rendered":"<p>1. Pourquoi faut-il s&rsquo;y essayer ? 6h &#8211; 9h, c&rsquo;est le prime time de la radio, en tout cas de la radio FM ou AM. Les plus grands r\u00e9seaux nationaux, rivalisent pour muscler l&rsquo;audience de ce cr\u00e9neau horaire strat\u00e9gique. Le matin, les radios g\u00e9n\u00e9ralistes font de l&rsquo;info et (un peu) de divertissement tandis que les [&hellip;]<\/p>\n","protected":false},"author":3,"featured_media":240,"comment_status":"closed","ping_status":"closed","sticky":false,"template":"","format":"standard","meta":{"_et_pb_use_builder":"","_et_pb_old_content":"","_et_gb_content_width":"","footnotes":""},"categories":[1],"tags":[],"class_list":["post-239","post","type-post","status-publish","format-standard","has-post-thumbnail","hentry","category-digital","et-has-post-format-content","et_post_format-et-post-format-standard"],"yoast_head":"<!-- This site is optimized with the Yoast SEO plugin v27.4 - https:\/\/yoast.com\/product\/yoast-seo-wordpress\/ -->\n<title>Cr\u00e9er une matinale sur sa webradio - Lawebradio.com - Actualit\u00e9s des radios digitales<\/title>\n<meta name=\"robots\" content=\"index, follow, max-snippet:-1, max-image-preview:large, max-video-preview:-1\" \/>\n<link rel=\"canonical\" href=\"https:\/\/www.lawebradio.com\/news\/creer-matinale-webradio\/\" \/>\n<meta property=\"og:locale\" content=\"fr_FR\" \/>\n<meta property=\"og:type\" content=\"article\" \/>\n<meta property=\"og:title\" content=\"Cr\u00e9er une matinale sur sa webradio - Lawebradio.com - Actualit\u00e9s des radios digitales\" \/>\n<meta property=\"og:description\" content=\"1. Pourquoi faut-il s&rsquo;y essayer ? 6h &#8211; 9h, c&rsquo;est le prime time de la radio, en tout cas de la radio FM ou AM. Les plus grands r\u00e9seaux nationaux, rivalisent pour muscler l&rsquo;audience de ce cr\u00e9neau horaire strat\u00e9gique. Le matin, les radios g\u00e9n\u00e9ralistes font de l&rsquo;info et (un peu) de divertissement tandis que les [&hellip;]\" \/>\n<meta property=\"og:url\" content=\"https:\/\/www.lawebradio.com\/news\/creer-matinale-webradio\/\" \/>\n<meta property=\"og:site_name\" content=\"Lawebradio.com - Actualit\u00e9s des radios digitales\" \/>\n<meta property=\"article:published_time\" content=\"2013-10-14T10:27:44+00:00\" \/>\n<meta property=\"og:image\" content=\"https:\/\/www.lawebradio.com\/news\/wp-content\/uploads\/2013\/10\/ima-matinale102013.jpg\" \/>\n\t<meta property=\"og:image:width\" content=\"642\" \/>\n\t<meta property=\"og:image:height\" content=\"300\" \/>\n\t<meta property=\"og:image:type\" content=\"image\/jpeg\" \/>\n<meta name=\"author\" content=\"Julien Lecourbe\" \/>\n<meta name=\"twitter:label1\" content=\"\u00c9crit par\" \/>\n\t<meta name=\"twitter:data1\" content=\"Julien Lecourbe\" \/>\n\t<meta name=\"twitter:label2\" content=\"Dur\u00e9e de lecture estim\u00e9e\" \/>\n\t<meta name=\"twitter:data2\" content=\"4 minutes\" \/>\n<script type=\"application\/ld+json\" class=\"yoast-schema-graph\">{\"@context\":\"https:\\\/\\\/schema.org\",\"@graph\":[{\"@type\":\"Article\",\"@id\":\"https:\\\/\\\/www.lawebradio.com\\\/news\\\/creer-matinale-webradio\\\/#article\",\"isPartOf\":{\"@id\":\"https:\\\/\\\/www.lawebradio.com\\\/news\\\/creer-matinale-webradio\\\/\"},\"author\":{\"name\":\"Julien Lecourbe\",\"@id\":\"https:\\\/\\\/www.lawebradio.com\\\/news\\\/#\\\/schema\\\/person\\\/95fd11aee6e6cfe70a4b58b482103f1f\"},\"headline\":\"Cr\u00e9er une matinale sur sa webradio\",\"datePublished\":\"2013-10-14T10:27:44+00:00\",\"mainEntityOfPage\":{\"@id\":\"https:\\\/\\\/www.lawebradio.com\\\/news\\\/creer-matinale-webradio\\\/\"},\"wordCount\":839,\"publisher\":{\"@id\":\"https:\\\/\\\/www.lawebradio.com\\\/news\\\/#organization\"},\"image\":{\"@id\":\"https:\\\/\\\/www.lawebradio.com\\\/news\\\/creer-matinale-webradio\\\/#primaryimage\"},\"thumbnailUrl\":\"https:\\\/\\\/www.lawebradio.com\\\/news\\\/wp-content\\\/uploads\\\/2013\\\/10\\\/ima-matinale102013.jpg\",\"articleSection\":[\"Digital\"],\"inLanguage\":\"fr-FR\"},{\"@type\":\"WebPage\",\"@id\":\"https:\\\/\\\/www.lawebradio.com\\\/news\\\/creer-matinale-webradio\\\/\",\"url\":\"https:\\\/\\\/www.lawebradio.com\\\/news\\\/creer-matinale-webradio\\\/\",\"name\":\"Cr\u00e9er une matinale sur sa webradio - Lawebradio.com - Actualit\u00e9s des radios digitales\",\"isPartOf\":{\"@id\":\"https:\\\/\\\/www.lawebradio.com\\\/news\\\/#website\"},\"primaryImageOfPage\":{\"@id\":\"https:\\\/\\\/www.lawebradio.com\\\/news\\\/creer-matinale-webradio\\\/#primaryimage\"},\"image\":{\"@id\":\"https:\\\/\\\/www.lawebradio.com\\\/news\\\/creer-matinale-webradio\\\/#primaryimage\"},\"thumbnailUrl\":\"https:\\\/\\\/www.lawebradio.com\\\/news\\\/wp-content\\\/uploads\\\/2013\\\/10\\\/ima-matinale102013.jpg\",\"datePublished\":\"2013-10-14T10:27:44+00:00\",\"inLanguage\":\"fr-FR\",\"potentialAction\":[{\"@type\":\"ReadAction\",\"target\":[\"https:\\\/\\\/www.lawebradio.com\\\/news\\\/creer-matinale-webradio\\\/\"]}]},{\"@type\":\"ImageObject\",\"inLanguage\":\"fr-FR\",\"@id\":\"https:\\\/\\\/www.lawebradio.com\\\/news\\\/creer-matinale-webradio\\\/#primaryimage\",\"url\":\"https:\\\/\\\/www.lawebradio.com\\\/news\\\/wp-content\\\/uploads\\\/2013\\\/10\\\/ima-matinale102013.jpg\",\"contentUrl\":\"https:\\\/\\\/www.lawebradio.com\\\/news\\\/wp-content\\\/uploads\\\/2013\\\/10\\\/ima-matinale102013.jpg\",\"width\":642,\"height\":300},{\"@type\":\"WebSite\",\"@id\":\"https:\\\/\\\/www.lawebradio.com\\\/news\\\/#website\",\"url\":\"https:\\\/\\\/www.lawebradio.com\\\/news\\\/\",\"name\":\"Lawebradio.com - Actualit\u00e9s des radios digitales\",\"description\":\"\",\"publisher\":{\"@id\":\"https:\\\/\\\/www.lawebradio.com\\\/news\\\/#organization\"},\"potentialAction\":[{\"@type\":\"SearchAction\",\"target\":{\"@type\":\"EntryPoint\",\"urlTemplate\":\"https:\\\/\\\/www.lawebradio.com\\\/news\\\/?s={search_term_string}\"},\"query-input\":{\"@type\":\"PropertyValueSpecification\",\"valueRequired\":true,\"valueName\":\"search_term_string\"}}],\"inLanguage\":\"fr-FR\"},{\"@type\":\"Organization\",\"@id\":\"https:\\\/\\\/www.lawebradio.com\\\/news\\\/#organization\",\"name\":\"Lawebradio.com - Actualit\u00e9s des radios digitales\",\"url\":\"https:\\\/\\\/www.lawebradio.com\\\/news\\\/\",\"logo\":{\"@type\":\"ImageObject\",\"inLanguage\":\"fr-FR\",\"@id\":\"https:\\\/\\\/www.lawebradio.com\\\/news\\\/#\\\/schema\\\/logo\\\/image\\\/\",\"url\":\"https:\\\/\\\/www.lawebradio.com\\\/news\\\/wp-content\\\/uploads\\\/2020\\\/10\\\/logo2020.png\",\"contentUrl\":\"https:\\\/\\\/www.lawebradio.com\\\/news\\\/wp-content\\\/uploads\\\/2020\\\/10\\\/logo2020.png\",\"width\":254,\"height\":43,\"caption\":\"Lawebradio.com - Actualit\u00e9s des radios digitales\"},\"image\":{\"@id\":\"https:\\\/\\\/www.lawebradio.com\\\/news\\\/#\\\/schema\\\/logo\\\/image\\\/\"}},{\"@type\":\"Person\",\"@id\":\"https:\\\/\\\/www.lawebradio.com\\\/news\\\/#\\\/schema\\\/person\\\/95fd11aee6e6cfe70a4b58b482103f1f\",\"name\":\"Julien Lecourbe\",\"image\":{\"@type\":\"ImageObject\",\"inLanguage\":\"fr-FR\",\"@id\":\"https:\\\/\\\/secure.gravatar.com\\\/avatar\\\/0d25a327c6e268d9730d9c0cbeeee0fea76f04c6cf9528c29e782ef324afc515?s=96&d=mm&r=g\",\"url\":\"https:\\\/\\\/secure.gravatar.com\\\/avatar\\\/0d25a327c6e268d9730d9c0cbeeee0fea76f04c6cf9528c29e782ef324afc515?s=96&d=mm&r=g\",\"contentUrl\":\"https:\\\/\\\/secure.gravatar.com\\\/avatar\\\/0d25a327c6e268d9730d9c0cbeeee0fea76f04c6cf9528c29e782ef324afc515?s=96&d=mm&r=g\",\"caption\":\"Julien Lecourbe\"},\"url\":\"https:\\\/\\\/www.lawebradio.com\\\/news\\\/author\\\/la-redaction\\\/\"}]}<\/script>\n<!-- \/ Yoast SEO plugin. -->","yoast_head_json":{"title":"Cr\u00e9er une matinale sur sa webradio - Lawebradio.com - Actualit\u00e9s des radios digitales","robots":{"index":"index","follow":"follow","max-snippet":"max-snippet:-1","max-image-preview":"max-image-preview:large","max-video-preview":"max-video-preview:-1"},"canonical":"https:\/\/www.lawebradio.com\/news\/creer-matinale-webradio\/","og_locale":"fr_FR","og_type":"article","og_title":"Cr\u00e9er une matinale sur sa webradio - Lawebradio.com - Actualit\u00e9s des radios digitales","og_description":"1. Pourquoi faut-il s&rsquo;y essayer ? 6h &#8211; 9h, c&rsquo;est le prime time de la radio, en tout cas de la radio FM ou AM. Les plus grands r\u00e9seaux nationaux, rivalisent pour muscler l&rsquo;audience de ce cr\u00e9neau horaire strat\u00e9gique. Le matin, les radios g\u00e9n\u00e9ralistes font de l&rsquo;info et (un peu) de divertissement tandis que les [&hellip;]","og_url":"https:\/\/www.lawebradio.com\/news\/creer-matinale-webradio\/","og_site_name":"Lawebradio.com - Actualit\u00e9s des radios digitales","article_published_time":"2013-10-14T10:27:44+00:00","og_image":[{"width":642,"height":300,"url":"https:\/\/www.lawebradio.com\/news\/wp-content\/uploads\/2013\/10\/ima-matinale102013.jpg","type":"image\/jpeg"}],"author":"Julien Lecourbe","twitter_misc":{"\u00c9crit par":"Julien Lecourbe","Dur\u00e9e de lecture estim\u00e9e":"4 minutes"},"schema":{"@context":"https:\/\/schema.org","@graph":[{"@type":"Article","@id":"https:\/\/www.lawebradio.com\/news\/creer-matinale-webradio\/#article","isPartOf":{"@id":"https:\/\/www.lawebradio.com\/news\/creer-matinale-webradio\/"},"author":{"name":"Julien Lecourbe","@id":"https:\/\/www.lawebradio.com\/news\/#\/schema\/person\/95fd11aee6e6cfe70a4b58b482103f1f"},"headline":"Cr\u00e9er une matinale sur sa webradio","datePublished":"2013-10-14T10:27:44+00:00","mainEntityOfPage":{"@id":"https:\/\/www.lawebradio.com\/news\/creer-matinale-webradio\/"},"wordCount":839,"publisher":{"@id":"https:\/\/www.lawebradio.com\/news\/#organization"},"image":{"@id":"https:\/\/www.lawebradio.com\/news\/creer-matinale-webradio\/#primaryimage"},"thumbnailUrl":"https:\/\/www.lawebradio.com\/news\/wp-content\/uploads\/2013\/10\/ima-matinale102013.jpg","articleSection":["Digital"],"inLanguage":"fr-FR"},{"@type":"WebPage","@id":"https:\/\/www.lawebradio.com\/news\/creer-matinale-webradio\/","url":"https:\/\/www.lawebradio.com\/news\/creer-matinale-webradio\/","name":"Cr\u00e9er une matinale sur sa webradio - Lawebradio.com - Actualit\u00e9s des radios digitales","isPartOf":{"@id":"https:\/\/www.lawebradio.com\/news\/#website"},"primaryImageOfPage":{"@id":"https:\/\/www.lawebradio.com\/news\/creer-matinale-webradio\/#primaryimage"},"image":{"@id":"https:\/\/www.lawebradio.com\/news\/creer-matinale-webradio\/#primaryimage"},"thumbnailUrl":"https:\/\/www.lawebradio.com\/news\/wp-content\/uploads\/2013\/10\/ima-matinale102013.jpg","datePublished":"2013-10-14T10:27:44+00:00","inLanguage":"fr-FR","potentialAction":[{"@type":"ReadAction","target":["https:\/\/www.lawebradio.com\/news\/creer-matinale-webradio\/"]}]},{"@type":"ImageObject","inLanguage":"fr-FR","@id":"https:\/\/www.lawebradio.com\/news\/creer-matinale-webradio\/#primaryimage","url":"https:\/\/www.lawebradio.com\/news\/wp-content\/uploads\/2013\/10\/ima-matinale102013.jpg","contentUrl":"https:\/\/www.lawebradio.com\/news\/wp-content\/uploads\/2013\/10\/ima-matinale102013.jpg","width":642,"height":300},{"@type":"WebSite","@id":"https:\/\/www.lawebradio.com\/news\/#website","url":"https:\/\/www.lawebradio.com\/news\/","name":"Lawebradio.com - Actualit\u00e9s des radios digitales","description":"","publisher":{"@id":"https:\/\/www.lawebradio.com\/news\/#organization"},"potentialAction":[{"@type":"SearchAction","target":{"@type":"EntryPoint","urlTemplate":"https:\/\/www.lawebradio.com\/news\/?s={search_term_string}"},"query-input":{"@type":"PropertyValueSpecification","valueRequired":true,"valueName":"search_term_string"}}],"inLanguage":"fr-FR"},{"@type":"Organization","@id":"https:\/\/www.lawebradio.com\/news\/#organization","name":"Lawebradio.com - Actualit\u00e9s des radios digitales","url":"https:\/\/www.lawebradio.com\/news\/","logo":{"@type":"ImageObject","inLanguage":"fr-FR","@id":"https:\/\/www.lawebradio.com\/news\/#\/schema\/logo\/image\/","url":"https:\/\/www.lawebradio.com\/news\/wp-content\/uploads\/2020\/10\/logo2020.png","contentUrl":"https:\/\/www.lawebradio.com\/news\/wp-content\/uploads\/2020\/10\/logo2020.png","width":254,"height":43,"caption":"Lawebradio.com - Actualit\u00e9s des radios digitales"},"image":{"@id":"https:\/\/www.lawebradio.com\/news\/#\/schema\/logo\/image\/"}},{"@type":"Person","@id":"https:\/\/www.lawebradio.com\/news\/#\/schema\/person\/95fd11aee6e6cfe70a4b58b482103f1f","name":"Julien Lecourbe","image":{"@type":"ImageObject","inLanguage":"fr-FR","@id":"https:\/\/secure.gravatar.com\/avatar\/0d25a327c6e268d9730d9c0cbeeee0fea76f04c6cf9528c29e782ef324afc515?s=96&d=mm&r=g","url":"https:\/\/secure.gravatar.com\/avatar\/0d25a327c6e268d9730d9c0cbeeee0fea76f04c6cf9528c29e782ef324afc515?s=96&d=mm&r=g","contentUrl":"https:\/\/secure.gravatar.com\/avatar\/0d25a327c6e268d9730d9c0cbeeee0fea76f04c6cf9528c29e782ef324afc515?s=96&d=mm&r=g","caption":"Julien Lecourbe"},"url":"https:\/\/www.lawebradio.com\/news\/author\/la-redaction\/"}]}},"_links":{"self":[{"href":"https:\/\/www.lawebradio.com\/news\/wp-json\/wp\/v2\/posts\/239","targetHints":{"allow":["GET"]}}],"collection":[{"href":"https:\/\/www.lawebradio.com\/news\/wp-json\/wp\/v2\/posts"}],"about":[{"href":"https:\/\/www.lawebradio.com\/news\/wp-json\/wp\/v2\/types\/post"}],"author":[{"embeddable":true,"href":"https:\/\/www.lawebradio.com\/news\/wp-json\/wp\/v2\/users\/3"}],"replies":[{"embeddable":true,"href":"https:\/\/www.lawebradio.com\/news\/wp-json\/wp\/v2\/comments?post=239"}],"version-history":[{"count":1,"href":"https:\/\/www.lawebradio.com\/news\/wp-json\/wp\/v2\/posts\/239\/revisions"}],"predecessor-version":[{"id":241,"href":"https:\/\/www.lawebradio.com\/news\/wp-json\/wp\/v2\/posts\/239\/revisions\/241"}],"wp:featuredmedia":[{"embeddable":true,"href":"https:\/\/www.lawebradio.com\/news\/wp-json\/wp\/v2\/media\/240"}],"wp:attachment":[{"href":"https:\/\/www.lawebradio.com\/news\/wp-json\/wp\/v2\/media?parent=239"}],"wp:term":[{"taxonomy":"category","embeddable":true,"href":"https:\/\/www.lawebradio.com\/news\/wp-json\/wp\/v2\/categories?post=239"},{"taxonomy":"post_tag","embeddable":true,"href":"https:\/\/www.lawebradio.com\/news\/wp-json\/wp\/v2\/tags?post=239"}],"curies":[{"name":"wp","href":"https:\/\/api.w.org\/{rel}","templated":true}]}}