{"id":2383,"date":"2015-04-08T19:26:59","date_gmt":"2015-04-08T18:26:59","guid":{"rendered":"http:\/\/www.lawebradio.com\/news\/?p=2383"},"modified":"2015-04-08T19:27:38","modified_gmt":"2015-04-08T18:27:38","slug":"jamendo-au-service-de-la-musique-et-de-sa-communaute","status":"publish","type":"post","link":"https:\/\/www.lawebradio.com\/news\/jamendo-au-service-de-la-musique-et-de-sa-communaute\/","title":{"rendered":"Jamendo au service de la musique et de sa communaut\u00e9"},"content":{"rendered":"<p><strong>Jamendo fait le lien entre les artistes qui veulent faire conna\u00eetre leur musique et les utilisateurs du monde entier, \u00e0 titre priv\u00e9 et professionnel. Le mod\u00e8le innovant cr\u00e9\u00e9 par Jamendo permet \u00e0 la fois le t\u00e9l\u00e9chargement gratuit de la musique et une r\u00e9mun\u00e9ration pour les artistes en cas d\u2019usage commercial, \u00e0 des tarifs tr\u00e8s attractifs.<\/strong><\/p>\n<p><strong>Vous cr\u00e9ez de la musique et voulez augmenter votre notori\u00e9t\u00e9 ? Saisissez cette opportunit\u00e9 in\u00e9gal\u00e9e de valoriser vos oeuvres !<\/strong><\/p>\n<p>Jamendo contribue au d\u00e9veloppement d\u2019artistes, \u00e0 votre d\u00e9veloppement! Importer sa musique sur Jamendo est simple, rapide et gratuit. Vous partagez votre musique avec la communaut\u00e9 Jamendo et b\u00e9n\u00e9ficiez d\u2019une grande visibilit\u00e9. La licence Creative Commons vous permet de diffuser vos titres originaux gratuitement pour tout usage priv\u00e9, tout en prot\u00e9geant vos droits. De plus, Jamendo ne requiert aucune exclusivit\u00e9 sur votre musique.<br \/>\nEn adh\u00e9rant au programme Jamendo PRO, vous avez l\u2019opportunit\u00e9 de vous faire r\u00e9mun\u00e9rer pour toute utilisation commerciale de votre musique: lorsqu\u2019elle est diffus\u00e9e dans une publicit\u00e9, un film, un site web, &#8230; ou lorsqu\u2019elle est diffus\u00e9e dans un lieu public.<br \/>\nCet accord vous permet de toucher 50% de tous les revenus engendr\u00e9s par une licence commerciale, simplement en choisissant d\u2019inclure votre musique dans le catalogue Jamendo PRO.<\/p>\n<p>\u00ab\u00a0Depuis que je suis sur Jamendo PRO, ma musique a travers\u00e9 les fronti\u00e8res. [\u2026] Le fait que j\u2019aie mis ma musique sous licence Creative Commons a rendu ma musique plus visible sur le march\u00e9, plus commerciale et plus connue que quand elle \u00e9tait dans le circuit classique compos\u00e9 de maisons de disques, distributeurs, et contr\u00f4l\u00e9e par des soci\u00e9t\u00e9s qui g\u00e8rent les droits d\u2019auteurs [\u2026]. Gr\u00e2ce \u00e0 Jamendo, le contact entre le musicien et son public est direct. De cette fa\u00e7on, tout le monde gagne\u00a0\u00bb. Roger Subirana Mata, Musicien (Vilafranca del Pened\u00e8s, Espagne)<\/p>\n<p><strong>Vous \u00eates \u00e0 la recherche de musique, pour un usage professionnel ?<\/strong><br \/>\n<strong>D\u00e9couvrez un catalogue unique, \u00e0 des tarifs comp\u00e9titifs et sans surprise !<\/strong><\/p>\n<p>Vous utilisez ou diffusez r\u00e9guli\u00e8rement de la musique? Jamendo PRO offre une v\u00e9ritable alternative aux professionnels ayant besoin de musique de synchronisation pour illustrer leurs projets (cin\u00e9ma, t\u00e9l\u00e9vision, publicit\u00e9, web, vid\u00e9os d\u2019entreprise, jeux,\u2026) ou de musique d\u2019ambiance \u00e0 diffuser dans un lieu public. Jamendo vous offre les meilleurs prix sans interm\u00e9diaire. Vous n\u2019avez aucune redevance \u00e0 payer \u00e0 aucune soci\u00e9t\u00e9 de collecte de droits \u00e0 travers le monde. Jamendo vous fournit un certificat l\u00e9gal pour la licence achet\u00e9e. Vous avez un acc\u00e8s facile et imm\u00e9diat \u00e0 un large catalogue d\u2019artistes originaux et de musiques de qualit\u00e9. En recourant au service de Jamendo PRO, vous participez \u00e0 un syst\u00e8me de r\u00e9mun\u00e9ration \u00e9quitable puisque les revenus sont revers\u00e9s directement \u00e0 l\u2019artiste gr\u00e2ce \u00e0 la suppression des interm\u00e9diaires. En m\u00eame temps, vous contribuez \u00e0 la promotion d\u2019artistes de qualit\u00e9.<\/p>\n<p>&#8211; \u00ab\u00a0Jamendo s\u2019est retrouv\u00e9 incontournable dans nos recherches d\u2019illustrations sonores pour nos productions. &#8230; Les outils permettant de trouver \u201cla perle\u201d font de ce site un atout performant dans notre processus de production. Nous avons pu d\u00e9couvrir de merveilleux artistes. &#8230; Dot\u00e9 \u00e9galement d\u2019une \u00e9quipe commerciale r\u00e9active et efficace, Jamendo est LA solution pour gagner du temps et \u00e9conomiser de l\u2019argent tout en mettant en avant une g\u00e9n\u00e9ration cr\u00e9ative de qualit\u00e9\u00a0\u00bb, Jeremy BEMBARON, InVisu.fr (Paris, France)<\/p>\n<p>\u2022 Site Pro : <a href=\"https:\/\/licensing.jamendo.com\/fr\" target=\"_blank\">https:\/\/licensing.jamendo.com\/fr<\/a><br \/>\n\u2022 Facebook : <a href=\"https:\/\/www.facebook.com\/jamendoFR\" target=\"_blank\">https:\/\/www.facebook.com\/jamendoFR<\/a><\/p>\n<p><img loading=\"lazy\" decoding=\"async\" class=\"alignnone size-full wp-image-2385\" src=\"http:\/\/www.lawebradio.com\/news\/wp-content\/uploads\/2015\/04\/ima02-jamendo2015.jpg\" alt=\"ima02-jamendo2015\" width=\"640\" height=\"310\" srcset=\"https:\/\/www.lawebradio.com\/news\/wp-content\/uploads\/2015\/04\/ima02-jamendo2015.jpg 640w, https:\/\/www.lawebradio.com\/news\/wp-content\/uploads\/2015\/04\/ima02-jamendo2015-150x73.jpg 150w, https:\/\/www.lawebradio.com\/news\/wp-content\/uploads\/2015\/04\/ima02-jamendo2015-300x145.jpg 300w\" sizes=\"auto, (max-width: 640px) 100vw, 640px\" \/><\/p>\n","protected":false},"excerpt":{"rendered":"<p>Jamendo fait le lien entre les artistes qui veulent faire conna\u00eetre leur musique et les utilisateurs du monde entier, \u00e0 titre priv\u00e9 et professionnel. Le mod\u00e8le innovant cr\u00e9\u00e9 par Jamendo permet \u00e0 la fois le t\u00e9l\u00e9chargement gratuit de la musique et une r\u00e9mun\u00e9ration pour les artistes en cas d\u2019usage commercial, \u00e0 des tarifs tr\u00e8s attractifs. [&hellip;]<\/p>\n","protected":false},"author":3,"featured_media":2384,"comment_status":"closed","ping_status":"closed","sticky":false,"template":"","format":"standard","meta":{"_et_pb_use_builder":"","_et_pb_old_content":"","_et_gb_content_width":"","footnotes":""},"categories":[6],"tags":[316,795,314,315,44],"class_list":["post-2383","post","type-post","status-publish","format-standard","has-post-thumbnail","hentry","category-focus","tag-creative-commons","tag-illustrations-sonores","tag-jamendo","tag-musique-libre-de-droit","tag-webradios","et-has-post-format-content","et_post_format-et-post-format-standard"],"yoast_head":"<!-- This site is optimized with the Yoast SEO plugin v27.4 - https:\/\/yoast.com\/product\/yoast-seo-wordpress\/ -->\n<title>Jamendo au service de la musique et de sa communaut\u00e9 - Lawebradio.com - Actualit\u00e9s des radios digitales<\/title>\n<meta name=\"description\" content=\"Jamendo PRO offre une v\u00e9ritable alternative aux professionnels ayant besoin de musique de synchronisation pour illustrer leurs projets\" \/>\n<meta name=\"robots\" content=\"index, follow, max-snippet:-1, max-image-preview:large, max-video-preview:-1\" \/>\n<link rel=\"canonical\" href=\"https:\/\/www.lawebradio.com\/news\/jamendo-au-service-de-la-musique-et-de-sa-communaute\/\" \/>\n<meta property=\"og:locale\" content=\"fr_FR\" \/>\n<meta property=\"og:type\" content=\"article\" \/>\n<meta property=\"og:title\" content=\"Jamendo au service de la musique et de sa communaut\u00e9 - Lawebradio.com - Actualit\u00e9s des radios digitales\" \/>\n<meta property=\"og:description\" content=\"Jamendo PRO offre une v\u00e9ritable alternative aux professionnels ayant besoin de musique de synchronisation pour illustrer leurs projets\" \/>\n<meta property=\"og:url\" content=\"https:\/\/www.lawebradio.com\/news\/jamendo-au-service-de-la-musique-et-de-sa-communaute\/\" \/>\n<meta property=\"og:site_name\" content=\"Lawebradio.com - Actualit\u00e9s des radios digitales\" \/>\n<meta property=\"article:published_time\" content=\"2015-04-08T18:26:59+00:00\" \/>\n<meta property=\"article:modified_time\" content=\"2015-04-08T18:27:38+00:00\" \/>\n<meta property=\"og:image\" content=\"https:\/\/www.lawebradio.com\/news\/wp-content\/uploads\/2015\/04\/ima3-jamendo2015.jpg\" \/>\n\t<meta property=\"og:image:width\" content=\"640\" \/>\n\t<meta property=\"og:image:height\" content=\"310\" \/>\n\t<meta property=\"og:image:type\" content=\"image\/jpeg\" \/>\n<meta name=\"author\" content=\"Julien Lecourbe\" \/>\n<meta name=\"twitter:label1\" content=\"\u00c9crit par\" \/>\n\t<meta name=\"twitter:data1\" content=\"Julien Lecourbe\" \/>\n\t<meta name=\"twitter:label2\" content=\"Dur\u00e9e de lecture estim\u00e9e\" \/>\n\t<meta name=\"twitter:data2\" content=\"3 minutes\" \/>\n<script type=\"application\/ld+json\" class=\"yoast-schema-graph\">{\"@context\":\"https:\\\/\\\/schema.org\",\"@graph\":[{\"@type\":\"Article\",\"@id\":\"https:\\\/\\\/www.lawebradio.com\\\/news\\\/jamendo-au-service-de-la-musique-et-de-sa-communaute\\\/#article\",\"isPartOf\":{\"@id\":\"https:\\\/\\\/www.lawebradio.com\\\/news\\\/jamendo-au-service-de-la-musique-et-de-sa-communaute\\\/\"},\"author\":{\"name\":\"Julien Lecourbe\",\"@id\":\"https:\\\/\\\/www.lawebradio.com\\\/news\\\/#\\\/schema\\\/person\\\/95fd11aee6e6cfe70a4b58b482103f1f\"},\"headline\":\"Jamendo au service de la musique et de sa communaut\u00e9\",\"datePublished\":\"2015-04-08T18:26:59+00:00\",\"dateModified\":\"2015-04-08T18:27:38+00:00\",\"mainEntityOfPage\":{\"@id\":\"https:\\\/\\\/www.lawebradio.com\\\/news\\\/jamendo-au-service-de-la-musique-et-de-sa-communaute\\\/\"},\"wordCount\":607,\"publisher\":{\"@id\":\"https:\\\/\\\/www.lawebradio.com\\\/news\\\/#organization\"},\"image\":{\"@id\":\"https:\\\/\\\/www.lawebradio.com\\\/news\\\/jamendo-au-service-de-la-musique-et-de-sa-communaute\\\/#primaryimage\"},\"thumbnailUrl\":\"https:\\\/\\\/www.lawebradio.com\\\/news\\\/wp-content\\\/uploads\\\/2015\\\/04\\\/ima3-jamendo2015.jpg\",\"keywords\":[\"Creative Commons\",\"illustrations sonores\",\"jamendo\",\"musique libre de droit\",\"webradios\"],\"articleSection\":[\"Focus\"],\"inLanguage\":\"fr-FR\"},{\"@type\":\"WebPage\",\"@id\":\"https:\\\/\\\/www.lawebradio.com\\\/news\\\/jamendo-au-service-de-la-musique-et-de-sa-communaute\\\/\",\"url\":\"https:\\\/\\\/www.lawebradio.com\\\/news\\\/jamendo-au-service-de-la-musique-et-de-sa-communaute\\\/\",\"name\":\"Jamendo au service de la musique et de sa communaut\u00e9 - Lawebradio.com - Actualit\u00e9s des radios digitales\",\"isPartOf\":{\"@id\":\"https:\\\/\\\/www.lawebradio.com\\\/news\\\/#website\"},\"primaryImageOfPage\":{\"@id\":\"https:\\\/\\\/www.lawebradio.com\\\/news\\\/jamendo-au-service-de-la-musique-et-de-sa-communaute\\\/#primaryimage\"},\"image\":{\"@id\":\"https:\\\/\\\/www.lawebradio.com\\\/news\\\/jamendo-au-service-de-la-musique-et-de-sa-communaute\\\/#primaryimage\"},\"thumbnailUrl\":\"https:\\\/\\\/www.lawebradio.com\\\/news\\\/wp-content\\\/uploads\\\/2015\\\/04\\\/ima3-jamendo2015.jpg\",\"datePublished\":\"2015-04-08T18:26:59+00:00\",\"dateModified\":\"2015-04-08T18:27:38+00:00\",\"description\":\"Jamendo PRO offre une v\u00e9ritable alternative aux professionnels ayant besoin de musique de synchronisation pour illustrer leurs projets\",\"inLanguage\":\"fr-FR\",\"potentialAction\":[{\"@type\":\"ReadAction\",\"target\":[\"https:\\\/\\\/www.lawebradio.com\\\/news\\\/jamendo-au-service-de-la-musique-et-de-sa-communaute\\\/\"]}]},{\"@type\":\"ImageObject\",\"inLanguage\":\"fr-FR\",\"@id\":\"https:\\\/\\\/www.lawebradio.com\\\/news\\\/jamendo-au-service-de-la-musique-et-de-sa-communaute\\\/#primaryimage\",\"url\":\"https:\\\/\\\/www.lawebradio.com\\\/news\\\/wp-content\\\/uploads\\\/2015\\\/04\\\/ima3-jamendo2015.jpg\",\"contentUrl\":\"https:\\\/\\\/www.lawebradio.com\\\/news\\\/wp-content\\\/uploads\\\/2015\\\/04\\\/ima3-jamendo2015.jpg\",\"width\":640,\"height\":310},{\"@type\":\"WebSite\",\"@id\":\"https:\\\/\\\/www.lawebradio.com\\\/news\\\/#website\",\"url\":\"https:\\\/\\\/www.lawebradio.com\\\/news\\\/\",\"name\":\"Lawebradio.com - Actualit\u00e9s des radios digitales\",\"description\":\"\",\"publisher\":{\"@id\":\"https:\\\/\\\/www.lawebradio.com\\\/news\\\/#organization\"},\"potentialAction\":[{\"@type\":\"SearchAction\",\"target\":{\"@type\":\"EntryPoint\",\"urlTemplate\":\"https:\\\/\\\/www.lawebradio.com\\\/news\\\/?s={search_term_string}\"},\"query-input\":{\"@type\":\"PropertyValueSpecification\",\"valueRequired\":true,\"valueName\":\"search_term_string\"}}],\"inLanguage\":\"fr-FR\"},{\"@type\":\"Organization\",\"@id\":\"https:\\\/\\\/www.lawebradio.com\\\/news\\\/#organization\",\"name\":\"Lawebradio.com - Actualit\u00e9s des radios digitales\",\"url\":\"https:\\\/\\\/www.lawebradio.com\\\/news\\\/\",\"logo\":{\"@type\":\"ImageObject\",\"inLanguage\":\"fr-FR\",\"@id\":\"https:\\\/\\\/www.lawebradio.com\\\/news\\\/#\\\/schema\\\/logo\\\/image\\\/\",\"url\":\"https:\\\/\\\/www.lawebradio.com\\\/news\\\/wp-content\\\/uploads\\\/2020\\\/10\\\/logo2020.png\",\"contentUrl\":\"https:\\\/\\\/www.lawebradio.com\\\/news\\\/wp-content\\\/uploads\\\/2020\\\/10\\\/logo2020.png\",\"width\":254,\"height\":43,\"caption\":\"Lawebradio.com - Actualit\u00e9s des radios digitales\"},\"image\":{\"@id\":\"https:\\\/\\\/www.lawebradio.com\\\/news\\\/#\\\/schema\\\/logo\\\/image\\\/\"}},{\"@type\":\"Person\",\"@id\":\"https:\\\/\\\/www.lawebradio.com\\\/news\\\/#\\\/schema\\\/person\\\/95fd11aee6e6cfe70a4b58b482103f1f\",\"name\":\"Julien Lecourbe\",\"image\":{\"@type\":\"ImageObject\",\"inLanguage\":\"fr-FR\",\"@id\":\"https:\\\/\\\/secure.gravatar.com\\\/avatar\\\/0d25a327c6e268d9730d9c0cbeeee0fea76f04c6cf9528c29e782ef324afc515?s=96&d=mm&r=g\",\"url\":\"https:\\\/\\\/secure.gravatar.com\\\/avatar\\\/0d25a327c6e268d9730d9c0cbeeee0fea76f04c6cf9528c29e782ef324afc515?s=96&d=mm&r=g\",\"contentUrl\":\"https:\\\/\\\/secure.gravatar.com\\\/avatar\\\/0d25a327c6e268d9730d9c0cbeeee0fea76f04c6cf9528c29e782ef324afc515?s=96&d=mm&r=g\",\"caption\":\"Julien Lecourbe\"},\"url\":\"https:\\\/\\\/www.lawebradio.com\\\/news\\\/author\\\/la-redaction\\\/\"}]}<\/script>\n<!-- \/ Yoast SEO plugin. -->","yoast_head_json":{"title":"Jamendo au service de la musique et de sa communaut\u00e9 - Lawebradio.com - Actualit\u00e9s des radios digitales","description":"Jamendo PRO offre une v\u00e9ritable alternative aux professionnels ayant besoin de musique de synchronisation pour illustrer leurs projets","robots":{"index":"index","follow":"follow","max-snippet":"max-snippet:-1","max-image-preview":"max-image-preview:large","max-video-preview":"max-video-preview:-1"},"canonical":"https:\/\/www.lawebradio.com\/news\/jamendo-au-service-de-la-musique-et-de-sa-communaute\/","og_locale":"fr_FR","og_type":"article","og_title":"Jamendo au service de la musique et de sa communaut\u00e9 - Lawebradio.com - Actualit\u00e9s des radios digitales","og_description":"Jamendo PRO offre une v\u00e9ritable alternative aux professionnels ayant besoin de musique de synchronisation pour illustrer leurs projets","og_url":"https:\/\/www.lawebradio.com\/news\/jamendo-au-service-de-la-musique-et-de-sa-communaute\/","og_site_name":"Lawebradio.com - Actualit\u00e9s des radios digitales","article_published_time":"2015-04-08T18:26:59+00:00","article_modified_time":"2015-04-08T18:27:38+00:00","og_image":[{"width":640,"height":310,"url":"https:\/\/www.lawebradio.com\/news\/wp-content\/uploads\/2015\/04\/ima3-jamendo2015.jpg","type":"image\/jpeg"}],"author":"Julien Lecourbe","twitter_misc":{"\u00c9crit par":"Julien Lecourbe","Dur\u00e9e de lecture estim\u00e9e":"3 minutes"},"schema":{"@context":"https:\/\/schema.org","@graph":[{"@type":"Article","@id":"https:\/\/www.lawebradio.com\/news\/jamendo-au-service-de-la-musique-et-de-sa-communaute\/#article","isPartOf":{"@id":"https:\/\/www.lawebradio.com\/news\/jamendo-au-service-de-la-musique-et-de-sa-communaute\/"},"author":{"name":"Julien Lecourbe","@id":"https:\/\/www.lawebradio.com\/news\/#\/schema\/person\/95fd11aee6e6cfe70a4b58b482103f1f"},"headline":"Jamendo au service de la musique et de sa communaut\u00e9","datePublished":"2015-04-08T18:26:59+00:00","dateModified":"2015-04-08T18:27:38+00:00","mainEntityOfPage":{"@id":"https:\/\/www.lawebradio.com\/news\/jamendo-au-service-de-la-musique-et-de-sa-communaute\/"},"wordCount":607,"publisher":{"@id":"https:\/\/www.lawebradio.com\/news\/#organization"},"image":{"@id":"https:\/\/www.lawebradio.com\/news\/jamendo-au-service-de-la-musique-et-de-sa-communaute\/#primaryimage"},"thumbnailUrl":"https:\/\/www.lawebradio.com\/news\/wp-content\/uploads\/2015\/04\/ima3-jamendo2015.jpg","keywords":["Creative Commons","illustrations sonores","jamendo","musique libre de droit","webradios"],"articleSection":["Focus"],"inLanguage":"fr-FR"},{"@type":"WebPage","@id":"https:\/\/www.lawebradio.com\/news\/jamendo-au-service-de-la-musique-et-de-sa-communaute\/","url":"https:\/\/www.lawebradio.com\/news\/jamendo-au-service-de-la-musique-et-de-sa-communaute\/","name":"Jamendo au service de la musique et de sa communaut\u00e9 - Lawebradio.com - Actualit\u00e9s des radios digitales","isPartOf":{"@id":"https:\/\/www.lawebradio.com\/news\/#website"},"primaryImageOfPage":{"@id":"https:\/\/www.lawebradio.com\/news\/jamendo-au-service-de-la-musique-et-de-sa-communaute\/#primaryimage"},"image":{"@id":"https:\/\/www.lawebradio.com\/news\/jamendo-au-service-de-la-musique-et-de-sa-communaute\/#primaryimage"},"thumbnailUrl":"https:\/\/www.lawebradio.com\/news\/wp-content\/uploads\/2015\/04\/ima3-jamendo2015.jpg","datePublished":"2015-04-08T18:26:59+00:00","dateModified":"2015-04-08T18:27:38+00:00","description":"Jamendo PRO offre une v\u00e9ritable alternative aux professionnels ayant besoin de musique de synchronisation pour illustrer leurs projets","inLanguage":"fr-FR","potentialAction":[{"@type":"ReadAction","target":["https:\/\/www.lawebradio.com\/news\/jamendo-au-service-de-la-musique-et-de-sa-communaute\/"]}]},{"@type":"ImageObject","inLanguage":"fr-FR","@id":"https:\/\/www.lawebradio.com\/news\/jamendo-au-service-de-la-musique-et-de-sa-communaute\/#primaryimage","url":"https:\/\/www.lawebradio.com\/news\/wp-content\/uploads\/2015\/04\/ima3-jamendo2015.jpg","contentUrl":"https:\/\/www.lawebradio.com\/news\/wp-content\/uploads\/2015\/04\/ima3-jamendo2015.jpg","width":640,"height":310},{"@type":"WebSite","@id":"https:\/\/www.lawebradio.com\/news\/#website","url":"https:\/\/www.lawebradio.com\/news\/","name":"Lawebradio.com - Actualit\u00e9s des radios digitales","description":"","publisher":{"@id":"https:\/\/www.lawebradio.com\/news\/#organization"},"potentialAction":[{"@type":"SearchAction","target":{"@type":"EntryPoint","urlTemplate":"https:\/\/www.lawebradio.com\/news\/?s={search_term_string}"},"query-input":{"@type":"PropertyValueSpecification","valueRequired":true,"valueName":"search_term_string"}}],"inLanguage":"fr-FR"},{"@type":"Organization","@id":"https:\/\/www.lawebradio.com\/news\/#organization","name":"Lawebradio.com - Actualit\u00e9s des radios digitales","url":"https:\/\/www.lawebradio.com\/news\/","logo":{"@type":"ImageObject","inLanguage":"fr-FR","@id":"https:\/\/www.lawebradio.com\/news\/#\/schema\/logo\/image\/","url":"https:\/\/www.lawebradio.com\/news\/wp-content\/uploads\/2020\/10\/logo2020.png","contentUrl":"https:\/\/www.lawebradio.com\/news\/wp-content\/uploads\/2020\/10\/logo2020.png","width":254,"height":43,"caption":"Lawebradio.com - Actualit\u00e9s des radios digitales"},"image":{"@id":"https:\/\/www.lawebradio.com\/news\/#\/schema\/logo\/image\/"}},{"@type":"Person","@id":"https:\/\/www.lawebradio.com\/news\/#\/schema\/person\/95fd11aee6e6cfe70a4b58b482103f1f","name":"Julien Lecourbe","image":{"@type":"ImageObject","inLanguage":"fr-FR","@id":"https:\/\/secure.gravatar.com\/avatar\/0d25a327c6e268d9730d9c0cbeeee0fea76f04c6cf9528c29e782ef324afc515?s=96&d=mm&r=g","url":"https:\/\/secure.gravatar.com\/avatar\/0d25a327c6e268d9730d9c0cbeeee0fea76f04c6cf9528c29e782ef324afc515?s=96&d=mm&r=g","contentUrl":"https:\/\/secure.gravatar.com\/avatar\/0d25a327c6e268d9730d9c0cbeeee0fea76f04c6cf9528c29e782ef324afc515?s=96&d=mm&r=g","caption":"Julien Lecourbe"},"url":"https:\/\/www.lawebradio.com\/news\/author\/la-redaction\/"}]}},"_links":{"self":[{"href":"https:\/\/www.lawebradio.com\/news\/wp-json\/wp\/v2\/posts\/2383","targetHints":{"allow":["GET"]}}],"collection":[{"href":"https:\/\/www.lawebradio.com\/news\/wp-json\/wp\/v2\/posts"}],"about":[{"href":"https:\/\/www.lawebradio.com\/news\/wp-json\/wp\/v2\/types\/post"}],"author":[{"embeddable":true,"href":"https:\/\/www.lawebradio.com\/news\/wp-json\/wp\/v2\/users\/3"}],"replies":[{"embeddable":true,"href":"https:\/\/www.lawebradio.com\/news\/wp-json\/wp\/v2\/comments?post=2383"}],"version-history":[{"count":2,"href":"https:\/\/www.lawebradio.com\/news\/wp-json\/wp\/v2\/posts\/2383\/revisions"}],"predecessor-version":[{"id":2387,"href":"https:\/\/www.lawebradio.com\/news\/wp-json\/wp\/v2\/posts\/2383\/revisions\/2387"}],"wp:featuredmedia":[{"embeddable":true,"href":"https:\/\/www.lawebradio.com\/news\/wp-json\/wp\/v2\/media\/2384"}],"wp:attachment":[{"href":"https:\/\/www.lawebradio.com\/news\/wp-json\/wp\/v2\/media?parent=2383"}],"wp:term":[{"taxonomy":"category","embeddable":true,"href":"https:\/\/www.lawebradio.com\/news\/wp-json\/wp\/v2\/categories?post=2383"},{"taxonomy":"post_tag","embeddable":true,"href":"https:\/\/www.lawebradio.com\/news\/wp-json\/wp\/v2\/tags?post=2383"}],"curies":[{"name":"wp","href":"https:\/\/api.w.org\/{rel}","templated":true}]}}