{"id":2379,"date":"2015-04-08T19:06:57","date_gmt":"2015-04-08T18:06:57","guid":{"rendered":"http:\/\/www.lawebradio.com\/news\/?p=2379"},"modified":"2015-04-08T19:07:33","modified_gmt":"2015-04-08T18:07:33","slug":"frequence-3-fete-ses-14-ans","status":"publish","type":"post","link":"https:\/\/www.lawebradio.com\/news\/frequence-3-fete-ses-14-ans\/","title":{"rendered":"Fr\u00e9quence 3 f\u00eate ses 14 ans"},"content":{"rendered":"<p><strong>C&rsquo;est le 15 avril 2001 que nait Fr\u00e9quence 3 gr\u00e2ce \u00e0 un petit groupe d&rsquo;amis passionn\u00e9s r\u00e9unis autour d&rsquo;Alexandre MARTINAT. A l&rsquo;\u00e9poque, les webradios sont peu connues et seulement une trentaine d&rsquo;auditeurs simultan\u00e9s pouvaient \u00e9couter la radio. Quelques \u00e9missions sont mises en place ainsi que des \u00e9v\u00e9nements, uniquement sur Internet.<\/strong><\/p>\n<p>Petit \u00e0 petit la radio se d\u00e9veloppe gr\u00e2ce aux \u00e9volutions techniques, \u00e0 de nouveaux serveurs, \u00e0 des \u00e9v\u00e9nements ext\u00e9rieurs lors de LANs et gr\u00e2ce aux premiers invit\u00e9s. Les auditeurs peuvent participer en direct en envoyant des messages et en appelant les studios. Rapidement la communaut\u00e9 Fr\u00e9quence 3 est cr\u00e9\u00e9e et les auditeurs ont la possibilit\u00e9 d&rsquo;adh\u00e9rer \u00e0 l&rsquo;association. Ils participent ainsi au d\u00e9veloppement de la radio, proposent des projets et participent par exemple au webzine qui est lanc\u00e9.<br \/>\nL&rsquo;antenne se professionnalise gr\u00e2ce \u00e0 une \u00e9quipe compl\u00e8te d&rsquo;animateurs issus d&rsquo;\u00e9coles et de r\u00e9seaux radios. Les invit\u00e9s se font de plus en plus nombreux, issus de la t\u00e9l\u00e9\u2010r\u00e9alit\u00e9, du monde des m\u00e9dias et des artistes de la chanson. Enfin, les partenariats se d\u00e9veloppent en ext\u00e9rieur : LANs, festivals musicaux, \u00e9v\u00e9nements Internet.<\/p>\n<p>En 2005\/2006, la radio compte jusqu&rsquo;\u00e0 120 adh\u00e9rents et plus de 6 000 auditeurs simultan\u00e9s en pic. Ce succ\u00e8s est li\u00e9 \u00e0 la qualit\u00e9 des \u00e9missions qui sont tr\u00e8s interactives, \u00e0 la programmation musicale tr\u00e8s travaill\u00e9e, \u00e0 la qualit\u00e9 du son et aux diff\u00e9rents partenariats. Les studios se trouvaient \u00e0 cette \u00e9poque au sein de l&rsquo;\u00e9cole ESJ \u00e0 Paris.<\/p>\n<p>En 2009, alors que de nombreuses webradios voient le jour et se d\u00e9veloppent, une nouvelle \u00e9quipe reprend la gestion compl\u00e8te de la radio, toujours dirig\u00e9e par Alexandre MARTINAT. De nombreuses nouveaut\u00e9s verront alors le jour : nouveau site web, nouveau logo, nouveaux programmes et lancement de nouvelles \u00e9missions de talk avec de nombreux invit\u00e9s. Apr\u00e8s le Golden Show pendant 1 an, c&rsquo;est le Big Show qui \u00e9tait \u00e0 l&rsquo;antenne pendant 2 saisons avec de prestigieux invit\u00e9s chaque semaine : Shy&rsquo;m, M Pokora, Amel Bent, Baptiste Giabiconi, Carly Rae Jepsen, Justin Bieber, Gala, Quentin Mosimann, Cascada, Shaka Ponk, Alex Goude, Jean Marc Morandini, Bruno Guillon, Willy Rovelli, K\u00e9vin Razy etc&#8230; Chaque ann\u00e9e, Fr\u00e9quence 3 poursuit ses partenariats avec de grands \u00e9v\u00e9nements comme le T\u00e9l\u00e9thon, le festival Solidays et plusieurs concerts avec les nouveaux talents de la chanson.<\/p>\n<p>Ces derni\u00e8res ann\u00e9es, la radio s&rsquo;est d\u00e9velopp\u00e9e sur de nombreux points. Lancement de 2 nouveaux programmes avec Urban 3, orient\u00e9 Rap &amp; Hip Hop, et Gold Fr\u00e9quence 3, plus adulte avec les grands tubes pop. Lancement de l&rsquo;application smartphone sur iOS, Android et Windows Phone. Lancement des flux HD (256kbps) pour les 3 programmes et en FLAC pour Fr\u00e9quence 3 pour la 1\u00e8re fois en France ! Int\u00e9gration du panel+ Web de Yacast.<\/p>\n<p>Fr\u00e9quence 3 f\u00eate cette ann\u00e9e ses 14 ans et conserve son statut de r\u00e9f\u00e9rence parmi les webradios francophones. Rares sont celles qui ont une telle long\u00e9vit\u00e9 avec autant d&rsquo;auditeurs dans le monde entier : plus de 300 000 \u00e9coutes chaque mois, dans plus de 150 pays \u00e0 travers le monde. Une \u00e9mission sp\u00e9ciale est pr\u00e9vue le 15 avril en direct \u00e0 partir de 21h avec ALEX. Les membres de l&rsquo;\u00e9quipe choisiront chacun 3 titres marquants de ces 14 derni\u00e8res ann\u00e9es pour cr\u00e9er la grande playlist d&rsquo;anniversaire de Fr\u00e9quence 3. L&rsquo;an prochain, un grand \u00e9v\u00e9nement est pr\u00e9vu pour les 15 ans de la radio !<\/p>\n<p>\u2022 Le site :<span class=\"Apple-converted-space\">\u00a0<\/span><a href=\"http:\/\/www.frequence3.fr\/\" target=\"_blank\">http:\/\/www.frequence3.fr<\/a><br \/>\n\u2022 Facebook :<span class=\"Apple-converted-space\">\u00a0<\/span><a href=\"https:\/\/www.facebook.com\/Frequence3\" target=\"_blank\">https:\/\/www.facebook.com\/Frequence3<\/a><\/p>\n","protected":false},"excerpt":{"rendered":"<p>C&rsquo;est le 15 avril 2001 que nait Fr\u00e9quence 3 gr\u00e2ce \u00e0 un petit groupe d&rsquo;amis passionn\u00e9s r\u00e9unis autour d&rsquo;Alexandre MARTINAT. A l&rsquo;\u00e9poque, les webradios sont peu connues et seulement une trentaine d&rsquo;auditeurs simultan\u00e9s pouvaient \u00e9couter la radio. Quelques \u00e9missions sont mises en place ainsi que des \u00e9v\u00e9nements, uniquement sur Internet. Petit \u00e0 petit la radio [&hellip;]<\/p>\n","protected":false},"author":3,"featured_media":2380,"comment_status":"closed","ping_status":"closed","sticky":false,"template":"","format":"standard","meta":{"_et_pb_use_builder":"","_et_pb_old_content":"","_et_gb_content_width":"","footnotes":""},"categories":[6],"tags":[243,244,794,793,44,792],"class_list":["post-2379","post","type-post","status-publish","format-standard","has-post-thumbnail","hentry","category-focus","tag-alexandre-martinat","tag-frequence-3","tag-gold-frequence-3","tag-urban-3","tag-webradios","tag-yacast","et-has-post-format-content","et_post_format-et-post-format-standard"],"yoast_head":"<!-- This site is optimized with the Yoast SEO plugin v27.4 - https:\/\/yoast.com\/product\/yoast-seo-wordpress\/ -->\n<title>Fr\u00e9quence 3 f\u00eate ses 14 ans - Lawebradio.com - Actualit\u00e9s des radios digitales<\/title>\n<meta name=\"description\" content=\"Fr\u00e9quence 3 est une des plus anciennes webradios, toujours en activit\u00e9 et \u00e9cout\u00e9e \u00e0 travers le monde par des centaines de milliers d&#039;auditeurs chaque mois !\" \/>\n<meta name=\"robots\" content=\"index, follow, max-snippet:-1, max-image-preview:large, max-video-preview:-1\" \/>\n<link rel=\"canonical\" href=\"https:\/\/www.lawebradio.com\/news\/frequence-3-fete-ses-14-ans\/\" \/>\n<meta property=\"og:locale\" content=\"fr_FR\" \/>\n<meta property=\"og:type\" content=\"article\" \/>\n<meta property=\"og:title\" content=\"Fr\u00e9quence 3 f\u00eate ses 14 ans - Lawebradio.com - Actualit\u00e9s des radios digitales\" \/>\n<meta property=\"og:description\" content=\"Fr\u00e9quence 3 est une des plus anciennes webradios, toujours en activit\u00e9 et \u00e9cout\u00e9e \u00e0 travers le monde par des centaines de milliers d&#039;auditeurs chaque mois !\" \/>\n<meta property=\"og:url\" content=\"https:\/\/www.lawebradio.com\/news\/frequence-3-fete-ses-14-ans\/\" \/>\n<meta property=\"og:site_name\" content=\"Lawebradio.com - Actualit\u00e9s des radios digitales\" \/>\n<meta property=\"article:published_time\" content=\"2015-04-08T18:06:57+00:00\" \/>\n<meta property=\"article:modified_time\" content=\"2015-04-08T18:07:33+00:00\" \/>\n<meta property=\"og:image\" content=\"https:\/\/www.lawebradio.com\/news\/wp-content\/uploads\/2015\/04\/ima-frequence-anniversaire-2015.jpg\" \/>\n\t<meta property=\"og:image:width\" content=\"640\" \/>\n\t<meta property=\"og:image:height\" content=\"310\" \/>\n\t<meta property=\"og:image:type\" content=\"image\/jpeg\" \/>\n<meta name=\"author\" content=\"Julien Lecourbe\" \/>\n<meta name=\"twitter:label1\" content=\"\u00c9crit par\" \/>\n\t<meta name=\"twitter:data1\" content=\"Julien Lecourbe\" \/>\n\t<meta name=\"twitter:label2\" content=\"Dur\u00e9e de lecture estim\u00e9e\" \/>\n\t<meta name=\"twitter:data2\" content=\"3 minutes\" \/>\n<script type=\"application\/ld+json\" class=\"yoast-schema-graph\">{\"@context\":\"https:\\\/\\\/schema.org\",\"@graph\":[{\"@type\":\"Article\",\"@id\":\"https:\\\/\\\/www.lawebradio.com\\\/news\\\/frequence-3-fete-ses-14-ans\\\/#article\",\"isPartOf\":{\"@id\":\"https:\\\/\\\/www.lawebradio.com\\\/news\\\/frequence-3-fete-ses-14-ans\\\/\"},\"author\":{\"name\":\"Julien Lecourbe\",\"@id\":\"https:\\\/\\\/www.lawebradio.com\\\/news\\\/#\\\/schema\\\/person\\\/95fd11aee6e6cfe70a4b58b482103f1f\"},\"headline\":\"Fr\u00e9quence 3 f\u00eate ses 14 ans\",\"datePublished\":\"2015-04-08T18:06:57+00:00\",\"dateModified\":\"2015-04-08T18:07:33+00:00\",\"mainEntityOfPage\":{\"@id\":\"https:\\\/\\\/www.lawebradio.com\\\/news\\\/frequence-3-fete-ses-14-ans\\\/\"},\"wordCount\":610,\"publisher\":{\"@id\":\"https:\\\/\\\/www.lawebradio.com\\\/news\\\/#organization\"},\"image\":{\"@id\":\"https:\\\/\\\/www.lawebradio.com\\\/news\\\/frequence-3-fete-ses-14-ans\\\/#primaryimage\"},\"thumbnailUrl\":\"https:\\\/\\\/www.lawebradio.com\\\/news\\\/wp-content\\\/uploads\\\/2015\\\/04\\\/ima-frequence-anniversaire-2015.jpg\",\"keywords\":[\"alexandre martinat\",\"Fr\u00e9quence 3\",\"Gold Fr\u00e9quence 3\",\"Urban 3\",\"webradios\",\"yacast\"],\"articleSection\":[\"Focus\"],\"inLanguage\":\"fr-FR\"},{\"@type\":\"WebPage\",\"@id\":\"https:\\\/\\\/www.lawebradio.com\\\/news\\\/frequence-3-fete-ses-14-ans\\\/\",\"url\":\"https:\\\/\\\/www.lawebradio.com\\\/news\\\/frequence-3-fete-ses-14-ans\\\/\",\"name\":\"Fr\u00e9quence 3 f\u00eate ses 14 ans - Lawebradio.com - Actualit\u00e9s des radios digitales\",\"isPartOf\":{\"@id\":\"https:\\\/\\\/www.lawebradio.com\\\/news\\\/#website\"},\"primaryImageOfPage\":{\"@id\":\"https:\\\/\\\/www.lawebradio.com\\\/news\\\/frequence-3-fete-ses-14-ans\\\/#primaryimage\"},\"image\":{\"@id\":\"https:\\\/\\\/www.lawebradio.com\\\/news\\\/frequence-3-fete-ses-14-ans\\\/#primaryimage\"},\"thumbnailUrl\":\"https:\\\/\\\/www.lawebradio.com\\\/news\\\/wp-content\\\/uploads\\\/2015\\\/04\\\/ima-frequence-anniversaire-2015.jpg\",\"datePublished\":\"2015-04-08T18:06:57+00:00\",\"dateModified\":\"2015-04-08T18:07:33+00:00\",\"description\":\"Fr\u00e9quence 3 est une des plus anciennes webradios, toujours en activit\u00e9 et \u00e9cout\u00e9e \u00e0 travers le monde par des centaines de milliers d'auditeurs chaque mois !\",\"inLanguage\":\"fr-FR\",\"potentialAction\":[{\"@type\":\"ReadAction\",\"target\":[\"https:\\\/\\\/www.lawebradio.com\\\/news\\\/frequence-3-fete-ses-14-ans\\\/\"]}]},{\"@type\":\"ImageObject\",\"inLanguage\":\"fr-FR\",\"@id\":\"https:\\\/\\\/www.lawebradio.com\\\/news\\\/frequence-3-fete-ses-14-ans\\\/#primaryimage\",\"url\":\"https:\\\/\\\/www.lawebradio.com\\\/news\\\/wp-content\\\/uploads\\\/2015\\\/04\\\/ima-frequence-anniversaire-2015.jpg\",\"contentUrl\":\"https:\\\/\\\/www.lawebradio.com\\\/news\\\/wp-content\\\/uploads\\\/2015\\\/04\\\/ima-frequence-anniversaire-2015.jpg\",\"width\":640,\"height\":310},{\"@type\":\"WebSite\",\"@id\":\"https:\\\/\\\/www.lawebradio.com\\\/news\\\/#website\",\"url\":\"https:\\\/\\\/www.lawebradio.com\\\/news\\\/\",\"name\":\"Lawebradio.com - Actualit\u00e9s des radios digitales\",\"description\":\"\",\"publisher\":{\"@id\":\"https:\\\/\\\/www.lawebradio.com\\\/news\\\/#organization\"},\"potentialAction\":[{\"@type\":\"SearchAction\",\"target\":{\"@type\":\"EntryPoint\",\"urlTemplate\":\"https:\\\/\\\/www.lawebradio.com\\\/news\\\/?s={search_term_string}\"},\"query-input\":{\"@type\":\"PropertyValueSpecification\",\"valueRequired\":true,\"valueName\":\"search_term_string\"}}],\"inLanguage\":\"fr-FR\"},{\"@type\":\"Organization\",\"@id\":\"https:\\\/\\\/www.lawebradio.com\\\/news\\\/#organization\",\"name\":\"Lawebradio.com - Actualit\u00e9s des radios digitales\",\"url\":\"https:\\\/\\\/www.lawebradio.com\\\/news\\\/\",\"logo\":{\"@type\":\"ImageObject\",\"inLanguage\":\"fr-FR\",\"@id\":\"https:\\\/\\\/www.lawebradio.com\\\/news\\\/#\\\/schema\\\/logo\\\/image\\\/\",\"url\":\"https:\\\/\\\/www.lawebradio.com\\\/news\\\/wp-content\\\/uploads\\\/2020\\\/10\\\/logo2020.png\",\"contentUrl\":\"https:\\\/\\\/www.lawebradio.com\\\/news\\\/wp-content\\\/uploads\\\/2020\\\/10\\\/logo2020.png\",\"width\":254,\"height\":43,\"caption\":\"Lawebradio.com - Actualit\u00e9s des radios digitales\"},\"image\":{\"@id\":\"https:\\\/\\\/www.lawebradio.com\\\/news\\\/#\\\/schema\\\/logo\\\/image\\\/\"}},{\"@type\":\"Person\",\"@id\":\"https:\\\/\\\/www.lawebradio.com\\\/news\\\/#\\\/schema\\\/person\\\/95fd11aee6e6cfe70a4b58b482103f1f\",\"name\":\"Julien Lecourbe\",\"image\":{\"@type\":\"ImageObject\",\"inLanguage\":\"fr-FR\",\"@id\":\"https:\\\/\\\/secure.gravatar.com\\\/avatar\\\/0d25a327c6e268d9730d9c0cbeeee0fea76f04c6cf9528c29e782ef324afc515?s=96&d=mm&r=g\",\"url\":\"https:\\\/\\\/secure.gravatar.com\\\/avatar\\\/0d25a327c6e268d9730d9c0cbeeee0fea76f04c6cf9528c29e782ef324afc515?s=96&d=mm&r=g\",\"contentUrl\":\"https:\\\/\\\/secure.gravatar.com\\\/avatar\\\/0d25a327c6e268d9730d9c0cbeeee0fea76f04c6cf9528c29e782ef324afc515?s=96&d=mm&r=g\",\"caption\":\"Julien Lecourbe\"},\"url\":\"https:\\\/\\\/www.lawebradio.com\\\/news\\\/author\\\/la-redaction\\\/\"}]}<\/script>\n<!-- \/ Yoast SEO plugin. -->","yoast_head_json":{"title":"Fr\u00e9quence 3 f\u00eate ses 14 ans - Lawebradio.com - Actualit\u00e9s des radios digitales","description":"Fr\u00e9quence 3 est une des plus anciennes webradios, toujours en activit\u00e9 et \u00e9cout\u00e9e \u00e0 travers le monde par des centaines de milliers d'auditeurs chaque mois !","robots":{"index":"index","follow":"follow","max-snippet":"max-snippet:-1","max-image-preview":"max-image-preview:large","max-video-preview":"max-video-preview:-1"},"canonical":"https:\/\/www.lawebradio.com\/news\/frequence-3-fete-ses-14-ans\/","og_locale":"fr_FR","og_type":"article","og_title":"Fr\u00e9quence 3 f\u00eate ses 14 ans - Lawebradio.com - Actualit\u00e9s des radios digitales","og_description":"Fr\u00e9quence 3 est une des plus anciennes webradios, toujours en activit\u00e9 et \u00e9cout\u00e9e \u00e0 travers le monde par des centaines de milliers d'auditeurs chaque mois !","og_url":"https:\/\/www.lawebradio.com\/news\/frequence-3-fete-ses-14-ans\/","og_site_name":"Lawebradio.com - Actualit\u00e9s des radios digitales","article_published_time":"2015-04-08T18:06:57+00:00","article_modified_time":"2015-04-08T18:07:33+00:00","og_image":[{"width":640,"height":310,"url":"https:\/\/www.lawebradio.com\/news\/wp-content\/uploads\/2015\/04\/ima-frequence-anniversaire-2015.jpg","type":"image\/jpeg"}],"author":"Julien Lecourbe","twitter_misc":{"\u00c9crit par":"Julien Lecourbe","Dur\u00e9e de lecture estim\u00e9e":"3 minutes"},"schema":{"@context":"https:\/\/schema.org","@graph":[{"@type":"Article","@id":"https:\/\/www.lawebradio.com\/news\/frequence-3-fete-ses-14-ans\/#article","isPartOf":{"@id":"https:\/\/www.lawebradio.com\/news\/frequence-3-fete-ses-14-ans\/"},"author":{"name":"Julien Lecourbe","@id":"https:\/\/www.lawebradio.com\/news\/#\/schema\/person\/95fd11aee6e6cfe70a4b58b482103f1f"},"headline":"Fr\u00e9quence 3 f\u00eate ses 14 ans","datePublished":"2015-04-08T18:06:57+00:00","dateModified":"2015-04-08T18:07:33+00:00","mainEntityOfPage":{"@id":"https:\/\/www.lawebradio.com\/news\/frequence-3-fete-ses-14-ans\/"},"wordCount":610,"publisher":{"@id":"https:\/\/www.lawebradio.com\/news\/#organization"},"image":{"@id":"https:\/\/www.lawebradio.com\/news\/frequence-3-fete-ses-14-ans\/#primaryimage"},"thumbnailUrl":"https:\/\/www.lawebradio.com\/news\/wp-content\/uploads\/2015\/04\/ima-frequence-anniversaire-2015.jpg","keywords":["alexandre martinat","Fr\u00e9quence 3","Gold Fr\u00e9quence 3","Urban 3","webradios","yacast"],"articleSection":["Focus"],"inLanguage":"fr-FR"},{"@type":"WebPage","@id":"https:\/\/www.lawebradio.com\/news\/frequence-3-fete-ses-14-ans\/","url":"https:\/\/www.lawebradio.com\/news\/frequence-3-fete-ses-14-ans\/","name":"Fr\u00e9quence 3 f\u00eate ses 14 ans - Lawebradio.com - Actualit\u00e9s des radios digitales","isPartOf":{"@id":"https:\/\/www.lawebradio.com\/news\/#website"},"primaryImageOfPage":{"@id":"https:\/\/www.lawebradio.com\/news\/frequence-3-fete-ses-14-ans\/#primaryimage"},"image":{"@id":"https:\/\/www.lawebradio.com\/news\/frequence-3-fete-ses-14-ans\/#primaryimage"},"thumbnailUrl":"https:\/\/www.lawebradio.com\/news\/wp-content\/uploads\/2015\/04\/ima-frequence-anniversaire-2015.jpg","datePublished":"2015-04-08T18:06:57+00:00","dateModified":"2015-04-08T18:07:33+00:00","description":"Fr\u00e9quence 3 est une des plus anciennes webradios, toujours en activit\u00e9 et \u00e9cout\u00e9e \u00e0 travers le monde par des centaines de milliers d'auditeurs chaque mois !","inLanguage":"fr-FR","potentialAction":[{"@type":"ReadAction","target":["https:\/\/www.lawebradio.com\/news\/frequence-3-fete-ses-14-ans\/"]}]},{"@type":"ImageObject","inLanguage":"fr-FR","@id":"https:\/\/www.lawebradio.com\/news\/frequence-3-fete-ses-14-ans\/#primaryimage","url":"https:\/\/www.lawebradio.com\/news\/wp-content\/uploads\/2015\/04\/ima-frequence-anniversaire-2015.jpg","contentUrl":"https:\/\/www.lawebradio.com\/news\/wp-content\/uploads\/2015\/04\/ima-frequence-anniversaire-2015.jpg","width":640,"height":310},{"@type":"WebSite","@id":"https:\/\/www.lawebradio.com\/news\/#website","url":"https:\/\/www.lawebradio.com\/news\/","name":"Lawebradio.com - Actualit\u00e9s des radios digitales","description":"","publisher":{"@id":"https:\/\/www.lawebradio.com\/news\/#organization"},"potentialAction":[{"@type":"SearchAction","target":{"@type":"EntryPoint","urlTemplate":"https:\/\/www.lawebradio.com\/news\/?s={search_term_string}"},"query-input":{"@type":"PropertyValueSpecification","valueRequired":true,"valueName":"search_term_string"}}],"inLanguage":"fr-FR"},{"@type":"Organization","@id":"https:\/\/www.lawebradio.com\/news\/#organization","name":"Lawebradio.com - Actualit\u00e9s des radios digitales","url":"https:\/\/www.lawebradio.com\/news\/","logo":{"@type":"ImageObject","inLanguage":"fr-FR","@id":"https:\/\/www.lawebradio.com\/news\/#\/schema\/logo\/image\/","url":"https:\/\/www.lawebradio.com\/news\/wp-content\/uploads\/2020\/10\/logo2020.png","contentUrl":"https:\/\/www.lawebradio.com\/news\/wp-content\/uploads\/2020\/10\/logo2020.png","width":254,"height":43,"caption":"Lawebradio.com - Actualit\u00e9s des radios digitales"},"image":{"@id":"https:\/\/www.lawebradio.com\/news\/#\/schema\/logo\/image\/"}},{"@type":"Person","@id":"https:\/\/www.lawebradio.com\/news\/#\/schema\/person\/95fd11aee6e6cfe70a4b58b482103f1f","name":"Julien Lecourbe","image":{"@type":"ImageObject","inLanguage":"fr-FR","@id":"https:\/\/secure.gravatar.com\/avatar\/0d25a327c6e268d9730d9c0cbeeee0fea76f04c6cf9528c29e782ef324afc515?s=96&d=mm&r=g","url":"https:\/\/secure.gravatar.com\/avatar\/0d25a327c6e268d9730d9c0cbeeee0fea76f04c6cf9528c29e782ef324afc515?s=96&d=mm&r=g","contentUrl":"https:\/\/secure.gravatar.com\/avatar\/0d25a327c6e268d9730d9c0cbeeee0fea76f04c6cf9528c29e782ef324afc515?s=96&d=mm&r=g","caption":"Julien Lecourbe"},"url":"https:\/\/www.lawebradio.com\/news\/author\/la-redaction\/"}]}},"_links":{"self":[{"href":"https:\/\/www.lawebradio.com\/news\/wp-json\/wp\/v2\/posts\/2379","targetHints":{"allow":["GET"]}}],"collection":[{"href":"https:\/\/www.lawebradio.com\/news\/wp-json\/wp\/v2\/posts"}],"about":[{"href":"https:\/\/www.lawebradio.com\/news\/wp-json\/wp\/v2\/types\/post"}],"author":[{"embeddable":true,"href":"https:\/\/www.lawebradio.com\/news\/wp-json\/wp\/v2\/users\/3"}],"replies":[{"embeddable":true,"href":"https:\/\/www.lawebradio.com\/news\/wp-json\/wp\/v2\/comments?post=2379"}],"version-history":[{"count":2,"href":"https:\/\/www.lawebradio.com\/news\/wp-json\/wp\/v2\/posts\/2379\/revisions"}],"predecessor-version":[{"id":2382,"href":"https:\/\/www.lawebradio.com\/news\/wp-json\/wp\/v2\/posts\/2379\/revisions\/2382"}],"wp:featuredmedia":[{"embeddable":true,"href":"https:\/\/www.lawebradio.com\/news\/wp-json\/wp\/v2\/media\/2380"}],"wp:attachment":[{"href":"https:\/\/www.lawebradio.com\/news\/wp-json\/wp\/v2\/media?parent=2379"}],"wp:term":[{"taxonomy":"category","embeddable":true,"href":"https:\/\/www.lawebradio.com\/news\/wp-json\/wp\/v2\/categories?post=2379"},{"taxonomy":"post_tag","embeddable":true,"href":"https:\/\/www.lawebradio.com\/news\/wp-json\/wp\/v2\/tags?post=2379"}],"curies":[{"name":"wp","href":"https:\/\/api.w.org\/{rel}","templated":true}]}}