{"id":2337,"date":"2015-03-24T15:12:45","date_gmt":"2015-03-24T14:12:45","guid":{"rendered":"http:\/\/www.lawebradio.com\/news\/?p=2337"},"modified":"2015-03-24T15:15:04","modified_gmt":"2015-03-24T14:15:04","slug":"radio-lezart-locale-et-citoyenne","status":"publish","type":"post","link":"https:\/\/www.lawebradio.com\/news\/radio-lezart-locale-et-citoyenne\/","title":{"rendered":"Radio Lez\u2019art, locale et citoyenne"},"content":{"rendered":"<p><strong>Avec une programmation \u00e9clectique de 30 \u00e9missions et plus de 50 b\u00e9n\u00e9voles qui s&rsquo;investissent dans ce projet, Radio Lez&rsquo;art ne diffuse aucune publicit\u00e9 et se d\u00e9finit comme un m\u00e9dia d&rsquo;apprentissage. Enti\u00e8rement subventionn\u00e9e par la MJC de Noisiel, cette radio digitale a \u00e9t\u00e9 lanc\u00e9e en 2014 par l&rsquo;association Turbulences.<\/strong><\/p>\n<p>Nicolas Gaudin, 36 ans, anciennement r\u00e9gisseur son et lumi\u00e8re de la MJC, passionn\u00e9 de musique, est devenu le principal coordinateur en proposant un accompagnement et des ateliers gratuits autour de l\u2019animation radio. Les micros de la station sont ouverts aux associations, aux collectifs d\u2019habitants, aux artistes et toutes personnes voulant r\u00e9aliser une \u00e9mission. La playlist musicale valorise souvent les artistes locaux souhaitant se faire connaitre.<\/p>\n<p>&#8211; Nicolas : \u00ab\u00a0Nous ne sommes pas \u00e0 la recherche de l&rsquo;auditeur \u00e0 tout prix. S&rsquo;il y en a, c&rsquo;est mieux, bien s\u00fbr, pour valoriser les b\u00e9n\u00e9voles \u00e0 l&rsquo;antenne. Mais le plus important, c&rsquo;est que la radio soit un lieu de rencontres, de plaisir et d&rsquo;apprentissage. Les coll\u00e9giens peuvent ainsi se d\u00e9couvrir des vocations et apprendre \u00e0 construire et exprimer leur point de vue. On travaille aussi les techniques de l&rsquo;interview pour poser les bonnes questions. Mon objectif est que les b\u00e9n\u00e9voles prennent plaisir \u00e0 animer une \u00e9mission.<\/p>\n<p><img loading=\"lazy\" decoding=\"async\" class=\"alignleft size-full wp-image-2339\" src=\"http:\/\/www.lawebradio.com\/news\/wp-content\/uploads\/2015\/03\/ima-logo-radio-lezart2015.jpg\" alt=\"ima-logo-radio-lezart2015\" width=\"180\" height=\"166\" srcset=\"https:\/\/www.lawebradio.com\/news\/wp-content\/uploads\/2015\/03\/ima-logo-radio-lezart2015.jpg 180w, https:\/\/www.lawebradio.com\/news\/wp-content\/uploads\/2015\/03\/ima-logo-radio-lezart2015-150x138.jpg 150w\" sizes=\"auto, (max-width: 180px) 100vw, 180px\" \/>Ce que je trouve tr\u00e8s enrichissant, c&rsquo;est de rencontrer de gens diff\u00e9rents. Tous n&rsquo;arrivent pas avec les m\u00eames envies. Certains souhaitent s&rsquo;exprimer au micro tr\u00e8s simplement. D&rsquo;autres cherchent \u00e0 transmettre un v\u00e9ritable message. En ce qui me concerne, j&rsquo;avais une certaine r\u00e9ticence \u00e0 me livrer au micro au d\u00e9marrage du projet. Je me disais que ce que je pense n&rsquo;int\u00e9resse personne, puis on se prend au jeu surtout lors des directs et on finit par appr\u00e9cier les commentaires \u00e9logieux&#8230; ou pas d&rsquo;un certain nombre d&rsquo;auditeurs le lendemain de la diffusion.<\/p>\n<p>Enfin, je vous invite \u00e0 \u00e9couter, sur notre site, les podcasts des \u00e9missions diffus\u00e9es sur l&rsquo;antenne. C&rsquo;est un excellent moyen de d\u00e9couvrir la richesse des contenus r\u00e9alis\u00e9s par tous nos b\u00e9n\u00e9voles passionn\u00e9s et bourr\u00e9s de talent.\u00a0\u00bb<\/p>\n<p>\u2022 Le site : <a href=\"http:\/\/www.radiolezart.fr\" target=\"_blank\">http:\/\/www.radiolezart.fr\/<\/a><br \/>\n\u2022 Facebook : <a href=\"https:\/\/www.facebook.com\/RadioLezart\" target=\"_blank\">https:\/\/www.facebook.com\/RadioLezart<\/a><\/p>\n","protected":false},"excerpt":{"rendered":"<p>Avec une programmation \u00e9clectique de 30 \u00e9missions et plus de 50 b\u00e9n\u00e9voles qui s&rsquo;investissent dans ce projet, Radio Lez&rsquo;art ne diffuse aucune publicit\u00e9 et se d\u00e9finit comme un m\u00e9dia d&rsquo;apprentissage. Enti\u00e8rement subventionn\u00e9e par la MJC de Noisiel, cette radio digitale a \u00e9t\u00e9 lanc\u00e9e en 2014 par l&rsquo;association Turbulences. Nicolas Gaudin, 36 ans, anciennement r\u00e9gisseur son [&hellip;]<\/p>\n","protected":false},"author":3,"featured_media":2338,"comment_status":"closed","ping_status":"closed","sticky":false,"template":"","format":"standard","meta":{"_et_pb_use_builder":"","_et_pb_old_content":"","_et_gb_content_width":"","footnotes":""},"categories":[6],"tags":[781,779,579,778,780,44],"class_list":["post-2337","post","type-post","status-publish","format-standard","has-post-thumbnail","hentry","category-focus","tag-association-turbulences","tag-nicolas-gaudin","tag-radio","tag-radio-lezart","tag-ville-de-noisiel","tag-webradios","et-has-post-format-content","et_post_format-et-post-format-standard"],"yoast_head":"<!-- This site is optimized with the Yoast SEO plugin v27.4 - https:\/\/yoast.com\/product\/yoast-seo-wordpress\/ -->\n<title>Radio Lez\u2019art, locale et citoyenne - Lawebradio.com - Actualit\u00e9s des radios digitales<\/title>\n<meta name=\"description\" content=\"Les micros de Radio Lez\u2019art sont ouverts aux associations, aux collectifs d\u2019habitants, aux artistes et toutes personnes voulant r\u00e9aliser une \u00e9mission.\" \/>\n<meta name=\"robots\" content=\"index, follow, max-snippet:-1, max-image-preview:large, max-video-preview:-1\" \/>\n<link rel=\"canonical\" href=\"https:\/\/www.lawebradio.com\/news\/radio-lezart-locale-et-citoyenne\/\" \/>\n<meta property=\"og:locale\" content=\"fr_FR\" \/>\n<meta property=\"og:type\" content=\"article\" \/>\n<meta property=\"og:title\" content=\"Radio Lez\u2019art, locale et citoyenne - Lawebradio.com - Actualit\u00e9s des radios digitales\" \/>\n<meta property=\"og:description\" content=\"Les micros de Radio Lez\u2019art sont ouverts aux associations, aux collectifs d\u2019habitants, aux artistes et toutes personnes voulant r\u00e9aliser une \u00e9mission.\" \/>\n<meta property=\"og:url\" content=\"https:\/\/www.lawebradio.com\/news\/radio-lezart-locale-et-citoyenne\/\" \/>\n<meta property=\"og:site_name\" content=\"Lawebradio.com - Actualit\u00e9s des radios digitales\" \/>\n<meta property=\"article:published_time\" content=\"2015-03-24T14:12:45+00:00\" \/>\n<meta property=\"article:modified_time\" content=\"2015-03-24T14:15:04+00:00\" \/>\n<meta property=\"og:image\" content=\"https:\/\/www.lawebradio.com\/news\/wp-content\/uploads\/2015\/03\/ima-radio-lezart2015.jpg\" \/>\n\t<meta property=\"og:image:width\" content=\"640\" \/>\n\t<meta property=\"og:image:height\" content=\"310\" \/>\n\t<meta property=\"og:image:type\" content=\"image\/jpeg\" \/>\n<meta name=\"author\" content=\"Julien Lecourbe\" \/>\n<meta name=\"twitter:label1\" content=\"\u00c9crit par\" \/>\n\t<meta name=\"twitter:data1\" content=\"Julien Lecourbe\" \/>\n\t<meta name=\"twitter:label2\" content=\"Dur\u00e9e de lecture estim\u00e9e\" \/>\n\t<meta name=\"twitter:data2\" content=\"2 minutes\" \/>\n<script type=\"application\/ld+json\" class=\"yoast-schema-graph\">{\"@context\":\"https:\\\/\\\/schema.org\",\"@graph\":[{\"@type\":\"Article\",\"@id\":\"https:\\\/\\\/www.lawebradio.com\\\/news\\\/radio-lezart-locale-et-citoyenne\\\/#article\",\"isPartOf\":{\"@id\":\"https:\\\/\\\/www.lawebradio.com\\\/news\\\/radio-lezart-locale-et-citoyenne\\\/\"},\"author\":{\"name\":\"Julien Lecourbe\",\"@id\":\"https:\\\/\\\/www.lawebradio.com\\\/news\\\/#\\\/schema\\\/person\\\/95fd11aee6e6cfe70a4b58b482103f1f\"},\"headline\":\"Radio Lez\u2019art, locale et citoyenne\",\"datePublished\":\"2015-03-24T14:12:45+00:00\",\"dateModified\":\"2015-03-24T14:15:04+00:00\",\"mainEntityOfPage\":{\"@id\":\"https:\\\/\\\/www.lawebradio.com\\\/news\\\/radio-lezart-locale-et-citoyenne\\\/\"},\"wordCount\":389,\"publisher\":{\"@id\":\"https:\\\/\\\/www.lawebradio.com\\\/news\\\/#organization\"},\"image\":{\"@id\":\"https:\\\/\\\/www.lawebradio.com\\\/news\\\/radio-lezart-locale-et-citoyenne\\\/#primaryimage\"},\"thumbnailUrl\":\"https:\\\/\\\/www.lawebradio.com\\\/news\\\/wp-content\\\/uploads\\\/2015\\\/03\\\/ima-radio-lezart2015.jpg\",\"keywords\":[\"association turbulences\",\"nicolas gaudin\",\"radio\",\"Radio Lez\u2019art\",\"ville de noisiel\",\"webradios\"],\"articleSection\":[\"Focus\"],\"inLanguage\":\"fr-FR\"},{\"@type\":\"WebPage\",\"@id\":\"https:\\\/\\\/www.lawebradio.com\\\/news\\\/radio-lezart-locale-et-citoyenne\\\/\",\"url\":\"https:\\\/\\\/www.lawebradio.com\\\/news\\\/radio-lezart-locale-et-citoyenne\\\/\",\"name\":\"Radio Lez\u2019art, locale et citoyenne - Lawebradio.com - Actualit\u00e9s des radios digitales\",\"isPartOf\":{\"@id\":\"https:\\\/\\\/www.lawebradio.com\\\/news\\\/#website\"},\"primaryImageOfPage\":{\"@id\":\"https:\\\/\\\/www.lawebradio.com\\\/news\\\/radio-lezart-locale-et-citoyenne\\\/#primaryimage\"},\"image\":{\"@id\":\"https:\\\/\\\/www.lawebradio.com\\\/news\\\/radio-lezart-locale-et-citoyenne\\\/#primaryimage\"},\"thumbnailUrl\":\"https:\\\/\\\/www.lawebradio.com\\\/news\\\/wp-content\\\/uploads\\\/2015\\\/03\\\/ima-radio-lezart2015.jpg\",\"datePublished\":\"2015-03-24T14:12:45+00:00\",\"dateModified\":\"2015-03-24T14:15:04+00:00\",\"description\":\"Les micros de Radio Lez\u2019art sont ouverts aux associations, aux collectifs d\u2019habitants, aux artistes et toutes personnes voulant r\u00e9aliser une \u00e9mission.\",\"inLanguage\":\"fr-FR\",\"potentialAction\":[{\"@type\":\"ReadAction\",\"target\":[\"https:\\\/\\\/www.lawebradio.com\\\/news\\\/radio-lezart-locale-et-citoyenne\\\/\"]}]},{\"@type\":\"ImageObject\",\"inLanguage\":\"fr-FR\",\"@id\":\"https:\\\/\\\/www.lawebradio.com\\\/news\\\/radio-lezart-locale-et-citoyenne\\\/#primaryimage\",\"url\":\"https:\\\/\\\/www.lawebradio.com\\\/news\\\/wp-content\\\/uploads\\\/2015\\\/03\\\/ima-radio-lezart2015.jpg\",\"contentUrl\":\"https:\\\/\\\/www.lawebradio.com\\\/news\\\/wp-content\\\/uploads\\\/2015\\\/03\\\/ima-radio-lezart2015.jpg\",\"width\":640,\"height\":310},{\"@type\":\"WebSite\",\"@id\":\"https:\\\/\\\/www.lawebradio.com\\\/news\\\/#website\",\"url\":\"https:\\\/\\\/www.lawebradio.com\\\/news\\\/\",\"name\":\"Lawebradio.com - Actualit\u00e9s des radios digitales\",\"description\":\"\",\"publisher\":{\"@id\":\"https:\\\/\\\/www.lawebradio.com\\\/news\\\/#organization\"},\"potentialAction\":[{\"@type\":\"SearchAction\",\"target\":{\"@type\":\"EntryPoint\",\"urlTemplate\":\"https:\\\/\\\/www.lawebradio.com\\\/news\\\/?s={search_term_string}\"},\"query-input\":{\"@type\":\"PropertyValueSpecification\",\"valueRequired\":true,\"valueName\":\"search_term_string\"}}],\"inLanguage\":\"fr-FR\"},{\"@type\":\"Organization\",\"@id\":\"https:\\\/\\\/www.lawebradio.com\\\/news\\\/#organization\",\"name\":\"Lawebradio.com - Actualit\u00e9s des radios digitales\",\"url\":\"https:\\\/\\\/www.lawebradio.com\\\/news\\\/\",\"logo\":{\"@type\":\"ImageObject\",\"inLanguage\":\"fr-FR\",\"@id\":\"https:\\\/\\\/www.lawebradio.com\\\/news\\\/#\\\/schema\\\/logo\\\/image\\\/\",\"url\":\"https:\\\/\\\/www.lawebradio.com\\\/news\\\/wp-content\\\/uploads\\\/2020\\\/10\\\/logo2020.png\",\"contentUrl\":\"https:\\\/\\\/www.lawebradio.com\\\/news\\\/wp-content\\\/uploads\\\/2020\\\/10\\\/logo2020.png\",\"width\":254,\"height\":43,\"caption\":\"Lawebradio.com - Actualit\u00e9s des radios digitales\"},\"image\":{\"@id\":\"https:\\\/\\\/www.lawebradio.com\\\/news\\\/#\\\/schema\\\/logo\\\/image\\\/\"}},{\"@type\":\"Person\",\"@id\":\"https:\\\/\\\/www.lawebradio.com\\\/news\\\/#\\\/schema\\\/person\\\/95fd11aee6e6cfe70a4b58b482103f1f\",\"name\":\"Julien Lecourbe\",\"image\":{\"@type\":\"ImageObject\",\"inLanguage\":\"fr-FR\",\"@id\":\"https:\\\/\\\/secure.gravatar.com\\\/avatar\\\/0d25a327c6e268d9730d9c0cbeeee0fea76f04c6cf9528c29e782ef324afc515?s=96&d=mm&r=g\",\"url\":\"https:\\\/\\\/secure.gravatar.com\\\/avatar\\\/0d25a327c6e268d9730d9c0cbeeee0fea76f04c6cf9528c29e782ef324afc515?s=96&d=mm&r=g\",\"contentUrl\":\"https:\\\/\\\/secure.gravatar.com\\\/avatar\\\/0d25a327c6e268d9730d9c0cbeeee0fea76f04c6cf9528c29e782ef324afc515?s=96&d=mm&r=g\",\"caption\":\"Julien Lecourbe\"},\"url\":\"https:\\\/\\\/www.lawebradio.com\\\/news\\\/author\\\/la-redaction\\\/\"}]}<\/script>\n<!-- \/ Yoast SEO plugin. -->","yoast_head_json":{"title":"Radio Lez\u2019art, locale et citoyenne - Lawebradio.com - Actualit\u00e9s des radios digitales","description":"Les micros de Radio Lez\u2019art sont ouverts aux associations, aux collectifs d\u2019habitants, aux artistes et toutes personnes voulant r\u00e9aliser une \u00e9mission.","robots":{"index":"index","follow":"follow","max-snippet":"max-snippet:-1","max-image-preview":"max-image-preview:large","max-video-preview":"max-video-preview:-1"},"canonical":"https:\/\/www.lawebradio.com\/news\/radio-lezart-locale-et-citoyenne\/","og_locale":"fr_FR","og_type":"article","og_title":"Radio Lez\u2019art, locale et citoyenne - Lawebradio.com - Actualit\u00e9s des radios digitales","og_description":"Les micros de Radio Lez\u2019art sont ouverts aux associations, aux collectifs d\u2019habitants, aux artistes et toutes personnes voulant r\u00e9aliser une \u00e9mission.","og_url":"https:\/\/www.lawebradio.com\/news\/radio-lezart-locale-et-citoyenne\/","og_site_name":"Lawebradio.com - Actualit\u00e9s des radios digitales","article_published_time":"2015-03-24T14:12:45+00:00","article_modified_time":"2015-03-24T14:15:04+00:00","og_image":[{"width":640,"height":310,"url":"https:\/\/www.lawebradio.com\/news\/wp-content\/uploads\/2015\/03\/ima-radio-lezart2015.jpg","type":"image\/jpeg"}],"author":"Julien Lecourbe","twitter_misc":{"\u00c9crit par":"Julien Lecourbe","Dur\u00e9e de lecture estim\u00e9e":"2 minutes"},"schema":{"@context":"https:\/\/schema.org","@graph":[{"@type":"Article","@id":"https:\/\/www.lawebradio.com\/news\/radio-lezart-locale-et-citoyenne\/#article","isPartOf":{"@id":"https:\/\/www.lawebradio.com\/news\/radio-lezart-locale-et-citoyenne\/"},"author":{"name":"Julien Lecourbe","@id":"https:\/\/www.lawebradio.com\/news\/#\/schema\/person\/95fd11aee6e6cfe70a4b58b482103f1f"},"headline":"Radio Lez\u2019art, locale et citoyenne","datePublished":"2015-03-24T14:12:45+00:00","dateModified":"2015-03-24T14:15:04+00:00","mainEntityOfPage":{"@id":"https:\/\/www.lawebradio.com\/news\/radio-lezart-locale-et-citoyenne\/"},"wordCount":389,"publisher":{"@id":"https:\/\/www.lawebradio.com\/news\/#organization"},"image":{"@id":"https:\/\/www.lawebradio.com\/news\/radio-lezart-locale-et-citoyenne\/#primaryimage"},"thumbnailUrl":"https:\/\/www.lawebradio.com\/news\/wp-content\/uploads\/2015\/03\/ima-radio-lezart2015.jpg","keywords":["association turbulences","nicolas gaudin","radio","Radio Lez\u2019art","ville de noisiel","webradios"],"articleSection":["Focus"],"inLanguage":"fr-FR"},{"@type":"WebPage","@id":"https:\/\/www.lawebradio.com\/news\/radio-lezart-locale-et-citoyenne\/","url":"https:\/\/www.lawebradio.com\/news\/radio-lezart-locale-et-citoyenne\/","name":"Radio Lez\u2019art, locale et citoyenne - Lawebradio.com - Actualit\u00e9s des radios digitales","isPartOf":{"@id":"https:\/\/www.lawebradio.com\/news\/#website"},"primaryImageOfPage":{"@id":"https:\/\/www.lawebradio.com\/news\/radio-lezart-locale-et-citoyenne\/#primaryimage"},"image":{"@id":"https:\/\/www.lawebradio.com\/news\/radio-lezart-locale-et-citoyenne\/#primaryimage"},"thumbnailUrl":"https:\/\/www.lawebradio.com\/news\/wp-content\/uploads\/2015\/03\/ima-radio-lezart2015.jpg","datePublished":"2015-03-24T14:12:45+00:00","dateModified":"2015-03-24T14:15:04+00:00","description":"Les micros de Radio Lez\u2019art sont ouverts aux associations, aux collectifs d\u2019habitants, aux artistes et toutes personnes voulant r\u00e9aliser une \u00e9mission.","inLanguage":"fr-FR","potentialAction":[{"@type":"ReadAction","target":["https:\/\/www.lawebradio.com\/news\/radio-lezart-locale-et-citoyenne\/"]}]},{"@type":"ImageObject","inLanguage":"fr-FR","@id":"https:\/\/www.lawebradio.com\/news\/radio-lezart-locale-et-citoyenne\/#primaryimage","url":"https:\/\/www.lawebradio.com\/news\/wp-content\/uploads\/2015\/03\/ima-radio-lezart2015.jpg","contentUrl":"https:\/\/www.lawebradio.com\/news\/wp-content\/uploads\/2015\/03\/ima-radio-lezart2015.jpg","width":640,"height":310},{"@type":"WebSite","@id":"https:\/\/www.lawebradio.com\/news\/#website","url":"https:\/\/www.lawebradio.com\/news\/","name":"Lawebradio.com - Actualit\u00e9s des radios digitales","description":"","publisher":{"@id":"https:\/\/www.lawebradio.com\/news\/#organization"},"potentialAction":[{"@type":"SearchAction","target":{"@type":"EntryPoint","urlTemplate":"https:\/\/www.lawebradio.com\/news\/?s={search_term_string}"},"query-input":{"@type":"PropertyValueSpecification","valueRequired":true,"valueName":"search_term_string"}}],"inLanguage":"fr-FR"},{"@type":"Organization","@id":"https:\/\/www.lawebradio.com\/news\/#organization","name":"Lawebradio.com - Actualit\u00e9s des radios digitales","url":"https:\/\/www.lawebradio.com\/news\/","logo":{"@type":"ImageObject","inLanguage":"fr-FR","@id":"https:\/\/www.lawebradio.com\/news\/#\/schema\/logo\/image\/","url":"https:\/\/www.lawebradio.com\/news\/wp-content\/uploads\/2020\/10\/logo2020.png","contentUrl":"https:\/\/www.lawebradio.com\/news\/wp-content\/uploads\/2020\/10\/logo2020.png","width":254,"height":43,"caption":"Lawebradio.com - Actualit\u00e9s des radios digitales"},"image":{"@id":"https:\/\/www.lawebradio.com\/news\/#\/schema\/logo\/image\/"}},{"@type":"Person","@id":"https:\/\/www.lawebradio.com\/news\/#\/schema\/person\/95fd11aee6e6cfe70a4b58b482103f1f","name":"Julien Lecourbe","image":{"@type":"ImageObject","inLanguage":"fr-FR","@id":"https:\/\/secure.gravatar.com\/avatar\/0d25a327c6e268d9730d9c0cbeeee0fea76f04c6cf9528c29e782ef324afc515?s=96&d=mm&r=g","url":"https:\/\/secure.gravatar.com\/avatar\/0d25a327c6e268d9730d9c0cbeeee0fea76f04c6cf9528c29e782ef324afc515?s=96&d=mm&r=g","contentUrl":"https:\/\/secure.gravatar.com\/avatar\/0d25a327c6e268d9730d9c0cbeeee0fea76f04c6cf9528c29e782ef324afc515?s=96&d=mm&r=g","caption":"Julien Lecourbe"},"url":"https:\/\/www.lawebradio.com\/news\/author\/la-redaction\/"}]}},"_links":{"self":[{"href":"https:\/\/www.lawebradio.com\/news\/wp-json\/wp\/v2\/posts\/2337","targetHints":{"allow":["GET"]}}],"collection":[{"href":"https:\/\/www.lawebradio.com\/news\/wp-json\/wp\/v2\/posts"}],"about":[{"href":"https:\/\/www.lawebradio.com\/news\/wp-json\/wp\/v2\/types\/post"}],"author":[{"embeddable":true,"href":"https:\/\/www.lawebradio.com\/news\/wp-json\/wp\/v2\/users\/3"}],"replies":[{"embeddable":true,"href":"https:\/\/www.lawebradio.com\/news\/wp-json\/wp\/v2\/comments?post=2337"}],"version-history":[{"count":3,"href":"https:\/\/www.lawebradio.com\/news\/wp-json\/wp\/v2\/posts\/2337\/revisions"}],"predecessor-version":[{"id":2342,"href":"https:\/\/www.lawebradio.com\/news\/wp-json\/wp\/v2\/posts\/2337\/revisions\/2342"}],"wp:featuredmedia":[{"embeddable":true,"href":"https:\/\/www.lawebradio.com\/news\/wp-json\/wp\/v2\/media\/2338"}],"wp:attachment":[{"href":"https:\/\/www.lawebradio.com\/news\/wp-json\/wp\/v2\/media?parent=2337"}],"wp:term":[{"taxonomy":"category","embeddable":true,"href":"https:\/\/www.lawebradio.com\/news\/wp-json\/wp\/v2\/categories?post=2337"},{"taxonomy":"post_tag","embeddable":true,"href":"https:\/\/www.lawebradio.com\/news\/wp-json\/wp\/v2\/tags?post=2337"}],"curies":[{"name":"wp","href":"https:\/\/api.w.org\/{rel}","templated":true}]}}