{"id":2321,"date":"2015-03-20T12:13:59","date_gmt":"2015-03-20T11:13:59","guid":{"rendered":"http:\/\/www.lawebradio.com\/news\/?p=2321"},"modified":"2015-03-21T14:04:28","modified_gmt":"2015-03-21T13:04:28","slug":"191-des-mobinautes-francais-ecoutent-les-webradios-sur-leur-tablette","status":"publish","type":"post","link":"https:\/\/www.lawebradio.com\/news\/191-des-mobinautes-francais-ecoutent-les-webradios-sur-leur-tablette\/","title":{"rendered":"19,1% des mobinautes fran\u00e7ais \u00e9coutent les webradios sur leur tablette"},"content":{"rendered":"<p><strong>La Mobile Marketing Association France propose la neuvi\u00e8me \u00e9dition (d\u00e9cembre 2014 et janvier 2015) du Barom\u00e8tre du Marketing Mobile, \u00e9labor\u00e9 en collaboration avec les instituts comScore, GfK et M\u00e9diam\u00e9trie ainsi qu\u2019Orange et 1000mercis.<\/strong><\/p>\n<p>Mis \u00e0 jour trimestriellement et compos\u00e9 d\u2019informations de valeur avec une vingtaine d\u2019indicateurs cl\u00e9s, ce barom\u00e8tre ind\u00e9pendant a pour objectif de d\u00e9crypter les usages et de quantifier l\u2019importance du mobile pour des dizaines de millions de Fran\u00e7ais. Il pr\u00e9sente notamment les dynamiques cl\u00e9s du march\u00e9, le profil des Fran\u00e7ais qui utilisent r\u00e9guli\u00e8rement leur Smartphone et permet ainsi aux entreprises de mieux \u00e9valuer les opportunit\u00e9s de d\u00e9velopper leur pr\u00e9sence sur ce m\u00e9dia.<br \/>\n\u2022 Plus de 1 Fran\u00e7ais sur 2 sont des mobinautes.<br \/>\n\u2022 Plus de 80% des mobinautes ont un usage quasi-quotidien de l\u2019internet mobile !<br \/>\n\u2022 En 5 ans, les ventes de Smartphones ont supplant\u00e9 les mobiles classiques. En 2015, ces derniers vont quasiment dispara\u00eetre du march\u00e9.<br \/>\n\u2022 Ce sont d\u00e9sormais plus de 5 t\u00e9l\u00e9phones sur 6 vendus qui sont des Smartphones !<br \/>\n\u2022 Android et iPhone totalisent pr\u00e8s de 30 millions d\u2019utilisateurs actifs. Windows Phone se maintient au-dessus des 3 millions.<br \/>\n\u2022 Les utilisations des Tablettes sont tr\u00e8s vari\u00e9es mais les m\u00e9dias au sens large y occupent une place pr\u00e9pond\u00e9rante.<br \/>\n\u2022 Des ventes qui se tassent mais un \u00e9quipement toujours en croissance avec pr\u00e8s de 14 millions de Tablettes !<\/p>\n<p><img loading=\"lazy\" decoding=\"async\" class=\"alignnone size-full wp-image-2335\" src=\"http:\/\/www.lawebradio.com\/news\/wp-content\/uploads\/2015\/03\/btmm012.jpg\" alt=\"btmm012\" width=\"640\" height=\"481\" srcset=\"https:\/\/www.lawebradio.com\/news\/wp-content\/uploads\/2015\/03\/btmm012.jpg 640w, https:\/\/www.lawebradio.com\/news\/wp-content\/uploads\/2015\/03\/btmm012-150x113.jpg 150w, https:\/\/www.lawebradio.com\/news\/wp-content\/uploads\/2015\/03\/btmm012-300x225.jpg 300w\" sizes=\"auto, (max-width: 640px) 100vw, 640px\" \/>\u00a0<img loading=\"lazy\" decoding=\"async\" class=\"alignnone size-full wp-image-2323\" src=\"http:\/\/www.lawebradio.com\/news\/wp-content\/uploads\/2015\/03\/btmm02.jpg\" alt=\"btmm02\" width=\"640\" height=\"382\" srcset=\"https:\/\/www.lawebradio.com\/news\/wp-content\/uploads\/2015\/03\/btmm02.jpg 640w, https:\/\/www.lawebradio.com\/news\/wp-content\/uploads\/2015\/03\/btmm02-150x90.jpg 150w, https:\/\/www.lawebradio.com\/news\/wp-content\/uploads\/2015\/03\/btmm02-300x179.jpg 300w\" sizes=\"auto, (max-width: 640px) 100vw, 640px\" \/> <img loading=\"lazy\" decoding=\"async\" class=\"alignnone size-full wp-image-2324\" src=\"http:\/\/www.lawebradio.com\/news\/wp-content\/uploads\/2015\/03\/btmm03.jpg\" alt=\"btmm03\" width=\"640\" height=\"434\" srcset=\"https:\/\/www.lawebradio.com\/news\/wp-content\/uploads\/2015\/03\/btmm03.jpg 640w, https:\/\/www.lawebradio.com\/news\/wp-content\/uploads\/2015\/03\/btmm03-150x102.jpg 150w, https:\/\/www.lawebradio.com\/news\/wp-content\/uploads\/2015\/03\/btmm03-300x203.jpg 300w\" sizes=\"auto, (max-width: 640px) 100vw, 640px\" \/> <img loading=\"lazy\" decoding=\"async\" class=\"alignnone size-full wp-image-2325\" src=\"http:\/\/www.lawebradio.com\/news\/wp-content\/uploads\/2015\/03\/btmm04.jpg\" alt=\"btmm04\" width=\"640\" height=\"427\" srcset=\"https:\/\/www.lawebradio.com\/news\/wp-content\/uploads\/2015\/03\/btmm04.jpg 640w, https:\/\/www.lawebradio.com\/news\/wp-content\/uploads\/2015\/03\/btmm04-150x100.jpg 150w, https:\/\/www.lawebradio.com\/news\/wp-content\/uploads\/2015\/03\/btmm04-300x200.jpg 300w\" sizes=\"auto, (max-width: 640px) 100vw, 640px\" \/> <img loading=\"lazy\" decoding=\"async\" class=\"alignnone size-full wp-image-2326\" src=\"http:\/\/www.lawebradio.com\/news\/wp-content\/uploads\/2015\/03\/btmm011.jpg\" alt=\"btmm011\" width=\"640\" height=\"442\" srcset=\"https:\/\/www.lawebradio.com\/news\/wp-content\/uploads\/2015\/03\/btmm011.jpg 640w, https:\/\/www.lawebradio.com\/news\/wp-content\/uploads\/2015\/03\/btmm011-150x104.jpg 150w, https:\/\/www.lawebradio.com\/news\/wp-content\/uploads\/2015\/03\/btmm011-300x207.jpg 300w\" sizes=\"auto, (max-width: 640px) 100vw, 640px\" \/><\/p>\n","protected":false},"excerpt":{"rendered":"<p>La Mobile Marketing Association France propose la neuvi\u00e8me \u00e9dition (d\u00e9cembre 2014 et janvier 2015) du Barom\u00e8tre du Marketing Mobile, \u00e9labor\u00e9 en collaboration avec les instituts comScore, GfK et M\u00e9diam\u00e9trie ainsi qu\u2019Orange et 1000mercis. Mis \u00e0 jour trimestriellement et compos\u00e9 d\u2019informations de valeur avec une vingtaine d\u2019indicateurs cl\u00e9s, ce barom\u00e8tre ind\u00e9pendant a pour objectif de d\u00e9crypter [&hellip;]<\/p>\n","protected":false},"author":3,"featured_media":2330,"comment_status":"closed","ping_status":"closed","sticky":false,"template":"","format":"standard","meta":{"_et_pb_use_builder":"","_et_pb_old_content":"","_et_gb_content_width":"","footnotes":""},"categories":[13],"tags":[269,777,335,44],"class_list":["post-2321","post","type-post","status-publish","format-standard","has-post-thumbnail","hentry","category-top","tag-applications-mobiles","tag-mobile-marketing-association-france","tag-smartphone","tag-webradios","et-has-post-format-content","et_post_format-et-post-format-standard"],"yoast_head":"<!-- This site is optimized with the Yoast SEO plugin v27.4 - https:\/\/yoast.com\/product\/yoast-seo-wordpress\/ -->\n<title>19,1% des mobinautes fran\u00e7ais \u00e9coutent les webradios sur leur tablette - Lawebradio.com - Actualit\u00e9s des radios digitales<\/title>\n<meta name=\"description\" content=\"Barom\u00e8tre du Marketing Mobile en France (janvier 2015), \u00e9labor\u00e9 en collaboration avec les instituts comScore, GfK, M\u00e9diam\u00e9trie, Orange et 1000mercis.\" \/>\n<meta name=\"robots\" content=\"index, follow, max-snippet:-1, max-image-preview:large, max-video-preview:-1\" \/>\n<link rel=\"canonical\" href=\"https:\/\/www.lawebradio.com\/news\/191-des-mobinautes-francais-ecoutent-les-webradios-sur-leur-tablette\/\" \/>\n<meta property=\"og:locale\" content=\"fr_FR\" \/>\n<meta property=\"og:type\" content=\"article\" \/>\n<meta property=\"og:title\" content=\"19,1% des mobinautes fran\u00e7ais \u00e9coutent les webradios sur leur tablette - Lawebradio.com - Actualit\u00e9s des radios digitales\" \/>\n<meta property=\"og:description\" content=\"Barom\u00e8tre du Marketing Mobile en France (janvier 2015), \u00e9labor\u00e9 en collaboration avec les instituts comScore, GfK, M\u00e9diam\u00e9trie, Orange et 1000mercis.\" \/>\n<meta property=\"og:url\" content=\"https:\/\/www.lawebradio.com\/news\/191-des-mobinautes-francais-ecoutent-les-webradios-sur-leur-tablette\/\" \/>\n<meta property=\"og:site_name\" content=\"Lawebradio.com - Actualit\u00e9s des radios digitales\" \/>\n<meta property=\"article:published_time\" content=\"2015-03-20T11:13:59+00:00\" \/>\n<meta property=\"article:modified_time\" content=\"2015-03-21T13:04:28+00:00\" \/>\n<meta property=\"og:image\" content=\"https:\/\/www.lawebradio.com\/news\/wp-content\/uploads\/2015\/03\/ima02-btmm2015.jpg\" \/>\n\t<meta property=\"og:image:width\" content=\"640\" \/>\n\t<meta property=\"og:image:height\" content=\"310\" \/>\n\t<meta property=\"og:image:type\" content=\"image\/jpeg\" \/>\n<meta name=\"author\" content=\"Julien Lecourbe\" \/>\n<meta name=\"twitter:label1\" content=\"\u00c9crit par\" \/>\n\t<meta name=\"twitter:data1\" content=\"Julien Lecourbe\" \/>\n\t<meta name=\"twitter:label2\" content=\"Dur\u00e9e de lecture estim\u00e9e\" \/>\n\t<meta name=\"twitter:data2\" content=\"1 minute\" \/>\n<script type=\"application\/ld+json\" class=\"yoast-schema-graph\">{\"@context\":\"https:\\\/\\\/schema.org\",\"@graph\":[{\"@type\":\"Article\",\"@id\":\"https:\\\/\\\/www.lawebradio.com\\\/news\\\/191-des-mobinautes-francais-ecoutent-les-webradios-sur-leur-tablette\\\/#article\",\"isPartOf\":{\"@id\":\"https:\\\/\\\/www.lawebradio.com\\\/news\\\/191-des-mobinautes-francais-ecoutent-les-webradios-sur-leur-tablette\\\/\"},\"author\":{\"name\":\"Julien Lecourbe\",\"@id\":\"https:\\\/\\\/www.lawebradio.com\\\/news\\\/#\\\/schema\\\/person\\\/95fd11aee6e6cfe70a4b58b482103f1f\"},\"headline\":\"19,1% des mobinautes fran\u00e7ais \u00e9coutent les webradios sur leur tablette\",\"datePublished\":\"2015-03-20T11:13:59+00:00\",\"dateModified\":\"2015-03-21T13:04:28+00:00\",\"mainEntityOfPage\":{\"@id\":\"https:\\\/\\\/www.lawebradio.com\\\/news\\\/191-des-mobinautes-francais-ecoutent-les-webradios-sur-leur-tablette\\\/\"},\"wordCount\":248,\"publisher\":{\"@id\":\"https:\\\/\\\/www.lawebradio.com\\\/news\\\/#organization\"},\"image\":{\"@id\":\"https:\\\/\\\/www.lawebradio.com\\\/news\\\/191-des-mobinautes-francais-ecoutent-les-webradios-sur-leur-tablette\\\/#primaryimage\"},\"thumbnailUrl\":\"https:\\\/\\\/www.lawebradio.com\\\/news\\\/wp-content\\\/uploads\\\/2015\\\/03\\\/ima02-btmm2015.jpg\",\"keywords\":[\"applications mobiles\",\"Mobile Marketing Association France\",\"smartphone\",\"webradios\"],\"articleSection\":[\"Top\"],\"inLanguage\":\"fr-FR\"},{\"@type\":\"WebPage\",\"@id\":\"https:\\\/\\\/www.lawebradio.com\\\/news\\\/191-des-mobinautes-francais-ecoutent-les-webradios-sur-leur-tablette\\\/\",\"url\":\"https:\\\/\\\/www.lawebradio.com\\\/news\\\/191-des-mobinautes-francais-ecoutent-les-webradios-sur-leur-tablette\\\/\",\"name\":\"19,1% des mobinautes fran\u00e7ais \u00e9coutent les webradios sur leur tablette - Lawebradio.com - Actualit\u00e9s des radios digitales\",\"isPartOf\":{\"@id\":\"https:\\\/\\\/www.lawebradio.com\\\/news\\\/#website\"},\"primaryImageOfPage\":{\"@id\":\"https:\\\/\\\/www.lawebradio.com\\\/news\\\/191-des-mobinautes-francais-ecoutent-les-webradios-sur-leur-tablette\\\/#primaryimage\"},\"image\":{\"@id\":\"https:\\\/\\\/www.lawebradio.com\\\/news\\\/191-des-mobinautes-francais-ecoutent-les-webradios-sur-leur-tablette\\\/#primaryimage\"},\"thumbnailUrl\":\"https:\\\/\\\/www.lawebradio.com\\\/news\\\/wp-content\\\/uploads\\\/2015\\\/03\\\/ima02-btmm2015.jpg\",\"datePublished\":\"2015-03-20T11:13:59+00:00\",\"dateModified\":\"2015-03-21T13:04:28+00:00\",\"description\":\"Barom\u00e8tre du Marketing Mobile en France (janvier 2015), \u00e9labor\u00e9 en collaboration avec les instituts comScore, GfK, M\u00e9diam\u00e9trie, Orange et 1000mercis.\",\"inLanguage\":\"fr-FR\",\"potentialAction\":[{\"@type\":\"ReadAction\",\"target\":[\"https:\\\/\\\/www.lawebradio.com\\\/news\\\/191-des-mobinautes-francais-ecoutent-les-webradios-sur-leur-tablette\\\/\"]}]},{\"@type\":\"ImageObject\",\"inLanguage\":\"fr-FR\",\"@id\":\"https:\\\/\\\/www.lawebradio.com\\\/news\\\/191-des-mobinautes-francais-ecoutent-les-webradios-sur-leur-tablette\\\/#primaryimage\",\"url\":\"https:\\\/\\\/www.lawebradio.com\\\/news\\\/wp-content\\\/uploads\\\/2015\\\/03\\\/ima02-btmm2015.jpg\",\"contentUrl\":\"https:\\\/\\\/www.lawebradio.com\\\/news\\\/wp-content\\\/uploads\\\/2015\\\/03\\\/ima02-btmm2015.jpg\",\"width\":640,\"height\":310},{\"@type\":\"WebSite\",\"@id\":\"https:\\\/\\\/www.lawebradio.com\\\/news\\\/#website\",\"url\":\"https:\\\/\\\/www.lawebradio.com\\\/news\\\/\",\"name\":\"Lawebradio.com - Actualit\u00e9s des radios digitales\",\"description\":\"\",\"publisher\":{\"@id\":\"https:\\\/\\\/www.lawebradio.com\\\/news\\\/#organization\"},\"potentialAction\":[{\"@type\":\"SearchAction\",\"target\":{\"@type\":\"EntryPoint\",\"urlTemplate\":\"https:\\\/\\\/www.lawebradio.com\\\/news\\\/?s={search_term_string}\"},\"query-input\":{\"@type\":\"PropertyValueSpecification\",\"valueRequired\":true,\"valueName\":\"search_term_string\"}}],\"inLanguage\":\"fr-FR\"},{\"@type\":\"Organization\",\"@id\":\"https:\\\/\\\/www.lawebradio.com\\\/news\\\/#organization\",\"name\":\"Lawebradio.com - Actualit\u00e9s des radios digitales\",\"url\":\"https:\\\/\\\/www.lawebradio.com\\\/news\\\/\",\"logo\":{\"@type\":\"ImageObject\",\"inLanguage\":\"fr-FR\",\"@id\":\"https:\\\/\\\/www.lawebradio.com\\\/news\\\/#\\\/schema\\\/logo\\\/image\\\/\",\"url\":\"https:\\\/\\\/www.lawebradio.com\\\/news\\\/wp-content\\\/uploads\\\/2020\\\/10\\\/logo2020.png\",\"contentUrl\":\"https:\\\/\\\/www.lawebradio.com\\\/news\\\/wp-content\\\/uploads\\\/2020\\\/10\\\/logo2020.png\",\"width\":254,\"height\":43,\"caption\":\"Lawebradio.com - Actualit\u00e9s des radios digitales\"},\"image\":{\"@id\":\"https:\\\/\\\/www.lawebradio.com\\\/news\\\/#\\\/schema\\\/logo\\\/image\\\/\"}},{\"@type\":\"Person\",\"@id\":\"https:\\\/\\\/www.lawebradio.com\\\/news\\\/#\\\/schema\\\/person\\\/95fd11aee6e6cfe70a4b58b482103f1f\",\"name\":\"Julien Lecourbe\",\"image\":{\"@type\":\"ImageObject\",\"inLanguage\":\"fr-FR\",\"@id\":\"https:\\\/\\\/secure.gravatar.com\\\/avatar\\\/0d25a327c6e268d9730d9c0cbeeee0fea76f04c6cf9528c29e782ef324afc515?s=96&d=mm&r=g\",\"url\":\"https:\\\/\\\/secure.gravatar.com\\\/avatar\\\/0d25a327c6e268d9730d9c0cbeeee0fea76f04c6cf9528c29e782ef324afc515?s=96&d=mm&r=g\",\"contentUrl\":\"https:\\\/\\\/secure.gravatar.com\\\/avatar\\\/0d25a327c6e268d9730d9c0cbeeee0fea76f04c6cf9528c29e782ef324afc515?s=96&d=mm&r=g\",\"caption\":\"Julien Lecourbe\"},\"url\":\"https:\\\/\\\/www.lawebradio.com\\\/news\\\/author\\\/la-redaction\\\/\"}]}<\/script>\n<!-- \/ Yoast SEO plugin. -->","yoast_head_json":{"title":"19,1% des mobinautes fran\u00e7ais \u00e9coutent les webradios sur leur tablette - Lawebradio.com - Actualit\u00e9s des radios digitales","description":"Barom\u00e8tre du Marketing Mobile en France (janvier 2015), \u00e9labor\u00e9 en collaboration avec les instituts comScore, GfK, M\u00e9diam\u00e9trie, Orange et 1000mercis.","robots":{"index":"index","follow":"follow","max-snippet":"max-snippet:-1","max-image-preview":"max-image-preview:large","max-video-preview":"max-video-preview:-1"},"canonical":"https:\/\/www.lawebradio.com\/news\/191-des-mobinautes-francais-ecoutent-les-webradios-sur-leur-tablette\/","og_locale":"fr_FR","og_type":"article","og_title":"19,1% des mobinautes fran\u00e7ais \u00e9coutent les webradios sur leur tablette - Lawebradio.com - Actualit\u00e9s des radios digitales","og_description":"Barom\u00e8tre du Marketing Mobile en France (janvier 2015), \u00e9labor\u00e9 en collaboration avec les instituts comScore, GfK, M\u00e9diam\u00e9trie, Orange et 1000mercis.","og_url":"https:\/\/www.lawebradio.com\/news\/191-des-mobinautes-francais-ecoutent-les-webradios-sur-leur-tablette\/","og_site_name":"Lawebradio.com - Actualit\u00e9s des radios digitales","article_published_time":"2015-03-20T11:13:59+00:00","article_modified_time":"2015-03-21T13:04:28+00:00","og_image":[{"width":640,"height":310,"url":"https:\/\/www.lawebradio.com\/news\/wp-content\/uploads\/2015\/03\/ima02-btmm2015.jpg","type":"image\/jpeg"}],"author":"Julien Lecourbe","twitter_misc":{"\u00c9crit par":"Julien Lecourbe","Dur\u00e9e de lecture estim\u00e9e":"1 minute"},"schema":{"@context":"https:\/\/schema.org","@graph":[{"@type":"Article","@id":"https:\/\/www.lawebradio.com\/news\/191-des-mobinautes-francais-ecoutent-les-webradios-sur-leur-tablette\/#article","isPartOf":{"@id":"https:\/\/www.lawebradio.com\/news\/191-des-mobinautes-francais-ecoutent-les-webradios-sur-leur-tablette\/"},"author":{"name":"Julien Lecourbe","@id":"https:\/\/www.lawebradio.com\/news\/#\/schema\/person\/95fd11aee6e6cfe70a4b58b482103f1f"},"headline":"19,1% des mobinautes fran\u00e7ais \u00e9coutent les webradios sur leur tablette","datePublished":"2015-03-20T11:13:59+00:00","dateModified":"2015-03-21T13:04:28+00:00","mainEntityOfPage":{"@id":"https:\/\/www.lawebradio.com\/news\/191-des-mobinautes-francais-ecoutent-les-webradios-sur-leur-tablette\/"},"wordCount":248,"publisher":{"@id":"https:\/\/www.lawebradio.com\/news\/#organization"},"image":{"@id":"https:\/\/www.lawebradio.com\/news\/191-des-mobinautes-francais-ecoutent-les-webradios-sur-leur-tablette\/#primaryimage"},"thumbnailUrl":"https:\/\/www.lawebradio.com\/news\/wp-content\/uploads\/2015\/03\/ima02-btmm2015.jpg","keywords":["applications mobiles","Mobile Marketing Association France","smartphone","webradios"],"articleSection":["Top"],"inLanguage":"fr-FR"},{"@type":"WebPage","@id":"https:\/\/www.lawebradio.com\/news\/191-des-mobinautes-francais-ecoutent-les-webradios-sur-leur-tablette\/","url":"https:\/\/www.lawebradio.com\/news\/191-des-mobinautes-francais-ecoutent-les-webradios-sur-leur-tablette\/","name":"19,1% des mobinautes fran\u00e7ais \u00e9coutent les webradios sur leur tablette - Lawebradio.com - Actualit\u00e9s des radios digitales","isPartOf":{"@id":"https:\/\/www.lawebradio.com\/news\/#website"},"primaryImageOfPage":{"@id":"https:\/\/www.lawebradio.com\/news\/191-des-mobinautes-francais-ecoutent-les-webradios-sur-leur-tablette\/#primaryimage"},"image":{"@id":"https:\/\/www.lawebradio.com\/news\/191-des-mobinautes-francais-ecoutent-les-webradios-sur-leur-tablette\/#primaryimage"},"thumbnailUrl":"https:\/\/www.lawebradio.com\/news\/wp-content\/uploads\/2015\/03\/ima02-btmm2015.jpg","datePublished":"2015-03-20T11:13:59+00:00","dateModified":"2015-03-21T13:04:28+00:00","description":"Barom\u00e8tre du Marketing Mobile en France (janvier 2015), \u00e9labor\u00e9 en collaboration avec les instituts comScore, GfK, M\u00e9diam\u00e9trie, Orange et 1000mercis.","inLanguage":"fr-FR","potentialAction":[{"@type":"ReadAction","target":["https:\/\/www.lawebradio.com\/news\/191-des-mobinautes-francais-ecoutent-les-webradios-sur-leur-tablette\/"]}]},{"@type":"ImageObject","inLanguage":"fr-FR","@id":"https:\/\/www.lawebradio.com\/news\/191-des-mobinautes-francais-ecoutent-les-webradios-sur-leur-tablette\/#primaryimage","url":"https:\/\/www.lawebradio.com\/news\/wp-content\/uploads\/2015\/03\/ima02-btmm2015.jpg","contentUrl":"https:\/\/www.lawebradio.com\/news\/wp-content\/uploads\/2015\/03\/ima02-btmm2015.jpg","width":640,"height":310},{"@type":"WebSite","@id":"https:\/\/www.lawebradio.com\/news\/#website","url":"https:\/\/www.lawebradio.com\/news\/","name":"Lawebradio.com - Actualit\u00e9s des radios digitales","description":"","publisher":{"@id":"https:\/\/www.lawebradio.com\/news\/#organization"},"potentialAction":[{"@type":"SearchAction","target":{"@type":"EntryPoint","urlTemplate":"https:\/\/www.lawebradio.com\/news\/?s={search_term_string}"},"query-input":{"@type":"PropertyValueSpecification","valueRequired":true,"valueName":"search_term_string"}}],"inLanguage":"fr-FR"},{"@type":"Organization","@id":"https:\/\/www.lawebradio.com\/news\/#organization","name":"Lawebradio.com - Actualit\u00e9s des radios digitales","url":"https:\/\/www.lawebradio.com\/news\/","logo":{"@type":"ImageObject","inLanguage":"fr-FR","@id":"https:\/\/www.lawebradio.com\/news\/#\/schema\/logo\/image\/","url":"https:\/\/www.lawebradio.com\/news\/wp-content\/uploads\/2020\/10\/logo2020.png","contentUrl":"https:\/\/www.lawebradio.com\/news\/wp-content\/uploads\/2020\/10\/logo2020.png","width":254,"height":43,"caption":"Lawebradio.com - Actualit\u00e9s des radios digitales"},"image":{"@id":"https:\/\/www.lawebradio.com\/news\/#\/schema\/logo\/image\/"}},{"@type":"Person","@id":"https:\/\/www.lawebradio.com\/news\/#\/schema\/person\/95fd11aee6e6cfe70a4b58b482103f1f","name":"Julien Lecourbe","image":{"@type":"ImageObject","inLanguage":"fr-FR","@id":"https:\/\/secure.gravatar.com\/avatar\/0d25a327c6e268d9730d9c0cbeeee0fea76f04c6cf9528c29e782ef324afc515?s=96&d=mm&r=g","url":"https:\/\/secure.gravatar.com\/avatar\/0d25a327c6e268d9730d9c0cbeeee0fea76f04c6cf9528c29e782ef324afc515?s=96&d=mm&r=g","contentUrl":"https:\/\/secure.gravatar.com\/avatar\/0d25a327c6e268d9730d9c0cbeeee0fea76f04c6cf9528c29e782ef324afc515?s=96&d=mm&r=g","caption":"Julien Lecourbe"},"url":"https:\/\/www.lawebradio.com\/news\/author\/la-redaction\/"}]}},"_links":{"self":[{"href":"https:\/\/www.lawebradio.com\/news\/wp-json\/wp\/v2\/posts\/2321","targetHints":{"allow":["GET"]}}],"collection":[{"href":"https:\/\/www.lawebradio.com\/news\/wp-json\/wp\/v2\/posts"}],"about":[{"href":"https:\/\/www.lawebradio.com\/news\/wp-json\/wp\/v2\/types\/post"}],"author":[{"embeddable":true,"href":"https:\/\/www.lawebradio.com\/news\/wp-json\/wp\/v2\/users\/3"}],"replies":[{"embeddable":true,"href":"https:\/\/www.lawebradio.com\/news\/wp-json\/wp\/v2\/comments?post=2321"}],"version-history":[{"count":2,"href":"https:\/\/www.lawebradio.com\/news\/wp-json\/wp\/v2\/posts\/2321\/revisions"}],"predecessor-version":[{"id":2336,"href":"https:\/\/www.lawebradio.com\/news\/wp-json\/wp\/v2\/posts\/2321\/revisions\/2336"}],"wp:featuredmedia":[{"embeddable":true,"href":"https:\/\/www.lawebradio.com\/news\/wp-json\/wp\/v2\/media\/2330"}],"wp:attachment":[{"href":"https:\/\/www.lawebradio.com\/news\/wp-json\/wp\/v2\/media?parent=2321"}],"wp:term":[{"taxonomy":"category","embeddable":true,"href":"https:\/\/www.lawebradio.com\/news\/wp-json\/wp\/v2\/categories?post=2321"},{"taxonomy":"post_tag","embeddable":true,"href":"https:\/\/www.lawebradio.com\/news\/wp-json\/wp\/v2\/tags?post=2321"}],"curies":[{"name":"wp","href":"https:\/\/api.w.org\/{rel}","templated":true}]}}