{"id":2301,"date":"2015-03-12T20:16:29","date_gmt":"2015-03-12T19:16:29","guid":{"rendered":"http:\/\/www.lawebradio.com\/news\/?p=2301"},"modified":"2015-03-12T20:25:46","modified_gmt":"2015-03-12T19:25:46","slug":"made-in-radio-un-bouquet-de-webradios-fait-avec-passion","status":"publish","type":"post","link":"https:\/\/www.lawebradio.com\/news\/made-in-radio-un-bouquet-de-webradios-fait-avec-passion\/","title":{"rendered":"Made in Radio, un bouquet de webradios fait avec passion&#8230;"},"content":{"rendered":"<p><strong>A l\u2019apog\u00e9e de la FM, C\u00e9dric Huraux, r\u00e9sidant \u00e0 Chaumont, n\u2019avait que 15 ans et pas les moyens de lancer une radio. Il devra patienter jusqu&rsquo;en 2013 pour r\u00e9aliser son bouquet de radios digitales.<\/strong><\/p>\n<p>&#8211; C\u00e9dric : \u00ab\u00a0Voyant le projet RNT pi\u00e9tiner, j&rsquo;ai imagin\u00e9 cinq radios th\u00e9matiques que j&rsquo;h\u00e9berge, actuellement, sur la plate-forme de streaming Radionomy.com. Je profite de ses services de diffusion audio gratuits et de la prise en charge des droits d&rsquo;auteur moyennant l&rsquo;insertion de 4 minutes de publicit\u00e9s par heure.<\/p>\n<p>Apr\u00e8s avoir fait plusieurs ann\u00e9es de radio FM en tant qu\u2019animateur, je suis devenu informaticien. Laurent, qui m\u2019accompagne sur ce projet, a lui aussi une exp\u00e9rience d\u2019une vingtaine d\u2019ann\u00e9es sur plusieurs r\u00e9seaux nationaux. Je constate, d&rsquo;ailleurs, que nous sommes nombreux dans ce secteur d&rsquo;activit\u00e9 \u00e0 avoir franchi le pas de la radio digitale. Cela me rappelle la p\u00e9riode b\u00e9nie du d\u00e9but des ann\u00e9es 80 o\u00f9 tout \u00e9tait \u00e0 construire, avec une totale libert\u00e9 de programmation mais j&rsquo;\u00e9tais trop jeune pour en profiter. Les outils actuels nous permettent de d\u00e9localiser tr\u00e8s facilement nos \u00e9missions. Avec une table de mixage, un PC, un logiciel pour le traitement de son, un bon micro, et une connection en haut d\u00e9bit, nous pouvons d\u00e9sormais assurer une diffusion tr\u00e8s convenable et proposer des contenus riches et s\u00e9duisants.<\/p>\n<p>Chaque radio de notre bouquet propose un format sp\u00e9cifique permettant de toucher pr\u00e9cis\u00e9ment une tranche d&rsquo;\u00e2ge d&rsquo;auditeur comme par exemple Made in 70 destin\u00e9e aux cinquantenaires, Made in 80 pour les quadrag\u00e9naires, Made in Hits pour les 12\/ 30 ans. Je n&rsquo;oublie pas Made in Classic qui f\u00fbt la premi\u00e8re \u00e0 \u00eatre lanc\u00e9e en 2012. Son concept repose sur une playlist volontairement restreinte et g\u00e9n\u00e9raliste permettant de donner l&rsquo;acc\u00e8s aux grands compositeurs sans avoir une culture pointue dans ce domaine. Je veux que l&rsquo;auditeur tombe sur un air ultra connu d\u00e8s la premi\u00e8re seconde de son \u00e9coute. Le titre doit plaire imm\u00e9diatement.<br \/>\nNous appliquons le m\u00eame dispositif sur les autres radios en prenant soin d&rsquo;effectuer des mises \u00e0 jour hebdomadaires avec une moyenne de 10 nouveaux titres.<\/p>\n<p>Il est certain que cela demande plus de travail dans la gestion et la programmation d&rsquo;un bouquet tel que celui-ci mais les audiences sont l\u00e0 et augmentent de mois en mois avec plus de 218 000 connections.<\/p>\n<p>Comme vous pouvez le constater, la radio digitale a de beaux jours devant elle sachant que les co\u00fbts de fonctionnement n&rsquo;ont rien \u00e0 voir avec la FM. Notre objectif est de grandir doucement en peaufinant notre offre musicale que je vous invite \u00e0 d\u00e9couvrir sur notre site Web. Vous ne pourrez plus vous en passer !\u00a0\u00bb<\/p>\n<p>\u2022 Le site : <a href=\"http:\/\/www.madeinradio.fr\" target=\"_blank\">http:\/\/www.madeinradio.fr<\/a>\/<\/p>\n","protected":false},"excerpt":{"rendered":"<p>A l\u2019apog\u00e9e de la FM, C\u00e9dric Huraux, r\u00e9sidant \u00e0 Chaumont, n\u2019avait que 15 ans et pas les moyens de lancer une radio. Il devra patienter jusqu&rsquo;en 2013 pour r\u00e9aliser son bouquet de radios digitales. &#8211; C\u00e9dric : \u00ab\u00a0Voyant le projet RNT pi\u00e9tiner, j&rsquo;ai imagin\u00e9 cinq radios th\u00e9matiques que j&rsquo;h\u00e9berge, actuellement, sur la plate-forme de streaming [&hellip;]<\/p>\n","protected":false},"author":3,"featured_media":2302,"comment_status":"closed","ping_status":"closed","sticky":false,"template":"","format":"standard","meta":{"_et_pb_use_builder":"","_et_pb_old_content":"","_et_gb_content_width":"","footnotes":""},"categories":[6],"tags":[774,775,15,44],"class_list":["post-2301","post","type-post","status-publish","format-standard","has-post-thumbnail","hentry","category-focus","tag-cedric-huraux","tag-made-in-radio","tag-radionomy","tag-webradios","et-has-post-format-content","et_post_format-et-post-format-standard"],"yoast_head":"<!-- This site is optimized with the Yoast SEO plugin v27.4 - https:\/\/yoast.com\/product\/yoast-seo-wordpress\/ -->\n<title>Made in Radio, un bouquet de webradios fait avec passion... - Lawebradio.com - Actualit\u00e9s des radios digitales<\/title>\n<meta name=\"description\" content=\"Radio Made in 70 - Radio Made in 80 - Radio Made in 90 - Musique Classique - Radio Made in Hits...\" \/>\n<meta name=\"robots\" content=\"index, follow, max-snippet:-1, max-image-preview:large, max-video-preview:-1\" \/>\n<link rel=\"canonical\" href=\"https:\/\/www.lawebradio.com\/news\/made-in-radio-un-bouquet-de-webradios-fait-avec-passion\/\" \/>\n<meta property=\"og:locale\" content=\"fr_FR\" \/>\n<meta property=\"og:type\" content=\"article\" \/>\n<meta property=\"og:title\" content=\"Made in Radio, un bouquet de webradios fait avec passion... - Lawebradio.com - Actualit\u00e9s des radios digitales\" \/>\n<meta property=\"og:description\" content=\"Radio Made in 70 - Radio Made in 80 - Radio Made in 90 - Musique Classique - Radio Made in Hits...\" \/>\n<meta property=\"og:url\" content=\"https:\/\/www.lawebradio.com\/news\/made-in-radio-un-bouquet-de-webradios-fait-avec-passion\/\" \/>\n<meta property=\"og:site_name\" content=\"Lawebradio.com - Actualit\u00e9s des radios digitales\" \/>\n<meta property=\"article:published_time\" content=\"2015-03-12T19:16:29+00:00\" \/>\n<meta property=\"article:modified_time\" content=\"2015-03-12T19:25:46+00:00\" \/>\n<meta property=\"og:image\" content=\"https:\/\/www.lawebradio.com\/news\/wp-content\/uploads\/2015\/03\/ima-madeinradio2015.gif\" \/>\n\t<meta property=\"og:image:width\" content=\"640\" \/>\n\t<meta property=\"og:image:height\" content=\"310\" \/>\n\t<meta property=\"og:image:type\" content=\"image\/gif\" \/>\n<meta name=\"author\" content=\"Julien Lecourbe\" \/>\n<meta name=\"twitter:label1\" content=\"\u00c9crit par\" \/>\n\t<meta name=\"twitter:data1\" content=\"Julien Lecourbe\" \/>\n\t<meta name=\"twitter:label2\" content=\"Dur\u00e9e de lecture estim\u00e9e\" \/>\n\t<meta name=\"twitter:data2\" content=\"2 minutes\" \/>\n<script type=\"application\/ld+json\" class=\"yoast-schema-graph\">{\"@context\":\"https:\\\/\\\/schema.org\",\"@graph\":[{\"@type\":\"Article\",\"@id\":\"https:\\\/\\\/www.lawebradio.com\\\/news\\\/made-in-radio-un-bouquet-de-webradios-fait-avec-passion\\\/#article\",\"isPartOf\":{\"@id\":\"https:\\\/\\\/www.lawebradio.com\\\/news\\\/made-in-radio-un-bouquet-de-webradios-fait-avec-passion\\\/\"},\"author\":{\"name\":\"Julien Lecourbe\",\"@id\":\"https:\\\/\\\/www.lawebradio.com\\\/news\\\/#\\\/schema\\\/person\\\/95fd11aee6e6cfe70a4b58b482103f1f\"},\"headline\":\"Made in Radio, un bouquet de webradios fait avec passion&#8230;\",\"datePublished\":\"2015-03-12T19:16:29+00:00\",\"dateModified\":\"2015-03-12T19:25:46+00:00\",\"mainEntityOfPage\":{\"@id\":\"https:\\\/\\\/www.lawebradio.com\\\/news\\\/made-in-radio-un-bouquet-de-webradios-fait-avec-passion\\\/\"},\"wordCount\":493,\"publisher\":{\"@id\":\"https:\\\/\\\/www.lawebradio.com\\\/news\\\/#organization\"},\"image\":{\"@id\":\"https:\\\/\\\/www.lawebradio.com\\\/news\\\/made-in-radio-un-bouquet-de-webradios-fait-avec-passion\\\/#primaryimage\"},\"thumbnailUrl\":\"https:\\\/\\\/www.lawebradio.com\\\/news\\\/wp-content\\\/uploads\\\/2015\\\/03\\\/ima-madeinradio2015.gif\",\"keywords\":[\"C\u00e9dric Huraux\",\"made in radio\",\"radionomy\",\"webradios\"],\"articleSection\":[\"Focus\"],\"inLanguage\":\"fr-FR\"},{\"@type\":\"WebPage\",\"@id\":\"https:\\\/\\\/www.lawebradio.com\\\/news\\\/made-in-radio-un-bouquet-de-webradios-fait-avec-passion\\\/\",\"url\":\"https:\\\/\\\/www.lawebradio.com\\\/news\\\/made-in-radio-un-bouquet-de-webradios-fait-avec-passion\\\/\",\"name\":\"Made in Radio, un bouquet de webradios fait avec passion... - Lawebradio.com - Actualit\u00e9s des radios digitales\",\"isPartOf\":{\"@id\":\"https:\\\/\\\/www.lawebradio.com\\\/news\\\/#website\"},\"primaryImageOfPage\":{\"@id\":\"https:\\\/\\\/www.lawebradio.com\\\/news\\\/made-in-radio-un-bouquet-de-webradios-fait-avec-passion\\\/#primaryimage\"},\"image\":{\"@id\":\"https:\\\/\\\/www.lawebradio.com\\\/news\\\/made-in-radio-un-bouquet-de-webradios-fait-avec-passion\\\/#primaryimage\"},\"thumbnailUrl\":\"https:\\\/\\\/www.lawebradio.com\\\/news\\\/wp-content\\\/uploads\\\/2015\\\/03\\\/ima-madeinradio2015.gif\",\"datePublished\":\"2015-03-12T19:16:29+00:00\",\"dateModified\":\"2015-03-12T19:25:46+00:00\",\"description\":\"Radio Made in 70 - Radio Made in 80 - Radio Made in 90 - Musique Classique - Radio Made in Hits...\",\"inLanguage\":\"fr-FR\",\"potentialAction\":[{\"@type\":\"ReadAction\",\"target\":[\"https:\\\/\\\/www.lawebradio.com\\\/news\\\/made-in-radio-un-bouquet-de-webradios-fait-avec-passion\\\/\"]}]},{\"@type\":\"ImageObject\",\"inLanguage\":\"fr-FR\",\"@id\":\"https:\\\/\\\/www.lawebradio.com\\\/news\\\/made-in-radio-un-bouquet-de-webradios-fait-avec-passion\\\/#primaryimage\",\"url\":\"https:\\\/\\\/www.lawebradio.com\\\/news\\\/wp-content\\\/uploads\\\/2015\\\/03\\\/ima-madeinradio2015.gif\",\"contentUrl\":\"https:\\\/\\\/www.lawebradio.com\\\/news\\\/wp-content\\\/uploads\\\/2015\\\/03\\\/ima-madeinradio2015.gif\",\"width\":640,\"height\":310},{\"@type\":\"WebSite\",\"@id\":\"https:\\\/\\\/www.lawebradio.com\\\/news\\\/#website\",\"url\":\"https:\\\/\\\/www.lawebradio.com\\\/news\\\/\",\"name\":\"Lawebradio.com - Actualit\u00e9s des radios digitales\",\"description\":\"\",\"publisher\":{\"@id\":\"https:\\\/\\\/www.lawebradio.com\\\/news\\\/#organization\"},\"potentialAction\":[{\"@type\":\"SearchAction\",\"target\":{\"@type\":\"EntryPoint\",\"urlTemplate\":\"https:\\\/\\\/www.lawebradio.com\\\/news\\\/?s={search_term_string}\"},\"query-input\":{\"@type\":\"PropertyValueSpecification\",\"valueRequired\":true,\"valueName\":\"search_term_string\"}}],\"inLanguage\":\"fr-FR\"},{\"@type\":\"Organization\",\"@id\":\"https:\\\/\\\/www.lawebradio.com\\\/news\\\/#organization\",\"name\":\"Lawebradio.com - Actualit\u00e9s des radios digitales\",\"url\":\"https:\\\/\\\/www.lawebradio.com\\\/news\\\/\",\"logo\":{\"@type\":\"ImageObject\",\"inLanguage\":\"fr-FR\",\"@id\":\"https:\\\/\\\/www.lawebradio.com\\\/news\\\/#\\\/schema\\\/logo\\\/image\\\/\",\"url\":\"https:\\\/\\\/www.lawebradio.com\\\/news\\\/wp-content\\\/uploads\\\/2020\\\/10\\\/logo2020.png\",\"contentUrl\":\"https:\\\/\\\/www.lawebradio.com\\\/news\\\/wp-content\\\/uploads\\\/2020\\\/10\\\/logo2020.png\",\"width\":254,\"height\":43,\"caption\":\"Lawebradio.com - Actualit\u00e9s des radios digitales\"},\"image\":{\"@id\":\"https:\\\/\\\/www.lawebradio.com\\\/news\\\/#\\\/schema\\\/logo\\\/image\\\/\"}},{\"@type\":\"Person\",\"@id\":\"https:\\\/\\\/www.lawebradio.com\\\/news\\\/#\\\/schema\\\/person\\\/95fd11aee6e6cfe70a4b58b482103f1f\",\"name\":\"Julien Lecourbe\",\"image\":{\"@type\":\"ImageObject\",\"inLanguage\":\"fr-FR\",\"@id\":\"https:\\\/\\\/secure.gravatar.com\\\/avatar\\\/0d25a327c6e268d9730d9c0cbeeee0fea76f04c6cf9528c29e782ef324afc515?s=96&d=mm&r=g\",\"url\":\"https:\\\/\\\/secure.gravatar.com\\\/avatar\\\/0d25a327c6e268d9730d9c0cbeeee0fea76f04c6cf9528c29e782ef324afc515?s=96&d=mm&r=g\",\"contentUrl\":\"https:\\\/\\\/secure.gravatar.com\\\/avatar\\\/0d25a327c6e268d9730d9c0cbeeee0fea76f04c6cf9528c29e782ef324afc515?s=96&d=mm&r=g\",\"caption\":\"Julien Lecourbe\"},\"url\":\"https:\\\/\\\/www.lawebradio.com\\\/news\\\/author\\\/la-redaction\\\/\"}]}<\/script>\n<!-- \/ Yoast SEO plugin. -->","yoast_head_json":{"title":"Made in Radio, un bouquet de webradios fait avec passion... - Lawebradio.com - Actualit\u00e9s des radios digitales","description":"Radio Made in 70 - Radio Made in 80 - Radio Made in 90 - Musique Classique - Radio Made in Hits...","robots":{"index":"index","follow":"follow","max-snippet":"max-snippet:-1","max-image-preview":"max-image-preview:large","max-video-preview":"max-video-preview:-1"},"canonical":"https:\/\/www.lawebradio.com\/news\/made-in-radio-un-bouquet-de-webradios-fait-avec-passion\/","og_locale":"fr_FR","og_type":"article","og_title":"Made in Radio, un bouquet de webradios fait avec passion... - Lawebradio.com - Actualit\u00e9s des radios digitales","og_description":"Radio Made in 70 - Radio Made in 80 - Radio Made in 90 - Musique Classique - Radio Made in Hits...","og_url":"https:\/\/www.lawebradio.com\/news\/made-in-radio-un-bouquet-de-webradios-fait-avec-passion\/","og_site_name":"Lawebradio.com - Actualit\u00e9s des radios digitales","article_published_time":"2015-03-12T19:16:29+00:00","article_modified_time":"2015-03-12T19:25:46+00:00","og_image":[{"width":640,"height":310,"url":"https:\/\/www.lawebradio.com\/news\/wp-content\/uploads\/2015\/03\/ima-madeinradio2015.gif","type":"image\/gif"}],"author":"Julien Lecourbe","twitter_misc":{"\u00c9crit par":"Julien Lecourbe","Dur\u00e9e de lecture estim\u00e9e":"2 minutes"},"schema":{"@context":"https:\/\/schema.org","@graph":[{"@type":"Article","@id":"https:\/\/www.lawebradio.com\/news\/made-in-radio-un-bouquet-de-webradios-fait-avec-passion\/#article","isPartOf":{"@id":"https:\/\/www.lawebradio.com\/news\/made-in-radio-un-bouquet-de-webradios-fait-avec-passion\/"},"author":{"name":"Julien Lecourbe","@id":"https:\/\/www.lawebradio.com\/news\/#\/schema\/person\/95fd11aee6e6cfe70a4b58b482103f1f"},"headline":"Made in Radio, un bouquet de webradios fait avec passion&#8230;","datePublished":"2015-03-12T19:16:29+00:00","dateModified":"2015-03-12T19:25:46+00:00","mainEntityOfPage":{"@id":"https:\/\/www.lawebradio.com\/news\/made-in-radio-un-bouquet-de-webradios-fait-avec-passion\/"},"wordCount":493,"publisher":{"@id":"https:\/\/www.lawebradio.com\/news\/#organization"},"image":{"@id":"https:\/\/www.lawebradio.com\/news\/made-in-radio-un-bouquet-de-webradios-fait-avec-passion\/#primaryimage"},"thumbnailUrl":"https:\/\/www.lawebradio.com\/news\/wp-content\/uploads\/2015\/03\/ima-madeinradio2015.gif","keywords":["C\u00e9dric Huraux","made in radio","radionomy","webradios"],"articleSection":["Focus"],"inLanguage":"fr-FR"},{"@type":"WebPage","@id":"https:\/\/www.lawebradio.com\/news\/made-in-radio-un-bouquet-de-webradios-fait-avec-passion\/","url":"https:\/\/www.lawebradio.com\/news\/made-in-radio-un-bouquet-de-webradios-fait-avec-passion\/","name":"Made in Radio, un bouquet de webradios fait avec passion... - Lawebradio.com - Actualit\u00e9s des radios digitales","isPartOf":{"@id":"https:\/\/www.lawebradio.com\/news\/#website"},"primaryImageOfPage":{"@id":"https:\/\/www.lawebradio.com\/news\/made-in-radio-un-bouquet-de-webradios-fait-avec-passion\/#primaryimage"},"image":{"@id":"https:\/\/www.lawebradio.com\/news\/made-in-radio-un-bouquet-de-webradios-fait-avec-passion\/#primaryimage"},"thumbnailUrl":"https:\/\/www.lawebradio.com\/news\/wp-content\/uploads\/2015\/03\/ima-madeinradio2015.gif","datePublished":"2015-03-12T19:16:29+00:00","dateModified":"2015-03-12T19:25:46+00:00","description":"Radio Made in 70 - Radio Made in 80 - Radio Made in 90 - Musique Classique - Radio Made in Hits...","inLanguage":"fr-FR","potentialAction":[{"@type":"ReadAction","target":["https:\/\/www.lawebradio.com\/news\/made-in-radio-un-bouquet-de-webradios-fait-avec-passion\/"]}]},{"@type":"ImageObject","inLanguage":"fr-FR","@id":"https:\/\/www.lawebradio.com\/news\/made-in-radio-un-bouquet-de-webradios-fait-avec-passion\/#primaryimage","url":"https:\/\/www.lawebradio.com\/news\/wp-content\/uploads\/2015\/03\/ima-madeinradio2015.gif","contentUrl":"https:\/\/www.lawebradio.com\/news\/wp-content\/uploads\/2015\/03\/ima-madeinradio2015.gif","width":640,"height":310},{"@type":"WebSite","@id":"https:\/\/www.lawebradio.com\/news\/#website","url":"https:\/\/www.lawebradio.com\/news\/","name":"Lawebradio.com - Actualit\u00e9s des radios digitales","description":"","publisher":{"@id":"https:\/\/www.lawebradio.com\/news\/#organization"},"potentialAction":[{"@type":"SearchAction","target":{"@type":"EntryPoint","urlTemplate":"https:\/\/www.lawebradio.com\/news\/?s={search_term_string}"},"query-input":{"@type":"PropertyValueSpecification","valueRequired":true,"valueName":"search_term_string"}}],"inLanguage":"fr-FR"},{"@type":"Organization","@id":"https:\/\/www.lawebradio.com\/news\/#organization","name":"Lawebradio.com - Actualit\u00e9s des radios digitales","url":"https:\/\/www.lawebradio.com\/news\/","logo":{"@type":"ImageObject","inLanguage":"fr-FR","@id":"https:\/\/www.lawebradio.com\/news\/#\/schema\/logo\/image\/","url":"https:\/\/www.lawebradio.com\/news\/wp-content\/uploads\/2020\/10\/logo2020.png","contentUrl":"https:\/\/www.lawebradio.com\/news\/wp-content\/uploads\/2020\/10\/logo2020.png","width":254,"height":43,"caption":"Lawebradio.com - Actualit\u00e9s des radios digitales"},"image":{"@id":"https:\/\/www.lawebradio.com\/news\/#\/schema\/logo\/image\/"}},{"@type":"Person","@id":"https:\/\/www.lawebradio.com\/news\/#\/schema\/person\/95fd11aee6e6cfe70a4b58b482103f1f","name":"Julien Lecourbe","image":{"@type":"ImageObject","inLanguage":"fr-FR","@id":"https:\/\/secure.gravatar.com\/avatar\/0d25a327c6e268d9730d9c0cbeeee0fea76f04c6cf9528c29e782ef324afc515?s=96&d=mm&r=g","url":"https:\/\/secure.gravatar.com\/avatar\/0d25a327c6e268d9730d9c0cbeeee0fea76f04c6cf9528c29e782ef324afc515?s=96&d=mm&r=g","contentUrl":"https:\/\/secure.gravatar.com\/avatar\/0d25a327c6e268d9730d9c0cbeeee0fea76f04c6cf9528c29e782ef324afc515?s=96&d=mm&r=g","caption":"Julien Lecourbe"},"url":"https:\/\/www.lawebradio.com\/news\/author\/la-redaction\/"}]}},"_links":{"self":[{"href":"https:\/\/www.lawebradio.com\/news\/wp-json\/wp\/v2\/posts\/2301","targetHints":{"allow":["GET"]}}],"collection":[{"href":"https:\/\/www.lawebradio.com\/news\/wp-json\/wp\/v2\/posts"}],"about":[{"href":"https:\/\/www.lawebradio.com\/news\/wp-json\/wp\/v2\/types\/post"}],"author":[{"embeddable":true,"href":"https:\/\/www.lawebradio.com\/news\/wp-json\/wp\/v2\/users\/3"}],"replies":[{"embeddable":true,"href":"https:\/\/www.lawebradio.com\/news\/wp-json\/wp\/v2\/comments?post=2301"}],"version-history":[{"count":8,"href":"https:\/\/www.lawebradio.com\/news\/wp-json\/wp\/v2\/posts\/2301\/revisions"}],"predecessor-version":[{"id":2310,"href":"https:\/\/www.lawebradio.com\/news\/wp-json\/wp\/v2\/posts\/2301\/revisions\/2310"}],"wp:featuredmedia":[{"embeddable":true,"href":"https:\/\/www.lawebradio.com\/news\/wp-json\/wp\/v2\/media\/2302"}],"wp:attachment":[{"href":"https:\/\/www.lawebradio.com\/news\/wp-json\/wp\/v2\/media?parent=2301"}],"wp:term":[{"taxonomy":"category","embeddable":true,"href":"https:\/\/www.lawebradio.com\/news\/wp-json\/wp\/v2\/categories?post=2301"},{"taxonomy":"post_tag","embeddable":true,"href":"https:\/\/www.lawebradio.com\/news\/wp-json\/wp\/v2\/tags?post=2301"}],"curies":[{"name":"wp","href":"https:\/\/api.w.org\/{rel}","templated":true}]}}