{"id":2289,"date":"2015-03-11T09:45:02","date_gmt":"2015-03-11T08:45:02","guid":{"rendered":"http:\/\/www.lawebradio.com\/news\/?p=2289"},"modified":"2015-03-11T09:45:02","modified_gmt":"2015-03-11T08:45:02","slug":"le-calcul-des-audiences-des-radios-fm-et-digitales","status":"publish","type":"post","link":"https:\/\/www.lawebradio.com\/news\/le-calcul-des-audiences-des-radios-fm-et-digitales\/","title":{"rendered":"Le calcul des audiences des radios FM et digitales"},"content":{"rendered":"<p><strong>Interview de Xavier Filliol, responsable du contenu et du d\u00e9veloppement \u00e0 Radioline, Jean-Paul Dietsch, directeur des nouveaux m\u00e9dias \u00e0 OJD et Guy D\u00e9trousselle, directeur du p\u00f4le local de M\u00e9diam\u00e9trie.<\/strong><\/p>\n<p>L\u2019OJD, association pour le contr\u00f4le et la certification du d\u00e9nombrement des m\u00e9dias, a men\u00e9 en 2013 une r\u00e9flexion sur l\u2019\u00e9tablissement d\u2019une mesure de la diffusion globale des radios num\u00e9riques en partenariat avec SmartJog et d&rsquo;autres distributeurs de contenus num\u00e9riques. Ces tests ont pu aboutir \u00e0 une premi\u00e8re certification en Mai 2013.<br \/>\nL&rsquo;objectif est d&rsquo;apporter aux \u00e9diteurs une mesure exhaustive et objective de leurs programmes pour qu&rsquo;ils puissent les valoriser aupr\u00e8s des annonceurs.<br \/>\nCes chiffres de diffusion sont certifi\u00e9s sur la base de mesures globales d\u00e9clar\u00e9es, comprenant tous les types de diffusion num\u00e9rique, et contr\u00f4l\u00e9es sur la base des fichiers journaux correspondants. Pour r\u00e9aliser cette mission l&rsquo;OJD s&rsquo;est appuy\u00e9 sur diff\u00e9rents prestataires tels que Arkena (Smartjog, Yacast), MTS Digilab et Infomaniak.<\/p>\n<p>\u2022 Consultez le classement des radios digitales les plus \u00e9cout\u00e9es en <a href=\"http:\/\/www.lawebradio.com\/news\/best-of-mensuel-radios-numeriques-les-ecoutees\/\"><strong>cliquant ICI<\/strong><\/a><\/p>\n<p><iframe loading=\"lazy\" src=\"https:\/\/www.youtube.com\/embed\/_7QdEMTD_kA?rel=0&amp;showinfo=0\" width=\"640\" height=\"360\" frameborder=\"0\" allowfullscreen=\"allowfullscreen\"><\/iframe><\/p>\n","protected":false},"excerpt":{"rendered":"<p>Interview de Xavier Filliol, responsable du contenu et du d\u00e9veloppement \u00e0 Radioline, Jean-Paul Dietsch, directeur des nouveaux m\u00e9dias \u00e0 OJD et Guy D\u00e9trousselle, directeur du p\u00f4le local de M\u00e9diam\u00e9trie. L\u2019OJD, association pour le contr\u00f4le et la certification du d\u00e9nombrement des m\u00e9dias, a men\u00e9 en 2013 une r\u00e9flexion sur l\u2019\u00e9tablissement d\u2019une mesure de la diffusion globale [&hellip;]<\/p>\n","protected":false},"author":3,"featured_media":2290,"comment_status":"closed","ping_status":"closed","sticky":false,"template":"","format":"standard","meta":{"_et_pb_use_builder":"","_et_pb_old_content":"","_et_gb_content_width":"","footnotes":""},"categories":[12,13],"tags":[201,768,767,295,769],"class_list":["post-2289","post","type-post","status-publish","format-standard","has-post-thumbnail","hentry","category-revue","category-top","tag-classement-ojd","tag-guy-detrousselle","tag-jean-paul-dietsch","tag-ojd-internet","tag-xavier-filliol","et-has-post-format-content","et_post_format-et-post-format-standard"],"yoast_head":"<!-- This site is optimized with the Yoast SEO plugin v27.4 - https:\/\/yoast.com\/product\/yoast-seo-wordpress\/ -->\n<title>Le calcul des audiences des radios FM et digitales - Lawebradio.com - Actualit\u00e9s des radios digitales<\/title>\n<meta name=\"description\" content=\"Interview de Xavier Filliol de Radioline, Jean-Paul Dietsch de l&#039;OJD et Guy D\u00e9trousselle de M\u00e9diam\u00e9trie sur le th\u00e8me du calcul des audiences en radio.\" \/>\n<meta name=\"robots\" content=\"index, follow, max-snippet:-1, max-image-preview:large, max-video-preview:-1\" \/>\n<link rel=\"canonical\" href=\"https:\/\/www.lawebradio.com\/news\/le-calcul-des-audiences-des-radios-fm-et-digitales\/\" \/>\n<meta property=\"og:locale\" content=\"fr_FR\" \/>\n<meta property=\"og:type\" content=\"article\" \/>\n<meta property=\"og:title\" content=\"Le calcul des audiences des radios FM et digitales - Lawebradio.com - Actualit\u00e9s des radios digitales\" \/>\n<meta property=\"og:description\" content=\"Interview de Xavier Filliol de Radioline, Jean-Paul Dietsch de l&#039;OJD et Guy D\u00e9trousselle de M\u00e9diam\u00e9trie sur le th\u00e8me du calcul des audiences en radio.\" \/>\n<meta property=\"og:url\" content=\"https:\/\/www.lawebradio.com\/news\/le-calcul-des-audiences-des-radios-fm-et-digitales\/\" \/>\n<meta property=\"og:site_name\" content=\"Lawebradio.com - Actualit\u00e9s des radios digitales\" \/>\n<meta property=\"article:published_time\" content=\"2015-03-11T08:45:02+00:00\" \/>\n<meta property=\"og:image\" content=\"https:\/\/www.lawebradio.com\/news\/wp-content\/uploads\/2015\/03\/ima-ojd-salonradio2015.jpg\" \/>\n\t<meta property=\"og:image:width\" content=\"640\" \/>\n\t<meta property=\"og:image:height\" content=\"310\" \/>\n\t<meta property=\"og:image:type\" content=\"image\/jpeg\" \/>\n<meta name=\"author\" content=\"Julien Lecourbe\" \/>\n<meta name=\"twitter:label1\" content=\"\u00c9crit par\" \/>\n\t<meta name=\"twitter:data1\" content=\"Julien Lecourbe\" \/>\n\t<meta name=\"twitter:label2\" content=\"Dur\u00e9e de lecture estim\u00e9e\" \/>\n\t<meta name=\"twitter:data2\" content=\"1 minute\" \/>\n<script type=\"application\/ld+json\" class=\"yoast-schema-graph\">{\"@context\":\"https:\\\/\\\/schema.org\",\"@graph\":[{\"@type\":\"Article\",\"@id\":\"https:\\\/\\\/www.lawebradio.com\\\/news\\\/le-calcul-des-audiences-des-radios-fm-et-digitales\\\/#article\",\"isPartOf\":{\"@id\":\"https:\\\/\\\/www.lawebradio.com\\\/news\\\/le-calcul-des-audiences-des-radios-fm-et-digitales\\\/\"},\"author\":{\"name\":\"Julien Lecourbe\",\"@id\":\"https:\\\/\\\/www.lawebradio.com\\\/news\\\/#\\\/schema\\\/person\\\/95fd11aee6e6cfe70a4b58b482103f1f\"},\"headline\":\"Le calcul des audiences des radios FM et digitales\",\"datePublished\":\"2015-03-11T08:45:02+00:00\",\"mainEntityOfPage\":{\"@id\":\"https:\\\/\\\/www.lawebradio.com\\\/news\\\/le-calcul-des-audiences-des-radios-fm-et-digitales\\\/\"},\"wordCount\":197,\"publisher\":{\"@id\":\"https:\\\/\\\/www.lawebradio.com\\\/news\\\/#organization\"},\"image\":{\"@id\":\"https:\\\/\\\/www.lawebradio.com\\\/news\\\/le-calcul-des-audiences-des-radios-fm-et-digitales\\\/#primaryimage\"},\"thumbnailUrl\":\"https:\\\/\\\/www.lawebradio.com\\\/news\\\/wp-content\\\/uploads\\\/2015\\\/03\\\/ima-ojd-salonradio2015.jpg\",\"keywords\":[\"classement OJD\",\"Guy D\u00e9trousselle\",\"Jean-Paul Dietsch\",\"OJD internet\",\"Xavier Filliol\"],\"articleSection\":[\"Revue de Presse\",\"Top\"],\"inLanguage\":\"fr-FR\"},{\"@type\":\"WebPage\",\"@id\":\"https:\\\/\\\/www.lawebradio.com\\\/news\\\/le-calcul-des-audiences-des-radios-fm-et-digitales\\\/\",\"url\":\"https:\\\/\\\/www.lawebradio.com\\\/news\\\/le-calcul-des-audiences-des-radios-fm-et-digitales\\\/\",\"name\":\"Le calcul des audiences des radios FM et digitales - Lawebradio.com - Actualit\u00e9s des radios digitales\",\"isPartOf\":{\"@id\":\"https:\\\/\\\/www.lawebradio.com\\\/news\\\/#website\"},\"primaryImageOfPage\":{\"@id\":\"https:\\\/\\\/www.lawebradio.com\\\/news\\\/le-calcul-des-audiences-des-radios-fm-et-digitales\\\/#primaryimage\"},\"image\":{\"@id\":\"https:\\\/\\\/www.lawebradio.com\\\/news\\\/le-calcul-des-audiences-des-radios-fm-et-digitales\\\/#primaryimage\"},\"thumbnailUrl\":\"https:\\\/\\\/www.lawebradio.com\\\/news\\\/wp-content\\\/uploads\\\/2015\\\/03\\\/ima-ojd-salonradio2015.jpg\",\"datePublished\":\"2015-03-11T08:45:02+00:00\",\"description\":\"Interview de Xavier Filliol de Radioline, Jean-Paul Dietsch de l'OJD et Guy D\u00e9trousselle de M\u00e9diam\u00e9trie sur le th\u00e8me du calcul des audiences en radio.\",\"inLanguage\":\"fr-FR\",\"potentialAction\":[{\"@type\":\"ReadAction\",\"target\":[\"https:\\\/\\\/www.lawebradio.com\\\/news\\\/le-calcul-des-audiences-des-radios-fm-et-digitales\\\/\"]}]},{\"@type\":\"ImageObject\",\"inLanguage\":\"fr-FR\",\"@id\":\"https:\\\/\\\/www.lawebradio.com\\\/news\\\/le-calcul-des-audiences-des-radios-fm-et-digitales\\\/#primaryimage\",\"url\":\"https:\\\/\\\/www.lawebradio.com\\\/news\\\/wp-content\\\/uploads\\\/2015\\\/03\\\/ima-ojd-salonradio2015.jpg\",\"contentUrl\":\"https:\\\/\\\/www.lawebradio.com\\\/news\\\/wp-content\\\/uploads\\\/2015\\\/03\\\/ima-ojd-salonradio2015.jpg\",\"width\":640,\"height\":310},{\"@type\":\"WebSite\",\"@id\":\"https:\\\/\\\/www.lawebradio.com\\\/news\\\/#website\",\"url\":\"https:\\\/\\\/www.lawebradio.com\\\/news\\\/\",\"name\":\"Lawebradio.com - Actualit\u00e9s des radios digitales\",\"description\":\"\",\"publisher\":{\"@id\":\"https:\\\/\\\/www.lawebradio.com\\\/news\\\/#organization\"},\"potentialAction\":[{\"@type\":\"SearchAction\",\"target\":{\"@type\":\"EntryPoint\",\"urlTemplate\":\"https:\\\/\\\/www.lawebradio.com\\\/news\\\/?s={search_term_string}\"},\"query-input\":{\"@type\":\"PropertyValueSpecification\",\"valueRequired\":true,\"valueName\":\"search_term_string\"}}],\"inLanguage\":\"fr-FR\"},{\"@type\":\"Organization\",\"@id\":\"https:\\\/\\\/www.lawebradio.com\\\/news\\\/#organization\",\"name\":\"Lawebradio.com - Actualit\u00e9s des radios digitales\",\"url\":\"https:\\\/\\\/www.lawebradio.com\\\/news\\\/\",\"logo\":{\"@type\":\"ImageObject\",\"inLanguage\":\"fr-FR\",\"@id\":\"https:\\\/\\\/www.lawebradio.com\\\/news\\\/#\\\/schema\\\/logo\\\/image\\\/\",\"url\":\"https:\\\/\\\/www.lawebradio.com\\\/news\\\/wp-content\\\/uploads\\\/2020\\\/10\\\/logo2020.png\",\"contentUrl\":\"https:\\\/\\\/www.lawebradio.com\\\/news\\\/wp-content\\\/uploads\\\/2020\\\/10\\\/logo2020.png\",\"width\":254,\"height\":43,\"caption\":\"Lawebradio.com - Actualit\u00e9s des radios digitales\"},\"image\":{\"@id\":\"https:\\\/\\\/www.lawebradio.com\\\/news\\\/#\\\/schema\\\/logo\\\/image\\\/\"}},{\"@type\":\"Person\",\"@id\":\"https:\\\/\\\/www.lawebradio.com\\\/news\\\/#\\\/schema\\\/person\\\/95fd11aee6e6cfe70a4b58b482103f1f\",\"name\":\"Julien Lecourbe\",\"image\":{\"@type\":\"ImageObject\",\"inLanguage\":\"fr-FR\",\"@id\":\"https:\\\/\\\/secure.gravatar.com\\\/avatar\\\/0d25a327c6e268d9730d9c0cbeeee0fea76f04c6cf9528c29e782ef324afc515?s=96&d=mm&r=g\",\"url\":\"https:\\\/\\\/secure.gravatar.com\\\/avatar\\\/0d25a327c6e268d9730d9c0cbeeee0fea76f04c6cf9528c29e782ef324afc515?s=96&d=mm&r=g\",\"contentUrl\":\"https:\\\/\\\/secure.gravatar.com\\\/avatar\\\/0d25a327c6e268d9730d9c0cbeeee0fea76f04c6cf9528c29e782ef324afc515?s=96&d=mm&r=g\",\"caption\":\"Julien Lecourbe\"},\"url\":\"https:\\\/\\\/www.lawebradio.com\\\/news\\\/author\\\/la-redaction\\\/\"}]}<\/script>\n<!-- \/ Yoast SEO plugin. -->","yoast_head_json":{"title":"Le calcul des audiences des radios FM et digitales - Lawebradio.com - Actualit\u00e9s des radios digitales","description":"Interview de Xavier Filliol de Radioline, Jean-Paul Dietsch de l'OJD et Guy D\u00e9trousselle de M\u00e9diam\u00e9trie sur le th\u00e8me du calcul des audiences en radio.","robots":{"index":"index","follow":"follow","max-snippet":"max-snippet:-1","max-image-preview":"max-image-preview:large","max-video-preview":"max-video-preview:-1"},"canonical":"https:\/\/www.lawebradio.com\/news\/le-calcul-des-audiences-des-radios-fm-et-digitales\/","og_locale":"fr_FR","og_type":"article","og_title":"Le calcul des audiences des radios FM et digitales - Lawebradio.com - Actualit\u00e9s des radios digitales","og_description":"Interview de Xavier Filliol de Radioline, Jean-Paul Dietsch de l'OJD et Guy D\u00e9trousselle de M\u00e9diam\u00e9trie sur le th\u00e8me du calcul des audiences en radio.","og_url":"https:\/\/www.lawebradio.com\/news\/le-calcul-des-audiences-des-radios-fm-et-digitales\/","og_site_name":"Lawebradio.com - Actualit\u00e9s des radios digitales","article_published_time":"2015-03-11T08:45:02+00:00","og_image":[{"width":640,"height":310,"url":"https:\/\/www.lawebradio.com\/news\/wp-content\/uploads\/2015\/03\/ima-ojd-salonradio2015.jpg","type":"image\/jpeg"}],"author":"Julien Lecourbe","twitter_misc":{"\u00c9crit par":"Julien Lecourbe","Dur\u00e9e de lecture estim\u00e9e":"1 minute"},"schema":{"@context":"https:\/\/schema.org","@graph":[{"@type":"Article","@id":"https:\/\/www.lawebradio.com\/news\/le-calcul-des-audiences-des-radios-fm-et-digitales\/#article","isPartOf":{"@id":"https:\/\/www.lawebradio.com\/news\/le-calcul-des-audiences-des-radios-fm-et-digitales\/"},"author":{"name":"Julien Lecourbe","@id":"https:\/\/www.lawebradio.com\/news\/#\/schema\/person\/95fd11aee6e6cfe70a4b58b482103f1f"},"headline":"Le calcul des audiences des radios FM et digitales","datePublished":"2015-03-11T08:45:02+00:00","mainEntityOfPage":{"@id":"https:\/\/www.lawebradio.com\/news\/le-calcul-des-audiences-des-radios-fm-et-digitales\/"},"wordCount":197,"publisher":{"@id":"https:\/\/www.lawebradio.com\/news\/#organization"},"image":{"@id":"https:\/\/www.lawebradio.com\/news\/le-calcul-des-audiences-des-radios-fm-et-digitales\/#primaryimage"},"thumbnailUrl":"https:\/\/www.lawebradio.com\/news\/wp-content\/uploads\/2015\/03\/ima-ojd-salonradio2015.jpg","keywords":["classement OJD","Guy D\u00e9trousselle","Jean-Paul Dietsch","OJD internet","Xavier Filliol"],"articleSection":["Revue de Presse","Top"],"inLanguage":"fr-FR"},{"@type":"WebPage","@id":"https:\/\/www.lawebradio.com\/news\/le-calcul-des-audiences-des-radios-fm-et-digitales\/","url":"https:\/\/www.lawebradio.com\/news\/le-calcul-des-audiences-des-radios-fm-et-digitales\/","name":"Le calcul des audiences des radios FM et digitales - Lawebradio.com - Actualit\u00e9s des radios digitales","isPartOf":{"@id":"https:\/\/www.lawebradio.com\/news\/#website"},"primaryImageOfPage":{"@id":"https:\/\/www.lawebradio.com\/news\/le-calcul-des-audiences-des-radios-fm-et-digitales\/#primaryimage"},"image":{"@id":"https:\/\/www.lawebradio.com\/news\/le-calcul-des-audiences-des-radios-fm-et-digitales\/#primaryimage"},"thumbnailUrl":"https:\/\/www.lawebradio.com\/news\/wp-content\/uploads\/2015\/03\/ima-ojd-salonradio2015.jpg","datePublished":"2015-03-11T08:45:02+00:00","description":"Interview de Xavier Filliol de Radioline, Jean-Paul Dietsch de l'OJD et Guy D\u00e9trousselle de M\u00e9diam\u00e9trie sur le th\u00e8me du calcul des audiences en radio.","inLanguage":"fr-FR","potentialAction":[{"@type":"ReadAction","target":["https:\/\/www.lawebradio.com\/news\/le-calcul-des-audiences-des-radios-fm-et-digitales\/"]}]},{"@type":"ImageObject","inLanguage":"fr-FR","@id":"https:\/\/www.lawebradio.com\/news\/le-calcul-des-audiences-des-radios-fm-et-digitales\/#primaryimage","url":"https:\/\/www.lawebradio.com\/news\/wp-content\/uploads\/2015\/03\/ima-ojd-salonradio2015.jpg","contentUrl":"https:\/\/www.lawebradio.com\/news\/wp-content\/uploads\/2015\/03\/ima-ojd-salonradio2015.jpg","width":640,"height":310},{"@type":"WebSite","@id":"https:\/\/www.lawebradio.com\/news\/#website","url":"https:\/\/www.lawebradio.com\/news\/","name":"Lawebradio.com - Actualit\u00e9s des radios digitales","description":"","publisher":{"@id":"https:\/\/www.lawebradio.com\/news\/#organization"},"potentialAction":[{"@type":"SearchAction","target":{"@type":"EntryPoint","urlTemplate":"https:\/\/www.lawebradio.com\/news\/?s={search_term_string}"},"query-input":{"@type":"PropertyValueSpecification","valueRequired":true,"valueName":"search_term_string"}}],"inLanguage":"fr-FR"},{"@type":"Organization","@id":"https:\/\/www.lawebradio.com\/news\/#organization","name":"Lawebradio.com - Actualit\u00e9s des radios digitales","url":"https:\/\/www.lawebradio.com\/news\/","logo":{"@type":"ImageObject","inLanguage":"fr-FR","@id":"https:\/\/www.lawebradio.com\/news\/#\/schema\/logo\/image\/","url":"https:\/\/www.lawebradio.com\/news\/wp-content\/uploads\/2020\/10\/logo2020.png","contentUrl":"https:\/\/www.lawebradio.com\/news\/wp-content\/uploads\/2020\/10\/logo2020.png","width":254,"height":43,"caption":"Lawebradio.com - Actualit\u00e9s des radios digitales"},"image":{"@id":"https:\/\/www.lawebradio.com\/news\/#\/schema\/logo\/image\/"}},{"@type":"Person","@id":"https:\/\/www.lawebradio.com\/news\/#\/schema\/person\/95fd11aee6e6cfe70a4b58b482103f1f","name":"Julien Lecourbe","image":{"@type":"ImageObject","inLanguage":"fr-FR","@id":"https:\/\/secure.gravatar.com\/avatar\/0d25a327c6e268d9730d9c0cbeeee0fea76f04c6cf9528c29e782ef324afc515?s=96&d=mm&r=g","url":"https:\/\/secure.gravatar.com\/avatar\/0d25a327c6e268d9730d9c0cbeeee0fea76f04c6cf9528c29e782ef324afc515?s=96&d=mm&r=g","contentUrl":"https:\/\/secure.gravatar.com\/avatar\/0d25a327c6e268d9730d9c0cbeeee0fea76f04c6cf9528c29e782ef324afc515?s=96&d=mm&r=g","caption":"Julien Lecourbe"},"url":"https:\/\/www.lawebradio.com\/news\/author\/la-redaction\/"}]}},"_links":{"self":[{"href":"https:\/\/www.lawebradio.com\/news\/wp-json\/wp\/v2\/posts\/2289","targetHints":{"allow":["GET"]}}],"collection":[{"href":"https:\/\/www.lawebradio.com\/news\/wp-json\/wp\/v2\/posts"}],"about":[{"href":"https:\/\/www.lawebradio.com\/news\/wp-json\/wp\/v2\/types\/post"}],"author":[{"embeddable":true,"href":"https:\/\/www.lawebradio.com\/news\/wp-json\/wp\/v2\/users\/3"}],"replies":[{"embeddable":true,"href":"https:\/\/www.lawebradio.com\/news\/wp-json\/wp\/v2\/comments?post=2289"}],"version-history":[{"count":1,"href":"https:\/\/www.lawebradio.com\/news\/wp-json\/wp\/v2\/posts\/2289\/revisions"}],"predecessor-version":[{"id":2291,"href":"https:\/\/www.lawebradio.com\/news\/wp-json\/wp\/v2\/posts\/2289\/revisions\/2291"}],"wp:featuredmedia":[{"embeddable":true,"href":"https:\/\/www.lawebradio.com\/news\/wp-json\/wp\/v2\/media\/2290"}],"wp:attachment":[{"href":"https:\/\/www.lawebradio.com\/news\/wp-json\/wp\/v2\/media?parent=2289"}],"wp:term":[{"taxonomy":"category","embeddable":true,"href":"https:\/\/www.lawebradio.com\/news\/wp-json\/wp\/v2\/categories?post=2289"},{"taxonomy":"post_tag","embeddable":true,"href":"https:\/\/www.lawebradio.com\/news\/wp-json\/wp\/v2\/tags?post=2289"}],"curies":[{"name":"wp","href":"https:\/\/api.w.org\/{rel}","templated":true}]}}