{"id":2281,"date":"2015-02-26T20:45:21","date_gmt":"2015-02-26T19:45:21","guid":{"rendered":"http:\/\/www.lawebradio.com\/news\/?p=2281"},"modified":"2015-02-26T20:45:21","modified_gmt":"2015-02-26T19:45:21","slug":"b4radio-diffuse-le-catalogue-musical-du-label-b4music","status":"publish","type":"post","link":"https:\/\/www.lawebradio.com\/news\/b4radio-diffuse-le-catalogue-musical-du-label-b4music\/","title":{"rendered":"B4radio diffuse le catalogue musical du label B4music"},"content":{"rendered":"<p><strong>Alain Boyer est musicien professionnel depuis plus de trente-cinq. C\u2019est en constatant l&rsquo;effritement des opportunit\u00e9s traditionnelles de travail dans sa profession qu\u2019il s\u2019est int\u00e9ress\u00e9 aux nouvelles technologies afin d\u2019embrasser de nouveaux paradigmes pour poursuivre ses activit\u00e9s musicales.<\/strong><\/p>\n<p>&#8211; Alain Boyer : \u00ab\u00a0Je dispose d&rsquo;un \u00e9quipement mobile d&rsquo;enregistrement qui me permet de produire mes propres CD ou enregistrer des spectacles \u00ab\u00a0live\u00a0\u00bb que je diffuse sur la radio digitale B4radio h\u00e9berg\u00e9e sur la plate-forme de streaming audio, Radionomy.com.<\/p>\n<p>Cette radio digitale est d&rsquo;abord et avant tout un v\u00e9hicule promotionnel pour les artistes des Laurentides, une r\u00e9gion du Qu\u00e9bec au nord de Montr\u00e9al. Elle a donc une identit\u00e9 locale plut\u00f4t que musicale en ce sens que sa programmation recoupe plusieurs styles musicaux, tout en priorisant le jazz et les musiques instrumentales.<\/p>\n<p><img loading=\"lazy\" decoding=\"async\" class=\"alignnone size-full wp-image-2283\" src=\"http:\/\/www.lawebradio.com\/news\/wp-content\/uploads\/2015\/02\/ima-b4radio02-2015.jpg\" alt=\"ima-b4radio02-2015\" width=\"640\" height=\"310\" srcset=\"https:\/\/www.lawebradio.com\/news\/wp-content\/uploads\/2015\/02\/ima-b4radio02-2015.jpg 640w, https:\/\/www.lawebradio.com\/news\/wp-content\/uploads\/2015\/02\/ima-b4radio02-2015-150x72.jpg 150w, https:\/\/www.lawebradio.com\/news\/wp-content\/uploads\/2015\/02\/ima-b4radio02-2015-300x145.jpg 300w\" sizes=\"auto, (max-width: 640px) 100vw, 640px\" \/><\/p>\n<p>B4radio est le bras de diffusion d&rsquo;une strat\u00e9gie verticale de d\u00e9veloppement. Le site Web www.b4music.ca pr\u00e9sente les diff\u00e9rents artistes qu&rsquo;on peut entendre sur cette webradio. Il dispose d&rsquo;une boutique en ligne et d&rsquo;un lien Soundcloud pour les \u00e9couter \u00e0 la pi\u00e8ce. Tous les artistes y ont un hyperlien menant \u00e0 leurs sites Web respectifs. C\u2019est une plaque tournante d\u2019artistes ind\u00e9pendants o\u00f9 on peut voir, entendre et acheter les oeuvres musicales des artistes d\u2019ici, s\u2019informer des spectacles \u00e0 venir, prendre contact avec eux pour des engagements. \u00bb<\/p>\n<p>\u2022 Le site : <a href=\"http:\/\/www.b4music.ca\" target=\"_blank\">www.b4music.ca<\/a><br \/>\n\u2022 La radio : <a href=\"http:\/\/b4radio.playtheradio.com\" target=\"_blank\">http:\/\/b4radio.playtheradio.com<\/a><\/p>\n<p><object width=\"245\" height=\"90\"><param name=\"allowscriptaccess\" value=\"always\" \/><param name=\"movie\" value=\"http:\/\/static.radionomy.com\/cdn\/flash\/BannerEmbed.swf?RadUID=1b498de7-3bea-43d7-828e-9db22448525e&amp;titlesColor=ffffff&amp;color=7d7d7d&amp;autoPlay=no&amp;lang=fr\" \/><param name=\"wmode\" value=\"transparent\" \/><embed src=\"http:\/\/static.radionomy.com\/cdn\/flash\/BannerEmbed.swf?RadUID=1b498de7-3bea-43d7-828e-9db22448525e&amp;titlesColor=ffffff&amp;color=7d7d7d&amp;autoPlay=no&amp;lang=fr\" wmode=\"transparent\" type=\"application\/x-shockwave-flash\" allowscriptaccess=\"always\" width=\"245\" height=\"90\" \/><\/object><\/p>\n","protected":false},"excerpt":{"rendered":"<p>Alain Boyer est musicien professionnel depuis plus de trente-cinq. C\u2019est en constatant l&rsquo;effritement des opportunit\u00e9s traditionnelles de travail dans sa profession qu\u2019il s\u2019est int\u00e9ress\u00e9 aux nouvelles technologies afin d\u2019embrasser de nouveaux paradigmes pour poursuivre ses activit\u00e9s musicales. &#8211; Alain Boyer : \u00ab\u00a0Je dispose d&rsquo;un \u00e9quipement mobile d&rsquo;enregistrement qui me permet de produire mes propres CD [&hellip;]<\/p>\n","protected":false},"author":3,"featured_media":2282,"comment_status":"closed","ping_status":"closed","sticky":false,"template":"","format":"standard","meta":{"_et_pb_use_builder":"","_et_pb_old_content":"","_et_gb_content_width":"","footnotes":""},"categories":[6],"tags":[765,766,15,58,44],"class_list":["post-2281","post","type-post","status-publish","format-standard","has-post-thumbnail","hentry","category-focus","tag-alain-boyer","tag-b4radio","tag-radionomy","tag-streaming-audio","tag-webradios","et-has-post-format-content","et_post_format-et-post-format-standard"],"yoast_head":"<!-- This site is optimized with the Yoast SEO plugin v27.4 - https:\/\/yoast.com\/product\/yoast-seo-wordpress\/ -->\n<title>B4radio diffuse le catalogue musical du label B4music - Lawebradio.com - Actualit\u00e9s des radios digitales<\/title>\n<meta name=\"description\" content=\"Cette radio digitale est un v\u00e9hicule promotionnel pour les artistes des Laurentides, une r\u00e9gion du Qu\u00e9bec au nord de Montr\u00e9al.\" \/>\n<meta name=\"robots\" content=\"index, follow, max-snippet:-1, max-image-preview:large, max-video-preview:-1\" \/>\n<link rel=\"canonical\" href=\"https:\/\/www.lawebradio.com\/news\/b4radio-diffuse-le-catalogue-musical-du-label-b4music\/\" \/>\n<meta property=\"og:locale\" content=\"fr_FR\" \/>\n<meta property=\"og:type\" content=\"article\" \/>\n<meta property=\"og:title\" content=\"B4radio diffuse le catalogue musical du label B4music - Lawebradio.com - Actualit\u00e9s des radios digitales\" \/>\n<meta property=\"og:description\" content=\"Cette radio digitale est un v\u00e9hicule promotionnel pour les artistes des Laurentides, une r\u00e9gion du Qu\u00e9bec au nord de Montr\u00e9al.\" \/>\n<meta property=\"og:url\" content=\"https:\/\/www.lawebradio.com\/news\/b4radio-diffuse-le-catalogue-musical-du-label-b4music\/\" \/>\n<meta property=\"og:site_name\" content=\"Lawebradio.com - Actualit\u00e9s des radios digitales\" \/>\n<meta property=\"article:published_time\" content=\"2015-02-26T19:45:21+00:00\" \/>\n<meta property=\"og:image\" content=\"https:\/\/www.lawebradio.com\/news\/wp-content\/uploads\/2015\/02\/ima-b4radio01-2015.jpg\" \/>\n\t<meta property=\"og:image:width\" content=\"640\" \/>\n\t<meta property=\"og:image:height\" content=\"310\" \/>\n\t<meta property=\"og:image:type\" content=\"image\/jpeg\" \/>\n<meta name=\"author\" content=\"Julien Lecourbe\" \/>\n<meta name=\"twitter:label1\" content=\"\u00c9crit par\" \/>\n\t<meta name=\"twitter:data1\" content=\"Julien Lecourbe\" \/>\n\t<meta name=\"twitter:label2\" content=\"Dur\u00e9e de lecture estim\u00e9e\" \/>\n\t<meta name=\"twitter:data2\" content=\"1 minute\" \/>\n<script type=\"application\/ld+json\" class=\"yoast-schema-graph\">{\"@context\":\"https:\\\/\\\/schema.org\",\"@graph\":[{\"@type\":\"Article\",\"@id\":\"https:\\\/\\\/www.lawebradio.com\\\/news\\\/b4radio-diffuse-le-catalogue-musical-du-label-b4music\\\/#article\",\"isPartOf\":{\"@id\":\"https:\\\/\\\/www.lawebradio.com\\\/news\\\/b4radio-diffuse-le-catalogue-musical-du-label-b4music\\\/\"},\"author\":{\"name\":\"Julien Lecourbe\",\"@id\":\"https:\\\/\\\/www.lawebradio.com\\\/news\\\/#\\\/schema\\\/person\\\/95fd11aee6e6cfe70a4b58b482103f1f\"},\"headline\":\"B4radio diffuse le catalogue musical du label B4music\",\"datePublished\":\"2015-02-26T19:45:21+00:00\",\"mainEntityOfPage\":{\"@id\":\"https:\\\/\\\/www.lawebradio.com\\\/news\\\/b4radio-diffuse-le-catalogue-musical-du-label-b4music\\\/\"},\"wordCount\":270,\"publisher\":{\"@id\":\"https:\\\/\\\/www.lawebradio.com\\\/news\\\/#organization\"},\"image\":{\"@id\":\"https:\\\/\\\/www.lawebradio.com\\\/news\\\/b4radio-diffuse-le-catalogue-musical-du-label-b4music\\\/#primaryimage\"},\"thumbnailUrl\":\"https:\\\/\\\/www.lawebradio.com\\\/news\\\/wp-content\\\/uploads\\\/2015\\\/02\\\/ima-b4radio01-2015.jpg\",\"keywords\":[\"Alain Boyer\",\"b4radio\",\"radionomy\",\"streaming audio\",\"webradios\"],\"articleSection\":[\"Focus\"],\"inLanguage\":\"fr-FR\"},{\"@type\":\"WebPage\",\"@id\":\"https:\\\/\\\/www.lawebradio.com\\\/news\\\/b4radio-diffuse-le-catalogue-musical-du-label-b4music\\\/\",\"url\":\"https:\\\/\\\/www.lawebradio.com\\\/news\\\/b4radio-diffuse-le-catalogue-musical-du-label-b4music\\\/\",\"name\":\"B4radio diffuse le catalogue musical du label B4music - Lawebradio.com - Actualit\u00e9s des radios digitales\",\"isPartOf\":{\"@id\":\"https:\\\/\\\/www.lawebradio.com\\\/news\\\/#website\"},\"primaryImageOfPage\":{\"@id\":\"https:\\\/\\\/www.lawebradio.com\\\/news\\\/b4radio-diffuse-le-catalogue-musical-du-label-b4music\\\/#primaryimage\"},\"image\":{\"@id\":\"https:\\\/\\\/www.lawebradio.com\\\/news\\\/b4radio-diffuse-le-catalogue-musical-du-label-b4music\\\/#primaryimage\"},\"thumbnailUrl\":\"https:\\\/\\\/www.lawebradio.com\\\/news\\\/wp-content\\\/uploads\\\/2015\\\/02\\\/ima-b4radio01-2015.jpg\",\"datePublished\":\"2015-02-26T19:45:21+00:00\",\"description\":\"Cette radio digitale est un v\u00e9hicule promotionnel pour les artistes des Laurentides, une r\u00e9gion du Qu\u00e9bec au nord de Montr\u00e9al.\",\"inLanguage\":\"fr-FR\",\"potentialAction\":[{\"@type\":\"ReadAction\",\"target\":[\"https:\\\/\\\/www.lawebradio.com\\\/news\\\/b4radio-diffuse-le-catalogue-musical-du-label-b4music\\\/\"]}]},{\"@type\":\"ImageObject\",\"inLanguage\":\"fr-FR\",\"@id\":\"https:\\\/\\\/www.lawebradio.com\\\/news\\\/b4radio-diffuse-le-catalogue-musical-du-label-b4music\\\/#primaryimage\",\"url\":\"https:\\\/\\\/www.lawebradio.com\\\/news\\\/wp-content\\\/uploads\\\/2015\\\/02\\\/ima-b4radio01-2015.jpg\",\"contentUrl\":\"https:\\\/\\\/www.lawebradio.com\\\/news\\\/wp-content\\\/uploads\\\/2015\\\/02\\\/ima-b4radio01-2015.jpg\",\"width\":640,\"height\":310},{\"@type\":\"WebSite\",\"@id\":\"https:\\\/\\\/www.lawebradio.com\\\/news\\\/#website\",\"url\":\"https:\\\/\\\/www.lawebradio.com\\\/news\\\/\",\"name\":\"Lawebradio.com - Actualit\u00e9s des radios digitales\",\"description\":\"\",\"publisher\":{\"@id\":\"https:\\\/\\\/www.lawebradio.com\\\/news\\\/#organization\"},\"potentialAction\":[{\"@type\":\"SearchAction\",\"target\":{\"@type\":\"EntryPoint\",\"urlTemplate\":\"https:\\\/\\\/www.lawebradio.com\\\/news\\\/?s={search_term_string}\"},\"query-input\":{\"@type\":\"PropertyValueSpecification\",\"valueRequired\":true,\"valueName\":\"search_term_string\"}}],\"inLanguage\":\"fr-FR\"},{\"@type\":\"Organization\",\"@id\":\"https:\\\/\\\/www.lawebradio.com\\\/news\\\/#organization\",\"name\":\"Lawebradio.com - Actualit\u00e9s des radios digitales\",\"url\":\"https:\\\/\\\/www.lawebradio.com\\\/news\\\/\",\"logo\":{\"@type\":\"ImageObject\",\"inLanguage\":\"fr-FR\",\"@id\":\"https:\\\/\\\/www.lawebradio.com\\\/news\\\/#\\\/schema\\\/logo\\\/image\\\/\",\"url\":\"https:\\\/\\\/www.lawebradio.com\\\/news\\\/wp-content\\\/uploads\\\/2020\\\/10\\\/logo2020.png\",\"contentUrl\":\"https:\\\/\\\/www.lawebradio.com\\\/news\\\/wp-content\\\/uploads\\\/2020\\\/10\\\/logo2020.png\",\"width\":254,\"height\":43,\"caption\":\"Lawebradio.com - Actualit\u00e9s des radios digitales\"},\"image\":{\"@id\":\"https:\\\/\\\/www.lawebradio.com\\\/news\\\/#\\\/schema\\\/logo\\\/image\\\/\"}},{\"@type\":\"Person\",\"@id\":\"https:\\\/\\\/www.lawebradio.com\\\/news\\\/#\\\/schema\\\/person\\\/95fd11aee6e6cfe70a4b58b482103f1f\",\"name\":\"Julien Lecourbe\",\"image\":{\"@type\":\"ImageObject\",\"inLanguage\":\"fr-FR\",\"@id\":\"https:\\\/\\\/secure.gravatar.com\\\/avatar\\\/0d25a327c6e268d9730d9c0cbeeee0fea76f04c6cf9528c29e782ef324afc515?s=96&d=mm&r=g\",\"url\":\"https:\\\/\\\/secure.gravatar.com\\\/avatar\\\/0d25a327c6e268d9730d9c0cbeeee0fea76f04c6cf9528c29e782ef324afc515?s=96&d=mm&r=g\",\"contentUrl\":\"https:\\\/\\\/secure.gravatar.com\\\/avatar\\\/0d25a327c6e268d9730d9c0cbeeee0fea76f04c6cf9528c29e782ef324afc515?s=96&d=mm&r=g\",\"caption\":\"Julien Lecourbe\"},\"url\":\"https:\\\/\\\/www.lawebradio.com\\\/news\\\/author\\\/la-redaction\\\/\"}]}<\/script>\n<!-- \/ Yoast SEO plugin. -->","yoast_head_json":{"title":"B4radio diffuse le catalogue musical du label B4music - Lawebradio.com - Actualit\u00e9s des radios digitales","description":"Cette radio digitale est un v\u00e9hicule promotionnel pour les artistes des Laurentides, une r\u00e9gion du Qu\u00e9bec au nord de Montr\u00e9al.","robots":{"index":"index","follow":"follow","max-snippet":"max-snippet:-1","max-image-preview":"max-image-preview:large","max-video-preview":"max-video-preview:-1"},"canonical":"https:\/\/www.lawebradio.com\/news\/b4radio-diffuse-le-catalogue-musical-du-label-b4music\/","og_locale":"fr_FR","og_type":"article","og_title":"B4radio diffuse le catalogue musical du label B4music - Lawebradio.com - Actualit\u00e9s des radios digitales","og_description":"Cette radio digitale est un v\u00e9hicule promotionnel pour les artistes des Laurentides, une r\u00e9gion du Qu\u00e9bec au nord de Montr\u00e9al.","og_url":"https:\/\/www.lawebradio.com\/news\/b4radio-diffuse-le-catalogue-musical-du-label-b4music\/","og_site_name":"Lawebradio.com - Actualit\u00e9s des radios digitales","article_published_time":"2015-02-26T19:45:21+00:00","og_image":[{"width":640,"height":310,"url":"https:\/\/www.lawebradio.com\/news\/wp-content\/uploads\/2015\/02\/ima-b4radio01-2015.jpg","type":"image\/jpeg"}],"author":"Julien Lecourbe","twitter_misc":{"\u00c9crit par":"Julien Lecourbe","Dur\u00e9e de lecture estim\u00e9e":"1 minute"},"schema":{"@context":"https:\/\/schema.org","@graph":[{"@type":"Article","@id":"https:\/\/www.lawebradio.com\/news\/b4radio-diffuse-le-catalogue-musical-du-label-b4music\/#article","isPartOf":{"@id":"https:\/\/www.lawebradio.com\/news\/b4radio-diffuse-le-catalogue-musical-du-label-b4music\/"},"author":{"name":"Julien Lecourbe","@id":"https:\/\/www.lawebradio.com\/news\/#\/schema\/person\/95fd11aee6e6cfe70a4b58b482103f1f"},"headline":"B4radio diffuse le catalogue musical du label B4music","datePublished":"2015-02-26T19:45:21+00:00","mainEntityOfPage":{"@id":"https:\/\/www.lawebradio.com\/news\/b4radio-diffuse-le-catalogue-musical-du-label-b4music\/"},"wordCount":270,"publisher":{"@id":"https:\/\/www.lawebradio.com\/news\/#organization"},"image":{"@id":"https:\/\/www.lawebradio.com\/news\/b4radio-diffuse-le-catalogue-musical-du-label-b4music\/#primaryimage"},"thumbnailUrl":"https:\/\/www.lawebradio.com\/news\/wp-content\/uploads\/2015\/02\/ima-b4radio01-2015.jpg","keywords":["Alain Boyer","b4radio","radionomy","streaming audio","webradios"],"articleSection":["Focus"],"inLanguage":"fr-FR"},{"@type":"WebPage","@id":"https:\/\/www.lawebradio.com\/news\/b4radio-diffuse-le-catalogue-musical-du-label-b4music\/","url":"https:\/\/www.lawebradio.com\/news\/b4radio-diffuse-le-catalogue-musical-du-label-b4music\/","name":"B4radio diffuse le catalogue musical du label B4music - Lawebradio.com - Actualit\u00e9s des radios digitales","isPartOf":{"@id":"https:\/\/www.lawebradio.com\/news\/#website"},"primaryImageOfPage":{"@id":"https:\/\/www.lawebradio.com\/news\/b4radio-diffuse-le-catalogue-musical-du-label-b4music\/#primaryimage"},"image":{"@id":"https:\/\/www.lawebradio.com\/news\/b4radio-diffuse-le-catalogue-musical-du-label-b4music\/#primaryimage"},"thumbnailUrl":"https:\/\/www.lawebradio.com\/news\/wp-content\/uploads\/2015\/02\/ima-b4radio01-2015.jpg","datePublished":"2015-02-26T19:45:21+00:00","description":"Cette radio digitale est un v\u00e9hicule promotionnel pour les artistes des Laurentides, une r\u00e9gion du Qu\u00e9bec au nord de Montr\u00e9al.","inLanguage":"fr-FR","potentialAction":[{"@type":"ReadAction","target":["https:\/\/www.lawebradio.com\/news\/b4radio-diffuse-le-catalogue-musical-du-label-b4music\/"]}]},{"@type":"ImageObject","inLanguage":"fr-FR","@id":"https:\/\/www.lawebradio.com\/news\/b4radio-diffuse-le-catalogue-musical-du-label-b4music\/#primaryimage","url":"https:\/\/www.lawebradio.com\/news\/wp-content\/uploads\/2015\/02\/ima-b4radio01-2015.jpg","contentUrl":"https:\/\/www.lawebradio.com\/news\/wp-content\/uploads\/2015\/02\/ima-b4radio01-2015.jpg","width":640,"height":310},{"@type":"WebSite","@id":"https:\/\/www.lawebradio.com\/news\/#website","url":"https:\/\/www.lawebradio.com\/news\/","name":"Lawebradio.com - Actualit\u00e9s des radios digitales","description":"","publisher":{"@id":"https:\/\/www.lawebradio.com\/news\/#organization"},"potentialAction":[{"@type":"SearchAction","target":{"@type":"EntryPoint","urlTemplate":"https:\/\/www.lawebradio.com\/news\/?s={search_term_string}"},"query-input":{"@type":"PropertyValueSpecification","valueRequired":true,"valueName":"search_term_string"}}],"inLanguage":"fr-FR"},{"@type":"Organization","@id":"https:\/\/www.lawebradio.com\/news\/#organization","name":"Lawebradio.com - Actualit\u00e9s des radios digitales","url":"https:\/\/www.lawebradio.com\/news\/","logo":{"@type":"ImageObject","inLanguage":"fr-FR","@id":"https:\/\/www.lawebradio.com\/news\/#\/schema\/logo\/image\/","url":"https:\/\/www.lawebradio.com\/news\/wp-content\/uploads\/2020\/10\/logo2020.png","contentUrl":"https:\/\/www.lawebradio.com\/news\/wp-content\/uploads\/2020\/10\/logo2020.png","width":254,"height":43,"caption":"Lawebradio.com - Actualit\u00e9s des radios digitales"},"image":{"@id":"https:\/\/www.lawebradio.com\/news\/#\/schema\/logo\/image\/"}},{"@type":"Person","@id":"https:\/\/www.lawebradio.com\/news\/#\/schema\/person\/95fd11aee6e6cfe70a4b58b482103f1f","name":"Julien Lecourbe","image":{"@type":"ImageObject","inLanguage":"fr-FR","@id":"https:\/\/secure.gravatar.com\/avatar\/0d25a327c6e268d9730d9c0cbeeee0fea76f04c6cf9528c29e782ef324afc515?s=96&d=mm&r=g","url":"https:\/\/secure.gravatar.com\/avatar\/0d25a327c6e268d9730d9c0cbeeee0fea76f04c6cf9528c29e782ef324afc515?s=96&d=mm&r=g","contentUrl":"https:\/\/secure.gravatar.com\/avatar\/0d25a327c6e268d9730d9c0cbeeee0fea76f04c6cf9528c29e782ef324afc515?s=96&d=mm&r=g","caption":"Julien Lecourbe"},"url":"https:\/\/www.lawebradio.com\/news\/author\/la-redaction\/"}]}},"_links":{"self":[{"href":"https:\/\/www.lawebradio.com\/news\/wp-json\/wp\/v2\/posts\/2281","targetHints":{"allow":["GET"]}}],"collection":[{"href":"https:\/\/www.lawebradio.com\/news\/wp-json\/wp\/v2\/posts"}],"about":[{"href":"https:\/\/www.lawebradio.com\/news\/wp-json\/wp\/v2\/types\/post"}],"author":[{"embeddable":true,"href":"https:\/\/www.lawebradio.com\/news\/wp-json\/wp\/v2\/users\/3"}],"replies":[{"embeddable":true,"href":"https:\/\/www.lawebradio.com\/news\/wp-json\/wp\/v2\/comments?post=2281"}],"version-history":[{"count":1,"href":"https:\/\/www.lawebradio.com\/news\/wp-json\/wp\/v2\/posts\/2281\/revisions"}],"predecessor-version":[{"id":2284,"href":"https:\/\/www.lawebradio.com\/news\/wp-json\/wp\/v2\/posts\/2281\/revisions\/2284"}],"wp:featuredmedia":[{"embeddable":true,"href":"https:\/\/www.lawebradio.com\/news\/wp-json\/wp\/v2\/media\/2282"}],"wp:attachment":[{"href":"https:\/\/www.lawebradio.com\/news\/wp-json\/wp\/v2\/media?parent=2281"}],"wp:term":[{"taxonomy":"category","embeddable":true,"href":"https:\/\/www.lawebradio.com\/news\/wp-json\/wp\/v2\/categories?post=2281"},{"taxonomy":"post_tag","embeddable":true,"href":"https:\/\/www.lawebradio.com\/news\/wp-json\/wp\/v2\/tags?post=2281"}],"curies":[{"name":"wp","href":"https:\/\/api.w.org\/{rel}","templated":true}]}}