{"id":2237,"date":"2015-02-17T14:37:34","date_gmt":"2015-02-17T13:37:34","guid":{"rendered":"http:\/\/www.lawebradio.com\/news\/?p=2237"},"modified":"2015-02-17T14:37:34","modified_gmt":"2015-02-17T13:37:34","slug":"keynote-2015-de-pierre-bellanger-pdg-de-skyrock-sur-lavenir-de-la-radio","status":"publish","type":"post","link":"https:\/\/www.lawebradio.com\/news\/keynote-2015-de-pierre-bellanger-pdg-de-skyrock-sur-lavenir-de-la-radio\/","title":{"rendered":"Keynote 2015 de Pierre Bellanger, PDG de Skyrock, sur l&rsquo;avenir de la radio"},"content":{"rendered":"<p><strong>Depuis quelques ann\u00e9es la radio du futur est en d\u00e9bat. Aujourd&rsquo;hui deux groupes s&rsquo;affrontent, les uns pour la radio IP, les autres pour la Radio Num\u00e9rique Terrestre tandis que les grands groupes de FM campent sur leur position h\u00e9g\u00e9monique.<\/strong><\/p>\n<p>Pr\u00e9sent au Salon de la Radio 2015 pour y pr\u00e9senter une int\u00e9ressante keynote sur l&rsquo;avenir de la radio, le fondateur et PDG de Skyrock a partag\u00e9 sa vision de la radio de demain. La qu\u00eate de Pierre Bellanger ? R\u00e9duire cette incertitude li\u00e9e au futur. Autrement dit, comprendre d\u00e9j\u00e0 comment les auditeurs \u00e9couteront la radio de demain.<\/p>\n<p><iframe loading=\"lazy\" src=\"https:\/\/www.youtube.com\/embed\/0iS2QGfkuUg?list=PLk-Mj7HLWs_BnQEU3emVXuvBcuJ8xX6pi\" width=\"640\" height=\"360\" frameborder=\"0\" allowfullscreen=\"allowfullscreen\"><\/iframe><\/p>\n","protected":false},"excerpt":{"rendered":"<p>Depuis quelques ann\u00e9es la radio du futur est en d\u00e9bat. Aujourd&rsquo;hui deux groupes s&rsquo;affrontent, les uns pour la radio IP, les autres pour la Radio Num\u00e9rique Terrestre tandis que les grands groupes de FM campent sur leur position h\u00e9g\u00e9monique. Pr\u00e9sent au Salon de la Radio 2015 pour y pr\u00e9senter une int\u00e9ressante keynote sur l&rsquo;avenir de [&hellip;]<\/p>\n","protected":false},"author":3,"featured_media":2238,"comment_status":"closed","ping_status":"closed","sticky":false,"template":"","format":"standard","meta":{"_et_pb_use_builder":"","_et_pb_old_content":"","_et_gb_content_width":"","footnotes":""},"categories":[12,13],"tags":[181,214,43,179],"class_list":["post-2237","post","type-post","status-publish","format-standard","has-post-thumbnail","hentry","category-revue","category-top","tag-pierre-bellanger","tag-radios-digitales","tag-radios-numeriques","tag-skyrock","et-has-post-format-content","et_post_format-et-post-format-standard"],"yoast_head":"<!-- This site is optimized with the Yoast SEO plugin v27.4 - https:\/\/yoast.com\/product\/yoast-seo-wordpress\/ -->\n<title>L&#039;avenir de la radio par Pierre Bellanger de Skyrock<\/title>\n<meta name=\"description\" content=\"Aujourd&#039;hui deux groupes s&#039;affrontent, les uns pour la radio IP, les autres pour la Radio Num\u00e9rique Terrestre.\" \/>\n<meta name=\"robots\" content=\"index, follow, max-snippet:-1, max-image-preview:large, max-video-preview:-1\" \/>\n<link rel=\"canonical\" href=\"https:\/\/www.lawebradio.com\/news\/keynote-2015-de-pierre-bellanger-pdg-de-skyrock-sur-lavenir-de-la-radio\/\" \/>\n<meta property=\"og:locale\" content=\"fr_FR\" \/>\n<meta property=\"og:type\" content=\"article\" \/>\n<meta property=\"og:title\" content=\"L&#039;avenir de la radio par Pierre Bellanger de Skyrock\" \/>\n<meta property=\"og:description\" content=\"Aujourd&#039;hui deux groupes s&#039;affrontent, les uns pour la radio IP, les autres pour la Radio Num\u00e9rique Terrestre.\" \/>\n<meta property=\"og:url\" content=\"https:\/\/www.lawebradio.com\/news\/keynote-2015-de-pierre-bellanger-pdg-de-skyrock-sur-lavenir-de-la-radio\/\" \/>\n<meta property=\"og:site_name\" content=\"Lawebradio.com - Actualit\u00e9s des radios digitales\" \/>\n<meta property=\"article:published_time\" content=\"2015-02-17T13:37:34+00:00\" \/>\n<meta property=\"og:image\" content=\"https:\/\/www.lawebradio.com\/news\/wp-content\/uploads\/2015\/02\/ima-p-belanger2015.jpg\" \/>\n\t<meta property=\"og:image:width\" content=\"640\" \/>\n\t<meta property=\"og:image:height\" content=\"310\" \/>\n\t<meta property=\"og:image:type\" content=\"image\/jpeg\" \/>\n<meta name=\"author\" content=\"Julien Lecourbe\" \/>\n<meta name=\"twitter:label1\" content=\"\u00c9crit par\" \/>\n\t<meta name=\"twitter:data1\" content=\"Julien Lecourbe\" \/>\n\t<meta name=\"twitter:label2\" content=\"Dur\u00e9e de lecture estim\u00e9e\" \/>\n\t<meta name=\"twitter:data2\" content=\"1 minute\" \/>\n<script type=\"application\/ld+json\" class=\"yoast-schema-graph\">{\"@context\":\"https:\\\/\\\/schema.org\",\"@graph\":[{\"@type\":\"Article\",\"@id\":\"https:\\\/\\\/www.lawebradio.com\\\/news\\\/keynote-2015-de-pierre-bellanger-pdg-de-skyrock-sur-lavenir-de-la-radio\\\/#article\",\"isPartOf\":{\"@id\":\"https:\\\/\\\/www.lawebradio.com\\\/news\\\/keynote-2015-de-pierre-bellanger-pdg-de-skyrock-sur-lavenir-de-la-radio\\\/\"},\"author\":{\"name\":\"Julien Lecourbe\",\"@id\":\"https:\\\/\\\/www.lawebradio.com\\\/news\\\/#\\\/schema\\\/person\\\/95fd11aee6e6cfe70a4b58b482103f1f\"},\"headline\":\"Keynote 2015 de Pierre Bellanger, PDG de Skyrock, sur l&rsquo;avenir de la radio\",\"datePublished\":\"2015-02-17T13:37:34+00:00\",\"mainEntityOfPage\":{\"@id\":\"https:\\\/\\\/www.lawebradio.com\\\/news\\\/keynote-2015-de-pierre-bellanger-pdg-de-skyrock-sur-lavenir-de-la-radio\\\/\"},\"wordCount\":122,\"publisher\":{\"@id\":\"https:\\\/\\\/www.lawebradio.com\\\/news\\\/#organization\"},\"image\":{\"@id\":\"https:\\\/\\\/www.lawebradio.com\\\/news\\\/keynote-2015-de-pierre-bellanger-pdg-de-skyrock-sur-lavenir-de-la-radio\\\/#primaryimage\"},\"thumbnailUrl\":\"https:\\\/\\\/www.lawebradio.com\\\/news\\\/wp-content\\\/uploads\\\/2015\\\/02\\\/ima-p-belanger2015.jpg\",\"keywords\":[\"pierre bellanger\",\"radios digitales\",\"radios num\u00e9riques\",\"skyrock\"],\"articleSection\":[\"Revue de Presse\",\"Top\"],\"inLanguage\":\"fr-FR\"},{\"@type\":\"WebPage\",\"@id\":\"https:\\\/\\\/www.lawebradio.com\\\/news\\\/keynote-2015-de-pierre-bellanger-pdg-de-skyrock-sur-lavenir-de-la-radio\\\/\",\"url\":\"https:\\\/\\\/www.lawebradio.com\\\/news\\\/keynote-2015-de-pierre-bellanger-pdg-de-skyrock-sur-lavenir-de-la-radio\\\/\",\"name\":\"L'avenir de la radio par Pierre Bellanger de Skyrock\",\"isPartOf\":{\"@id\":\"https:\\\/\\\/www.lawebradio.com\\\/news\\\/#website\"},\"primaryImageOfPage\":{\"@id\":\"https:\\\/\\\/www.lawebradio.com\\\/news\\\/keynote-2015-de-pierre-bellanger-pdg-de-skyrock-sur-lavenir-de-la-radio\\\/#primaryimage\"},\"image\":{\"@id\":\"https:\\\/\\\/www.lawebradio.com\\\/news\\\/keynote-2015-de-pierre-bellanger-pdg-de-skyrock-sur-lavenir-de-la-radio\\\/#primaryimage\"},\"thumbnailUrl\":\"https:\\\/\\\/www.lawebradio.com\\\/news\\\/wp-content\\\/uploads\\\/2015\\\/02\\\/ima-p-belanger2015.jpg\",\"datePublished\":\"2015-02-17T13:37:34+00:00\",\"description\":\"Aujourd'hui deux groupes s'affrontent, les uns pour la radio IP, les autres pour la Radio Num\u00e9rique Terrestre.\",\"inLanguage\":\"fr-FR\",\"potentialAction\":[{\"@type\":\"ReadAction\",\"target\":[\"https:\\\/\\\/www.lawebradio.com\\\/news\\\/keynote-2015-de-pierre-bellanger-pdg-de-skyrock-sur-lavenir-de-la-radio\\\/\"]}]},{\"@type\":\"ImageObject\",\"inLanguage\":\"fr-FR\",\"@id\":\"https:\\\/\\\/www.lawebradio.com\\\/news\\\/keynote-2015-de-pierre-bellanger-pdg-de-skyrock-sur-lavenir-de-la-radio\\\/#primaryimage\",\"url\":\"https:\\\/\\\/www.lawebradio.com\\\/news\\\/wp-content\\\/uploads\\\/2015\\\/02\\\/ima-p-belanger2015.jpg\",\"contentUrl\":\"https:\\\/\\\/www.lawebradio.com\\\/news\\\/wp-content\\\/uploads\\\/2015\\\/02\\\/ima-p-belanger2015.jpg\",\"width\":640,\"height\":310},{\"@type\":\"WebSite\",\"@id\":\"https:\\\/\\\/www.lawebradio.com\\\/news\\\/#website\",\"url\":\"https:\\\/\\\/www.lawebradio.com\\\/news\\\/\",\"name\":\"Lawebradio.com - Actualit\u00e9s des radios digitales\",\"description\":\"\",\"publisher\":{\"@id\":\"https:\\\/\\\/www.lawebradio.com\\\/news\\\/#organization\"},\"potentialAction\":[{\"@type\":\"SearchAction\",\"target\":{\"@type\":\"EntryPoint\",\"urlTemplate\":\"https:\\\/\\\/www.lawebradio.com\\\/news\\\/?s={search_term_string}\"},\"query-input\":{\"@type\":\"PropertyValueSpecification\",\"valueRequired\":true,\"valueName\":\"search_term_string\"}}],\"inLanguage\":\"fr-FR\"},{\"@type\":\"Organization\",\"@id\":\"https:\\\/\\\/www.lawebradio.com\\\/news\\\/#organization\",\"name\":\"Lawebradio.com - Actualit\u00e9s des radios digitales\",\"url\":\"https:\\\/\\\/www.lawebradio.com\\\/news\\\/\",\"logo\":{\"@type\":\"ImageObject\",\"inLanguage\":\"fr-FR\",\"@id\":\"https:\\\/\\\/www.lawebradio.com\\\/news\\\/#\\\/schema\\\/logo\\\/image\\\/\",\"url\":\"https:\\\/\\\/www.lawebradio.com\\\/news\\\/wp-content\\\/uploads\\\/2020\\\/10\\\/logo2020.png\",\"contentUrl\":\"https:\\\/\\\/www.lawebradio.com\\\/news\\\/wp-content\\\/uploads\\\/2020\\\/10\\\/logo2020.png\",\"width\":254,\"height\":43,\"caption\":\"Lawebradio.com - Actualit\u00e9s des radios digitales\"},\"image\":{\"@id\":\"https:\\\/\\\/www.lawebradio.com\\\/news\\\/#\\\/schema\\\/logo\\\/image\\\/\"}},{\"@type\":\"Person\",\"@id\":\"https:\\\/\\\/www.lawebradio.com\\\/news\\\/#\\\/schema\\\/person\\\/95fd11aee6e6cfe70a4b58b482103f1f\",\"name\":\"Julien Lecourbe\",\"image\":{\"@type\":\"ImageObject\",\"inLanguage\":\"fr-FR\",\"@id\":\"https:\\\/\\\/secure.gravatar.com\\\/avatar\\\/0d25a327c6e268d9730d9c0cbeeee0fea76f04c6cf9528c29e782ef324afc515?s=96&d=mm&r=g\",\"url\":\"https:\\\/\\\/secure.gravatar.com\\\/avatar\\\/0d25a327c6e268d9730d9c0cbeeee0fea76f04c6cf9528c29e782ef324afc515?s=96&d=mm&r=g\",\"contentUrl\":\"https:\\\/\\\/secure.gravatar.com\\\/avatar\\\/0d25a327c6e268d9730d9c0cbeeee0fea76f04c6cf9528c29e782ef324afc515?s=96&d=mm&r=g\",\"caption\":\"Julien Lecourbe\"},\"url\":\"https:\\\/\\\/www.lawebradio.com\\\/news\\\/author\\\/la-redaction\\\/\"}]}<\/script>\n<!-- \/ Yoast SEO plugin. -->","yoast_head_json":{"title":"L'avenir de la radio par Pierre Bellanger de Skyrock","description":"Aujourd'hui deux groupes s'affrontent, les uns pour la radio IP, les autres pour la Radio Num\u00e9rique Terrestre.","robots":{"index":"index","follow":"follow","max-snippet":"max-snippet:-1","max-image-preview":"max-image-preview:large","max-video-preview":"max-video-preview:-1"},"canonical":"https:\/\/www.lawebradio.com\/news\/keynote-2015-de-pierre-bellanger-pdg-de-skyrock-sur-lavenir-de-la-radio\/","og_locale":"fr_FR","og_type":"article","og_title":"L'avenir de la radio par Pierre Bellanger de Skyrock","og_description":"Aujourd'hui deux groupes s'affrontent, les uns pour la radio IP, les autres pour la Radio Num\u00e9rique Terrestre.","og_url":"https:\/\/www.lawebradio.com\/news\/keynote-2015-de-pierre-bellanger-pdg-de-skyrock-sur-lavenir-de-la-radio\/","og_site_name":"Lawebradio.com - Actualit\u00e9s des radios digitales","article_published_time":"2015-02-17T13:37:34+00:00","og_image":[{"width":640,"height":310,"url":"https:\/\/www.lawebradio.com\/news\/wp-content\/uploads\/2015\/02\/ima-p-belanger2015.jpg","type":"image\/jpeg"}],"author":"Julien Lecourbe","twitter_misc":{"\u00c9crit par":"Julien Lecourbe","Dur\u00e9e de lecture estim\u00e9e":"1 minute"},"schema":{"@context":"https:\/\/schema.org","@graph":[{"@type":"Article","@id":"https:\/\/www.lawebradio.com\/news\/keynote-2015-de-pierre-bellanger-pdg-de-skyrock-sur-lavenir-de-la-radio\/#article","isPartOf":{"@id":"https:\/\/www.lawebradio.com\/news\/keynote-2015-de-pierre-bellanger-pdg-de-skyrock-sur-lavenir-de-la-radio\/"},"author":{"name":"Julien Lecourbe","@id":"https:\/\/www.lawebradio.com\/news\/#\/schema\/person\/95fd11aee6e6cfe70a4b58b482103f1f"},"headline":"Keynote 2015 de Pierre Bellanger, PDG de Skyrock, sur l&rsquo;avenir de la radio","datePublished":"2015-02-17T13:37:34+00:00","mainEntityOfPage":{"@id":"https:\/\/www.lawebradio.com\/news\/keynote-2015-de-pierre-bellanger-pdg-de-skyrock-sur-lavenir-de-la-radio\/"},"wordCount":122,"publisher":{"@id":"https:\/\/www.lawebradio.com\/news\/#organization"},"image":{"@id":"https:\/\/www.lawebradio.com\/news\/keynote-2015-de-pierre-bellanger-pdg-de-skyrock-sur-lavenir-de-la-radio\/#primaryimage"},"thumbnailUrl":"https:\/\/www.lawebradio.com\/news\/wp-content\/uploads\/2015\/02\/ima-p-belanger2015.jpg","keywords":["pierre bellanger","radios digitales","radios num\u00e9riques","skyrock"],"articleSection":["Revue de Presse","Top"],"inLanguage":"fr-FR"},{"@type":"WebPage","@id":"https:\/\/www.lawebradio.com\/news\/keynote-2015-de-pierre-bellanger-pdg-de-skyrock-sur-lavenir-de-la-radio\/","url":"https:\/\/www.lawebradio.com\/news\/keynote-2015-de-pierre-bellanger-pdg-de-skyrock-sur-lavenir-de-la-radio\/","name":"L'avenir de la radio par Pierre Bellanger de Skyrock","isPartOf":{"@id":"https:\/\/www.lawebradio.com\/news\/#website"},"primaryImageOfPage":{"@id":"https:\/\/www.lawebradio.com\/news\/keynote-2015-de-pierre-bellanger-pdg-de-skyrock-sur-lavenir-de-la-radio\/#primaryimage"},"image":{"@id":"https:\/\/www.lawebradio.com\/news\/keynote-2015-de-pierre-bellanger-pdg-de-skyrock-sur-lavenir-de-la-radio\/#primaryimage"},"thumbnailUrl":"https:\/\/www.lawebradio.com\/news\/wp-content\/uploads\/2015\/02\/ima-p-belanger2015.jpg","datePublished":"2015-02-17T13:37:34+00:00","description":"Aujourd'hui deux groupes s'affrontent, les uns pour la radio IP, les autres pour la Radio Num\u00e9rique Terrestre.","inLanguage":"fr-FR","potentialAction":[{"@type":"ReadAction","target":["https:\/\/www.lawebradio.com\/news\/keynote-2015-de-pierre-bellanger-pdg-de-skyrock-sur-lavenir-de-la-radio\/"]}]},{"@type":"ImageObject","inLanguage":"fr-FR","@id":"https:\/\/www.lawebradio.com\/news\/keynote-2015-de-pierre-bellanger-pdg-de-skyrock-sur-lavenir-de-la-radio\/#primaryimage","url":"https:\/\/www.lawebradio.com\/news\/wp-content\/uploads\/2015\/02\/ima-p-belanger2015.jpg","contentUrl":"https:\/\/www.lawebradio.com\/news\/wp-content\/uploads\/2015\/02\/ima-p-belanger2015.jpg","width":640,"height":310},{"@type":"WebSite","@id":"https:\/\/www.lawebradio.com\/news\/#website","url":"https:\/\/www.lawebradio.com\/news\/","name":"Lawebradio.com - Actualit\u00e9s des radios digitales","description":"","publisher":{"@id":"https:\/\/www.lawebradio.com\/news\/#organization"},"potentialAction":[{"@type":"SearchAction","target":{"@type":"EntryPoint","urlTemplate":"https:\/\/www.lawebradio.com\/news\/?s={search_term_string}"},"query-input":{"@type":"PropertyValueSpecification","valueRequired":true,"valueName":"search_term_string"}}],"inLanguage":"fr-FR"},{"@type":"Organization","@id":"https:\/\/www.lawebradio.com\/news\/#organization","name":"Lawebradio.com - Actualit\u00e9s des radios digitales","url":"https:\/\/www.lawebradio.com\/news\/","logo":{"@type":"ImageObject","inLanguage":"fr-FR","@id":"https:\/\/www.lawebradio.com\/news\/#\/schema\/logo\/image\/","url":"https:\/\/www.lawebradio.com\/news\/wp-content\/uploads\/2020\/10\/logo2020.png","contentUrl":"https:\/\/www.lawebradio.com\/news\/wp-content\/uploads\/2020\/10\/logo2020.png","width":254,"height":43,"caption":"Lawebradio.com - Actualit\u00e9s des radios digitales"},"image":{"@id":"https:\/\/www.lawebradio.com\/news\/#\/schema\/logo\/image\/"}},{"@type":"Person","@id":"https:\/\/www.lawebradio.com\/news\/#\/schema\/person\/95fd11aee6e6cfe70a4b58b482103f1f","name":"Julien Lecourbe","image":{"@type":"ImageObject","inLanguage":"fr-FR","@id":"https:\/\/secure.gravatar.com\/avatar\/0d25a327c6e268d9730d9c0cbeeee0fea76f04c6cf9528c29e782ef324afc515?s=96&d=mm&r=g","url":"https:\/\/secure.gravatar.com\/avatar\/0d25a327c6e268d9730d9c0cbeeee0fea76f04c6cf9528c29e782ef324afc515?s=96&d=mm&r=g","contentUrl":"https:\/\/secure.gravatar.com\/avatar\/0d25a327c6e268d9730d9c0cbeeee0fea76f04c6cf9528c29e782ef324afc515?s=96&d=mm&r=g","caption":"Julien Lecourbe"},"url":"https:\/\/www.lawebradio.com\/news\/author\/la-redaction\/"}]}},"_links":{"self":[{"href":"https:\/\/www.lawebradio.com\/news\/wp-json\/wp\/v2\/posts\/2237","targetHints":{"allow":["GET"]}}],"collection":[{"href":"https:\/\/www.lawebradio.com\/news\/wp-json\/wp\/v2\/posts"}],"about":[{"href":"https:\/\/www.lawebradio.com\/news\/wp-json\/wp\/v2\/types\/post"}],"author":[{"embeddable":true,"href":"https:\/\/www.lawebradio.com\/news\/wp-json\/wp\/v2\/users\/3"}],"replies":[{"embeddable":true,"href":"https:\/\/www.lawebradio.com\/news\/wp-json\/wp\/v2\/comments?post=2237"}],"version-history":[{"count":1,"href":"https:\/\/www.lawebradio.com\/news\/wp-json\/wp\/v2\/posts\/2237\/revisions"}],"predecessor-version":[{"id":2239,"href":"https:\/\/www.lawebradio.com\/news\/wp-json\/wp\/v2\/posts\/2237\/revisions\/2239"}],"wp:featuredmedia":[{"embeddable":true,"href":"https:\/\/www.lawebradio.com\/news\/wp-json\/wp\/v2\/media\/2238"}],"wp:attachment":[{"href":"https:\/\/www.lawebradio.com\/news\/wp-json\/wp\/v2\/media?parent=2237"}],"wp:term":[{"taxonomy":"category","embeddable":true,"href":"https:\/\/www.lawebradio.com\/news\/wp-json\/wp\/v2\/categories?post=2237"},{"taxonomy":"post_tag","embeddable":true,"href":"https:\/\/www.lawebradio.com\/news\/wp-json\/wp\/v2\/tags?post=2237"}],"curies":[{"name":"wp","href":"https:\/\/api.w.org\/{rel}","templated":true}]}}