{"id":2226,"date":"2015-02-15T21:48:56","date_gmt":"2015-02-15T20:48:56","guid":{"rendered":"http:\/\/www.lawebradio.com\/news\/?p=2226"},"modified":"2016-11-28T11:57:55","modified_gmt":"2016-11-28T10:57:55","slug":"only1-radio-le-son-dance-et-electro","status":"publish","type":"post","link":"https:\/\/www.lawebradio.com\/news\/only1-radio-le-son-dance-et-electro\/","title":{"rendered":"Only1 Radio, Le Son Dance et Electro"},"content":{"rendered":"<p><strong>Jeremy, animateur durant plusieurs ann\u00e9es en radio FM pour de grands r\u00e9seaux, a eu envie de cr\u00e9er sa propre radio Dance, Only1 Radio, avec un groupe de DJs et amis.<\/strong><\/p>\n<p>&#8211; Jeremy : \u00ab\u00a0Je connais bien l\u2019univers de la radio apr\u00e8s avoir travaill\u00e9 pour NRJ Lille dans les ann\u00e9es 80. J\u2019ai aussi \u00e9t\u00e9 animateur et coresponsable de programmation sur Radio Mons (aujourd\u2019hui disparue) ainsi que sur radio Contact en Belgique. Durant toutes ces ann\u00e9es, j\u2019ai \u00e9t\u00e9 \u00e9galement DJ dans des discoth\u00e8ques. Aujourd\u2019hui, je travaille dans les transports en commun sur Lille et je g\u00e8re avec bonheur l\u2019association Only1 Radio.<\/p>\n<p>Notre programmation musicale est orient\u00e9e principalement Electro, Dance, House. N\u2019ayant pas de quota impos\u00e9 comme pour les radios FM, nous diffusons un large choix de titres comme des flashbacks des ann\u00e9es 80 aux nouveaut\u00e9s n\u2019exc\u00e9dant pas 1 mois apr\u00e8s leur sortie. Des modules Horoscope, Agenda, Cin\u00e9, Dvd, Actus insolites, Actus people, ponctuent nos \u00e9missions. Des flashs infos sont propos\u00e9s \u00e0 8h, 10h, et 12h.<\/p>\n<p>Only1 Radio dispose d\u2019un vrai studio et diffuse en live 24h\/24. Nous traitons le son avec un Orban 1100 pour garantir une \u00e9coute de qualit\u00e9. L\u2019\u00e9mission phare de la station est l\u2019incontournable \u00abdisques \u00e0 la demande\u00bb. Elle a lieu chaque jour de 14h \u00e0 18h. L\u2019auditeur peut demander des titres sur notre site web qui communique directement l\u2019information sur le logiciel de gestion de la playlist. Le soir, d\u00e8s 18h, Only1 Radio passe en mode Clubbing et laisse place aux DJs de la radio. Certains \u00e9tant de la r\u00e9gion Nord, viennent mixer en direct live.<\/p>\n<p>Nous organisons r\u00e9guli\u00e8rement des \u00e9v\u00e9nements ext\u00e9rieurs au cours de l\u2019ann\u00e9e et souvent \u00e0 l\u2019occasion de la F\u00eate de la Musique. D\u2019ailleurs, je me souviens d\u2019une soir\u00e9e m\u00e9morable en juin 2014 o\u00f9 le Maire de notre commune nous avait autoris\u00e9 une animation jusqu\u2019\u00e0 23h30. Mais le public \u00e9tant venu en masse, nous avons d\u00fb prolonger les festivit\u00e9s jusqu\u2019\u00e0 1 heure du matin avec la b\u00e9n\u00e9diction des autorit\u00e9s municipales pr\u00e9sentes, elles aussi, et heureuses de cette r\u00e9ussite. Toute l\u2019\u00e9quipe \u00e9tait sur les genoux, les DJs \u00e9taient lessiv\u00e9s par 14h de mix non-stop.<\/p>\n<p>C\u2019est dans ces moments que l\u2019on prend conscience de l\u2019esprit solidaire qui nous anime, mon \u00e9quipe et moi. On aime r\u00e9ellement ce que l\u2019on fait ! Nous sommes tous passionn\u00e9s de musique Electro et de Djing. Nous partageons cette passion quel que soit le nombre d\u2019auditeurs \u00e0 l\u2019\u00e9coute de Only1 radio.\u00a0\u00bb<\/p>\n<p>\u2022 <a href=\"http:\/\/lesradiosdigitales.com\/annuaire\/music\/only1-radio\/\" target=\"_blank\">Ecoutez Only1 Radio en direct sur Lesradiosdigitales.com<\/a><br \/>\n\u2022 Le site : <a href=\"http:\/\/www.only1.fr\" target=\"_blank\">http:\/\/www.only1.fr<\/a><\/p>\n","protected":false},"excerpt":{"rendered":"<p>Jeremy, animateur durant plusieurs ann\u00e9es en radio FM pour de grands r\u00e9seaux, a eu envie de cr\u00e9er sa propre radio Dance, Only1 Radio, avec un groupe de DJs et amis. &#8211; Jeremy : \u00ab\u00a0Je connais bien l\u2019univers de la radio apr\u00e8s avoir travaill\u00e9 pour NRJ Lille dans les ann\u00e9es 80. J\u2019ai aussi \u00e9t\u00e9 animateur et [&hellip;]<\/p>\n","protected":false},"author":3,"featured_media":2227,"comment_status":"closed","ping_status":"closed","sticky":false,"template":"","format":"standard","meta":{"_et_pb_use_builder":"","_et_pb_old_content":"","_et_gb_content_width":"","footnotes":""},"categories":[6],"tags":[292,747,15,44],"class_list":["post-2226","post","type-post","status-publish","format-standard","has-post-thumbnail","hentry","category-focus","tag-electrodance","tag-radio-dance","tag-radionomy","tag-webradios","et-has-post-format-content","et_post_format-et-post-format-standard"],"yoast_head":"<!-- This site is optimized with the Yoast SEO plugin v27.4 - https:\/\/yoast.com\/product\/yoast-seo-wordpress\/ -->\n<title>Only1 Radio, Le Son Dance et Electro - Lawebradio.com - Actualit\u00e9s des radios digitales<\/title>\n<meta name=\"description\" content=\"La radio du Nord aux sons de Belgique. Dance, Electro, House, Eurodance, Trance, Hands up, Techno. Tous les sons des 80&#039;s \u00e0 aujourd&#039;hui sur Only1 Radio.\" \/>\n<meta name=\"robots\" content=\"index, follow, max-snippet:-1, max-image-preview:large, max-video-preview:-1\" \/>\n<link rel=\"canonical\" href=\"https:\/\/www.lawebradio.com\/news\/only1-radio-le-son-dance-et-electro\/\" \/>\n<meta property=\"og:locale\" content=\"fr_FR\" \/>\n<meta property=\"og:type\" content=\"article\" \/>\n<meta property=\"og:title\" content=\"Only1 Radio, Le Son Dance et Electro - Lawebradio.com - Actualit\u00e9s des radios digitales\" \/>\n<meta property=\"og:description\" content=\"La radio du Nord aux sons de Belgique. Dance, Electro, House, Eurodance, Trance, Hands up, Techno. Tous les sons des 80&#039;s \u00e0 aujourd&#039;hui sur Only1 Radio.\" \/>\n<meta property=\"og:url\" content=\"https:\/\/www.lawebradio.com\/news\/only1-radio-le-son-dance-et-electro\/\" \/>\n<meta property=\"og:site_name\" content=\"Lawebradio.com - Actualit\u00e9s des radios digitales\" \/>\n<meta property=\"article:published_time\" content=\"2015-02-15T20:48:56+00:00\" \/>\n<meta property=\"article:modified_time\" content=\"2016-11-28T10:57:55+00:00\" \/>\n<meta property=\"og:image\" content=\"https:\/\/www.lawebradio.com\/news\/wp-content\/uploads\/2015\/02\/ima-onlyone2015.jpg\" \/>\n\t<meta property=\"og:image:width\" content=\"640\" \/>\n\t<meta property=\"og:image:height\" content=\"310\" \/>\n\t<meta property=\"og:image:type\" content=\"image\/jpeg\" \/>\n<meta name=\"author\" content=\"Julien Lecourbe\" \/>\n<meta name=\"twitter:label1\" content=\"\u00c9crit par\" \/>\n\t<meta name=\"twitter:data1\" content=\"Julien Lecourbe\" \/>\n\t<meta name=\"twitter:label2\" content=\"Dur\u00e9e de lecture estim\u00e9e\" \/>\n\t<meta name=\"twitter:data2\" content=\"2 minutes\" \/>\n<script type=\"application\/ld+json\" class=\"yoast-schema-graph\">{\"@context\":\"https:\\\/\\\/schema.org\",\"@graph\":[{\"@type\":\"Article\",\"@id\":\"https:\\\/\\\/www.lawebradio.com\\\/news\\\/only1-radio-le-son-dance-et-electro\\\/#article\",\"isPartOf\":{\"@id\":\"https:\\\/\\\/www.lawebradio.com\\\/news\\\/only1-radio-le-son-dance-et-electro\\\/\"},\"author\":{\"name\":\"Julien Lecourbe\",\"@id\":\"https:\\\/\\\/www.lawebradio.com\\\/news\\\/#\\\/schema\\\/person\\\/95fd11aee6e6cfe70a4b58b482103f1f\"},\"headline\":\"Only1 Radio, Le Son Dance et Electro\",\"datePublished\":\"2015-02-15T20:48:56+00:00\",\"dateModified\":\"2016-11-28T10:57:55+00:00\",\"mainEntityOfPage\":{\"@id\":\"https:\\\/\\\/www.lawebradio.com\\\/news\\\/only1-radio-le-son-dance-et-electro\\\/\"},\"wordCount\":464,\"publisher\":{\"@id\":\"https:\\\/\\\/www.lawebradio.com\\\/news\\\/#organization\"},\"image\":{\"@id\":\"https:\\\/\\\/www.lawebradio.com\\\/news\\\/only1-radio-le-son-dance-et-electro\\\/#primaryimage\"},\"thumbnailUrl\":\"https:\\\/\\\/www.lawebradio.com\\\/news\\\/wp-content\\\/uploads\\\/2015\\\/02\\\/ima-onlyone2015.jpg\",\"keywords\":[\"Electro\\\/Dance\",\"radio dance\",\"radionomy\",\"webradios\"],\"articleSection\":[\"Focus\"],\"inLanguage\":\"fr-FR\"},{\"@type\":\"WebPage\",\"@id\":\"https:\\\/\\\/www.lawebradio.com\\\/news\\\/only1-radio-le-son-dance-et-electro\\\/\",\"url\":\"https:\\\/\\\/www.lawebradio.com\\\/news\\\/only1-radio-le-son-dance-et-electro\\\/\",\"name\":\"Only1 Radio, Le Son Dance et Electro - Lawebradio.com - Actualit\u00e9s des radios digitales\",\"isPartOf\":{\"@id\":\"https:\\\/\\\/www.lawebradio.com\\\/news\\\/#website\"},\"primaryImageOfPage\":{\"@id\":\"https:\\\/\\\/www.lawebradio.com\\\/news\\\/only1-radio-le-son-dance-et-electro\\\/#primaryimage\"},\"image\":{\"@id\":\"https:\\\/\\\/www.lawebradio.com\\\/news\\\/only1-radio-le-son-dance-et-electro\\\/#primaryimage\"},\"thumbnailUrl\":\"https:\\\/\\\/www.lawebradio.com\\\/news\\\/wp-content\\\/uploads\\\/2015\\\/02\\\/ima-onlyone2015.jpg\",\"datePublished\":\"2015-02-15T20:48:56+00:00\",\"dateModified\":\"2016-11-28T10:57:55+00:00\",\"description\":\"La radio du Nord aux sons de Belgique. Dance, Electro, House, Eurodance, Trance, Hands up, Techno. Tous les sons des 80's \u00e0 aujourd'hui sur Only1 Radio.\",\"inLanguage\":\"fr-FR\",\"potentialAction\":[{\"@type\":\"ReadAction\",\"target\":[\"https:\\\/\\\/www.lawebradio.com\\\/news\\\/only1-radio-le-son-dance-et-electro\\\/\"]}]},{\"@type\":\"ImageObject\",\"inLanguage\":\"fr-FR\",\"@id\":\"https:\\\/\\\/www.lawebradio.com\\\/news\\\/only1-radio-le-son-dance-et-electro\\\/#primaryimage\",\"url\":\"https:\\\/\\\/www.lawebradio.com\\\/news\\\/wp-content\\\/uploads\\\/2015\\\/02\\\/ima-onlyone2015.jpg\",\"contentUrl\":\"https:\\\/\\\/www.lawebradio.com\\\/news\\\/wp-content\\\/uploads\\\/2015\\\/02\\\/ima-onlyone2015.jpg\",\"width\":640,\"height\":310},{\"@type\":\"WebSite\",\"@id\":\"https:\\\/\\\/www.lawebradio.com\\\/news\\\/#website\",\"url\":\"https:\\\/\\\/www.lawebradio.com\\\/news\\\/\",\"name\":\"Lawebradio.com - Actualit\u00e9s des radios digitales\",\"description\":\"\",\"publisher\":{\"@id\":\"https:\\\/\\\/www.lawebradio.com\\\/news\\\/#organization\"},\"potentialAction\":[{\"@type\":\"SearchAction\",\"target\":{\"@type\":\"EntryPoint\",\"urlTemplate\":\"https:\\\/\\\/www.lawebradio.com\\\/news\\\/?s={search_term_string}\"},\"query-input\":{\"@type\":\"PropertyValueSpecification\",\"valueRequired\":true,\"valueName\":\"search_term_string\"}}],\"inLanguage\":\"fr-FR\"},{\"@type\":\"Organization\",\"@id\":\"https:\\\/\\\/www.lawebradio.com\\\/news\\\/#organization\",\"name\":\"Lawebradio.com - Actualit\u00e9s des radios digitales\",\"url\":\"https:\\\/\\\/www.lawebradio.com\\\/news\\\/\",\"logo\":{\"@type\":\"ImageObject\",\"inLanguage\":\"fr-FR\",\"@id\":\"https:\\\/\\\/www.lawebradio.com\\\/news\\\/#\\\/schema\\\/logo\\\/image\\\/\",\"url\":\"https:\\\/\\\/www.lawebradio.com\\\/news\\\/wp-content\\\/uploads\\\/2020\\\/10\\\/logo2020.png\",\"contentUrl\":\"https:\\\/\\\/www.lawebradio.com\\\/news\\\/wp-content\\\/uploads\\\/2020\\\/10\\\/logo2020.png\",\"width\":254,\"height\":43,\"caption\":\"Lawebradio.com - Actualit\u00e9s des radios digitales\"},\"image\":{\"@id\":\"https:\\\/\\\/www.lawebradio.com\\\/news\\\/#\\\/schema\\\/logo\\\/image\\\/\"}},{\"@type\":\"Person\",\"@id\":\"https:\\\/\\\/www.lawebradio.com\\\/news\\\/#\\\/schema\\\/person\\\/95fd11aee6e6cfe70a4b58b482103f1f\",\"name\":\"Julien Lecourbe\",\"image\":{\"@type\":\"ImageObject\",\"inLanguage\":\"fr-FR\",\"@id\":\"https:\\\/\\\/secure.gravatar.com\\\/avatar\\\/0d25a327c6e268d9730d9c0cbeeee0fea76f04c6cf9528c29e782ef324afc515?s=96&d=mm&r=g\",\"url\":\"https:\\\/\\\/secure.gravatar.com\\\/avatar\\\/0d25a327c6e268d9730d9c0cbeeee0fea76f04c6cf9528c29e782ef324afc515?s=96&d=mm&r=g\",\"contentUrl\":\"https:\\\/\\\/secure.gravatar.com\\\/avatar\\\/0d25a327c6e268d9730d9c0cbeeee0fea76f04c6cf9528c29e782ef324afc515?s=96&d=mm&r=g\",\"caption\":\"Julien Lecourbe\"},\"url\":\"https:\\\/\\\/www.lawebradio.com\\\/news\\\/author\\\/la-redaction\\\/\"}]}<\/script>\n<!-- \/ Yoast SEO plugin. -->","yoast_head_json":{"title":"Only1 Radio, Le Son Dance et Electro - Lawebradio.com - Actualit\u00e9s des radios digitales","description":"La radio du Nord aux sons de Belgique. Dance, Electro, House, Eurodance, Trance, Hands up, Techno. Tous les sons des 80's \u00e0 aujourd'hui sur Only1 Radio.","robots":{"index":"index","follow":"follow","max-snippet":"max-snippet:-1","max-image-preview":"max-image-preview:large","max-video-preview":"max-video-preview:-1"},"canonical":"https:\/\/www.lawebradio.com\/news\/only1-radio-le-son-dance-et-electro\/","og_locale":"fr_FR","og_type":"article","og_title":"Only1 Radio, Le Son Dance et Electro - Lawebradio.com - Actualit\u00e9s des radios digitales","og_description":"La radio du Nord aux sons de Belgique. Dance, Electro, House, Eurodance, Trance, Hands up, Techno. Tous les sons des 80's \u00e0 aujourd'hui sur Only1 Radio.","og_url":"https:\/\/www.lawebradio.com\/news\/only1-radio-le-son-dance-et-electro\/","og_site_name":"Lawebradio.com - Actualit\u00e9s des radios digitales","article_published_time":"2015-02-15T20:48:56+00:00","article_modified_time":"2016-11-28T10:57:55+00:00","og_image":[{"width":640,"height":310,"url":"https:\/\/www.lawebradio.com\/news\/wp-content\/uploads\/2015\/02\/ima-onlyone2015.jpg","type":"image\/jpeg"}],"author":"Julien Lecourbe","twitter_misc":{"\u00c9crit par":"Julien Lecourbe","Dur\u00e9e de lecture estim\u00e9e":"2 minutes"},"schema":{"@context":"https:\/\/schema.org","@graph":[{"@type":"Article","@id":"https:\/\/www.lawebradio.com\/news\/only1-radio-le-son-dance-et-electro\/#article","isPartOf":{"@id":"https:\/\/www.lawebradio.com\/news\/only1-radio-le-son-dance-et-electro\/"},"author":{"name":"Julien Lecourbe","@id":"https:\/\/www.lawebradio.com\/news\/#\/schema\/person\/95fd11aee6e6cfe70a4b58b482103f1f"},"headline":"Only1 Radio, Le Son Dance et Electro","datePublished":"2015-02-15T20:48:56+00:00","dateModified":"2016-11-28T10:57:55+00:00","mainEntityOfPage":{"@id":"https:\/\/www.lawebradio.com\/news\/only1-radio-le-son-dance-et-electro\/"},"wordCount":464,"publisher":{"@id":"https:\/\/www.lawebradio.com\/news\/#organization"},"image":{"@id":"https:\/\/www.lawebradio.com\/news\/only1-radio-le-son-dance-et-electro\/#primaryimage"},"thumbnailUrl":"https:\/\/www.lawebradio.com\/news\/wp-content\/uploads\/2015\/02\/ima-onlyone2015.jpg","keywords":["Electro\/Dance","radio dance","radionomy","webradios"],"articleSection":["Focus"],"inLanguage":"fr-FR"},{"@type":"WebPage","@id":"https:\/\/www.lawebradio.com\/news\/only1-radio-le-son-dance-et-electro\/","url":"https:\/\/www.lawebradio.com\/news\/only1-radio-le-son-dance-et-electro\/","name":"Only1 Radio, Le Son Dance et Electro - Lawebradio.com - Actualit\u00e9s des radios digitales","isPartOf":{"@id":"https:\/\/www.lawebradio.com\/news\/#website"},"primaryImageOfPage":{"@id":"https:\/\/www.lawebradio.com\/news\/only1-radio-le-son-dance-et-electro\/#primaryimage"},"image":{"@id":"https:\/\/www.lawebradio.com\/news\/only1-radio-le-son-dance-et-electro\/#primaryimage"},"thumbnailUrl":"https:\/\/www.lawebradio.com\/news\/wp-content\/uploads\/2015\/02\/ima-onlyone2015.jpg","datePublished":"2015-02-15T20:48:56+00:00","dateModified":"2016-11-28T10:57:55+00:00","description":"La radio du Nord aux sons de Belgique. Dance, Electro, House, Eurodance, Trance, Hands up, Techno. Tous les sons des 80's \u00e0 aujourd'hui sur Only1 Radio.","inLanguage":"fr-FR","potentialAction":[{"@type":"ReadAction","target":["https:\/\/www.lawebradio.com\/news\/only1-radio-le-son-dance-et-electro\/"]}]},{"@type":"ImageObject","inLanguage":"fr-FR","@id":"https:\/\/www.lawebradio.com\/news\/only1-radio-le-son-dance-et-electro\/#primaryimage","url":"https:\/\/www.lawebradio.com\/news\/wp-content\/uploads\/2015\/02\/ima-onlyone2015.jpg","contentUrl":"https:\/\/www.lawebradio.com\/news\/wp-content\/uploads\/2015\/02\/ima-onlyone2015.jpg","width":640,"height":310},{"@type":"WebSite","@id":"https:\/\/www.lawebradio.com\/news\/#website","url":"https:\/\/www.lawebradio.com\/news\/","name":"Lawebradio.com - Actualit\u00e9s des radios digitales","description":"","publisher":{"@id":"https:\/\/www.lawebradio.com\/news\/#organization"},"potentialAction":[{"@type":"SearchAction","target":{"@type":"EntryPoint","urlTemplate":"https:\/\/www.lawebradio.com\/news\/?s={search_term_string}"},"query-input":{"@type":"PropertyValueSpecification","valueRequired":true,"valueName":"search_term_string"}}],"inLanguage":"fr-FR"},{"@type":"Organization","@id":"https:\/\/www.lawebradio.com\/news\/#organization","name":"Lawebradio.com - Actualit\u00e9s des radios digitales","url":"https:\/\/www.lawebradio.com\/news\/","logo":{"@type":"ImageObject","inLanguage":"fr-FR","@id":"https:\/\/www.lawebradio.com\/news\/#\/schema\/logo\/image\/","url":"https:\/\/www.lawebradio.com\/news\/wp-content\/uploads\/2020\/10\/logo2020.png","contentUrl":"https:\/\/www.lawebradio.com\/news\/wp-content\/uploads\/2020\/10\/logo2020.png","width":254,"height":43,"caption":"Lawebradio.com - Actualit\u00e9s des radios digitales"},"image":{"@id":"https:\/\/www.lawebradio.com\/news\/#\/schema\/logo\/image\/"}},{"@type":"Person","@id":"https:\/\/www.lawebradio.com\/news\/#\/schema\/person\/95fd11aee6e6cfe70a4b58b482103f1f","name":"Julien Lecourbe","image":{"@type":"ImageObject","inLanguage":"fr-FR","@id":"https:\/\/secure.gravatar.com\/avatar\/0d25a327c6e268d9730d9c0cbeeee0fea76f04c6cf9528c29e782ef324afc515?s=96&d=mm&r=g","url":"https:\/\/secure.gravatar.com\/avatar\/0d25a327c6e268d9730d9c0cbeeee0fea76f04c6cf9528c29e782ef324afc515?s=96&d=mm&r=g","contentUrl":"https:\/\/secure.gravatar.com\/avatar\/0d25a327c6e268d9730d9c0cbeeee0fea76f04c6cf9528c29e782ef324afc515?s=96&d=mm&r=g","caption":"Julien Lecourbe"},"url":"https:\/\/www.lawebradio.com\/news\/author\/la-redaction\/"}]}},"_links":{"self":[{"href":"https:\/\/www.lawebradio.com\/news\/wp-json\/wp\/v2\/posts\/2226","targetHints":{"allow":["GET"]}}],"collection":[{"href":"https:\/\/www.lawebradio.com\/news\/wp-json\/wp\/v2\/posts"}],"about":[{"href":"https:\/\/www.lawebradio.com\/news\/wp-json\/wp\/v2\/types\/post"}],"author":[{"embeddable":true,"href":"https:\/\/www.lawebradio.com\/news\/wp-json\/wp\/v2\/users\/3"}],"replies":[{"embeddable":true,"href":"https:\/\/www.lawebradio.com\/news\/wp-json\/wp\/v2\/comments?post=2226"}],"version-history":[{"count":12,"href":"https:\/\/www.lawebradio.com\/news\/wp-json\/wp\/v2\/posts\/2226\/revisions"}],"predecessor-version":[{"id":4401,"href":"https:\/\/www.lawebradio.com\/news\/wp-json\/wp\/v2\/posts\/2226\/revisions\/4401"}],"wp:featuredmedia":[{"embeddable":true,"href":"https:\/\/www.lawebradio.com\/news\/wp-json\/wp\/v2\/media\/2227"}],"wp:attachment":[{"href":"https:\/\/www.lawebradio.com\/news\/wp-json\/wp\/v2\/media?parent=2226"}],"wp:term":[{"taxonomy":"category","embeddable":true,"href":"https:\/\/www.lawebradio.com\/news\/wp-json\/wp\/v2\/categories?post=2226"},{"taxonomy":"post_tag","embeddable":true,"href":"https:\/\/www.lawebradio.com\/news\/wp-json\/wp\/v2\/tags?post=2226"}],"curies":[{"name":"wp","href":"https:\/\/api.w.org\/{rel}","templated":true}]}}