{"id":222,"date":"2013-10-14T08:45:31","date_gmt":"2013-10-14T07:45:31","guid":{"rendered":"http:\/\/www.lawebradio.com\/news\/?p=222"},"modified":"2013-10-14T11:04:47","modified_gmt":"2013-10-14T10:04:47","slug":"fan-pink-floyd","status":"publish","type":"post","link":"https:\/\/www.lawebradio.com\/news\/fan-pink-floyd\/","title":{"rendered":"Fan de&#8230; Pink Floyd !"},"content":{"rendered":"<p><strong>Lo\u00efc Jammet, 44 ans, est un inconditionnel, depuis son adolescence, de ce groupe rock progressif des ann\u00e9es 70.<\/strong><\/p>\n<p>Saisissant l&rsquo;opportunit\u00e9 de cr\u00e9er sa propre radio num\u00e9rique en utilisant les services de streaming de la plate-forme Radionomy.com, il lance en 2011, \u00e0 Saint-Ju\u00e9ry dans le Tarn, Felling Floyd Radio avec une admiration particuli\u00e8re pour le chanteur-guitariste David Gilmour \u00e0 qui il consacre un best of chaque soir \u00e0 l&rsquo;antenne.<\/p>\n<p>Souvent rejoint le week-end par des amis pour co-animer des \u00e9missions, Lo\u00efc Jammet consacre 80% du temps d&rsquo;antenne au groupe anglais. Le reste est partag\u00e9 entre les albums solo des musiciens des Pink Floyd et des tubes phares des ann\u00e9es 80, dans le m\u00eame genre.<br \/>\nAvec une moyenne de 10.000 auditeurs par jour, Felling Floyd touche ses fans partout dans le monde. <em>\u00ab\u00a0On remplit un Bercy tous les deux jours\u00a0\u00bb<\/em> s&rsquo;exclame Lo\u00efc Jammet, ravi du succ\u00e8s de sa webradio th\u00e9matique qui se classe en 20\u00e8me position du classement OJD des radios Pop-rock les plus \u00e9cout\u00e9es.<\/p>\n<p><a href=\"http:\/\/feelingfloyd.blogspot.fr\/\" target=\"_blank\">\u2022 Visitez le site de Feeling Floyd<\/a><\/p>\n<p><iframe loading=\"lazy\" src=\"http:\/\/www.dailymotion.com\/embed\/video\/x15s63q\" height=\"270\" width=\"480\" frameborder=\"0\"><\/iframe><\/p>\n<p><object width=\"245\" height=\"90\" classid=\"clsid:d27cdb6e-ae6d-11cf-96b8-444553540000\" codebase=\"http:\/\/download.macromedia.com\/pub\/shockwave\/cabs\/flash\/swflash.cab#version=6,0,40,0\"><param name=\"allowscriptaccess\" value=\"always\" \/><param name=\"wmode\" value=\"transparent\" \/><param name=\"src\" value=\"http:\/\/static.radionomy.com\/cdn\/flash\/BannerEmbed.swf?RadUID=d13d12ae-20cb-4f72-8760-a8df8707cbcb&amp;titlesColor=ffffff&amp;color=7d7d7d&amp;autoPlay=no&amp;lang=en\" \/><embed width=\"245\" height=\"90\" type=\"application\/x-shockwave-flash\" src=\"http:\/\/static.radionomy.com\/cdn\/flash\/BannerEmbed.swf?RadUID=d13d12ae-20cb-4f72-8760-a8df8707cbcb&amp;titlesColor=ffffff&amp;color=7d7d7d&amp;autoPlay=no&amp;lang=en\" allowscriptaccess=\"always\" wmode=\"transparent\" \/><\/object><\/p>\n","protected":false},"excerpt":{"rendered":"<p>Lo\u00efc Jammet, 44 ans, est un inconditionnel, depuis son adolescence, de ce groupe rock progressif des ann\u00e9es 70. Saisissant l&rsquo;opportunit\u00e9 de cr\u00e9er sa propre radio num\u00e9rique en utilisant les services de streaming de la plate-forme Radionomy.com, il lance en 2011, \u00e0 Saint-Ju\u00e9ry dans le Tarn, Felling Floyd Radio avec une admiration particuli\u00e8re pour le chanteur-guitariste [&hellip;]<\/p>\n","protected":false},"author":3,"featured_media":227,"comment_status":"closed","ping_status":"closed","sticky":false,"template":"","format":"standard","meta":{"_et_pb_use_builder":"","_et_pb_old_content":"","_et_gb_content_width":"","footnotes":""},"categories":[6],"tags":[29],"class_list":["post-222","post","type-post","status-publish","format-standard","has-post-thumbnail","hentry","category-focus","tag-webradios-pink-floyd","et-has-post-format-content","et_post_format-et-post-format-standard"],"yoast_head":"<!-- This site is optimized with the Yoast SEO plugin v27.4 - https:\/\/yoast.com\/product\/yoast-seo-wordpress\/ -->\n<title>Fan de... Pink Floyd ! - Lawebradio.com - Actualit\u00e9s des radios digitales<\/title>\n<meta name=\"robots\" content=\"index, follow, max-snippet:-1, max-image-preview:large, max-video-preview:-1\" \/>\n<link rel=\"canonical\" href=\"https:\/\/www.lawebradio.com\/news\/fan-pink-floyd\/\" \/>\n<meta property=\"og:locale\" content=\"fr_FR\" \/>\n<meta property=\"og:type\" content=\"article\" \/>\n<meta property=\"og:title\" content=\"Fan de... Pink Floyd ! - Lawebradio.com - Actualit\u00e9s des radios digitales\" \/>\n<meta property=\"og:description\" content=\"Lo\u00efc Jammet, 44 ans, est un inconditionnel, depuis son adolescence, de ce groupe rock progressif des ann\u00e9es 70. Saisissant l&rsquo;opportunit\u00e9 de cr\u00e9er sa propre radio num\u00e9rique en utilisant les services de streaming de la plate-forme Radionomy.com, il lance en 2011, \u00e0 Saint-Ju\u00e9ry dans le Tarn, Felling Floyd Radio avec une admiration particuli\u00e8re pour le chanteur-guitariste [&hellip;]\" \/>\n<meta property=\"og:url\" content=\"https:\/\/www.lawebradio.com\/news\/fan-pink-floyd\/\" \/>\n<meta property=\"og:site_name\" content=\"Lawebradio.com - Actualit\u00e9s des radios digitales\" \/>\n<meta property=\"article:published_time\" content=\"2013-10-14T07:45:31+00:00\" \/>\n<meta property=\"article:modified_time\" content=\"2013-10-14T10:04:47+00:00\" \/>\n<meta property=\"og:image\" content=\"https:\/\/www.lawebradio.com\/news\/wp-content\/uploads\/2013\/10\/ima3-feelingfloyd102013.jpg\" \/>\n\t<meta property=\"og:image:width\" content=\"642\" \/>\n\t<meta property=\"og:image:height\" content=\"300\" \/>\n\t<meta property=\"og:image:type\" content=\"image\/jpeg\" \/>\n<meta name=\"author\" content=\"Julien Lecourbe\" \/>\n<meta name=\"twitter:label1\" content=\"\u00c9crit par\" \/>\n\t<meta name=\"twitter:data1\" content=\"Julien Lecourbe\" \/>\n\t<meta name=\"twitter:label2\" content=\"Dur\u00e9e de lecture estim\u00e9e\" \/>\n\t<meta name=\"twitter:data2\" content=\"1 minute\" \/>\n<script type=\"application\/ld+json\" class=\"yoast-schema-graph\">{\"@context\":\"https:\\\/\\\/schema.org\",\"@graph\":[{\"@type\":\"Article\",\"@id\":\"https:\\\/\\\/www.lawebradio.com\\\/news\\\/fan-pink-floyd\\\/#article\",\"isPartOf\":{\"@id\":\"https:\\\/\\\/www.lawebradio.com\\\/news\\\/fan-pink-floyd\\\/\"},\"author\":{\"name\":\"Julien Lecourbe\",\"@id\":\"https:\\\/\\\/www.lawebradio.com\\\/news\\\/#\\\/schema\\\/person\\\/95fd11aee6e6cfe70a4b58b482103f1f\"},\"headline\":\"Fan de&#8230; Pink Floyd !\",\"datePublished\":\"2013-10-14T07:45:31+00:00\",\"dateModified\":\"2013-10-14T10:04:47+00:00\",\"mainEntityOfPage\":{\"@id\":\"https:\\\/\\\/www.lawebradio.com\\\/news\\\/fan-pink-floyd\\\/\"},\"wordCount\":182,\"publisher\":{\"@id\":\"https:\\\/\\\/www.lawebradio.com\\\/news\\\/#organization\"},\"image\":{\"@id\":\"https:\\\/\\\/www.lawebradio.com\\\/news\\\/fan-pink-floyd\\\/#primaryimage\"},\"thumbnailUrl\":\"https:\\\/\\\/www.lawebradio.com\\\/news\\\/wp-content\\\/uploads\\\/2013\\\/10\\\/ima3-feelingfloyd102013.jpg\",\"keywords\":[\"webradios pink floyd\"],\"articleSection\":[\"Focus\"],\"inLanguage\":\"fr-FR\"},{\"@type\":\"WebPage\",\"@id\":\"https:\\\/\\\/www.lawebradio.com\\\/news\\\/fan-pink-floyd\\\/\",\"url\":\"https:\\\/\\\/www.lawebradio.com\\\/news\\\/fan-pink-floyd\\\/\",\"name\":\"Fan de... Pink Floyd ! - Lawebradio.com - Actualit\u00e9s des radios digitales\",\"isPartOf\":{\"@id\":\"https:\\\/\\\/www.lawebradio.com\\\/news\\\/#website\"},\"primaryImageOfPage\":{\"@id\":\"https:\\\/\\\/www.lawebradio.com\\\/news\\\/fan-pink-floyd\\\/#primaryimage\"},\"image\":{\"@id\":\"https:\\\/\\\/www.lawebradio.com\\\/news\\\/fan-pink-floyd\\\/#primaryimage\"},\"thumbnailUrl\":\"https:\\\/\\\/www.lawebradio.com\\\/news\\\/wp-content\\\/uploads\\\/2013\\\/10\\\/ima3-feelingfloyd102013.jpg\",\"datePublished\":\"2013-10-14T07:45:31+00:00\",\"dateModified\":\"2013-10-14T10:04:47+00:00\",\"inLanguage\":\"fr-FR\",\"potentialAction\":[{\"@type\":\"ReadAction\",\"target\":[\"https:\\\/\\\/www.lawebradio.com\\\/news\\\/fan-pink-floyd\\\/\"]}]},{\"@type\":\"ImageObject\",\"inLanguage\":\"fr-FR\",\"@id\":\"https:\\\/\\\/www.lawebradio.com\\\/news\\\/fan-pink-floyd\\\/#primaryimage\",\"url\":\"https:\\\/\\\/www.lawebradio.com\\\/news\\\/wp-content\\\/uploads\\\/2013\\\/10\\\/ima3-feelingfloyd102013.jpg\",\"contentUrl\":\"https:\\\/\\\/www.lawebradio.com\\\/news\\\/wp-content\\\/uploads\\\/2013\\\/10\\\/ima3-feelingfloyd102013.jpg\",\"width\":642,\"height\":300},{\"@type\":\"WebSite\",\"@id\":\"https:\\\/\\\/www.lawebradio.com\\\/news\\\/#website\",\"url\":\"https:\\\/\\\/www.lawebradio.com\\\/news\\\/\",\"name\":\"Lawebradio.com - Actualit\u00e9s des radios digitales\",\"description\":\"\",\"publisher\":{\"@id\":\"https:\\\/\\\/www.lawebradio.com\\\/news\\\/#organization\"},\"potentialAction\":[{\"@type\":\"SearchAction\",\"target\":{\"@type\":\"EntryPoint\",\"urlTemplate\":\"https:\\\/\\\/www.lawebradio.com\\\/news\\\/?s={search_term_string}\"},\"query-input\":{\"@type\":\"PropertyValueSpecification\",\"valueRequired\":true,\"valueName\":\"search_term_string\"}}],\"inLanguage\":\"fr-FR\"},{\"@type\":\"Organization\",\"@id\":\"https:\\\/\\\/www.lawebradio.com\\\/news\\\/#organization\",\"name\":\"Lawebradio.com - Actualit\u00e9s des radios digitales\",\"url\":\"https:\\\/\\\/www.lawebradio.com\\\/news\\\/\",\"logo\":{\"@type\":\"ImageObject\",\"inLanguage\":\"fr-FR\",\"@id\":\"https:\\\/\\\/www.lawebradio.com\\\/news\\\/#\\\/schema\\\/logo\\\/image\\\/\",\"url\":\"https:\\\/\\\/www.lawebradio.com\\\/news\\\/wp-content\\\/uploads\\\/2020\\\/10\\\/logo2020.png\",\"contentUrl\":\"https:\\\/\\\/www.lawebradio.com\\\/news\\\/wp-content\\\/uploads\\\/2020\\\/10\\\/logo2020.png\",\"width\":254,\"height\":43,\"caption\":\"Lawebradio.com - Actualit\u00e9s des radios digitales\"},\"image\":{\"@id\":\"https:\\\/\\\/www.lawebradio.com\\\/news\\\/#\\\/schema\\\/logo\\\/image\\\/\"}},{\"@type\":\"Person\",\"@id\":\"https:\\\/\\\/www.lawebradio.com\\\/news\\\/#\\\/schema\\\/person\\\/95fd11aee6e6cfe70a4b58b482103f1f\",\"name\":\"Julien Lecourbe\",\"image\":{\"@type\":\"ImageObject\",\"inLanguage\":\"fr-FR\",\"@id\":\"https:\\\/\\\/secure.gravatar.com\\\/avatar\\\/0d25a327c6e268d9730d9c0cbeeee0fea76f04c6cf9528c29e782ef324afc515?s=96&d=mm&r=g\",\"url\":\"https:\\\/\\\/secure.gravatar.com\\\/avatar\\\/0d25a327c6e268d9730d9c0cbeeee0fea76f04c6cf9528c29e782ef324afc515?s=96&d=mm&r=g\",\"contentUrl\":\"https:\\\/\\\/secure.gravatar.com\\\/avatar\\\/0d25a327c6e268d9730d9c0cbeeee0fea76f04c6cf9528c29e782ef324afc515?s=96&d=mm&r=g\",\"caption\":\"Julien Lecourbe\"},\"url\":\"https:\\\/\\\/www.lawebradio.com\\\/news\\\/author\\\/la-redaction\\\/\"}]}<\/script>\n<!-- \/ Yoast SEO plugin. -->","yoast_head_json":{"title":"Fan de... Pink Floyd ! - Lawebradio.com - Actualit\u00e9s des radios digitales","robots":{"index":"index","follow":"follow","max-snippet":"max-snippet:-1","max-image-preview":"max-image-preview:large","max-video-preview":"max-video-preview:-1"},"canonical":"https:\/\/www.lawebradio.com\/news\/fan-pink-floyd\/","og_locale":"fr_FR","og_type":"article","og_title":"Fan de... Pink Floyd ! - Lawebradio.com - Actualit\u00e9s des radios digitales","og_description":"Lo\u00efc Jammet, 44 ans, est un inconditionnel, depuis son adolescence, de ce groupe rock progressif des ann\u00e9es 70. Saisissant l&rsquo;opportunit\u00e9 de cr\u00e9er sa propre radio num\u00e9rique en utilisant les services de streaming de la plate-forme Radionomy.com, il lance en 2011, \u00e0 Saint-Ju\u00e9ry dans le Tarn, Felling Floyd Radio avec une admiration particuli\u00e8re pour le chanteur-guitariste [&hellip;]","og_url":"https:\/\/www.lawebradio.com\/news\/fan-pink-floyd\/","og_site_name":"Lawebradio.com - Actualit\u00e9s des radios digitales","article_published_time":"2013-10-14T07:45:31+00:00","article_modified_time":"2013-10-14T10:04:47+00:00","og_image":[{"width":642,"height":300,"url":"https:\/\/www.lawebradio.com\/news\/wp-content\/uploads\/2013\/10\/ima3-feelingfloyd102013.jpg","type":"image\/jpeg"}],"author":"Julien Lecourbe","twitter_misc":{"\u00c9crit par":"Julien Lecourbe","Dur\u00e9e de lecture estim\u00e9e":"1 minute"},"schema":{"@context":"https:\/\/schema.org","@graph":[{"@type":"Article","@id":"https:\/\/www.lawebradio.com\/news\/fan-pink-floyd\/#article","isPartOf":{"@id":"https:\/\/www.lawebradio.com\/news\/fan-pink-floyd\/"},"author":{"name":"Julien Lecourbe","@id":"https:\/\/www.lawebradio.com\/news\/#\/schema\/person\/95fd11aee6e6cfe70a4b58b482103f1f"},"headline":"Fan de&#8230; Pink Floyd !","datePublished":"2013-10-14T07:45:31+00:00","dateModified":"2013-10-14T10:04:47+00:00","mainEntityOfPage":{"@id":"https:\/\/www.lawebradio.com\/news\/fan-pink-floyd\/"},"wordCount":182,"publisher":{"@id":"https:\/\/www.lawebradio.com\/news\/#organization"},"image":{"@id":"https:\/\/www.lawebradio.com\/news\/fan-pink-floyd\/#primaryimage"},"thumbnailUrl":"https:\/\/www.lawebradio.com\/news\/wp-content\/uploads\/2013\/10\/ima3-feelingfloyd102013.jpg","keywords":["webradios pink floyd"],"articleSection":["Focus"],"inLanguage":"fr-FR"},{"@type":"WebPage","@id":"https:\/\/www.lawebradio.com\/news\/fan-pink-floyd\/","url":"https:\/\/www.lawebradio.com\/news\/fan-pink-floyd\/","name":"Fan de... Pink Floyd ! - Lawebradio.com - Actualit\u00e9s des radios digitales","isPartOf":{"@id":"https:\/\/www.lawebradio.com\/news\/#website"},"primaryImageOfPage":{"@id":"https:\/\/www.lawebradio.com\/news\/fan-pink-floyd\/#primaryimage"},"image":{"@id":"https:\/\/www.lawebradio.com\/news\/fan-pink-floyd\/#primaryimage"},"thumbnailUrl":"https:\/\/www.lawebradio.com\/news\/wp-content\/uploads\/2013\/10\/ima3-feelingfloyd102013.jpg","datePublished":"2013-10-14T07:45:31+00:00","dateModified":"2013-10-14T10:04:47+00:00","inLanguage":"fr-FR","potentialAction":[{"@type":"ReadAction","target":["https:\/\/www.lawebradio.com\/news\/fan-pink-floyd\/"]}]},{"@type":"ImageObject","inLanguage":"fr-FR","@id":"https:\/\/www.lawebradio.com\/news\/fan-pink-floyd\/#primaryimage","url":"https:\/\/www.lawebradio.com\/news\/wp-content\/uploads\/2013\/10\/ima3-feelingfloyd102013.jpg","contentUrl":"https:\/\/www.lawebradio.com\/news\/wp-content\/uploads\/2013\/10\/ima3-feelingfloyd102013.jpg","width":642,"height":300},{"@type":"WebSite","@id":"https:\/\/www.lawebradio.com\/news\/#website","url":"https:\/\/www.lawebradio.com\/news\/","name":"Lawebradio.com - Actualit\u00e9s des radios digitales","description":"","publisher":{"@id":"https:\/\/www.lawebradio.com\/news\/#organization"},"potentialAction":[{"@type":"SearchAction","target":{"@type":"EntryPoint","urlTemplate":"https:\/\/www.lawebradio.com\/news\/?s={search_term_string}"},"query-input":{"@type":"PropertyValueSpecification","valueRequired":true,"valueName":"search_term_string"}}],"inLanguage":"fr-FR"},{"@type":"Organization","@id":"https:\/\/www.lawebradio.com\/news\/#organization","name":"Lawebradio.com - Actualit\u00e9s des radios digitales","url":"https:\/\/www.lawebradio.com\/news\/","logo":{"@type":"ImageObject","inLanguage":"fr-FR","@id":"https:\/\/www.lawebradio.com\/news\/#\/schema\/logo\/image\/","url":"https:\/\/www.lawebradio.com\/news\/wp-content\/uploads\/2020\/10\/logo2020.png","contentUrl":"https:\/\/www.lawebradio.com\/news\/wp-content\/uploads\/2020\/10\/logo2020.png","width":254,"height":43,"caption":"Lawebradio.com - Actualit\u00e9s des radios digitales"},"image":{"@id":"https:\/\/www.lawebradio.com\/news\/#\/schema\/logo\/image\/"}},{"@type":"Person","@id":"https:\/\/www.lawebradio.com\/news\/#\/schema\/person\/95fd11aee6e6cfe70a4b58b482103f1f","name":"Julien Lecourbe","image":{"@type":"ImageObject","inLanguage":"fr-FR","@id":"https:\/\/secure.gravatar.com\/avatar\/0d25a327c6e268d9730d9c0cbeeee0fea76f04c6cf9528c29e782ef324afc515?s=96&d=mm&r=g","url":"https:\/\/secure.gravatar.com\/avatar\/0d25a327c6e268d9730d9c0cbeeee0fea76f04c6cf9528c29e782ef324afc515?s=96&d=mm&r=g","contentUrl":"https:\/\/secure.gravatar.com\/avatar\/0d25a327c6e268d9730d9c0cbeeee0fea76f04c6cf9528c29e782ef324afc515?s=96&d=mm&r=g","caption":"Julien Lecourbe"},"url":"https:\/\/www.lawebradio.com\/news\/author\/la-redaction\/"}]}},"_links":{"self":[{"href":"https:\/\/www.lawebradio.com\/news\/wp-json\/wp\/v2\/posts\/222","targetHints":{"allow":["GET"]}}],"collection":[{"href":"https:\/\/www.lawebradio.com\/news\/wp-json\/wp\/v2\/posts"}],"about":[{"href":"https:\/\/www.lawebradio.com\/news\/wp-json\/wp\/v2\/types\/post"}],"author":[{"embeddable":true,"href":"https:\/\/www.lawebradio.com\/news\/wp-json\/wp\/v2\/users\/3"}],"replies":[{"embeddable":true,"href":"https:\/\/www.lawebradio.com\/news\/wp-json\/wp\/v2\/comments?post=222"}],"version-history":[{"count":7,"href":"https:\/\/www.lawebradio.com\/news\/wp-json\/wp\/v2\/posts\/222\/revisions"}],"predecessor-version":[{"id":237,"href":"https:\/\/www.lawebradio.com\/news\/wp-json\/wp\/v2\/posts\/222\/revisions\/237"}],"wp:featuredmedia":[{"embeddable":true,"href":"https:\/\/www.lawebradio.com\/news\/wp-json\/wp\/v2\/media\/227"}],"wp:attachment":[{"href":"https:\/\/www.lawebradio.com\/news\/wp-json\/wp\/v2\/media?parent=222"}],"wp:term":[{"taxonomy":"category","embeddable":true,"href":"https:\/\/www.lawebradio.com\/news\/wp-json\/wp\/v2\/categories?post=222"},{"taxonomy":"post_tag","embeddable":true,"href":"https:\/\/www.lawebradio.com\/news\/wp-json\/wp\/v2\/tags?post=222"}],"curies":[{"name":"wp","href":"https:\/\/api.w.org\/{rel}","templated":true}]}}