{"id":2210,"date":"2015-02-09T15:12:04","date_gmt":"2015-02-09T14:12:04","guid":{"rendered":"http:\/\/www.lawebradio.com\/news\/?p=2210"},"modified":"2015-02-09T15:32:04","modified_gmt":"2015-02-09T14:32:04","slug":"remzouille-radio-1er-prix-webradio-onr-qualifio-du-salon-de-la-radio-2015","status":"publish","type":"post","link":"https:\/\/www.lawebradio.com\/news\/remzouille-radio-1er-prix-webradio-onr-qualifio-du-salon-de-la-radio-2015\/","title":{"rendered":"Remzouille Radio : 1er Prix Webradio On&rsquo;R Qualifio du Salon de la Radio 2015"},"content":{"rendered":"<p><strong>La c\u00e9r\u00e9monie de remise des Prix ON&rsquo;R Qualifio s\u2019est tenue sur le Salon de la Radio 2015 le dimanche 8 f\u00e9vrier 2015 \u00e0 18h00.<\/strong><\/p>\n<p>Cet \u00e9v\u00e9nement permet chaque ann\u00e9e de saluer les performances de plusieurs professionnels de la radio r\u00e9partis dans diff\u00e9rentes cat\u00e9gories dont les radios digitales. Remzouille Radio, h\u00e9berg\u00e9e sur la plate-forme de streaming de Radionomy, a remport\u00e9 le 1er prix avec 46% des voix face \u00e0 9 autres webradios s\u00e9lectionn\u00e9es. R\u00e9mi Manfredini, son fondateur ainsi que toute son \u00e9quipe ont remerci\u00e9 chaleureusement leurs auditeurs et fans de la premi\u00e8re heure pour les avoir soutenu.<\/p>\n<p>Les Prix ON&rsquo;R Qualifio sont soumis dans un premier temps au vote du public. Chaque station, entreprise ou personnalit\u00e9 est libre de communiquer sur le Prix On&rsquo;R Qualifio pour lequel elle participe afin de promouvoir son image et dans le but d\u2019encourager son public ou ses clients \u00e0 la soutenir. Dans un deuxi\u00e8me temps, un jury compos\u00e9 de 30 professionnels de la radio (exposants du Salon de la Radio) se r\u00e9unit le 8 f\u00e9vrier 2015. Ce jury attribue un nombre de points selon les crit\u00e8res de jugement d\u00e9finis ci-dessous :<br \/>\n&#8211;<img loading=\"lazy\" decoding=\"async\" class=\"alignright size-full wp-image-2216\" src=\"http:\/\/www.lawebradio.com\/news\/wp-content\/uploads\/2015\/02\/ima-prix-salon-radio2015.jpg\" alt=\"ima-prix-salon-radio2015\" width=\"214\" height=\"213\" srcset=\"https:\/\/www.lawebradio.com\/news\/wp-content\/uploads\/2015\/02\/ima-prix-salon-radio2015.jpg 214w, https:\/\/www.lawebradio.com\/news\/wp-content\/uploads\/2015\/02\/ima-prix-salon-radio2015-150x150.jpg 150w, https:\/\/www.lawebradio.com\/news\/wp-content\/uploads\/2015\/02\/ima-prix-salon-radio2015-50x50.jpg 50w, https:\/\/www.lawebradio.com\/news\/wp-content\/uploads\/2015\/02\/ima-prix-salon-radio2015-125x125.jpg 125w\" sizes=\"auto, (max-width: 214px) 100vw, 214px\" \/> Programmation (style, format musical\u2026)<br \/>\n&#8211; Cr\u00e9ation de contenus (imaging, grille &#8230;)<br \/>\n&#8211; D\u00e9veloppement strat\u00e9gique (\u00e9v\u00e9nementiels, partenariats &#8230;)<br \/>\n&#8211; D\u00e9veloppement technique (diffusion, application, site web&#8230;)<br \/>\n&#8211; Notori\u00e9t\u00e9 \/ Buzz (visibilit\u00e9 sur les r\u00e9seaux sociaux &#8230;)<br \/>\n&#8211; Innovation (originalit\u00e9, concepts &#8230;)<br \/>\nLa note de ce jury de professionnels intervient \u00e0 hauteur de 50% dans l\u2019attribution finale du Prix ON\u2019R Qualifio.<\/p>\n<p>\u2022 <strong><a href=\"http:\/\/www.lawebradio.com\/news\/remzouille-radio-webradio-du-grand-sud\/\">Lire l&rsquo;article de pr\u00e9sentation de Remzouille Radio..<\/a>.<\/strong><br \/>\n\u2022 Salon de la Radio : <a href=\"http:\/\/www.salondelaradio.com\" target=\"_blank\">http:\/\/www.salondelaradio.com\/<\/a><\/p>\n<p><object width=\"640\" height=\"90\"><param name=\"allowscriptaccess\" value=\"always\" \/><param name=\"movie\" value=\"http:\/\/static.radionomy.com\/cdn\/flash\/BannerEmbed.swf?RadUID=5587d6bc-b55f-47dd-908b-e691d6437754&amp;titlesColor=ffffff&amp;color=7d7d7d&amp;autoPlay=no&amp;lang=fr\" \/><param name=\"wmode\" value=\"transparent\" \/><embed src=\"http:\/\/static.radionomy.com\/cdn\/flash\/BannerEmbed.swf?RadUID=5587d6bc-b55f-47dd-908b-e691d6437754&amp;titlesColor=ffffff&amp;color=7d7d7d&amp;autoPlay=no&amp;lang=fr\" wmode=\"transparent\" type=\"application\/x-shockwave-flash\" allowscriptaccess=\"always\" width=\"640\" height=\"90\" \/><\/object><\/p>\n","protected":false},"excerpt":{"rendered":"<p>La c\u00e9r\u00e9monie de remise des Prix ON&rsquo;R Qualifio s\u2019est tenue sur le Salon de la Radio 2015 le dimanche 8 f\u00e9vrier 2015 \u00e0 18h00. Cet \u00e9v\u00e9nement permet chaque ann\u00e9e de saluer les performances de plusieurs professionnels de la radio r\u00e9partis dans diff\u00e9rentes cat\u00e9gories dont les radios digitales. Remzouille Radio, h\u00e9berg\u00e9e sur la plate-forme de streaming [&hellip;]<\/p>\n","protected":false},"author":3,"featured_media":2211,"comment_status":"closed","ping_status":"closed","sticky":false,"template":"","format":"standard","meta":{"_et_pb_use_builder":"","_et_pb_old_content":"","_et_gb_content_width":"","footnotes":""},"categories":[12,13],"tags":[15,757,394,44],"class_list":["post-2210","post","type-post","status-publish","format-standard","has-post-thumbnail","hentry","category-revue","category-top","tag-radionomy","tag-remzouille-radio","tag-salon-de-la-radio","tag-webradios","et-has-post-format-content","et_post_format-et-post-format-standard"],"yoast_head":"<!-- This site is optimized with the Yoast SEO plugin v27.4 - https:\/\/yoast.com\/product\/yoast-seo-wordpress\/ -->\n<title>Remzouille Radio : 1er Prix Webradio On&#039;R Qualifio du Salon de la Radio 2015 - Lawebradio.com - Actualit\u00e9s des radios digitales<\/title>\n<meta name=\"description\" content=\"La note de ce jury de professionnels intervient \u00e0 hauteur de 50 % dans l\u2019attribution finale du Prix ON\u2019R Qualifio.\" \/>\n<meta name=\"robots\" content=\"index, follow, max-snippet:-1, max-image-preview:large, max-video-preview:-1\" \/>\n<link rel=\"canonical\" href=\"https:\/\/www.lawebradio.com\/news\/remzouille-radio-1er-prix-webradio-onr-qualifio-du-salon-de-la-radio-2015\/\" \/>\n<meta property=\"og:locale\" content=\"fr_FR\" \/>\n<meta property=\"og:type\" content=\"article\" \/>\n<meta property=\"og:title\" content=\"Remzouille Radio : 1er Prix Webradio On&#039;R Qualifio du Salon de la Radio 2015 - Lawebradio.com - Actualit\u00e9s des radios digitales\" \/>\n<meta property=\"og:description\" content=\"La note de ce jury de professionnels intervient \u00e0 hauteur de 50 % dans l\u2019attribution finale du Prix ON\u2019R Qualifio.\" \/>\n<meta property=\"og:url\" content=\"https:\/\/www.lawebradio.com\/news\/remzouille-radio-1er-prix-webradio-onr-qualifio-du-salon-de-la-radio-2015\/\" \/>\n<meta property=\"og:site_name\" content=\"Lawebradio.com - Actualit\u00e9s des radios digitales\" \/>\n<meta property=\"article:published_time\" content=\"2015-02-09T14:12:04+00:00\" \/>\n<meta property=\"article:modified_time\" content=\"2015-02-09T14:32:04+00:00\" \/>\n<meta property=\"og:image\" content=\"https:\/\/www.lawebradio.com\/news\/wp-content\/uploads\/2015\/02\/ima-remzouille2015.jpg\" \/>\n\t<meta property=\"og:image:width\" content=\"640\" \/>\n\t<meta property=\"og:image:height\" content=\"310\" \/>\n\t<meta property=\"og:image:type\" content=\"image\/jpeg\" \/>\n<meta name=\"author\" content=\"Julien Lecourbe\" \/>\n<meta name=\"twitter:label1\" content=\"\u00c9crit par\" \/>\n\t<meta name=\"twitter:data1\" content=\"Julien Lecourbe\" \/>\n\t<meta name=\"twitter:label2\" content=\"Dur\u00e9e de lecture estim\u00e9e\" \/>\n\t<meta name=\"twitter:data2\" content=\"1 minute\" \/>\n<script type=\"application\/ld+json\" class=\"yoast-schema-graph\">{\"@context\":\"https:\\\/\\\/schema.org\",\"@graph\":[{\"@type\":\"Article\",\"@id\":\"https:\\\/\\\/www.lawebradio.com\\\/news\\\/remzouille-radio-1er-prix-webradio-onr-qualifio-du-salon-de-la-radio-2015\\\/#article\",\"isPartOf\":{\"@id\":\"https:\\\/\\\/www.lawebradio.com\\\/news\\\/remzouille-radio-1er-prix-webradio-onr-qualifio-du-salon-de-la-radio-2015\\\/\"},\"author\":{\"name\":\"Julien Lecourbe\",\"@id\":\"https:\\\/\\\/www.lawebradio.com\\\/news\\\/#\\\/schema\\\/person\\\/95fd11aee6e6cfe70a4b58b482103f1f\"},\"headline\":\"Remzouille Radio : 1er Prix Webradio On&rsquo;R Qualifio du Salon de la Radio 2015\",\"datePublished\":\"2015-02-09T14:12:04+00:00\",\"dateModified\":\"2015-02-09T14:32:04+00:00\",\"mainEntityOfPage\":{\"@id\":\"https:\\\/\\\/www.lawebradio.com\\\/news\\\/remzouille-radio-1er-prix-webradio-onr-qualifio-du-salon-de-la-radio-2015\\\/\"},\"wordCount\":289,\"publisher\":{\"@id\":\"https:\\\/\\\/www.lawebradio.com\\\/news\\\/#organization\"},\"image\":{\"@id\":\"https:\\\/\\\/www.lawebradio.com\\\/news\\\/remzouille-radio-1er-prix-webradio-onr-qualifio-du-salon-de-la-radio-2015\\\/#primaryimage\"},\"thumbnailUrl\":\"https:\\\/\\\/www.lawebradio.com\\\/news\\\/wp-content\\\/uploads\\\/2015\\\/02\\\/ima-remzouille2015.jpg\",\"keywords\":[\"radionomy\",\"remzouille radio\",\"salon de la radio\",\"webradios\"],\"articleSection\":[\"Revue de Presse\",\"Top\"],\"inLanguage\":\"fr-FR\"},{\"@type\":\"WebPage\",\"@id\":\"https:\\\/\\\/www.lawebradio.com\\\/news\\\/remzouille-radio-1er-prix-webradio-onr-qualifio-du-salon-de-la-radio-2015\\\/\",\"url\":\"https:\\\/\\\/www.lawebradio.com\\\/news\\\/remzouille-radio-1er-prix-webradio-onr-qualifio-du-salon-de-la-radio-2015\\\/\",\"name\":\"Remzouille Radio : 1er Prix Webradio On'R Qualifio du Salon de la Radio 2015 - Lawebradio.com - Actualit\u00e9s des radios digitales\",\"isPartOf\":{\"@id\":\"https:\\\/\\\/www.lawebradio.com\\\/news\\\/#website\"},\"primaryImageOfPage\":{\"@id\":\"https:\\\/\\\/www.lawebradio.com\\\/news\\\/remzouille-radio-1er-prix-webradio-onr-qualifio-du-salon-de-la-radio-2015\\\/#primaryimage\"},\"image\":{\"@id\":\"https:\\\/\\\/www.lawebradio.com\\\/news\\\/remzouille-radio-1er-prix-webradio-onr-qualifio-du-salon-de-la-radio-2015\\\/#primaryimage\"},\"thumbnailUrl\":\"https:\\\/\\\/www.lawebradio.com\\\/news\\\/wp-content\\\/uploads\\\/2015\\\/02\\\/ima-remzouille2015.jpg\",\"datePublished\":\"2015-02-09T14:12:04+00:00\",\"dateModified\":\"2015-02-09T14:32:04+00:00\",\"description\":\"La note de ce jury de professionnels intervient \u00e0 hauteur de 50 % dans l\u2019attribution finale du Prix ON\u2019R Qualifio.\",\"inLanguage\":\"fr-FR\",\"potentialAction\":[{\"@type\":\"ReadAction\",\"target\":[\"https:\\\/\\\/www.lawebradio.com\\\/news\\\/remzouille-radio-1er-prix-webradio-onr-qualifio-du-salon-de-la-radio-2015\\\/\"]}]},{\"@type\":\"ImageObject\",\"inLanguage\":\"fr-FR\",\"@id\":\"https:\\\/\\\/www.lawebradio.com\\\/news\\\/remzouille-radio-1er-prix-webradio-onr-qualifio-du-salon-de-la-radio-2015\\\/#primaryimage\",\"url\":\"https:\\\/\\\/www.lawebradio.com\\\/news\\\/wp-content\\\/uploads\\\/2015\\\/02\\\/ima-remzouille2015.jpg\",\"contentUrl\":\"https:\\\/\\\/www.lawebradio.com\\\/news\\\/wp-content\\\/uploads\\\/2015\\\/02\\\/ima-remzouille2015.jpg\",\"width\":640,\"height\":310},{\"@type\":\"WebSite\",\"@id\":\"https:\\\/\\\/www.lawebradio.com\\\/news\\\/#website\",\"url\":\"https:\\\/\\\/www.lawebradio.com\\\/news\\\/\",\"name\":\"Lawebradio.com - Actualit\u00e9s des radios digitales\",\"description\":\"\",\"publisher\":{\"@id\":\"https:\\\/\\\/www.lawebradio.com\\\/news\\\/#organization\"},\"potentialAction\":[{\"@type\":\"SearchAction\",\"target\":{\"@type\":\"EntryPoint\",\"urlTemplate\":\"https:\\\/\\\/www.lawebradio.com\\\/news\\\/?s={search_term_string}\"},\"query-input\":{\"@type\":\"PropertyValueSpecification\",\"valueRequired\":true,\"valueName\":\"search_term_string\"}}],\"inLanguage\":\"fr-FR\"},{\"@type\":\"Organization\",\"@id\":\"https:\\\/\\\/www.lawebradio.com\\\/news\\\/#organization\",\"name\":\"Lawebradio.com - Actualit\u00e9s des radios digitales\",\"url\":\"https:\\\/\\\/www.lawebradio.com\\\/news\\\/\",\"logo\":{\"@type\":\"ImageObject\",\"inLanguage\":\"fr-FR\",\"@id\":\"https:\\\/\\\/www.lawebradio.com\\\/news\\\/#\\\/schema\\\/logo\\\/image\\\/\",\"url\":\"https:\\\/\\\/www.lawebradio.com\\\/news\\\/wp-content\\\/uploads\\\/2020\\\/10\\\/logo2020.png\",\"contentUrl\":\"https:\\\/\\\/www.lawebradio.com\\\/news\\\/wp-content\\\/uploads\\\/2020\\\/10\\\/logo2020.png\",\"width\":254,\"height\":43,\"caption\":\"Lawebradio.com - Actualit\u00e9s des radios digitales\"},\"image\":{\"@id\":\"https:\\\/\\\/www.lawebradio.com\\\/news\\\/#\\\/schema\\\/logo\\\/image\\\/\"}},{\"@type\":\"Person\",\"@id\":\"https:\\\/\\\/www.lawebradio.com\\\/news\\\/#\\\/schema\\\/person\\\/95fd11aee6e6cfe70a4b58b482103f1f\",\"name\":\"Julien Lecourbe\",\"image\":{\"@type\":\"ImageObject\",\"inLanguage\":\"fr-FR\",\"@id\":\"https:\\\/\\\/secure.gravatar.com\\\/avatar\\\/0d25a327c6e268d9730d9c0cbeeee0fea76f04c6cf9528c29e782ef324afc515?s=96&d=mm&r=g\",\"url\":\"https:\\\/\\\/secure.gravatar.com\\\/avatar\\\/0d25a327c6e268d9730d9c0cbeeee0fea76f04c6cf9528c29e782ef324afc515?s=96&d=mm&r=g\",\"contentUrl\":\"https:\\\/\\\/secure.gravatar.com\\\/avatar\\\/0d25a327c6e268d9730d9c0cbeeee0fea76f04c6cf9528c29e782ef324afc515?s=96&d=mm&r=g\",\"caption\":\"Julien Lecourbe\"},\"url\":\"https:\\\/\\\/www.lawebradio.com\\\/news\\\/author\\\/la-redaction\\\/\"}]}<\/script>\n<!-- \/ Yoast SEO plugin. -->","yoast_head_json":{"title":"Remzouille Radio : 1er Prix Webradio On'R Qualifio du Salon de la Radio 2015 - Lawebradio.com - Actualit\u00e9s des radios digitales","description":"La note de ce jury de professionnels intervient \u00e0 hauteur de 50 % dans l\u2019attribution finale du Prix ON\u2019R Qualifio.","robots":{"index":"index","follow":"follow","max-snippet":"max-snippet:-1","max-image-preview":"max-image-preview:large","max-video-preview":"max-video-preview:-1"},"canonical":"https:\/\/www.lawebradio.com\/news\/remzouille-radio-1er-prix-webradio-onr-qualifio-du-salon-de-la-radio-2015\/","og_locale":"fr_FR","og_type":"article","og_title":"Remzouille Radio : 1er Prix Webradio On'R Qualifio du Salon de la Radio 2015 - Lawebradio.com - Actualit\u00e9s des radios digitales","og_description":"La note de ce jury de professionnels intervient \u00e0 hauteur de 50 % dans l\u2019attribution finale du Prix ON\u2019R Qualifio.","og_url":"https:\/\/www.lawebradio.com\/news\/remzouille-radio-1er-prix-webradio-onr-qualifio-du-salon-de-la-radio-2015\/","og_site_name":"Lawebradio.com - Actualit\u00e9s des radios digitales","article_published_time":"2015-02-09T14:12:04+00:00","article_modified_time":"2015-02-09T14:32:04+00:00","og_image":[{"width":640,"height":310,"url":"https:\/\/www.lawebradio.com\/news\/wp-content\/uploads\/2015\/02\/ima-remzouille2015.jpg","type":"image\/jpeg"}],"author":"Julien Lecourbe","twitter_misc":{"\u00c9crit par":"Julien Lecourbe","Dur\u00e9e de lecture estim\u00e9e":"1 minute"},"schema":{"@context":"https:\/\/schema.org","@graph":[{"@type":"Article","@id":"https:\/\/www.lawebradio.com\/news\/remzouille-radio-1er-prix-webradio-onr-qualifio-du-salon-de-la-radio-2015\/#article","isPartOf":{"@id":"https:\/\/www.lawebradio.com\/news\/remzouille-radio-1er-prix-webradio-onr-qualifio-du-salon-de-la-radio-2015\/"},"author":{"name":"Julien Lecourbe","@id":"https:\/\/www.lawebradio.com\/news\/#\/schema\/person\/95fd11aee6e6cfe70a4b58b482103f1f"},"headline":"Remzouille Radio : 1er Prix Webradio On&rsquo;R Qualifio du Salon de la Radio 2015","datePublished":"2015-02-09T14:12:04+00:00","dateModified":"2015-02-09T14:32:04+00:00","mainEntityOfPage":{"@id":"https:\/\/www.lawebradio.com\/news\/remzouille-radio-1er-prix-webradio-onr-qualifio-du-salon-de-la-radio-2015\/"},"wordCount":289,"publisher":{"@id":"https:\/\/www.lawebradio.com\/news\/#organization"},"image":{"@id":"https:\/\/www.lawebradio.com\/news\/remzouille-radio-1er-prix-webradio-onr-qualifio-du-salon-de-la-radio-2015\/#primaryimage"},"thumbnailUrl":"https:\/\/www.lawebradio.com\/news\/wp-content\/uploads\/2015\/02\/ima-remzouille2015.jpg","keywords":["radionomy","remzouille radio","salon de la radio","webradios"],"articleSection":["Revue de Presse","Top"],"inLanguage":"fr-FR"},{"@type":"WebPage","@id":"https:\/\/www.lawebradio.com\/news\/remzouille-radio-1er-prix-webradio-onr-qualifio-du-salon-de-la-radio-2015\/","url":"https:\/\/www.lawebradio.com\/news\/remzouille-radio-1er-prix-webradio-onr-qualifio-du-salon-de-la-radio-2015\/","name":"Remzouille Radio : 1er Prix Webradio On'R Qualifio du Salon de la Radio 2015 - Lawebradio.com - Actualit\u00e9s des radios digitales","isPartOf":{"@id":"https:\/\/www.lawebradio.com\/news\/#website"},"primaryImageOfPage":{"@id":"https:\/\/www.lawebradio.com\/news\/remzouille-radio-1er-prix-webradio-onr-qualifio-du-salon-de-la-radio-2015\/#primaryimage"},"image":{"@id":"https:\/\/www.lawebradio.com\/news\/remzouille-radio-1er-prix-webradio-onr-qualifio-du-salon-de-la-radio-2015\/#primaryimage"},"thumbnailUrl":"https:\/\/www.lawebradio.com\/news\/wp-content\/uploads\/2015\/02\/ima-remzouille2015.jpg","datePublished":"2015-02-09T14:12:04+00:00","dateModified":"2015-02-09T14:32:04+00:00","description":"La note de ce jury de professionnels intervient \u00e0 hauteur de 50 % dans l\u2019attribution finale du Prix ON\u2019R Qualifio.","inLanguage":"fr-FR","potentialAction":[{"@type":"ReadAction","target":["https:\/\/www.lawebradio.com\/news\/remzouille-radio-1er-prix-webradio-onr-qualifio-du-salon-de-la-radio-2015\/"]}]},{"@type":"ImageObject","inLanguage":"fr-FR","@id":"https:\/\/www.lawebradio.com\/news\/remzouille-radio-1er-prix-webradio-onr-qualifio-du-salon-de-la-radio-2015\/#primaryimage","url":"https:\/\/www.lawebradio.com\/news\/wp-content\/uploads\/2015\/02\/ima-remzouille2015.jpg","contentUrl":"https:\/\/www.lawebradio.com\/news\/wp-content\/uploads\/2015\/02\/ima-remzouille2015.jpg","width":640,"height":310},{"@type":"WebSite","@id":"https:\/\/www.lawebradio.com\/news\/#website","url":"https:\/\/www.lawebradio.com\/news\/","name":"Lawebradio.com - Actualit\u00e9s des radios digitales","description":"","publisher":{"@id":"https:\/\/www.lawebradio.com\/news\/#organization"},"potentialAction":[{"@type":"SearchAction","target":{"@type":"EntryPoint","urlTemplate":"https:\/\/www.lawebradio.com\/news\/?s={search_term_string}"},"query-input":{"@type":"PropertyValueSpecification","valueRequired":true,"valueName":"search_term_string"}}],"inLanguage":"fr-FR"},{"@type":"Organization","@id":"https:\/\/www.lawebradio.com\/news\/#organization","name":"Lawebradio.com - Actualit\u00e9s des radios digitales","url":"https:\/\/www.lawebradio.com\/news\/","logo":{"@type":"ImageObject","inLanguage":"fr-FR","@id":"https:\/\/www.lawebradio.com\/news\/#\/schema\/logo\/image\/","url":"https:\/\/www.lawebradio.com\/news\/wp-content\/uploads\/2020\/10\/logo2020.png","contentUrl":"https:\/\/www.lawebradio.com\/news\/wp-content\/uploads\/2020\/10\/logo2020.png","width":254,"height":43,"caption":"Lawebradio.com - Actualit\u00e9s des radios digitales"},"image":{"@id":"https:\/\/www.lawebradio.com\/news\/#\/schema\/logo\/image\/"}},{"@type":"Person","@id":"https:\/\/www.lawebradio.com\/news\/#\/schema\/person\/95fd11aee6e6cfe70a4b58b482103f1f","name":"Julien Lecourbe","image":{"@type":"ImageObject","inLanguage":"fr-FR","@id":"https:\/\/secure.gravatar.com\/avatar\/0d25a327c6e268d9730d9c0cbeeee0fea76f04c6cf9528c29e782ef324afc515?s=96&d=mm&r=g","url":"https:\/\/secure.gravatar.com\/avatar\/0d25a327c6e268d9730d9c0cbeeee0fea76f04c6cf9528c29e782ef324afc515?s=96&d=mm&r=g","contentUrl":"https:\/\/secure.gravatar.com\/avatar\/0d25a327c6e268d9730d9c0cbeeee0fea76f04c6cf9528c29e782ef324afc515?s=96&d=mm&r=g","caption":"Julien Lecourbe"},"url":"https:\/\/www.lawebradio.com\/news\/author\/la-redaction\/"}]}},"_links":{"self":[{"href":"https:\/\/www.lawebradio.com\/news\/wp-json\/wp\/v2\/posts\/2210","targetHints":{"allow":["GET"]}}],"collection":[{"href":"https:\/\/www.lawebradio.com\/news\/wp-json\/wp\/v2\/posts"}],"about":[{"href":"https:\/\/www.lawebradio.com\/news\/wp-json\/wp\/v2\/types\/post"}],"author":[{"embeddable":true,"href":"https:\/\/www.lawebradio.com\/news\/wp-json\/wp\/v2\/users\/3"}],"replies":[{"embeddable":true,"href":"https:\/\/www.lawebradio.com\/news\/wp-json\/wp\/v2\/comments?post=2210"}],"version-history":[{"count":12,"href":"https:\/\/www.lawebradio.com\/news\/wp-json\/wp\/v2\/posts\/2210\/revisions"}],"predecessor-version":[{"id":2224,"href":"https:\/\/www.lawebradio.com\/news\/wp-json\/wp\/v2\/posts\/2210\/revisions\/2224"}],"wp:featuredmedia":[{"embeddable":true,"href":"https:\/\/www.lawebradio.com\/news\/wp-json\/wp\/v2\/media\/2211"}],"wp:attachment":[{"href":"https:\/\/www.lawebradio.com\/news\/wp-json\/wp\/v2\/media?parent=2210"}],"wp:term":[{"taxonomy":"category","embeddable":true,"href":"https:\/\/www.lawebradio.com\/news\/wp-json\/wp\/v2\/categories?post=2210"},{"taxonomy":"post_tag","embeddable":true,"href":"https:\/\/www.lawebradio.com\/news\/wp-json\/wp\/v2\/tags?post=2210"}],"curies":[{"name":"wp","href":"https:\/\/api.w.org\/{rel}","templated":true}]}}