{"id":2124,"date":"2015-01-17T18:55:54","date_gmt":"2015-01-17T17:55:54","guid":{"rendered":"http:\/\/www.lawebradio.com\/news\/?p=2124"},"modified":"2015-01-17T18:55:54","modified_gmt":"2015-01-17T17:55:54","slug":"3-nouveaux-autoradios-sous-android-concus-par-pioneer","status":"publish","type":"post","link":"https:\/\/www.lawebradio.com\/news\/3-nouveaux-autoradios-sous-android-concus-par-pioneer\/","title":{"rendered":"3 nouveaux autoradios sous Android con\u00e7us par Pioneer"},"content":{"rendered":"<p><strong>Le CES de Las Vegas f\u00fbt l\u2019occasion de l\u2019annonce de la sortie de 3 nouveaux appareils d\u00e9di\u00e9s au syst\u00e8me de Google pour les v\u00e9hicules, Android Auto, de la marque japonaise Pioneer.<\/strong><\/p>\n<p>Cet acteur innovant, dans le domaine de l\u2019autoradio, propose de nombreux produits dans ce domaine \u00e0 son catalogue. Ainsi, les autoradios AVIC-F77DAB, AVIC-F70DAB et AVH-X8700BT int\u00e9greront cette fonction qui permet au conducteur de connecter simplement les smartphones Android \u00e0 l\u2019autoradio et d\u2019y afficher et de contr\u00f4ler les applications connect\u00e9s sur l\u2019\u00e9cran tactile.<\/p>\n<p>Le syst\u00e8me Android Auto propose un commande vocale afin que le conducteur reste concentr\u00e9 sur la route tout en affichant une interface utilisateur simple et optimis\u00e9e.<br \/>\nLes \u00e9crans des autoradios Pioneer AVIC-F77DAB, AVIC-F70DAB et AVH-X8700BT mesurent 18 cm de diagonale et disposent tous de la fonction sans fil Bluetooth. Les mod\u00e8les AVIC-F77DAB et AVIC-F70DAB int\u00e8grent un syst\u00e8me GPS tandis que l\u2019AVH-X8700BT int\u00e8gre un \u00e9cran enti\u00e8rement d\u00e9tachable.<\/p>\n<p>Disponible en mars, cette nouvelle gamme d\u2019autoradios Pioneer sera propos\u00e9e au prix de 1200 \u20ac environ pour l\u2019AVIC-F77DAB, de 1000 \u20ac pour l&rsquo;AVIC-F70DAB et de 700 \u20ac pour l\u2019AVH-X8700BT.<\/p>\n<p><iframe loading=\"lazy\" src=\"\/\/www.youtube.com\/embed\/hhi64FEjQlc?rel=0&amp;showinfo=0\" width=\"640\" height=\"360\" frameborder=\"0\" allowfullscreen=\"allowfullscreen\"><\/iframe><\/p>\n","protected":false},"excerpt":{"rendered":"<div class=\"post-excerpt\"><p>Le CES de Las Vegas f\u00fbt l\u2019occasion de l\u2019annonce de la sortie de 3 nouveaux appareils d\u00e9di\u00e9s au syst\u00e8me<\/p>\n<\/div>","protected":false},"author":3,"featured_media":2125,"comment_status":"closed","ping_status":"closed","sticky":false,"template":"","format":"standard","meta":{"footnotes":""},"categories":[12,13],"tags":[199,742,208,44],"class_list":["post-2124","post","type-post","status-publish","format-standard","has-post-thumbnail","hentry","category-revue","category-top","tag-android","tag-autoradios","tag-pioneer","tag-webradios"],"yoast_head":"<!-- This site is optimized with the Yoast SEO plugin v28.4 - https:\/\/yoast.com\/product\/yoast-seo-wordpress\/ -->\n<title>3 nouveaux autoradios sous Android con\u00e7us par Pioneer - Lawebradio.com - Actualit\u00e9s des radios digitales<\/title>\n<meta name=\"description\" content=\"Cette gamme d\u2019autoradios Pioneer sera propos\u00e9e au prix de 1200 \u20ac environ pour l\u2019AVIC-F77DAB, de 1000 \u20ac pour l&#039;AVIC-F70DAB et de 700 \u20ac pour l\u2019AVH-X8700BT.\" \/>\n<meta name=\"robots\" content=\"index, follow, max-snippet:-1, max-image-preview:large, max-video-preview:-1\" \/>\n<link rel=\"canonical\" href=\"https:\/\/www.lawebradio.com\/news\/3-nouveaux-autoradios-sous-android-concus-par-pioneer\/\" \/>\n<meta property=\"og:locale\" content=\"fr_FR\" \/>\n<meta property=\"og:type\" content=\"article\" \/>\n<meta property=\"og:title\" content=\"3 nouveaux autoradios sous Android con\u00e7us par Pioneer - Lawebradio.com - Actualit\u00e9s des radios digitales\" \/>\n<meta property=\"og:description\" content=\"Cette gamme d\u2019autoradios Pioneer sera propos\u00e9e au prix de 1200 \u20ac environ pour l\u2019AVIC-F77DAB, de 1000 \u20ac pour l&#039;AVIC-F70DAB et de 700 \u20ac pour l\u2019AVH-X8700BT.\" \/>\n<meta property=\"og:url\" content=\"https:\/\/www.lawebradio.com\/news\/3-nouveaux-autoradios-sous-android-concus-par-pioneer\/\" \/>\n<meta property=\"og:site_name\" content=\"Lawebradio.com - Actualit\u00e9s des radios digitales\" \/>\n<meta property=\"article:published_time\" content=\"2015-01-17T17:55:54+00:00\" \/>\n<meta property=\"og:image\" content=\"https:\/\/www.lawebradio.com\/news\/wp-content\/uploads\/2015\/01\/ima-pioneer01-2015.jpg\" \/>\n\t<meta property=\"og:image:width\" content=\"640\" \/>\n\t<meta property=\"og:image:height\" content=\"310\" \/>\n\t<meta property=\"og:image:type\" content=\"image\/jpeg\" \/>\n<meta name=\"author\" content=\"Julien Lecourbe\" \/>\n<meta name=\"twitter:label1\" content=\"\u00c9crit par\" \/>\n\t<meta name=\"twitter:data1\" content=\"Julien Lecourbe\" \/>\n\t<meta name=\"twitter:label2\" content=\"Dur\u00e9e de lecture estim\u00e9e\" \/>\n\t<meta name=\"twitter:data2\" content=\"1 minute\" \/>\n<script type=\"application\/ld+json\" class=\"yoast-schema-graph\">{\"@context\":\"https:\\\/\\\/schema.org\",\"@graph\":[{\"@type\":\"Article\",\"@id\":\"https:\\\/\\\/www.lawebradio.com\\\/news\\\/3-nouveaux-autoradios-sous-android-concus-par-pioneer\\\/#article\",\"isPartOf\":{\"@id\":\"https:\\\/\\\/www.lawebradio.com\\\/news\\\/3-nouveaux-autoradios-sous-android-concus-par-pioneer\\\/\"},\"author\":{\"name\":\"Julien Lecourbe\",\"@id\":\"https:\\\/\\\/www.lawebradio.com\\\/news\\\/#\\\/schema\\\/person\\\/95fd11aee6e6cfe70a4b58b482103f1f\"},\"headline\":\"3 nouveaux autoradios sous Android con\u00e7us par Pioneer\",\"datePublished\":\"2015-01-17T17:55:54+00:00\",\"mainEntityOfPage\":{\"@id\":\"https:\\\/\\\/www.lawebradio.com\\\/news\\\/3-nouveaux-autoradios-sous-android-concus-par-pioneer\\\/\"},\"wordCount\":216,\"publisher\":{\"@id\":\"https:\\\/\\\/www.lawebradio.com\\\/news\\\/#organization\"},\"image\":{\"@id\":\"https:\\\/\\\/www.lawebradio.com\\\/news\\\/3-nouveaux-autoradios-sous-android-concus-par-pioneer\\\/#primaryimage\"},\"thumbnailUrl\":\"https:\\\/\\\/www.lawebradio.com\\\/news\\\/wp-content\\\/uploads\\\/2015\\\/01\\\/ima-pioneer01-2015.jpg\",\"keywords\":[\"Andro\u00efd\",\"autoradios\",\"pioneer\",\"webradios\"],\"articleSection\":[\"Revue de Presse\",\"Top\"],\"inLanguage\":\"fr-FR\"},{\"@type\":\"WebPage\",\"@id\":\"https:\\\/\\\/www.lawebradio.com\\\/news\\\/3-nouveaux-autoradios-sous-android-concus-par-pioneer\\\/\",\"url\":\"https:\\\/\\\/www.lawebradio.com\\\/news\\\/3-nouveaux-autoradios-sous-android-concus-par-pioneer\\\/\",\"name\":\"3 nouveaux autoradios sous Android con\u00e7us par Pioneer - Lawebradio.com - Actualit\u00e9s des radios digitales\",\"isPartOf\":{\"@id\":\"https:\\\/\\\/www.lawebradio.com\\\/news\\\/#website\"},\"primaryImageOfPage\":{\"@id\":\"https:\\\/\\\/www.lawebradio.com\\\/news\\\/3-nouveaux-autoradios-sous-android-concus-par-pioneer\\\/#primaryimage\"},\"image\":{\"@id\":\"https:\\\/\\\/www.lawebradio.com\\\/news\\\/3-nouveaux-autoradios-sous-android-concus-par-pioneer\\\/#primaryimage\"},\"thumbnailUrl\":\"https:\\\/\\\/www.lawebradio.com\\\/news\\\/wp-content\\\/uploads\\\/2015\\\/01\\\/ima-pioneer01-2015.jpg\",\"datePublished\":\"2015-01-17T17:55:54+00:00\",\"description\":\"Cette gamme d\u2019autoradios Pioneer sera propos\u00e9e au prix de 1200 \u20ac environ pour l\u2019AVIC-F77DAB, de 1000 \u20ac pour l'AVIC-F70DAB et de 700 \u20ac pour l\u2019AVH-X8700BT.\",\"inLanguage\":\"fr-FR\",\"potentialAction\":[{\"@type\":\"ReadAction\",\"target\":[\"https:\\\/\\\/www.lawebradio.com\\\/news\\\/3-nouveaux-autoradios-sous-android-concus-par-pioneer\\\/\"]}]},{\"@type\":\"ImageObject\",\"inLanguage\":\"fr-FR\",\"@id\":\"https:\\\/\\\/www.lawebradio.com\\\/news\\\/3-nouveaux-autoradios-sous-android-concus-par-pioneer\\\/#primaryimage\",\"url\":\"https:\\\/\\\/www.lawebradio.com\\\/news\\\/wp-content\\\/uploads\\\/2015\\\/01\\\/ima-pioneer01-2015.jpg\",\"contentUrl\":\"https:\\\/\\\/www.lawebradio.com\\\/news\\\/wp-content\\\/uploads\\\/2015\\\/01\\\/ima-pioneer01-2015.jpg\",\"width\":640,\"height\":310},{\"@type\":\"WebSite\",\"@id\":\"https:\\\/\\\/www.lawebradio.com\\\/news\\\/#website\",\"url\":\"https:\\\/\\\/www.lawebradio.com\\\/news\\\/\",\"name\":\"Lawebradio.com - Actualit\u00e9s des radios digitales\",\"description\":\"\",\"publisher\":{\"@id\":\"https:\\\/\\\/www.lawebradio.com\\\/news\\\/#organization\"},\"potentialAction\":[{\"@type\":\"SearchAction\",\"target\":{\"@type\":\"EntryPoint\",\"urlTemplate\":\"https:\\\/\\\/www.lawebradio.com\\\/news\\\/?s={search_term_string}\"},\"query-input\":{\"@type\":\"PropertyValueSpecification\",\"valueRequired\":true,\"valueName\":\"search_term_string\"}}],\"inLanguage\":\"fr-FR\"},{\"@type\":\"Organization\",\"@id\":\"https:\\\/\\\/www.lawebradio.com\\\/news\\\/#organization\",\"name\":\"Lawebradio.com - Actualit\u00e9s des radios digitales\",\"url\":\"https:\\\/\\\/www.lawebradio.com\\\/news\\\/\",\"logo\":{\"@type\":\"ImageObject\",\"inLanguage\":\"fr-FR\",\"@id\":\"https:\\\/\\\/www.lawebradio.com\\\/news\\\/#\\\/schema\\\/logo\\\/image\\\/\",\"url\":\"https:\\\/\\\/www.lawebradio.com\\\/news\\\/wp-content\\\/uploads\\\/2020\\\/10\\\/logo2020.png\",\"contentUrl\":\"https:\\\/\\\/www.lawebradio.com\\\/news\\\/wp-content\\\/uploads\\\/2020\\\/10\\\/logo2020.png\",\"width\":254,\"height\":43,\"caption\":\"Lawebradio.com - Actualit\u00e9s des radios digitales\"},\"image\":{\"@id\":\"https:\\\/\\\/www.lawebradio.com\\\/news\\\/#\\\/schema\\\/logo\\\/image\\\/\"}},{\"@type\":\"Person\",\"@id\":\"https:\\\/\\\/www.lawebradio.com\\\/news\\\/#\\\/schema\\\/person\\\/95fd11aee6e6cfe70a4b58b482103f1f\",\"name\":\"Julien Lecourbe\",\"image\":{\"@type\":\"ImageObject\",\"inLanguage\":\"fr-FR\",\"@id\":\"https:\\\/\\\/secure.gravatar.com\\\/avatar\\\/0d25a327c6e268d9730d9c0cbeeee0fea76f04c6cf9528c29e782ef324afc515?s=96&d=mm&r=g\",\"url\":\"https:\\\/\\\/secure.gravatar.com\\\/avatar\\\/0d25a327c6e268d9730d9c0cbeeee0fea76f04c6cf9528c29e782ef324afc515?s=96&d=mm&r=g\",\"contentUrl\":\"https:\\\/\\\/secure.gravatar.com\\\/avatar\\\/0d25a327c6e268d9730d9c0cbeeee0fea76f04c6cf9528c29e782ef324afc515?s=96&d=mm&r=g\",\"caption\":\"Julien Lecourbe\"},\"url\":\"https:\\\/\\\/www.lawebradio.com\\\/news\\\/author\\\/la-redaction\\\/\"}]}<\/script>\n<!-- \/ Yoast SEO plugin. -->","yoast_head_json":{"title":"3 nouveaux autoradios sous Android con\u00e7us par Pioneer - Lawebradio.com - Actualit\u00e9s des radios digitales","description":"Cette gamme d\u2019autoradios Pioneer sera propos\u00e9e au prix de 1200 \u20ac environ pour l\u2019AVIC-F77DAB, de 1000 \u20ac pour l'AVIC-F70DAB et de 700 \u20ac pour l\u2019AVH-X8700BT.","robots":{"index":"index","follow":"follow","max-snippet":"max-snippet:-1","max-image-preview":"max-image-preview:large","max-video-preview":"max-video-preview:-1"},"canonical":"https:\/\/www.lawebradio.com\/news\/3-nouveaux-autoradios-sous-android-concus-par-pioneer\/","og_locale":"fr_FR","og_type":"article","og_title":"3 nouveaux autoradios sous Android con\u00e7us par Pioneer - Lawebradio.com - Actualit\u00e9s des radios digitales","og_description":"Cette gamme d\u2019autoradios Pioneer sera propos\u00e9e au prix de 1200 \u20ac environ pour l\u2019AVIC-F77DAB, de 1000 \u20ac pour l'AVIC-F70DAB et de 700 \u20ac pour l\u2019AVH-X8700BT.","og_url":"https:\/\/www.lawebradio.com\/news\/3-nouveaux-autoradios-sous-android-concus-par-pioneer\/","og_site_name":"Lawebradio.com - Actualit\u00e9s des radios digitales","article_published_time":"2015-01-17T17:55:54+00:00","og_image":[{"width":640,"height":310,"url":"https:\/\/www.lawebradio.com\/news\/wp-content\/uploads\/2015\/01\/ima-pioneer01-2015.jpg","type":"image\/jpeg"}],"author":"Julien Lecourbe","twitter_misc":{"\u00c9crit par":"Julien Lecourbe","Dur\u00e9e de lecture estim\u00e9e":"1 minute"},"schema":{"@context":"https:\/\/schema.org","@graph":[{"@type":"Article","@id":"https:\/\/www.lawebradio.com\/news\/3-nouveaux-autoradios-sous-android-concus-par-pioneer\/#article","isPartOf":{"@id":"https:\/\/www.lawebradio.com\/news\/3-nouveaux-autoradios-sous-android-concus-par-pioneer\/"},"author":{"name":"Julien Lecourbe","@id":"https:\/\/www.lawebradio.com\/news\/#\/schema\/person\/95fd11aee6e6cfe70a4b58b482103f1f"},"headline":"3 nouveaux autoradios sous Android con\u00e7us par Pioneer","datePublished":"2015-01-17T17:55:54+00:00","mainEntityOfPage":{"@id":"https:\/\/www.lawebradio.com\/news\/3-nouveaux-autoradios-sous-android-concus-par-pioneer\/"},"wordCount":216,"publisher":{"@id":"https:\/\/www.lawebradio.com\/news\/#organization"},"image":{"@id":"https:\/\/www.lawebradio.com\/news\/3-nouveaux-autoradios-sous-android-concus-par-pioneer\/#primaryimage"},"thumbnailUrl":"https:\/\/www.lawebradio.com\/news\/wp-content\/uploads\/2015\/01\/ima-pioneer01-2015.jpg","keywords":["Andro\u00efd","autoradios","pioneer","webradios"],"articleSection":["Revue de Presse","Top"],"inLanguage":"fr-FR"},{"@type":"WebPage","@id":"https:\/\/www.lawebradio.com\/news\/3-nouveaux-autoradios-sous-android-concus-par-pioneer\/","url":"https:\/\/www.lawebradio.com\/news\/3-nouveaux-autoradios-sous-android-concus-par-pioneer\/","name":"3 nouveaux autoradios sous Android con\u00e7us par Pioneer - Lawebradio.com - Actualit\u00e9s des radios digitales","isPartOf":{"@id":"https:\/\/www.lawebradio.com\/news\/#website"},"primaryImageOfPage":{"@id":"https:\/\/www.lawebradio.com\/news\/3-nouveaux-autoradios-sous-android-concus-par-pioneer\/#primaryimage"},"image":{"@id":"https:\/\/www.lawebradio.com\/news\/3-nouveaux-autoradios-sous-android-concus-par-pioneer\/#primaryimage"},"thumbnailUrl":"https:\/\/www.lawebradio.com\/news\/wp-content\/uploads\/2015\/01\/ima-pioneer01-2015.jpg","datePublished":"2015-01-17T17:55:54+00:00","description":"Cette gamme d\u2019autoradios Pioneer sera propos\u00e9e au prix de 1200 \u20ac environ pour l\u2019AVIC-F77DAB, de 1000 \u20ac pour l'AVIC-F70DAB et de 700 \u20ac pour l\u2019AVH-X8700BT.","inLanguage":"fr-FR","potentialAction":[{"@type":"ReadAction","target":["https:\/\/www.lawebradio.com\/news\/3-nouveaux-autoradios-sous-android-concus-par-pioneer\/"]}]},{"@type":"ImageObject","inLanguage":"fr-FR","@id":"https:\/\/www.lawebradio.com\/news\/3-nouveaux-autoradios-sous-android-concus-par-pioneer\/#primaryimage","url":"https:\/\/www.lawebradio.com\/news\/wp-content\/uploads\/2015\/01\/ima-pioneer01-2015.jpg","contentUrl":"https:\/\/www.lawebradio.com\/news\/wp-content\/uploads\/2015\/01\/ima-pioneer01-2015.jpg","width":640,"height":310},{"@type":"WebSite","@id":"https:\/\/www.lawebradio.com\/news\/#website","url":"https:\/\/www.lawebradio.com\/news\/","name":"Lawebradio.com - Actualit\u00e9s des radios digitales","description":"","publisher":{"@id":"https:\/\/www.lawebradio.com\/news\/#organization"},"potentialAction":[{"@type":"SearchAction","target":{"@type":"EntryPoint","urlTemplate":"https:\/\/www.lawebradio.com\/news\/?s={search_term_string}"},"query-input":{"@type":"PropertyValueSpecification","valueRequired":true,"valueName":"search_term_string"}}],"inLanguage":"fr-FR"},{"@type":"Organization","@id":"https:\/\/www.lawebradio.com\/news\/#organization","name":"Lawebradio.com - Actualit\u00e9s des radios digitales","url":"https:\/\/www.lawebradio.com\/news\/","logo":{"@type":"ImageObject","inLanguage":"fr-FR","@id":"https:\/\/www.lawebradio.com\/news\/#\/schema\/logo\/image\/","url":"https:\/\/www.lawebradio.com\/news\/wp-content\/uploads\/2020\/10\/logo2020.png","contentUrl":"https:\/\/www.lawebradio.com\/news\/wp-content\/uploads\/2020\/10\/logo2020.png","width":254,"height":43,"caption":"Lawebradio.com - Actualit\u00e9s des radios digitales"},"image":{"@id":"https:\/\/www.lawebradio.com\/news\/#\/schema\/logo\/image\/"}},{"@type":"Person","@id":"https:\/\/www.lawebradio.com\/news\/#\/schema\/person\/95fd11aee6e6cfe70a4b58b482103f1f","name":"Julien Lecourbe","image":{"@type":"ImageObject","inLanguage":"fr-FR","@id":"https:\/\/secure.gravatar.com\/avatar\/0d25a327c6e268d9730d9c0cbeeee0fea76f04c6cf9528c29e782ef324afc515?s=96&d=mm&r=g","url":"https:\/\/secure.gravatar.com\/avatar\/0d25a327c6e268d9730d9c0cbeeee0fea76f04c6cf9528c29e782ef324afc515?s=96&d=mm&r=g","contentUrl":"https:\/\/secure.gravatar.com\/avatar\/0d25a327c6e268d9730d9c0cbeeee0fea76f04c6cf9528c29e782ef324afc515?s=96&d=mm&r=g","caption":"Julien Lecourbe"},"url":"https:\/\/www.lawebradio.com\/news\/author\/la-redaction\/"}]}},"_links":{"self":[{"href":"https:\/\/www.lawebradio.com\/news\/wp-json\/wp\/v2\/posts\/2124","targetHints":{"allow":["GET"]}}],"collection":[{"href":"https:\/\/www.lawebradio.com\/news\/wp-json\/wp\/v2\/posts"}],"about":[{"href":"https:\/\/www.lawebradio.com\/news\/wp-json\/wp\/v2\/types\/post"}],"author":[{"embeddable":true,"href":"https:\/\/www.lawebradio.com\/news\/wp-json\/wp\/v2\/users\/3"}],"replies":[{"embeddable":true,"href":"https:\/\/www.lawebradio.com\/news\/wp-json\/wp\/v2\/comments?post=2124"}],"version-history":[{"count":1,"href":"https:\/\/www.lawebradio.com\/news\/wp-json\/wp\/v2\/posts\/2124\/revisions"}],"predecessor-version":[{"id":2126,"href":"https:\/\/www.lawebradio.com\/news\/wp-json\/wp\/v2\/posts\/2124\/revisions\/2126"}],"wp:featuredmedia":[{"embeddable":true,"href":"https:\/\/www.lawebradio.com\/news\/wp-json\/wp\/v2\/media\/2125"}],"wp:attachment":[{"href":"https:\/\/www.lawebradio.com\/news\/wp-json\/wp\/v2\/media?parent=2124"}],"wp:term":[{"taxonomy":"category","embeddable":true,"href":"https:\/\/www.lawebradio.com\/news\/wp-json\/wp\/v2\/categories?post=2124"},{"taxonomy":"post_tag","embeddable":true,"href":"https:\/\/www.lawebradio.com\/news\/wp-json\/wp\/v2\/tags?post=2124"}],"curies":[{"name":"wp","href":"https:\/\/api.w.org\/{rel}","templated":true}]}}