{"id":1896,"date":"2014-10-14T18:44:18","date_gmt":"2014-10-14T17:44:18","guid":{"rendered":"http:\/\/www.lawebradio.com\/news\/?p=1896"},"modified":"2014-10-14T18:44:18","modified_gmt":"2014-10-14T17:44:18","slug":"barometre-radio-2-0-du-1er-semestre-2014-realise-kantar-media","status":"publish","type":"post","link":"https:\/\/www.lawebradio.com\/news\/barometre-radio-2-0-du-1er-semestre-2014-realise-kantar-media\/","title":{"rendered":"Le Barom\u00e8tre Radio 2.0 du 1er semestre 2014 r\u00e9alis\u00e9 par Kantar Media"},"content":{"rendered":"<p><strong>Kantar Media Ad Intelligence a pr\u00e9sent\u00e9 son barom\u00e8tre de la radio 2.0 portant sur le 1er semestre 2014 en collaboration avec Spotify, Deezer, Targetspot, Adswizz et NRJ Global, \u00e0 l\u2019occasion des Rencontres Radio 2.0 qui se sont tenues \u00e0 la Maison de la Radio en octobre 2014.<\/strong><\/p>\n<p>Le nombre d\u2019impressions servies est de 269,8 millions, soit une hausse de +36% par rapport au 1er semestre 2013. Le mois de juin a \u00e9t\u00e9 le mois le plus investi avec pr\u00e8s de 65 millions d\u2019impressions servies.<br \/>\nLa Distribution est occupe la pole position avec 36% des impressions servies, devant les Services (13%), l\u2019Automobile (13%) et le Voyage Tourisme (7%). C&rsquo;est Norauto qui arrive en t\u00eate avec 19,6 millions d&rsquo;impressions servies, devan\u00e7ant Citro\u00ebn (18,5M), Boulanger (16,8 M), But (14,3 M) et Leroy Merlin (10,4 M).<br \/>\nCette \u00e9tude montre un nombre d\u2019annonceurs en constante progression et une volont\u00e9 des annonceurs d\u2019int\u00e9grer, d\u00e9sormais, ce m\u00e9dia dans leurs strat\u00e9gies de communication.<\/p>\n<p>\u2022 <a href=\"http:\/\/www.lawebradio.com\/docs\/10-2014\/barometre-de-la-radio-2.0-2014.pdf\" target=\"_blank\">Consulter le barom\u00e8tre 2014 de la radio 2.0<\/a><\/p>\n<p><img loading=\"lazy\" decoding=\"async\" class=\"alignleft size-full wp-image-1898\" src=\"http:\/\/www.lawebradio.com\/news\/wp-content\/uploads\/2014\/10\/ima2-barometre-radio2-0-2014.jpg\" alt=\"\" width=\"640\" height=\"442\" srcset=\"https:\/\/www.lawebradio.com\/news\/wp-content\/uploads\/2014\/10\/ima2-barometre-radio2-0-2014.jpg 640w, https:\/\/www.lawebradio.com\/news\/wp-content\/uploads\/2014\/10\/ima2-barometre-radio2-0-2014-150x103.jpg 150w, https:\/\/www.lawebradio.com\/news\/wp-content\/uploads\/2014\/10\/ima2-barometre-radio2-0-2014-300x207.jpg 300w\" sizes=\"auto, (max-width: 640px) 100vw, 640px\" \/><\/p>\n","protected":false},"excerpt":{"rendered":"<p>Kantar Media Ad Intelligence a pr\u00e9sent\u00e9 son barom\u00e8tre de la radio 2.0 portant sur le 1er semestre 2014 en collaboration avec Spotify, Deezer, Targetspot, Adswizz et NRJ Global, \u00e0 l\u2019occasion des Rencontres Radio 2.0 qui se sont tenues \u00e0 la Maison de la Radio en octobre 2014. Le nombre d\u2019impressions servies est de 269,8 millions, [&hellip;]<\/p>\n","protected":false},"author":3,"featured_media":1897,"comment_status":"closed","ping_status":"closed","sticky":false,"template":"","format":"standard","meta":{"_et_pb_use_builder":"","_et_pb_old_content":"","_et_gb_content_width":"","footnotes":""},"categories":[13],"tags":[684,685,158,682,683,160,337,44],"class_list":["post-1896","post","type-post","status-publish","format-standard","has-post-thumbnail","hentry","category-top","tag-adswizz","tag-barometre-radio-2-0","tag-deezer","tag-kantar-media-ad-intelligence","tag-rencontres-radio-2-0","tag-spotify","tag-targetspot","tag-webradios","et-has-post-format-content","et_post_format-et-post-format-standard"],"yoast_head":"<!-- This site is optimized with the Yoast SEO plugin v27.5 - https:\/\/yoast.com\/product\/yoast-seo-wordpress\/ -->\n<title>Barom\u00e8tre Radio 2.0 du 1er semestre 2014<\/title>\n<meta name=\"description\" content=\"Kantar Media Ad Intelligence a pr\u00e9sent\u00e9 son barom\u00e8tre de la radio 2.0 portant sur le 1er semestre 2014 \u00e0 l\u2019occasion des Rencontres Radio 2.0.\" \/>\n<meta name=\"robots\" content=\"index, follow, max-snippet:-1, max-image-preview:large, max-video-preview:-1\" \/>\n<link rel=\"canonical\" href=\"https:\/\/www.lawebradio.com\/news\/barometre-radio-2-0-du-1er-semestre-2014-realise-kantar-media\/\" \/>\n<meta property=\"og:locale\" content=\"fr_FR\" \/>\n<meta property=\"og:type\" content=\"article\" \/>\n<meta property=\"og:title\" content=\"Barom\u00e8tre Radio 2.0 du 1er semestre 2014\" \/>\n<meta property=\"og:description\" content=\"Kantar Media Ad Intelligence a pr\u00e9sent\u00e9 son barom\u00e8tre de la radio 2.0 portant sur le 1er semestre 2014 \u00e0 l\u2019occasion des Rencontres Radio 2.0.\" \/>\n<meta property=\"og:url\" content=\"https:\/\/www.lawebradio.com\/news\/barometre-radio-2-0-du-1er-semestre-2014-realise-kantar-media\/\" \/>\n<meta property=\"og:site_name\" content=\"Lawebradio.com - Actualit\u00e9s des radios digitales\" \/>\n<meta property=\"article:published_time\" content=\"2014-10-14T17:44:18+00:00\" \/>\n<meta property=\"og:image\" content=\"https:\/\/www.lawebradio.com\/news\/wp-content\/uploads\/2014\/10\/ima-barometre-radio2-0-2014.jpg\" \/>\n\t<meta property=\"og:image:width\" content=\"640\" \/>\n\t<meta property=\"og:image:height\" content=\"310\" \/>\n\t<meta property=\"og:image:type\" content=\"image\/jpeg\" \/>\n<meta name=\"author\" content=\"Julien Lecourbe\" \/>\n<meta name=\"twitter:label1\" content=\"\u00c9crit par\" \/>\n\t<meta name=\"twitter:data1\" content=\"Julien Lecourbe\" \/>\n\t<meta name=\"twitter:label2\" content=\"Dur\u00e9e de lecture estim\u00e9e\" \/>\n\t<meta name=\"twitter:data2\" content=\"1 minute\" \/>\n<script type=\"application\/ld+json\" class=\"yoast-schema-graph\">{\"@context\":\"https:\\\/\\\/schema.org\",\"@graph\":[{\"@type\":\"Article\",\"@id\":\"https:\\\/\\\/www.lawebradio.com\\\/news\\\/barometre-radio-2-0-du-1er-semestre-2014-realise-kantar-media\\\/#article\",\"isPartOf\":{\"@id\":\"https:\\\/\\\/www.lawebradio.com\\\/news\\\/barometre-radio-2-0-du-1er-semestre-2014-realise-kantar-media\\\/\"},\"author\":{\"name\":\"Julien Lecourbe\",\"@id\":\"https:\\\/\\\/www.lawebradio.com\\\/news\\\/#\\\/schema\\\/person\\\/95fd11aee6e6cfe70a4b58b482103f1f\"},\"headline\":\"Le Barom\u00e8tre Radio 2.0 du 1er semestre 2014 r\u00e9alis\u00e9 par Kantar Media\",\"datePublished\":\"2014-10-14T17:44:18+00:00\",\"mainEntityOfPage\":{\"@id\":\"https:\\\/\\\/www.lawebradio.com\\\/news\\\/barometre-radio-2-0-du-1er-semestre-2014-realise-kantar-media\\\/\"},\"wordCount\":174,\"publisher\":{\"@id\":\"https:\\\/\\\/www.lawebradio.com\\\/news\\\/#organization\"},\"image\":{\"@id\":\"https:\\\/\\\/www.lawebradio.com\\\/news\\\/barometre-radio-2-0-du-1er-semestre-2014-realise-kantar-media\\\/#primaryimage\"},\"thumbnailUrl\":\"https:\\\/\\\/www.lawebradio.com\\\/news\\\/wp-content\\\/uploads\\\/2014\\\/10\\\/ima-barometre-radio2-0-2014.jpg\",\"keywords\":[\"Adswizz\",\"Barom\u00e8tre Radio 2.0\",\"deezer\",\"Kantar Media Ad Intelligence\",\"Rencontres Radio 2.0\",\"Spotify\",\"Targetspot\",\"webradios\"],\"articleSection\":[\"Top\"],\"inLanguage\":\"fr-FR\"},{\"@type\":\"WebPage\",\"@id\":\"https:\\\/\\\/www.lawebradio.com\\\/news\\\/barometre-radio-2-0-du-1er-semestre-2014-realise-kantar-media\\\/\",\"url\":\"https:\\\/\\\/www.lawebradio.com\\\/news\\\/barometre-radio-2-0-du-1er-semestre-2014-realise-kantar-media\\\/\",\"name\":\"Barom\u00e8tre Radio 2.0 du 1er semestre 2014\",\"isPartOf\":{\"@id\":\"https:\\\/\\\/www.lawebradio.com\\\/news\\\/#website\"},\"primaryImageOfPage\":{\"@id\":\"https:\\\/\\\/www.lawebradio.com\\\/news\\\/barometre-radio-2-0-du-1er-semestre-2014-realise-kantar-media\\\/#primaryimage\"},\"image\":{\"@id\":\"https:\\\/\\\/www.lawebradio.com\\\/news\\\/barometre-radio-2-0-du-1er-semestre-2014-realise-kantar-media\\\/#primaryimage\"},\"thumbnailUrl\":\"https:\\\/\\\/www.lawebradio.com\\\/news\\\/wp-content\\\/uploads\\\/2014\\\/10\\\/ima-barometre-radio2-0-2014.jpg\",\"datePublished\":\"2014-10-14T17:44:18+00:00\",\"description\":\"Kantar Media Ad Intelligence a pr\u00e9sent\u00e9 son barom\u00e8tre de la radio 2.0 portant sur le 1er semestre 2014 \u00e0 l\u2019occasion des Rencontres Radio 2.0.\",\"inLanguage\":\"fr-FR\",\"potentialAction\":[{\"@type\":\"ReadAction\",\"target\":[\"https:\\\/\\\/www.lawebradio.com\\\/news\\\/barometre-radio-2-0-du-1er-semestre-2014-realise-kantar-media\\\/\"]}]},{\"@type\":\"ImageObject\",\"inLanguage\":\"fr-FR\",\"@id\":\"https:\\\/\\\/www.lawebradio.com\\\/news\\\/barometre-radio-2-0-du-1er-semestre-2014-realise-kantar-media\\\/#primaryimage\",\"url\":\"https:\\\/\\\/www.lawebradio.com\\\/news\\\/wp-content\\\/uploads\\\/2014\\\/10\\\/ima-barometre-radio2-0-2014.jpg\",\"contentUrl\":\"https:\\\/\\\/www.lawebradio.com\\\/news\\\/wp-content\\\/uploads\\\/2014\\\/10\\\/ima-barometre-radio2-0-2014.jpg\",\"width\":640,\"height\":310},{\"@type\":\"WebSite\",\"@id\":\"https:\\\/\\\/www.lawebradio.com\\\/news\\\/#website\",\"url\":\"https:\\\/\\\/www.lawebradio.com\\\/news\\\/\",\"name\":\"Lawebradio.com - Actualit\u00e9s des radios digitales\",\"description\":\"\",\"publisher\":{\"@id\":\"https:\\\/\\\/www.lawebradio.com\\\/news\\\/#organization\"},\"potentialAction\":[{\"@type\":\"SearchAction\",\"target\":{\"@type\":\"EntryPoint\",\"urlTemplate\":\"https:\\\/\\\/www.lawebradio.com\\\/news\\\/?s={search_term_string}\"},\"query-input\":{\"@type\":\"PropertyValueSpecification\",\"valueRequired\":true,\"valueName\":\"search_term_string\"}}],\"inLanguage\":\"fr-FR\"},{\"@type\":\"Organization\",\"@id\":\"https:\\\/\\\/www.lawebradio.com\\\/news\\\/#organization\",\"name\":\"Lawebradio.com - Actualit\u00e9s des radios digitales\",\"url\":\"https:\\\/\\\/www.lawebradio.com\\\/news\\\/\",\"logo\":{\"@type\":\"ImageObject\",\"inLanguage\":\"fr-FR\",\"@id\":\"https:\\\/\\\/www.lawebradio.com\\\/news\\\/#\\\/schema\\\/logo\\\/image\\\/\",\"url\":\"https:\\\/\\\/www.lawebradio.com\\\/news\\\/wp-content\\\/uploads\\\/2020\\\/10\\\/logo2020.png\",\"contentUrl\":\"https:\\\/\\\/www.lawebradio.com\\\/news\\\/wp-content\\\/uploads\\\/2020\\\/10\\\/logo2020.png\",\"width\":254,\"height\":43,\"caption\":\"Lawebradio.com - Actualit\u00e9s des radios digitales\"},\"image\":{\"@id\":\"https:\\\/\\\/www.lawebradio.com\\\/news\\\/#\\\/schema\\\/logo\\\/image\\\/\"}},{\"@type\":\"Person\",\"@id\":\"https:\\\/\\\/www.lawebradio.com\\\/news\\\/#\\\/schema\\\/person\\\/95fd11aee6e6cfe70a4b58b482103f1f\",\"name\":\"Julien Lecourbe\",\"image\":{\"@type\":\"ImageObject\",\"inLanguage\":\"fr-FR\",\"@id\":\"https:\\\/\\\/secure.gravatar.com\\\/avatar\\\/0d25a327c6e268d9730d9c0cbeeee0fea76f04c6cf9528c29e782ef324afc515?s=96&d=mm&r=g\",\"url\":\"https:\\\/\\\/secure.gravatar.com\\\/avatar\\\/0d25a327c6e268d9730d9c0cbeeee0fea76f04c6cf9528c29e782ef324afc515?s=96&d=mm&r=g\",\"contentUrl\":\"https:\\\/\\\/secure.gravatar.com\\\/avatar\\\/0d25a327c6e268d9730d9c0cbeeee0fea76f04c6cf9528c29e782ef324afc515?s=96&d=mm&r=g\",\"caption\":\"Julien Lecourbe\"},\"url\":\"https:\\\/\\\/www.lawebradio.com\\\/news\\\/author\\\/la-redaction\\\/\"}]}<\/script>\n<!-- \/ Yoast SEO plugin. -->","yoast_head_json":{"title":"Barom\u00e8tre Radio 2.0 du 1er semestre 2014","description":"Kantar Media Ad Intelligence a pr\u00e9sent\u00e9 son barom\u00e8tre de la radio 2.0 portant sur le 1er semestre 2014 \u00e0 l\u2019occasion des Rencontres Radio 2.0.","robots":{"index":"index","follow":"follow","max-snippet":"max-snippet:-1","max-image-preview":"max-image-preview:large","max-video-preview":"max-video-preview:-1"},"canonical":"https:\/\/www.lawebradio.com\/news\/barometre-radio-2-0-du-1er-semestre-2014-realise-kantar-media\/","og_locale":"fr_FR","og_type":"article","og_title":"Barom\u00e8tre Radio 2.0 du 1er semestre 2014","og_description":"Kantar Media Ad Intelligence a pr\u00e9sent\u00e9 son barom\u00e8tre de la radio 2.0 portant sur le 1er semestre 2014 \u00e0 l\u2019occasion des Rencontres Radio 2.0.","og_url":"https:\/\/www.lawebradio.com\/news\/barometre-radio-2-0-du-1er-semestre-2014-realise-kantar-media\/","og_site_name":"Lawebradio.com - Actualit\u00e9s des radios digitales","article_published_time":"2014-10-14T17:44:18+00:00","og_image":[{"width":640,"height":310,"url":"https:\/\/www.lawebradio.com\/news\/wp-content\/uploads\/2014\/10\/ima-barometre-radio2-0-2014.jpg","type":"image\/jpeg"}],"author":"Julien Lecourbe","twitter_misc":{"\u00c9crit par":"Julien Lecourbe","Dur\u00e9e de lecture estim\u00e9e":"1 minute"},"schema":{"@context":"https:\/\/schema.org","@graph":[{"@type":"Article","@id":"https:\/\/www.lawebradio.com\/news\/barometre-radio-2-0-du-1er-semestre-2014-realise-kantar-media\/#article","isPartOf":{"@id":"https:\/\/www.lawebradio.com\/news\/barometre-radio-2-0-du-1er-semestre-2014-realise-kantar-media\/"},"author":{"name":"Julien Lecourbe","@id":"https:\/\/www.lawebradio.com\/news\/#\/schema\/person\/95fd11aee6e6cfe70a4b58b482103f1f"},"headline":"Le Barom\u00e8tre Radio 2.0 du 1er semestre 2014 r\u00e9alis\u00e9 par Kantar Media","datePublished":"2014-10-14T17:44:18+00:00","mainEntityOfPage":{"@id":"https:\/\/www.lawebradio.com\/news\/barometre-radio-2-0-du-1er-semestre-2014-realise-kantar-media\/"},"wordCount":174,"publisher":{"@id":"https:\/\/www.lawebradio.com\/news\/#organization"},"image":{"@id":"https:\/\/www.lawebradio.com\/news\/barometre-radio-2-0-du-1er-semestre-2014-realise-kantar-media\/#primaryimage"},"thumbnailUrl":"https:\/\/www.lawebradio.com\/news\/wp-content\/uploads\/2014\/10\/ima-barometre-radio2-0-2014.jpg","keywords":["Adswizz","Barom\u00e8tre Radio 2.0","deezer","Kantar Media Ad Intelligence","Rencontres Radio 2.0","Spotify","Targetspot","webradios"],"articleSection":["Top"],"inLanguage":"fr-FR"},{"@type":"WebPage","@id":"https:\/\/www.lawebradio.com\/news\/barometre-radio-2-0-du-1er-semestre-2014-realise-kantar-media\/","url":"https:\/\/www.lawebradio.com\/news\/barometre-radio-2-0-du-1er-semestre-2014-realise-kantar-media\/","name":"Barom\u00e8tre Radio 2.0 du 1er semestre 2014","isPartOf":{"@id":"https:\/\/www.lawebradio.com\/news\/#website"},"primaryImageOfPage":{"@id":"https:\/\/www.lawebradio.com\/news\/barometre-radio-2-0-du-1er-semestre-2014-realise-kantar-media\/#primaryimage"},"image":{"@id":"https:\/\/www.lawebradio.com\/news\/barometre-radio-2-0-du-1er-semestre-2014-realise-kantar-media\/#primaryimage"},"thumbnailUrl":"https:\/\/www.lawebradio.com\/news\/wp-content\/uploads\/2014\/10\/ima-barometre-radio2-0-2014.jpg","datePublished":"2014-10-14T17:44:18+00:00","description":"Kantar Media Ad Intelligence a pr\u00e9sent\u00e9 son barom\u00e8tre de la radio 2.0 portant sur le 1er semestre 2014 \u00e0 l\u2019occasion des Rencontres Radio 2.0.","inLanguage":"fr-FR","potentialAction":[{"@type":"ReadAction","target":["https:\/\/www.lawebradio.com\/news\/barometre-radio-2-0-du-1er-semestre-2014-realise-kantar-media\/"]}]},{"@type":"ImageObject","inLanguage":"fr-FR","@id":"https:\/\/www.lawebradio.com\/news\/barometre-radio-2-0-du-1er-semestre-2014-realise-kantar-media\/#primaryimage","url":"https:\/\/www.lawebradio.com\/news\/wp-content\/uploads\/2014\/10\/ima-barometre-radio2-0-2014.jpg","contentUrl":"https:\/\/www.lawebradio.com\/news\/wp-content\/uploads\/2014\/10\/ima-barometre-radio2-0-2014.jpg","width":640,"height":310},{"@type":"WebSite","@id":"https:\/\/www.lawebradio.com\/news\/#website","url":"https:\/\/www.lawebradio.com\/news\/","name":"Lawebradio.com - Actualit\u00e9s des radios digitales","description":"","publisher":{"@id":"https:\/\/www.lawebradio.com\/news\/#organization"},"potentialAction":[{"@type":"SearchAction","target":{"@type":"EntryPoint","urlTemplate":"https:\/\/www.lawebradio.com\/news\/?s={search_term_string}"},"query-input":{"@type":"PropertyValueSpecification","valueRequired":true,"valueName":"search_term_string"}}],"inLanguage":"fr-FR"},{"@type":"Organization","@id":"https:\/\/www.lawebradio.com\/news\/#organization","name":"Lawebradio.com - Actualit\u00e9s des radios digitales","url":"https:\/\/www.lawebradio.com\/news\/","logo":{"@type":"ImageObject","inLanguage":"fr-FR","@id":"https:\/\/www.lawebradio.com\/news\/#\/schema\/logo\/image\/","url":"https:\/\/www.lawebradio.com\/news\/wp-content\/uploads\/2020\/10\/logo2020.png","contentUrl":"https:\/\/www.lawebradio.com\/news\/wp-content\/uploads\/2020\/10\/logo2020.png","width":254,"height":43,"caption":"Lawebradio.com - Actualit\u00e9s des radios digitales"},"image":{"@id":"https:\/\/www.lawebradio.com\/news\/#\/schema\/logo\/image\/"}},{"@type":"Person","@id":"https:\/\/www.lawebradio.com\/news\/#\/schema\/person\/95fd11aee6e6cfe70a4b58b482103f1f","name":"Julien Lecourbe","image":{"@type":"ImageObject","inLanguage":"fr-FR","@id":"https:\/\/secure.gravatar.com\/avatar\/0d25a327c6e268d9730d9c0cbeeee0fea76f04c6cf9528c29e782ef324afc515?s=96&d=mm&r=g","url":"https:\/\/secure.gravatar.com\/avatar\/0d25a327c6e268d9730d9c0cbeeee0fea76f04c6cf9528c29e782ef324afc515?s=96&d=mm&r=g","contentUrl":"https:\/\/secure.gravatar.com\/avatar\/0d25a327c6e268d9730d9c0cbeeee0fea76f04c6cf9528c29e782ef324afc515?s=96&d=mm&r=g","caption":"Julien Lecourbe"},"url":"https:\/\/www.lawebradio.com\/news\/author\/la-redaction\/"}]}},"_links":{"self":[{"href":"https:\/\/www.lawebradio.com\/news\/wp-json\/wp\/v2\/posts\/1896","targetHints":{"allow":["GET"]}}],"collection":[{"href":"https:\/\/www.lawebradio.com\/news\/wp-json\/wp\/v2\/posts"}],"about":[{"href":"https:\/\/www.lawebradio.com\/news\/wp-json\/wp\/v2\/types\/post"}],"author":[{"embeddable":true,"href":"https:\/\/www.lawebradio.com\/news\/wp-json\/wp\/v2\/users\/3"}],"replies":[{"embeddable":true,"href":"https:\/\/www.lawebradio.com\/news\/wp-json\/wp\/v2\/comments?post=1896"}],"version-history":[{"count":1,"href":"https:\/\/www.lawebradio.com\/news\/wp-json\/wp\/v2\/posts\/1896\/revisions"}],"predecessor-version":[{"id":1899,"href":"https:\/\/www.lawebradio.com\/news\/wp-json\/wp\/v2\/posts\/1896\/revisions\/1899"}],"wp:featuredmedia":[{"embeddable":true,"href":"https:\/\/www.lawebradio.com\/news\/wp-json\/wp\/v2\/media\/1897"}],"wp:attachment":[{"href":"https:\/\/www.lawebradio.com\/news\/wp-json\/wp\/v2\/media?parent=1896"}],"wp:term":[{"taxonomy":"category","embeddable":true,"href":"https:\/\/www.lawebradio.com\/news\/wp-json\/wp\/v2\/categories?post=1896"},{"taxonomy":"post_tag","embeddable":true,"href":"https:\/\/www.lawebradio.com\/news\/wp-json\/wp\/v2\/tags?post=1896"}],"curies":[{"name":"wp","href":"https:\/\/api.w.org\/{rel}","templated":true}]}}