{"id":1865,"date":"2014-10-13T17:47:37","date_gmt":"2014-10-13T16:47:37","guid":{"rendered":"http:\/\/www.lawebradio.com\/news\/?p=1865"},"modified":"2014-10-16T15:52:20","modified_gmt":"2014-10-16T14:52:20","slug":"radio-curie-webradio-ephemere-sensibilisation-cancer-du-sein","status":"publish","type":"post","link":"https:\/\/www.lawebradio.com\/news\/radio-curie-webradio-ephemere-sensibilisation-cancer-du-sein\/","title":{"rendered":"Radio Curie, une webradio \u00e9ph\u00e9m\u00e8re de sensibilisation sur le cancer du sein"},"content":{"rendered":"<p><strong>\u00abOctobre Rose\u00bb est une manifestation qui met en avant l&rsquo;importance du d\u00e9pistage et de la pr\u00e9vention pour le cancer du sein.<\/strong><\/p>\n<p>Pour l&rsquo;occasion, <span style=\"text-decoration: underline;\"><a href=\"http:\/\/radio.curie.fr\" target=\"_blank\">Radio Curie<\/a><\/span>, la premi\u00e8re webradio \u00e9ph\u00e9m\u00e8re d\u00e9di\u00e9e au cancer du sein du 1er octobre au 31 octobre, diffuse chaque jour deux \u00e9missions d\u2019une heure en direct, de 16h30 \u00e0 18h30. Cette radio digitale, soutenue par l&rsquo;institut Curie , est d\u00e9di\u00e9e aux femmes atteintes de cancer du sein et \u00e0 leurs proches. Elle devrait \u00e9galement permettre de sensibiliser le grand public \u00e0 cette th\u00e9matique.<\/p>\n<p>\u00ab\u00a0Avec 53 000 nouveaux cas en 2011, le cancer du sein reste le plus fr\u00e9quent chez la femme\u00a0\u00bb affirme le Dr Brigitte Sigal. Recherche, diagnostics, traitements, t\u00e9moignages, apr\u00e8s cancer&#8230; O\u00f9 en est-on ? Cette radio, \u00e0 vocation informative et interactive, aborde toutes les questions que se posent les patientes, leurs proches et le grand public : Peut-on pr\u00e9venir le cancer du sein ? Qui sont les femmes \u00e0 risques ? Quel r\u00f4le pour les proches ? Comment se d\u00e9roule l&rsquo;apr\u00e8s-cancer ? Le public est invit\u00e9 \u00e0 envoyer toutes ses questions \u00e0 l&rsquo;adresse radio@curie.fr. Celles-ci serviront \u00e0 orienter les contenus des \u00e9missions et permettront de nourrir les d\u00e9bats et les \u00e9changes durant tout le mois d&rsquo;octobre. N&rsquo;h\u00e9sitez pas \u00e0 venir poser vos questions aux sp\u00e9cialistes qui se feront un plaisir de vous r\u00e9pondre. L&rsquo;\u00e9mission est aussi disponible en podcast.<\/p>\n<p>\u2022 Le site : <a href=\"http:\/\/radio.curie.fr\" target=\"_blank\">http:\/\/radio.curie.fr<\/a><\/p>\n<p>Pour cette 3e ann\u00e9e, d\u00e9couvrez en vid\u00e9o la premi\u00e8re \u00e9mission de <span style=\"text-decoration: underline;\"><a href=\"http:\/\/radio.curie.fr\" target=\"_blank\">Radio Curie 2014<\/a><\/span> qui a eu lieu \u00e0 Beaugrennelle-Paris.<\/p>\n<p><iframe loading=\"lazy\" src=\"\/\/www.youtube.com\/embed\/1pxfFBcTT7k?list=UUJgWorcJtnNsecn-42aS84g&amp;showinfo=0\" width=\"640\" height=\"360\" frameborder=\"0\" allowfullscreen=\"allowfullscreen\"><\/iframe><\/p>\n","protected":false},"excerpt":{"rendered":"<p>\u00abOctobre Rose\u00bb est une manifestation qui met en avant l&rsquo;importance du d\u00e9pistage et de la pr\u00e9vention pour le cancer du sein. Pour l&rsquo;occasion, Radio Curie, la premi\u00e8re webradio \u00e9ph\u00e9m\u00e8re d\u00e9di\u00e9e au cancer du sein du 1er octobre au 31 octobre, diffuse chaque jour deux \u00e9missions d\u2019une heure en direct, de 16h30 \u00e0 18h30. Cette radio [&hellip;]<\/p>\n","protected":false},"author":3,"featured_media":1866,"comment_status":"closed","ping_status":"closed","sticky":false,"template":"","format":"standard","meta":{"_et_pb_use_builder":"","_et_pb_old_content":"","_et_gb_content_width":"","footnotes":""},"categories":[6],"tags":[665,667,666,664,44],"class_list":["post-1865","post","type-post","status-publish","format-standard","has-post-thumbnail","hentry","category-focus","tag-cancer-du-sein","tag-institut-curie","tag-octobre-rose","tag-radio-curie","tag-webradios","et-has-post-format-content","et_post_format-et-post-format-standard"],"yoast_head":"<!-- This site is optimized with the Yoast SEO plugin v27.4 - https:\/\/yoast.com\/product\/yoast-seo-wordpress\/ -->\n<title>Radio Curie, la webradio \u00e9ph\u00e9m\u00e8re sur le cancer du sein<\/title>\n<meta name=\"description\" content=\"1\u00e8re webradio d\u00e9di\u00e9e aux femmes atteintes d&#039;un cancer du sein et \u00e0 leurs proches. Vous y trouverez des informations, des d\u00e9bats et des chroniques.\" \/>\n<meta name=\"robots\" content=\"index, follow, max-snippet:-1, max-image-preview:large, max-video-preview:-1\" \/>\n<link rel=\"canonical\" href=\"https:\/\/www.lawebradio.com\/news\/radio-curie-webradio-ephemere-sensibilisation-cancer-du-sein\/\" \/>\n<meta property=\"og:locale\" content=\"fr_FR\" \/>\n<meta property=\"og:type\" content=\"article\" \/>\n<meta property=\"og:title\" content=\"Radio Curie, la webradio \u00e9ph\u00e9m\u00e8re sur le cancer du sein\" \/>\n<meta property=\"og:description\" content=\"1\u00e8re webradio d\u00e9di\u00e9e aux femmes atteintes d&#039;un cancer du sein et \u00e0 leurs proches. Vous y trouverez des informations, des d\u00e9bats et des chroniques.\" \/>\n<meta property=\"og:url\" content=\"https:\/\/www.lawebradio.com\/news\/radio-curie-webradio-ephemere-sensibilisation-cancer-du-sein\/\" \/>\n<meta property=\"og:site_name\" content=\"Lawebradio.com - Actualit\u00e9s des radios digitales\" \/>\n<meta property=\"article:published_time\" content=\"2014-10-13T16:47:37+00:00\" \/>\n<meta property=\"article:modified_time\" content=\"2014-10-16T14:52:20+00:00\" \/>\n<meta property=\"og:image\" content=\"https:\/\/www.lawebradio.com\/news\/wp-content\/uploads\/2014\/10\/ima-radio-curie2014.jpg\" \/>\n\t<meta property=\"og:image:width\" content=\"640\" \/>\n\t<meta property=\"og:image:height\" content=\"310\" \/>\n\t<meta property=\"og:image:type\" content=\"image\/jpeg\" \/>\n<meta name=\"author\" content=\"Julien Lecourbe\" \/>\n<meta name=\"twitter:label1\" content=\"\u00c9crit par\" \/>\n\t<meta name=\"twitter:data1\" content=\"Julien Lecourbe\" \/>\n\t<meta name=\"twitter:label2\" content=\"Dur\u00e9e de lecture estim\u00e9e\" \/>\n\t<meta name=\"twitter:data2\" content=\"1 minute\" \/>\n<script type=\"application\/ld+json\" class=\"yoast-schema-graph\">{\"@context\":\"https:\\\/\\\/schema.org\",\"@graph\":[{\"@type\":\"Article\",\"@id\":\"https:\\\/\\\/www.lawebradio.com\\\/news\\\/radio-curie-webradio-ephemere-sensibilisation-cancer-du-sein\\\/#article\",\"isPartOf\":{\"@id\":\"https:\\\/\\\/www.lawebradio.com\\\/news\\\/radio-curie-webradio-ephemere-sensibilisation-cancer-du-sein\\\/\"},\"author\":{\"name\":\"Julien Lecourbe\",\"@id\":\"https:\\\/\\\/www.lawebradio.com\\\/news\\\/#\\\/schema\\\/person\\\/95fd11aee6e6cfe70a4b58b482103f1f\"},\"headline\":\"Radio Curie, une webradio \u00e9ph\u00e9m\u00e8re de sensibilisation sur le cancer du sein\",\"datePublished\":\"2014-10-13T16:47:37+00:00\",\"dateModified\":\"2014-10-16T14:52:20+00:00\",\"mainEntityOfPage\":{\"@id\":\"https:\\\/\\\/www.lawebradio.com\\\/news\\\/radio-curie-webradio-ephemere-sensibilisation-cancer-du-sein\\\/\"},\"wordCount\":278,\"publisher\":{\"@id\":\"https:\\\/\\\/www.lawebradio.com\\\/news\\\/#organization\"},\"image\":{\"@id\":\"https:\\\/\\\/www.lawebradio.com\\\/news\\\/radio-curie-webradio-ephemere-sensibilisation-cancer-du-sein\\\/#primaryimage\"},\"thumbnailUrl\":\"https:\\\/\\\/www.lawebradio.com\\\/news\\\/wp-content\\\/uploads\\\/2014\\\/10\\\/ima-radio-curie2014.jpg\",\"keywords\":[\"cancer du sein\",\"institut Curie\",\"octobre rose\",\"radio curie\",\"webradios\"],\"articleSection\":[\"Focus\"],\"inLanguage\":\"fr-FR\"},{\"@type\":\"WebPage\",\"@id\":\"https:\\\/\\\/www.lawebradio.com\\\/news\\\/radio-curie-webradio-ephemere-sensibilisation-cancer-du-sein\\\/\",\"url\":\"https:\\\/\\\/www.lawebradio.com\\\/news\\\/radio-curie-webradio-ephemere-sensibilisation-cancer-du-sein\\\/\",\"name\":\"Radio Curie, la webradio \u00e9ph\u00e9m\u00e8re sur le cancer du sein\",\"isPartOf\":{\"@id\":\"https:\\\/\\\/www.lawebradio.com\\\/news\\\/#website\"},\"primaryImageOfPage\":{\"@id\":\"https:\\\/\\\/www.lawebradio.com\\\/news\\\/radio-curie-webradio-ephemere-sensibilisation-cancer-du-sein\\\/#primaryimage\"},\"image\":{\"@id\":\"https:\\\/\\\/www.lawebradio.com\\\/news\\\/radio-curie-webradio-ephemere-sensibilisation-cancer-du-sein\\\/#primaryimage\"},\"thumbnailUrl\":\"https:\\\/\\\/www.lawebradio.com\\\/news\\\/wp-content\\\/uploads\\\/2014\\\/10\\\/ima-radio-curie2014.jpg\",\"datePublished\":\"2014-10-13T16:47:37+00:00\",\"dateModified\":\"2014-10-16T14:52:20+00:00\",\"description\":\"1\u00e8re webradio d\u00e9di\u00e9e aux femmes atteintes d'un cancer du sein et \u00e0 leurs proches. Vous y trouverez des informations, des d\u00e9bats et des chroniques.\",\"inLanguage\":\"fr-FR\",\"potentialAction\":[{\"@type\":\"ReadAction\",\"target\":[\"https:\\\/\\\/www.lawebradio.com\\\/news\\\/radio-curie-webradio-ephemere-sensibilisation-cancer-du-sein\\\/\"]}]},{\"@type\":\"ImageObject\",\"inLanguage\":\"fr-FR\",\"@id\":\"https:\\\/\\\/www.lawebradio.com\\\/news\\\/radio-curie-webradio-ephemere-sensibilisation-cancer-du-sein\\\/#primaryimage\",\"url\":\"https:\\\/\\\/www.lawebradio.com\\\/news\\\/wp-content\\\/uploads\\\/2014\\\/10\\\/ima-radio-curie2014.jpg\",\"contentUrl\":\"https:\\\/\\\/www.lawebradio.com\\\/news\\\/wp-content\\\/uploads\\\/2014\\\/10\\\/ima-radio-curie2014.jpg\",\"width\":640,\"height\":310},{\"@type\":\"WebSite\",\"@id\":\"https:\\\/\\\/www.lawebradio.com\\\/news\\\/#website\",\"url\":\"https:\\\/\\\/www.lawebradio.com\\\/news\\\/\",\"name\":\"Lawebradio.com - Actualit\u00e9s des radios digitales\",\"description\":\"\",\"publisher\":{\"@id\":\"https:\\\/\\\/www.lawebradio.com\\\/news\\\/#organization\"},\"potentialAction\":[{\"@type\":\"SearchAction\",\"target\":{\"@type\":\"EntryPoint\",\"urlTemplate\":\"https:\\\/\\\/www.lawebradio.com\\\/news\\\/?s={search_term_string}\"},\"query-input\":{\"@type\":\"PropertyValueSpecification\",\"valueRequired\":true,\"valueName\":\"search_term_string\"}}],\"inLanguage\":\"fr-FR\"},{\"@type\":\"Organization\",\"@id\":\"https:\\\/\\\/www.lawebradio.com\\\/news\\\/#organization\",\"name\":\"Lawebradio.com - Actualit\u00e9s des radios digitales\",\"url\":\"https:\\\/\\\/www.lawebradio.com\\\/news\\\/\",\"logo\":{\"@type\":\"ImageObject\",\"inLanguage\":\"fr-FR\",\"@id\":\"https:\\\/\\\/www.lawebradio.com\\\/news\\\/#\\\/schema\\\/logo\\\/image\\\/\",\"url\":\"https:\\\/\\\/www.lawebradio.com\\\/news\\\/wp-content\\\/uploads\\\/2020\\\/10\\\/logo2020.png\",\"contentUrl\":\"https:\\\/\\\/www.lawebradio.com\\\/news\\\/wp-content\\\/uploads\\\/2020\\\/10\\\/logo2020.png\",\"width\":254,\"height\":43,\"caption\":\"Lawebradio.com - Actualit\u00e9s des radios digitales\"},\"image\":{\"@id\":\"https:\\\/\\\/www.lawebradio.com\\\/news\\\/#\\\/schema\\\/logo\\\/image\\\/\"}},{\"@type\":\"Person\",\"@id\":\"https:\\\/\\\/www.lawebradio.com\\\/news\\\/#\\\/schema\\\/person\\\/95fd11aee6e6cfe70a4b58b482103f1f\",\"name\":\"Julien Lecourbe\",\"image\":{\"@type\":\"ImageObject\",\"inLanguage\":\"fr-FR\",\"@id\":\"https:\\\/\\\/secure.gravatar.com\\\/avatar\\\/0d25a327c6e268d9730d9c0cbeeee0fea76f04c6cf9528c29e782ef324afc515?s=96&d=mm&r=g\",\"url\":\"https:\\\/\\\/secure.gravatar.com\\\/avatar\\\/0d25a327c6e268d9730d9c0cbeeee0fea76f04c6cf9528c29e782ef324afc515?s=96&d=mm&r=g\",\"contentUrl\":\"https:\\\/\\\/secure.gravatar.com\\\/avatar\\\/0d25a327c6e268d9730d9c0cbeeee0fea76f04c6cf9528c29e782ef324afc515?s=96&d=mm&r=g\",\"caption\":\"Julien Lecourbe\"},\"url\":\"https:\\\/\\\/www.lawebradio.com\\\/news\\\/author\\\/la-redaction\\\/\"}]}<\/script>\n<!-- \/ Yoast SEO plugin. -->","yoast_head_json":{"title":"Radio Curie, la webradio \u00e9ph\u00e9m\u00e8re sur le cancer du sein","description":"1\u00e8re webradio d\u00e9di\u00e9e aux femmes atteintes d'un cancer du sein et \u00e0 leurs proches. Vous y trouverez des informations, des d\u00e9bats et des chroniques.","robots":{"index":"index","follow":"follow","max-snippet":"max-snippet:-1","max-image-preview":"max-image-preview:large","max-video-preview":"max-video-preview:-1"},"canonical":"https:\/\/www.lawebradio.com\/news\/radio-curie-webradio-ephemere-sensibilisation-cancer-du-sein\/","og_locale":"fr_FR","og_type":"article","og_title":"Radio Curie, la webradio \u00e9ph\u00e9m\u00e8re sur le cancer du sein","og_description":"1\u00e8re webradio d\u00e9di\u00e9e aux femmes atteintes d'un cancer du sein et \u00e0 leurs proches. Vous y trouverez des informations, des d\u00e9bats et des chroniques.","og_url":"https:\/\/www.lawebradio.com\/news\/radio-curie-webradio-ephemere-sensibilisation-cancer-du-sein\/","og_site_name":"Lawebradio.com - Actualit\u00e9s des radios digitales","article_published_time":"2014-10-13T16:47:37+00:00","article_modified_time":"2014-10-16T14:52:20+00:00","og_image":[{"width":640,"height":310,"url":"https:\/\/www.lawebradio.com\/news\/wp-content\/uploads\/2014\/10\/ima-radio-curie2014.jpg","type":"image\/jpeg"}],"author":"Julien Lecourbe","twitter_misc":{"\u00c9crit par":"Julien Lecourbe","Dur\u00e9e de lecture estim\u00e9e":"1 minute"},"schema":{"@context":"https:\/\/schema.org","@graph":[{"@type":"Article","@id":"https:\/\/www.lawebradio.com\/news\/radio-curie-webradio-ephemere-sensibilisation-cancer-du-sein\/#article","isPartOf":{"@id":"https:\/\/www.lawebradio.com\/news\/radio-curie-webradio-ephemere-sensibilisation-cancer-du-sein\/"},"author":{"name":"Julien Lecourbe","@id":"https:\/\/www.lawebradio.com\/news\/#\/schema\/person\/95fd11aee6e6cfe70a4b58b482103f1f"},"headline":"Radio Curie, une webradio \u00e9ph\u00e9m\u00e8re de sensibilisation sur le cancer du sein","datePublished":"2014-10-13T16:47:37+00:00","dateModified":"2014-10-16T14:52:20+00:00","mainEntityOfPage":{"@id":"https:\/\/www.lawebradio.com\/news\/radio-curie-webradio-ephemere-sensibilisation-cancer-du-sein\/"},"wordCount":278,"publisher":{"@id":"https:\/\/www.lawebradio.com\/news\/#organization"},"image":{"@id":"https:\/\/www.lawebradio.com\/news\/radio-curie-webradio-ephemere-sensibilisation-cancer-du-sein\/#primaryimage"},"thumbnailUrl":"https:\/\/www.lawebradio.com\/news\/wp-content\/uploads\/2014\/10\/ima-radio-curie2014.jpg","keywords":["cancer du sein","institut Curie","octobre rose","radio curie","webradios"],"articleSection":["Focus"],"inLanguage":"fr-FR"},{"@type":"WebPage","@id":"https:\/\/www.lawebradio.com\/news\/radio-curie-webradio-ephemere-sensibilisation-cancer-du-sein\/","url":"https:\/\/www.lawebradio.com\/news\/radio-curie-webradio-ephemere-sensibilisation-cancer-du-sein\/","name":"Radio Curie, la webradio \u00e9ph\u00e9m\u00e8re sur le cancer du sein","isPartOf":{"@id":"https:\/\/www.lawebradio.com\/news\/#website"},"primaryImageOfPage":{"@id":"https:\/\/www.lawebradio.com\/news\/radio-curie-webradio-ephemere-sensibilisation-cancer-du-sein\/#primaryimage"},"image":{"@id":"https:\/\/www.lawebradio.com\/news\/radio-curie-webradio-ephemere-sensibilisation-cancer-du-sein\/#primaryimage"},"thumbnailUrl":"https:\/\/www.lawebradio.com\/news\/wp-content\/uploads\/2014\/10\/ima-radio-curie2014.jpg","datePublished":"2014-10-13T16:47:37+00:00","dateModified":"2014-10-16T14:52:20+00:00","description":"1\u00e8re webradio d\u00e9di\u00e9e aux femmes atteintes d'un cancer du sein et \u00e0 leurs proches. Vous y trouverez des informations, des d\u00e9bats et des chroniques.","inLanguage":"fr-FR","potentialAction":[{"@type":"ReadAction","target":["https:\/\/www.lawebradio.com\/news\/radio-curie-webradio-ephemere-sensibilisation-cancer-du-sein\/"]}]},{"@type":"ImageObject","inLanguage":"fr-FR","@id":"https:\/\/www.lawebradio.com\/news\/radio-curie-webradio-ephemere-sensibilisation-cancer-du-sein\/#primaryimage","url":"https:\/\/www.lawebradio.com\/news\/wp-content\/uploads\/2014\/10\/ima-radio-curie2014.jpg","contentUrl":"https:\/\/www.lawebradio.com\/news\/wp-content\/uploads\/2014\/10\/ima-radio-curie2014.jpg","width":640,"height":310},{"@type":"WebSite","@id":"https:\/\/www.lawebradio.com\/news\/#website","url":"https:\/\/www.lawebradio.com\/news\/","name":"Lawebradio.com - Actualit\u00e9s des radios digitales","description":"","publisher":{"@id":"https:\/\/www.lawebradio.com\/news\/#organization"},"potentialAction":[{"@type":"SearchAction","target":{"@type":"EntryPoint","urlTemplate":"https:\/\/www.lawebradio.com\/news\/?s={search_term_string}"},"query-input":{"@type":"PropertyValueSpecification","valueRequired":true,"valueName":"search_term_string"}}],"inLanguage":"fr-FR"},{"@type":"Organization","@id":"https:\/\/www.lawebradio.com\/news\/#organization","name":"Lawebradio.com - Actualit\u00e9s des radios digitales","url":"https:\/\/www.lawebradio.com\/news\/","logo":{"@type":"ImageObject","inLanguage":"fr-FR","@id":"https:\/\/www.lawebradio.com\/news\/#\/schema\/logo\/image\/","url":"https:\/\/www.lawebradio.com\/news\/wp-content\/uploads\/2020\/10\/logo2020.png","contentUrl":"https:\/\/www.lawebradio.com\/news\/wp-content\/uploads\/2020\/10\/logo2020.png","width":254,"height":43,"caption":"Lawebradio.com - Actualit\u00e9s des radios digitales"},"image":{"@id":"https:\/\/www.lawebradio.com\/news\/#\/schema\/logo\/image\/"}},{"@type":"Person","@id":"https:\/\/www.lawebradio.com\/news\/#\/schema\/person\/95fd11aee6e6cfe70a4b58b482103f1f","name":"Julien Lecourbe","image":{"@type":"ImageObject","inLanguage":"fr-FR","@id":"https:\/\/secure.gravatar.com\/avatar\/0d25a327c6e268d9730d9c0cbeeee0fea76f04c6cf9528c29e782ef324afc515?s=96&d=mm&r=g","url":"https:\/\/secure.gravatar.com\/avatar\/0d25a327c6e268d9730d9c0cbeeee0fea76f04c6cf9528c29e782ef324afc515?s=96&d=mm&r=g","contentUrl":"https:\/\/secure.gravatar.com\/avatar\/0d25a327c6e268d9730d9c0cbeeee0fea76f04c6cf9528c29e782ef324afc515?s=96&d=mm&r=g","caption":"Julien Lecourbe"},"url":"https:\/\/www.lawebradio.com\/news\/author\/la-redaction\/"}]}},"_links":{"self":[{"href":"https:\/\/www.lawebradio.com\/news\/wp-json\/wp\/v2\/posts\/1865","targetHints":{"allow":["GET"]}}],"collection":[{"href":"https:\/\/www.lawebradio.com\/news\/wp-json\/wp\/v2\/posts"}],"about":[{"href":"https:\/\/www.lawebradio.com\/news\/wp-json\/wp\/v2\/types\/post"}],"author":[{"embeddable":true,"href":"https:\/\/www.lawebradio.com\/news\/wp-json\/wp\/v2\/users\/3"}],"replies":[{"embeddable":true,"href":"https:\/\/www.lawebradio.com\/news\/wp-json\/wp\/v2\/comments?post=1865"}],"version-history":[{"count":4,"href":"https:\/\/www.lawebradio.com\/news\/wp-json\/wp\/v2\/posts\/1865\/revisions"}],"predecessor-version":[{"id":1870,"href":"https:\/\/www.lawebradio.com\/news\/wp-json\/wp\/v2\/posts\/1865\/revisions\/1870"}],"wp:featuredmedia":[{"embeddable":true,"href":"https:\/\/www.lawebradio.com\/news\/wp-json\/wp\/v2\/media\/1866"}],"wp:attachment":[{"href":"https:\/\/www.lawebradio.com\/news\/wp-json\/wp\/v2\/media?parent=1865"}],"wp:term":[{"taxonomy":"category","embeddable":true,"href":"https:\/\/www.lawebradio.com\/news\/wp-json\/wp\/v2\/categories?post=1865"},{"taxonomy":"post_tag","embeddable":true,"href":"https:\/\/www.lawebradio.com\/news\/wp-json\/wp\/v2\/tags?post=1865"}],"curies":[{"name":"wp","href":"https:\/\/api.w.org\/{rel}","templated":true}]}}