{"id":1848,"date":"2014-10-03T20:05:58","date_gmt":"2014-10-03T19:05:58","guid":{"rendered":"http:\/\/www.lawebradio.com\/news\/?p=1848"},"modified":"2014-10-04T12:09:33","modified_gmt":"2014-10-04T11:09:33","slug":"les-enfants-du-rhone-se-donnent-en-spectacle","status":"publish","type":"post","link":"https:\/\/www.lawebradio.com\/news\/les-enfants-du-rhone-se-donnent-en-spectacle\/","title":{"rendered":"Les Enfants du Rh\u00f4ne se donnent en spectacle !"},"content":{"rendered":"<p><strong>Aymeric Eustache, membre actif de l\u2019association \u00abLes Enfants du Rh\u00f4ne\u00bb, est ing\u00e9nieur du son depuis 13 ans. Install\u00e9 \u00e0 Lyon, il intervient dans la sonorisation et l\u2019enregistrement de concerts.<\/strong><\/p>\n<p>C\u2019est \u00e0 cette occasion qu\u2019il a saisi l\u2019opportunit\u00e9 de cr\u00e9er la radio digitale du m\u00eame nom sur la plateforme de streaming audio, Radionomy.com, pour d\u00e9velopper un point d\u2019\u00e9coute et de d\u00e9couverte de la sc\u00e8ne musicale lyonnaise.<\/p>\n<p>&#8211; Aymeric Eustache : \u00ab\u00a0Nous enregistrons tous les mois une \u00e9mission concert ainsi qu\u2019une interview en public avec trois groupes ayant une actualit\u00e9, sortie d\u2019album ou EP, en Rh\u00f4ne-Alpes. L\u2019\u00e9mission s\u2019appelle Buzzique Live. A l\u2019origine elle \u00e9tait diffus\u00e9e sur une FM durant plus de six ans et anim\u00e9e par Arnaud BonPublic. La rencontre entre celui-ci, ultra connu aupr\u00e8s des artistes locaux, et \u00abLes Enfants du Rh\u00f4ne\u00bb allait de soi. Chaque concert est diffus\u00e9 sur la webradio la semaine suivante.<\/p>\n<p><img loading=\"lazy\" decoding=\"async\" class=\"alignnone size-full wp-image-1850\" src=\"http:\/\/www.lawebradio.com\/news\/wp-content\/uploads\/2014\/10\/ima2-edr2014.jpg\" alt=\"Les Enfants du Rh\u00f4ne\" width=\"640\" height=\"310\" srcset=\"https:\/\/www.lawebradio.com\/news\/wp-content\/uploads\/2014\/10\/ima2-edr2014.jpg 640w, https:\/\/www.lawebradio.com\/news\/wp-content\/uploads\/2014\/10\/ima2-edr2014-150x72.jpg 150w, https:\/\/www.lawebradio.com\/news\/wp-content\/uploads\/2014\/10\/ima2-edr2014-300x145.jpg 300w\" sizes=\"auto, (max-width: 640px) 100vw, 640px\" \/><\/p>\n<p>Ce mois-ci, nous lan\u00e7ons une \u00e9mission sur la d\u00e9couverte de la sc\u00e8ne culturelle, en incluant le th\u00e9\u00e2tre, danse, arts plastiques\u2026 Nous ne diffusons que des groupes de la r\u00e9gion avec plus de 230 r\u00e9f\u00e9rences en 1 an et demi d\u2019existence. Notre volont\u00e9 est de cr\u00e9er des passerelles entre le public et les artistes. Le but est de promouvoir quelques-unes des activit\u00e9s des 10 000 associations du Rh\u00f4ne. Nous sommes sur des logiques de production d\u2019\u00e9missions. Pour ce faire, nous avons embauch\u00e9 une charg\u00e9e de production.\u00a0\u00bb<\/p>\n<p>Prochainement, un nouveau site Web plus interactif verra le jour. Il donnera acc\u00e8s \u00e0 une s\u00e9lection de vid\u00e9os des groupes pr\u00e9sents dans la playlist de la webradio et permettra de\u00a0 r\u00e9\u00e9couter l&rsquo;enregistrement des concerts de Buzzique Live \u00e0 la demande. Un ensemble d\u2019\u00e9missions th\u00e9matiques r\u00e9alis\u00e9es par des jeunes et des s\u00e9niors en MJC sera aussi disponible tr\u00e8s bient\u00f4t.<\/p>\n<p>&#8211; Aymeric Eustache : \u00ab\u00a0Notre vocation est de parler de ce qui se passe \u00e0 Lyon. Nous sommes la seule radio \u00e0 le faire de mani\u00e8re exclusive. Nous esp\u00e9rons cr\u00e9er de la curiosit\u00e9 pour cette sc\u00e8ne locale, riche et trop peu pr\u00e9sente dans les m\u00e9dias. Nous ne diffusons pas ce que les gens souhaitent entendre, nous essayons de leur montrer ce qu\u2019ils ne connaissent pas, afin qu\u2019ils s\u2019y int\u00e9ressent.\u00a0\u00bb<\/p>\n<p>\u2022 Site :\u00a0 <a href=\"http:\/\/www.lesenfantsdurhone.fr\" target=\"_blank\">http:\/\/www.lesenfantsdurhone.fr<\/a><br \/>\n\u2022 Facebook : <a href=\"https:\/\/www.facebook.com\/LesEnfantsDuRhone\" target=\"_blank\">https:\/\/www.facebook.com\/LesEnfantsDuRhone<\/a><\/p>\n<p><img loading=\"lazy\" decoding=\"async\" class=\"alignnone size-full wp-image-1851\" src=\"http:\/\/www.lawebradio.com\/news\/wp-content\/uploads\/2014\/10\/ima3-edr2014.jpg\" alt=\"Les Enfants du Rh\u00f4ne\" width=\"640\" height=\"310\" srcset=\"https:\/\/www.lawebradio.com\/news\/wp-content\/uploads\/2014\/10\/ima3-edr2014.jpg 640w, https:\/\/www.lawebradio.com\/news\/wp-content\/uploads\/2014\/10\/ima3-edr2014-150x72.jpg 150w, https:\/\/www.lawebradio.com\/news\/wp-content\/uploads\/2014\/10\/ima3-edr2014-300x145.jpg 300w\" sizes=\"auto, (max-width: 640px) 100vw, 640px\" \/><\/p>\n","protected":false},"excerpt":{"rendered":"<p>Aymeric Eustache, membre actif de l\u2019association \u00abLes Enfants du Rh\u00f4ne\u00bb, est ing\u00e9nieur du son depuis 13 ans. Install\u00e9 \u00e0 Lyon, il intervient dans la sonorisation et l\u2019enregistrement de concerts. C\u2019est \u00e0 cette occasion qu\u2019il a saisi l\u2019opportunit\u00e9 de cr\u00e9er la radio digitale du m\u00eame nom sur la plateforme de streaming audio, Radionomy.com, pour d\u00e9velopper un [&hellip;]<\/p>\n","protected":false},"author":3,"featured_media":1859,"comment_status":"closed","ping_status":"closed","sticky":false,"template":"","format":"standard","meta":{"_et_pb_use_builder":"","_et_pb_old_content":"","_et_gb_content_width":"","footnotes":""},"categories":[6],"tags":[661,662,660,663,15,44],"class_list":["post-1848","post","type-post","status-publish","format-standard","has-post-thumbnail","hentry","category-focus","tag-arnaud-bonpublic","tag-aymeric-eustache","tag-buzzique-live","tag-les-enfants-du-rhone","tag-radionomy","tag-webradios","et-has-post-format-content","et_post_format-et-post-format-standard"],"yoast_head":"<!-- This site is optimized with the Yoast SEO plugin v27.4 - https:\/\/yoast.com\/product\/yoast-seo-wordpress\/ -->\n<title>Les Enfants du Rh\u00f4ne se donnent en spectacle !<\/title>\n<meta name=\"description\" content=\"Cette webradio lyonnaise diffuse tous les mois Buzzique Live, une \u00e9mission concert anim\u00e9e par Arnaud BonPublic ainsi que des interviews de 3 groupes locaux.\" \/>\n<meta name=\"robots\" content=\"index, follow, max-snippet:-1, max-image-preview:large, max-video-preview:-1\" \/>\n<link rel=\"canonical\" href=\"https:\/\/www.lawebradio.com\/news\/les-enfants-du-rhone-se-donnent-en-spectacle\/\" \/>\n<meta property=\"og:locale\" content=\"fr_FR\" \/>\n<meta property=\"og:type\" content=\"article\" \/>\n<meta property=\"og:title\" content=\"Les Enfants du Rh\u00f4ne se donnent en spectacle !\" \/>\n<meta property=\"og:description\" content=\"Cette webradio lyonnaise diffuse tous les mois Buzzique Live, une \u00e9mission concert anim\u00e9e par Arnaud BonPublic ainsi que des interviews de 3 groupes locaux.\" \/>\n<meta property=\"og:url\" content=\"https:\/\/www.lawebradio.com\/news\/les-enfants-du-rhone-se-donnent-en-spectacle\/\" \/>\n<meta property=\"og:site_name\" content=\"Lawebradio.com - Actualit\u00e9s des radios digitales\" \/>\n<meta property=\"article:published_time\" content=\"2014-10-03T19:05:58+00:00\" \/>\n<meta property=\"article:modified_time\" content=\"2014-10-04T11:09:33+00:00\" \/>\n<meta property=\"og:image\" content=\"https:\/\/www.lawebradio.com\/news\/wp-content\/uploads\/2014\/10\/ima4-edr2014.jpg\" \/>\n\t<meta property=\"og:image:width\" content=\"640\" \/>\n\t<meta property=\"og:image:height\" content=\"310\" \/>\n\t<meta property=\"og:image:type\" content=\"image\/jpeg\" \/>\n<meta name=\"author\" content=\"Julien Lecourbe\" \/>\n<meta name=\"twitter:label1\" content=\"\u00c9crit par\" \/>\n\t<meta name=\"twitter:data1\" content=\"Julien Lecourbe\" \/>\n\t<meta name=\"twitter:label2\" content=\"Dur\u00e9e de lecture estim\u00e9e\" \/>\n\t<meta name=\"twitter:data2\" content=\"2 minutes\" \/>\n<script type=\"application\/ld+json\" class=\"yoast-schema-graph\">{\"@context\":\"https:\\\/\\\/schema.org\",\"@graph\":[{\"@type\":\"Article\",\"@id\":\"https:\\\/\\\/www.lawebradio.com\\\/news\\\/les-enfants-du-rhone-se-donnent-en-spectacle\\\/#article\",\"isPartOf\":{\"@id\":\"https:\\\/\\\/www.lawebradio.com\\\/news\\\/les-enfants-du-rhone-se-donnent-en-spectacle\\\/\"},\"author\":{\"name\":\"Julien Lecourbe\",\"@id\":\"https:\\\/\\\/www.lawebradio.com\\\/news\\\/#\\\/schema\\\/person\\\/95fd11aee6e6cfe70a4b58b482103f1f\"},\"headline\":\"Les Enfants du Rh\u00f4ne se donnent en spectacle !\",\"datePublished\":\"2014-10-03T19:05:58+00:00\",\"dateModified\":\"2014-10-04T11:09:33+00:00\",\"mainEntityOfPage\":{\"@id\":\"https:\\\/\\\/www.lawebradio.com\\\/news\\\/les-enfants-du-rhone-se-donnent-en-spectacle\\\/\"},\"wordCount\":423,\"publisher\":{\"@id\":\"https:\\\/\\\/www.lawebradio.com\\\/news\\\/#organization\"},\"image\":{\"@id\":\"https:\\\/\\\/www.lawebradio.com\\\/news\\\/les-enfants-du-rhone-se-donnent-en-spectacle\\\/#primaryimage\"},\"thumbnailUrl\":\"https:\\\/\\\/www.lawebradio.com\\\/news\\\/wp-content\\\/uploads\\\/2014\\\/10\\\/ima4-edr2014.jpg\",\"keywords\":[\"Arnaud BonPublic\",\"Aymeric Eustache\",\"Buzzique Live\",\"Les Enfants du Rh\u00f4ne\",\"radionomy\",\"webradios\"],\"articleSection\":[\"Focus\"],\"inLanguage\":\"fr-FR\"},{\"@type\":\"WebPage\",\"@id\":\"https:\\\/\\\/www.lawebradio.com\\\/news\\\/les-enfants-du-rhone-se-donnent-en-spectacle\\\/\",\"url\":\"https:\\\/\\\/www.lawebradio.com\\\/news\\\/les-enfants-du-rhone-se-donnent-en-spectacle\\\/\",\"name\":\"Les Enfants du Rh\u00f4ne se donnent en spectacle !\",\"isPartOf\":{\"@id\":\"https:\\\/\\\/www.lawebradio.com\\\/news\\\/#website\"},\"primaryImageOfPage\":{\"@id\":\"https:\\\/\\\/www.lawebradio.com\\\/news\\\/les-enfants-du-rhone-se-donnent-en-spectacle\\\/#primaryimage\"},\"image\":{\"@id\":\"https:\\\/\\\/www.lawebradio.com\\\/news\\\/les-enfants-du-rhone-se-donnent-en-spectacle\\\/#primaryimage\"},\"thumbnailUrl\":\"https:\\\/\\\/www.lawebradio.com\\\/news\\\/wp-content\\\/uploads\\\/2014\\\/10\\\/ima4-edr2014.jpg\",\"datePublished\":\"2014-10-03T19:05:58+00:00\",\"dateModified\":\"2014-10-04T11:09:33+00:00\",\"description\":\"Cette webradio lyonnaise diffuse tous les mois Buzzique Live, une \u00e9mission concert anim\u00e9e par Arnaud BonPublic ainsi que des interviews de 3 groupes locaux.\",\"inLanguage\":\"fr-FR\",\"potentialAction\":[{\"@type\":\"ReadAction\",\"target\":[\"https:\\\/\\\/www.lawebradio.com\\\/news\\\/les-enfants-du-rhone-se-donnent-en-spectacle\\\/\"]}]},{\"@type\":\"ImageObject\",\"inLanguage\":\"fr-FR\",\"@id\":\"https:\\\/\\\/www.lawebradio.com\\\/news\\\/les-enfants-du-rhone-se-donnent-en-spectacle\\\/#primaryimage\",\"url\":\"https:\\\/\\\/www.lawebradio.com\\\/news\\\/wp-content\\\/uploads\\\/2014\\\/10\\\/ima4-edr2014.jpg\",\"contentUrl\":\"https:\\\/\\\/www.lawebradio.com\\\/news\\\/wp-content\\\/uploads\\\/2014\\\/10\\\/ima4-edr2014.jpg\",\"width\":640,\"height\":310},{\"@type\":\"WebSite\",\"@id\":\"https:\\\/\\\/www.lawebradio.com\\\/news\\\/#website\",\"url\":\"https:\\\/\\\/www.lawebradio.com\\\/news\\\/\",\"name\":\"Lawebradio.com - Actualit\u00e9s des radios digitales\",\"description\":\"\",\"publisher\":{\"@id\":\"https:\\\/\\\/www.lawebradio.com\\\/news\\\/#organization\"},\"potentialAction\":[{\"@type\":\"SearchAction\",\"target\":{\"@type\":\"EntryPoint\",\"urlTemplate\":\"https:\\\/\\\/www.lawebradio.com\\\/news\\\/?s={search_term_string}\"},\"query-input\":{\"@type\":\"PropertyValueSpecification\",\"valueRequired\":true,\"valueName\":\"search_term_string\"}}],\"inLanguage\":\"fr-FR\"},{\"@type\":\"Organization\",\"@id\":\"https:\\\/\\\/www.lawebradio.com\\\/news\\\/#organization\",\"name\":\"Lawebradio.com - Actualit\u00e9s des radios digitales\",\"url\":\"https:\\\/\\\/www.lawebradio.com\\\/news\\\/\",\"logo\":{\"@type\":\"ImageObject\",\"inLanguage\":\"fr-FR\",\"@id\":\"https:\\\/\\\/www.lawebradio.com\\\/news\\\/#\\\/schema\\\/logo\\\/image\\\/\",\"url\":\"https:\\\/\\\/www.lawebradio.com\\\/news\\\/wp-content\\\/uploads\\\/2020\\\/10\\\/logo2020.png\",\"contentUrl\":\"https:\\\/\\\/www.lawebradio.com\\\/news\\\/wp-content\\\/uploads\\\/2020\\\/10\\\/logo2020.png\",\"width\":254,\"height\":43,\"caption\":\"Lawebradio.com - Actualit\u00e9s des radios digitales\"},\"image\":{\"@id\":\"https:\\\/\\\/www.lawebradio.com\\\/news\\\/#\\\/schema\\\/logo\\\/image\\\/\"}},{\"@type\":\"Person\",\"@id\":\"https:\\\/\\\/www.lawebradio.com\\\/news\\\/#\\\/schema\\\/person\\\/95fd11aee6e6cfe70a4b58b482103f1f\",\"name\":\"Julien Lecourbe\",\"image\":{\"@type\":\"ImageObject\",\"inLanguage\":\"fr-FR\",\"@id\":\"https:\\\/\\\/secure.gravatar.com\\\/avatar\\\/0d25a327c6e268d9730d9c0cbeeee0fea76f04c6cf9528c29e782ef324afc515?s=96&d=mm&r=g\",\"url\":\"https:\\\/\\\/secure.gravatar.com\\\/avatar\\\/0d25a327c6e268d9730d9c0cbeeee0fea76f04c6cf9528c29e782ef324afc515?s=96&d=mm&r=g\",\"contentUrl\":\"https:\\\/\\\/secure.gravatar.com\\\/avatar\\\/0d25a327c6e268d9730d9c0cbeeee0fea76f04c6cf9528c29e782ef324afc515?s=96&d=mm&r=g\",\"caption\":\"Julien Lecourbe\"},\"url\":\"https:\\\/\\\/www.lawebradio.com\\\/news\\\/author\\\/la-redaction\\\/\"}]}<\/script>\n<!-- \/ Yoast SEO plugin. -->","yoast_head_json":{"title":"Les Enfants du Rh\u00f4ne se donnent en spectacle !","description":"Cette webradio lyonnaise diffuse tous les mois Buzzique Live, une \u00e9mission concert anim\u00e9e par Arnaud BonPublic ainsi que des interviews de 3 groupes locaux.","robots":{"index":"index","follow":"follow","max-snippet":"max-snippet:-1","max-image-preview":"max-image-preview:large","max-video-preview":"max-video-preview:-1"},"canonical":"https:\/\/www.lawebradio.com\/news\/les-enfants-du-rhone-se-donnent-en-spectacle\/","og_locale":"fr_FR","og_type":"article","og_title":"Les Enfants du Rh\u00f4ne se donnent en spectacle !","og_description":"Cette webradio lyonnaise diffuse tous les mois Buzzique Live, une \u00e9mission concert anim\u00e9e par Arnaud BonPublic ainsi que des interviews de 3 groupes locaux.","og_url":"https:\/\/www.lawebradio.com\/news\/les-enfants-du-rhone-se-donnent-en-spectacle\/","og_site_name":"Lawebradio.com - Actualit\u00e9s des radios digitales","article_published_time":"2014-10-03T19:05:58+00:00","article_modified_time":"2014-10-04T11:09:33+00:00","og_image":[{"width":640,"height":310,"url":"https:\/\/www.lawebradio.com\/news\/wp-content\/uploads\/2014\/10\/ima4-edr2014.jpg","type":"image\/jpeg"}],"author":"Julien Lecourbe","twitter_misc":{"\u00c9crit par":"Julien Lecourbe","Dur\u00e9e de lecture estim\u00e9e":"2 minutes"},"schema":{"@context":"https:\/\/schema.org","@graph":[{"@type":"Article","@id":"https:\/\/www.lawebradio.com\/news\/les-enfants-du-rhone-se-donnent-en-spectacle\/#article","isPartOf":{"@id":"https:\/\/www.lawebradio.com\/news\/les-enfants-du-rhone-se-donnent-en-spectacle\/"},"author":{"name":"Julien Lecourbe","@id":"https:\/\/www.lawebradio.com\/news\/#\/schema\/person\/95fd11aee6e6cfe70a4b58b482103f1f"},"headline":"Les Enfants du Rh\u00f4ne se donnent en spectacle !","datePublished":"2014-10-03T19:05:58+00:00","dateModified":"2014-10-04T11:09:33+00:00","mainEntityOfPage":{"@id":"https:\/\/www.lawebradio.com\/news\/les-enfants-du-rhone-se-donnent-en-spectacle\/"},"wordCount":423,"publisher":{"@id":"https:\/\/www.lawebradio.com\/news\/#organization"},"image":{"@id":"https:\/\/www.lawebradio.com\/news\/les-enfants-du-rhone-se-donnent-en-spectacle\/#primaryimage"},"thumbnailUrl":"https:\/\/www.lawebradio.com\/news\/wp-content\/uploads\/2014\/10\/ima4-edr2014.jpg","keywords":["Arnaud BonPublic","Aymeric Eustache","Buzzique Live","Les Enfants du Rh\u00f4ne","radionomy","webradios"],"articleSection":["Focus"],"inLanguage":"fr-FR"},{"@type":"WebPage","@id":"https:\/\/www.lawebradio.com\/news\/les-enfants-du-rhone-se-donnent-en-spectacle\/","url":"https:\/\/www.lawebradio.com\/news\/les-enfants-du-rhone-se-donnent-en-spectacle\/","name":"Les Enfants du Rh\u00f4ne se donnent en spectacle !","isPartOf":{"@id":"https:\/\/www.lawebradio.com\/news\/#website"},"primaryImageOfPage":{"@id":"https:\/\/www.lawebradio.com\/news\/les-enfants-du-rhone-se-donnent-en-spectacle\/#primaryimage"},"image":{"@id":"https:\/\/www.lawebradio.com\/news\/les-enfants-du-rhone-se-donnent-en-spectacle\/#primaryimage"},"thumbnailUrl":"https:\/\/www.lawebradio.com\/news\/wp-content\/uploads\/2014\/10\/ima4-edr2014.jpg","datePublished":"2014-10-03T19:05:58+00:00","dateModified":"2014-10-04T11:09:33+00:00","description":"Cette webradio lyonnaise diffuse tous les mois Buzzique Live, une \u00e9mission concert anim\u00e9e par Arnaud BonPublic ainsi que des interviews de 3 groupes locaux.","inLanguage":"fr-FR","potentialAction":[{"@type":"ReadAction","target":["https:\/\/www.lawebradio.com\/news\/les-enfants-du-rhone-se-donnent-en-spectacle\/"]}]},{"@type":"ImageObject","inLanguage":"fr-FR","@id":"https:\/\/www.lawebradio.com\/news\/les-enfants-du-rhone-se-donnent-en-spectacle\/#primaryimage","url":"https:\/\/www.lawebradio.com\/news\/wp-content\/uploads\/2014\/10\/ima4-edr2014.jpg","contentUrl":"https:\/\/www.lawebradio.com\/news\/wp-content\/uploads\/2014\/10\/ima4-edr2014.jpg","width":640,"height":310},{"@type":"WebSite","@id":"https:\/\/www.lawebradio.com\/news\/#website","url":"https:\/\/www.lawebradio.com\/news\/","name":"Lawebradio.com - Actualit\u00e9s des radios digitales","description":"","publisher":{"@id":"https:\/\/www.lawebradio.com\/news\/#organization"},"potentialAction":[{"@type":"SearchAction","target":{"@type":"EntryPoint","urlTemplate":"https:\/\/www.lawebradio.com\/news\/?s={search_term_string}"},"query-input":{"@type":"PropertyValueSpecification","valueRequired":true,"valueName":"search_term_string"}}],"inLanguage":"fr-FR"},{"@type":"Organization","@id":"https:\/\/www.lawebradio.com\/news\/#organization","name":"Lawebradio.com - Actualit\u00e9s des radios digitales","url":"https:\/\/www.lawebradio.com\/news\/","logo":{"@type":"ImageObject","inLanguage":"fr-FR","@id":"https:\/\/www.lawebradio.com\/news\/#\/schema\/logo\/image\/","url":"https:\/\/www.lawebradio.com\/news\/wp-content\/uploads\/2020\/10\/logo2020.png","contentUrl":"https:\/\/www.lawebradio.com\/news\/wp-content\/uploads\/2020\/10\/logo2020.png","width":254,"height":43,"caption":"Lawebradio.com - Actualit\u00e9s des radios digitales"},"image":{"@id":"https:\/\/www.lawebradio.com\/news\/#\/schema\/logo\/image\/"}},{"@type":"Person","@id":"https:\/\/www.lawebradio.com\/news\/#\/schema\/person\/95fd11aee6e6cfe70a4b58b482103f1f","name":"Julien Lecourbe","image":{"@type":"ImageObject","inLanguage":"fr-FR","@id":"https:\/\/secure.gravatar.com\/avatar\/0d25a327c6e268d9730d9c0cbeeee0fea76f04c6cf9528c29e782ef324afc515?s=96&d=mm&r=g","url":"https:\/\/secure.gravatar.com\/avatar\/0d25a327c6e268d9730d9c0cbeeee0fea76f04c6cf9528c29e782ef324afc515?s=96&d=mm&r=g","contentUrl":"https:\/\/secure.gravatar.com\/avatar\/0d25a327c6e268d9730d9c0cbeeee0fea76f04c6cf9528c29e782ef324afc515?s=96&d=mm&r=g","caption":"Julien Lecourbe"},"url":"https:\/\/www.lawebradio.com\/news\/author\/la-redaction\/"}]}},"_links":{"self":[{"href":"https:\/\/www.lawebradio.com\/news\/wp-json\/wp\/v2\/posts\/1848","targetHints":{"allow":["GET"]}}],"collection":[{"href":"https:\/\/www.lawebradio.com\/news\/wp-json\/wp\/v2\/posts"}],"about":[{"href":"https:\/\/www.lawebradio.com\/news\/wp-json\/wp\/v2\/types\/post"}],"author":[{"embeddable":true,"href":"https:\/\/www.lawebradio.com\/news\/wp-json\/wp\/v2\/users\/3"}],"replies":[{"embeddable":true,"href":"https:\/\/www.lawebradio.com\/news\/wp-json\/wp\/v2\/comments?post=1848"}],"version-history":[{"count":9,"href":"https:\/\/www.lawebradio.com\/news\/wp-json\/wp\/v2\/posts\/1848\/revisions"}],"predecessor-version":[{"id":1861,"href":"https:\/\/www.lawebradio.com\/news\/wp-json\/wp\/v2\/posts\/1848\/revisions\/1861"}],"wp:featuredmedia":[{"embeddable":true,"href":"https:\/\/www.lawebradio.com\/news\/wp-json\/wp\/v2\/media\/1859"}],"wp:attachment":[{"href":"https:\/\/www.lawebradio.com\/news\/wp-json\/wp\/v2\/media?parent=1848"}],"wp:term":[{"taxonomy":"category","embeddable":true,"href":"https:\/\/www.lawebradio.com\/news\/wp-json\/wp\/v2\/categories?post=1848"},{"taxonomy":"post_tag","embeddable":true,"href":"https:\/\/www.lawebradio.com\/news\/wp-json\/wp\/v2\/tags?post=1848"}],"curies":[{"name":"wp","href":"https:\/\/api.w.org\/{rel}","templated":true}]}}