{"id":154,"date":"2013-10-10T21:42:41","date_gmt":"2013-10-10T20:42:41","guid":{"rendered":"http:\/\/www.lawebradio.com\/news\/?p=154"},"modified":"2013-10-14T11:09:10","modified_gmt":"2013-10-14T10:09:10","slug":"frequence-sud-regarde-vers-mer","status":"publish","type":"post","link":"https:\/\/www.lawebradio.com\/news\/frequence-sud-regarde-vers-mer\/","title":{"rendered":"Fr\u00e9quence Sud regarde vers la mer"},"content":{"rendered":"<p><strong>Au d\u00e9part, il y a, <a href=\"http:\/\/frequence-sud.fr\/\" target=\"_blank\">frequence-sud.fr<\/a>, un site d&rsquo;informations culturelles pour le Sud de la France.<\/strong><\/p>\n<p><em>\u00ab\u00a0Mais nous nous sommes vite dits que l&rsquo;enrichir d&rsquo;une webradio serait un compl\u00e9ment id\u00e9al\u00a0\u00bb, <\/em>explique Jean-Baptiste Fontana, l&rsquo;un des quatre membres d&rsquo;une \u00e9quipe passionn\u00e9e par la culture et les nouvelles technologies<em>. \u00ab\u00a0C&rsquo;est le meilleur moyen pour faire d\u00e9couvrir de nouveaux talents musicaux aux visiteurs de notre site.\u00a0\u00bb<\/em><\/p>\n<p>La webradio Frequence Sud a donc vu le jour en 2008, au tout d\u00e9but de Radionomy. Le player de la radio a tout naturellement pris place sur le site <a href=\"http:\/\/frequence-sud.fr\/\" target=\"_blank\">frequence-sud.fr<\/a>, \u00e0 partir duquel la majeure partie de l&rsquo;audience est r\u00e9alis\u00e9e. <em>\u00ab\u00a0Nous avons r\u00e9guli\u00e8rement propos\u00e9 des chroniques sur les festivals, des focus sur les artistes. Aujourd&rsquo;hui, nous nous consacrons \u00e0 la programmation musicale. \u00e7a fait toujours plaisir de voir des artistes que nous d\u00e9couvrons et qui tournent en boucle quelques mois apr\u00e8s sur les grands r\u00e9seaux.\u00a0\u00bb<\/em><br \/>\nIl ajoute: <em>\u00ab\u00a0La programmation musicale \u00e9volue, avec une th\u00e9matique pop rock, nouvelle sc\u00e8ne fran\u00e7aise en journ\u00e9e. De 21h \u00e0 l&rsquo;aube, la programmation oscille entre musique electro-lounge, grands classiques (Nina Simone, Lou Reed, Muse) et de petites p\u00e9pites musicales (M\u00e9lanie Pain, Fauve, Woodkid)\u2026 C&rsquo;est la qualit\u00e9 de la programmation musicale qui nous permet de fid\u00e9liser les auditeurs.\u00a0\u00bb<\/em><br \/>\nFr\u00e9quence Sud n&rsquo;est pas qu&rsquo;une radio r\u00e9gionale, son programme musical unique n&rsquo;a pas fini de conqu\u00e9rir de nouveaux auditeurs, du Sud ou d&rsquo;ailleurs.<\/p>\n<p>Article r\u00e9dig\u00e9 par Nicolas Goyet<\/p>\n<p><a href=\"http:\/\/www.frequence-sud.fr\/webradio.php\" target=\"_blank\">\u2022 Visitez le site de Fr\u00e9quence Sud<\/a><\/p>\n<p><object width=\"245\" height=\"90\" classid=\"clsid:d27cdb6e-ae6d-11cf-96b8-444553540000\" codebase=\"http:\/\/download.macromedia.com\/pub\/shockwave\/cabs\/flash\/swflash.cab#version=6,0,40,0\"><param name=\"allowscriptaccess\" value=\"always\" \/><param name=\"wmode\" value=\"transparent\" \/><param name=\"src\" value=\"http:\/\/static.radionomy.com\/cdn\/flash\/BannerEmbed.swf?RadUID=8cc43507-29e3-4482-a8e0-aab7f131e6e0&amp;titlesColor=ffffff&amp;color=7d7d7d&amp;autoPlay=no&amp;lang=fr\" \/><embed width=\"245\" height=\"90\" type=\"application\/x-shockwave-flash\" src=\"http:\/\/static.radionomy.com\/cdn\/flash\/BannerEmbed.swf?RadUID=8cc43507-29e3-4482-a8e0-aab7f131e6e0&amp;titlesColor=ffffff&amp;color=7d7d7d&amp;autoPlay=no&amp;lang=fr\" allowscriptaccess=\"always\" wmode=\"transparent\" \/><\/object><\/p>\n","protected":false},"excerpt":{"rendered":"<p>Au d\u00e9part, il y a, frequence-sud.fr, un site d&rsquo;informations culturelles pour le Sud de la France. \u00ab\u00a0Mais nous nous sommes vite dits que l&rsquo;enrichir d&rsquo;une webradio serait un compl\u00e9ment id\u00e9al\u00a0\u00bb, explique Jean-Baptiste Fontana, l&rsquo;un des quatre membres d&rsquo;une \u00e9quipe passionn\u00e9e par la culture et les nouvelles technologies. \u00ab\u00a0C&rsquo;est le meilleur moyen pour faire d\u00e9couvrir de [&hellip;]<\/p>\n","protected":false},"author":3,"featured_media":155,"comment_status":"closed","ping_status":"closed","sticky":false,"template":"","format":"standard","meta":{"_et_pb_use_builder":"","_et_pb_old_content":"","_et_gb_content_width":"","footnotes":""},"categories":[6],"tags":[],"class_list":["post-154","post","type-post","status-publish","format-standard","has-post-thumbnail","hentry","category-focus","et-has-post-format-content","et_post_format-et-post-format-standard"],"yoast_head":"<!-- This site is optimized with the Yoast SEO plugin v27.4 - https:\/\/yoast.com\/product\/yoast-seo-wordpress\/ -->\n<title>Fr\u00e9quence Sud regarde vers la mer - Lawebradio.com - Actualit\u00e9s des radios digitales<\/title>\n<meta name=\"robots\" content=\"index, follow, max-snippet:-1, max-image-preview:large, max-video-preview:-1\" \/>\n<link rel=\"canonical\" href=\"https:\/\/www.lawebradio.com\/news\/frequence-sud-regarde-vers-mer\/\" \/>\n<meta property=\"og:locale\" content=\"fr_FR\" \/>\n<meta property=\"og:type\" content=\"article\" \/>\n<meta property=\"og:title\" content=\"Fr\u00e9quence Sud regarde vers la mer - Lawebradio.com - Actualit\u00e9s des radios digitales\" \/>\n<meta property=\"og:description\" content=\"Au d\u00e9part, il y a, frequence-sud.fr, un site d&rsquo;informations culturelles pour le Sud de la France. \u00ab\u00a0Mais nous nous sommes vite dits que l&rsquo;enrichir d&rsquo;une webradio serait un compl\u00e9ment id\u00e9al\u00a0\u00bb, explique Jean-Baptiste Fontana, l&rsquo;un des quatre membres d&rsquo;une \u00e9quipe passionn\u00e9e par la culture et les nouvelles technologies. \u00ab\u00a0C&rsquo;est le meilleur moyen pour faire d\u00e9couvrir de [&hellip;]\" \/>\n<meta property=\"og:url\" content=\"https:\/\/www.lawebradio.com\/news\/frequence-sud-regarde-vers-mer\/\" \/>\n<meta property=\"og:site_name\" content=\"Lawebradio.com - Actualit\u00e9s des radios digitales\" \/>\n<meta property=\"article:published_time\" content=\"2013-10-10T20:42:41+00:00\" \/>\n<meta property=\"article:modified_time\" content=\"2013-10-14T10:09:10+00:00\" \/>\n<meta property=\"og:image\" content=\"https:\/\/www.lawebradio.com\/news\/wp-content\/uploads\/2013\/10\/ima-frequencesud102013.jpg\" \/>\n\t<meta property=\"og:image:width\" content=\"642\" \/>\n\t<meta property=\"og:image:height\" content=\"300\" \/>\n\t<meta property=\"og:image:type\" content=\"image\/jpeg\" \/>\n<meta name=\"author\" content=\"Julien Lecourbe\" \/>\n<meta name=\"twitter:label1\" content=\"\u00c9crit par\" \/>\n\t<meta name=\"twitter:data1\" content=\"Julien Lecourbe\" \/>\n\t<meta name=\"twitter:label2\" content=\"Dur\u00e9e de lecture estim\u00e9e\" \/>\n\t<meta name=\"twitter:data2\" content=\"1 minute\" \/>\n<script type=\"application\/ld+json\" class=\"yoast-schema-graph\">{\"@context\":\"https:\\\/\\\/schema.org\",\"@graph\":[{\"@type\":\"Article\",\"@id\":\"https:\\\/\\\/www.lawebradio.com\\\/news\\\/frequence-sud-regarde-vers-mer\\\/#article\",\"isPartOf\":{\"@id\":\"https:\\\/\\\/www.lawebradio.com\\\/news\\\/frequence-sud-regarde-vers-mer\\\/\"},\"author\":{\"name\":\"Julien Lecourbe\",\"@id\":\"https:\\\/\\\/www.lawebradio.com\\\/news\\\/#\\\/schema\\\/person\\\/95fd11aee6e6cfe70a4b58b482103f1f\"},\"headline\":\"Fr\u00e9quence Sud regarde vers la mer\",\"datePublished\":\"2013-10-10T20:42:41+00:00\",\"dateModified\":\"2013-10-14T10:09:10+00:00\",\"mainEntityOfPage\":{\"@id\":\"https:\\\/\\\/www.lawebradio.com\\\/news\\\/frequence-sud-regarde-vers-mer\\\/\"},\"wordCount\":282,\"publisher\":{\"@id\":\"https:\\\/\\\/www.lawebradio.com\\\/news\\\/#organization\"},\"image\":{\"@id\":\"https:\\\/\\\/www.lawebradio.com\\\/news\\\/frequence-sud-regarde-vers-mer\\\/#primaryimage\"},\"thumbnailUrl\":\"https:\\\/\\\/www.lawebradio.com\\\/news\\\/wp-content\\\/uploads\\\/2013\\\/10\\\/ima-frequencesud102013.jpg\",\"articleSection\":[\"Focus\"],\"inLanguage\":\"fr-FR\"},{\"@type\":\"WebPage\",\"@id\":\"https:\\\/\\\/www.lawebradio.com\\\/news\\\/frequence-sud-regarde-vers-mer\\\/\",\"url\":\"https:\\\/\\\/www.lawebradio.com\\\/news\\\/frequence-sud-regarde-vers-mer\\\/\",\"name\":\"Fr\u00e9quence Sud regarde vers la mer - Lawebradio.com - Actualit\u00e9s des radios digitales\",\"isPartOf\":{\"@id\":\"https:\\\/\\\/www.lawebradio.com\\\/news\\\/#website\"},\"primaryImageOfPage\":{\"@id\":\"https:\\\/\\\/www.lawebradio.com\\\/news\\\/frequence-sud-regarde-vers-mer\\\/#primaryimage\"},\"image\":{\"@id\":\"https:\\\/\\\/www.lawebradio.com\\\/news\\\/frequence-sud-regarde-vers-mer\\\/#primaryimage\"},\"thumbnailUrl\":\"https:\\\/\\\/www.lawebradio.com\\\/news\\\/wp-content\\\/uploads\\\/2013\\\/10\\\/ima-frequencesud102013.jpg\",\"datePublished\":\"2013-10-10T20:42:41+00:00\",\"dateModified\":\"2013-10-14T10:09:10+00:00\",\"inLanguage\":\"fr-FR\",\"potentialAction\":[{\"@type\":\"ReadAction\",\"target\":[\"https:\\\/\\\/www.lawebradio.com\\\/news\\\/frequence-sud-regarde-vers-mer\\\/\"]}]},{\"@type\":\"ImageObject\",\"inLanguage\":\"fr-FR\",\"@id\":\"https:\\\/\\\/www.lawebradio.com\\\/news\\\/frequence-sud-regarde-vers-mer\\\/#primaryimage\",\"url\":\"https:\\\/\\\/www.lawebradio.com\\\/news\\\/wp-content\\\/uploads\\\/2013\\\/10\\\/ima-frequencesud102013.jpg\",\"contentUrl\":\"https:\\\/\\\/www.lawebradio.com\\\/news\\\/wp-content\\\/uploads\\\/2013\\\/10\\\/ima-frequencesud102013.jpg\",\"width\":642,\"height\":300},{\"@type\":\"WebSite\",\"@id\":\"https:\\\/\\\/www.lawebradio.com\\\/news\\\/#website\",\"url\":\"https:\\\/\\\/www.lawebradio.com\\\/news\\\/\",\"name\":\"Lawebradio.com - Actualit\u00e9s des radios digitales\",\"description\":\"\",\"publisher\":{\"@id\":\"https:\\\/\\\/www.lawebradio.com\\\/news\\\/#organization\"},\"potentialAction\":[{\"@type\":\"SearchAction\",\"target\":{\"@type\":\"EntryPoint\",\"urlTemplate\":\"https:\\\/\\\/www.lawebradio.com\\\/news\\\/?s={search_term_string}\"},\"query-input\":{\"@type\":\"PropertyValueSpecification\",\"valueRequired\":true,\"valueName\":\"search_term_string\"}}],\"inLanguage\":\"fr-FR\"},{\"@type\":\"Organization\",\"@id\":\"https:\\\/\\\/www.lawebradio.com\\\/news\\\/#organization\",\"name\":\"Lawebradio.com - Actualit\u00e9s des radios digitales\",\"url\":\"https:\\\/\\\/www.lawebradio.com\\\/news\\\/\",\"logo\":{\"@type\":\"ImageObject\",\"inLanguage\":\"fr-FR\",\"@id\":\"https:\\\/\\\/www.lawebradio.com\\\/news\\\/#\\\/schema\\\/logo\\\/image\\\/\",\"url\":\"https:\\\/\\\/www.lawebradio.com\\\/news\\\/wp-content\\\/uploads\\\/2020\\\/10\\\/logo2020.png\",\"contentUrl\":\"https:\\\/\\\/www.lawebradio.com\\\/news\\\/wp-content\\\/uploads\\\/2020\\\/10\\\/logo2020.png\",\"width\":254,\"height\":43,\"caption\":\"Lawebradio.com - Actualit\u00e9s des radios digitales\"},\"image\":{\"@id\":\"https:\\\/\\\/www.lawebradio.com\\\/news\\\/#\\\/schema\\\/logo\\\/image\\\/\"}},{\"@type\":\"Person\",\"@id\":\"https:\\\/\\\/www.lawebradio.com\\\/news\\\/#\\\/schema\\\/person\\\/95fd11aee6e6cfe70a4b58b482103f1f\",\"name\":\"Julien Lecourbe\",\"image\":{\"@type\":\"ImageObject\",\"inLanguage\":\"fr-FR\",\"@id\":\"https:\\\/\\\/secure.gravatar.com\\\/avatar\\\/0d25a327c6e268d9730d9c0cbeeee0fea76f04c6cf9528c29e782ef324afc515?s=96&d=mm&r=g\",\"url\":\"https:\\\/\\\/secure.gravatar.com\\\/avatar\\\/0d25a327c6e268d9730d9c0cbeeee0fea76f04c6cf9528c29e782ef324afc515?s=96&d=mm&r=g\",\"contentUrl\":\"https:\\\/\\\/secure.gravatar.com\\\/avatar\\\/0d25a327c6e268d9730d9c0cbeeee0fea76f04c6cf9528c29e782ef324afc515?s=96&d=mm&r=g\",\"caption\":\"Julien Lecourbe\"},\"url\":\"https:\\\/\\\/www.lawebradio.com\\\/news\\\/author\\\/la-redaction\\\/\"}]}<\/script>\n<!-- \/ Yoast SEO plugin. -->","yoast_head_json":{"title":"Fr\u00e9quence Sud regarde vers la mer - Lawebradio.com - Actualit\u00e9s des radios digitales","robots":{"index":"index","follow":"follow","max-snippet":"max-snippet:-1","max-image-preview":"max-image-preview:large","max-video-preview":"max-video-preview:-1"},"canonical":"https:\/\/www.lawebradio.com\/news\/frequence-sud-regarde-vers-mer\/","og_locale":"fr_FR","og_type":"article","og_title":"Fr\u00e9quence Sud regarde vers la mer - Lawebradio.com - Actualit\u00e9s des radios digitales","og_description":"Au d\u00e9part, il y a, frequence-sud.fr, un site d&rsquo;informations culturelles pour le Sud de la France. \u00ab\u00a0Mais nous nous sommes vite dits que l&rsquo;enrichir d&rsquo;une webradio serait un compl\u00e9ment id\u00e9al\u00a0\u00bb, explique Jean-Baptiste Fontana, l&rsquo;un des quatre membres d&rsquo;une \u00e9quipe passionn\u00e9e par la culture et les nouvelles technologies. \u00ab\u00a0C&rsquo;est le meilleur moyen pour faire d\u00e9couvrir de [&hellip;]","og_url":"https:\/\/www.lawebradio.com\/news\/frequence-sud-regarde-vers-mer\/","og_site_name":"Lawebradio.com - Actualit\u00e9s des radios digitales","article_published_time":"2013-10-10T20:42:41+00:00","article_modified_time":"2013-10-14T10:09:10+00:00","og_image":[{"width":642,"height":300,"url":"https:\/\/www.lawebradio.com\/news\/wp-content\/uploads\/2013\/10\/ima-frequencesud102013.jpg","type":"image\/jpeg"}],"author":"Julien Lecourbe","twitter_misc":{"\u00c9crit par":"Julien Lecourbe","Dur\u00e9e de lecture estim\u00e9e":"1 minute"},"schema":{"@context":"https:\/\/schema.org","@graph":[{"@type":"Article","@id":"https:\/\/www.lawebradio.com\/news\/frequence-sud-regarde-vers-mer\/#article","isPartOf":{"@id":"https:\/\/www.lawebradio.com\/news\/frequence-sud-regarde-vers-mer\/"},"author":{"name":"Julien Lecourbe","@id":"https:\/\/www.lawebradio.com\/news\/#\/schema\/person\/95fd11aee6e6cfe70a4b58b482103f1f"},"headline":"Fr\u00e9quence Sud regarde vers la mer","datePublished":"2013-10-10T20:42:41+00:00","dateModified":"2013-10-14T10:09:10+00:00","mainEntityOfPage":{"@id":"https:\/\/www.lawebradio.com\/news\/frequence-sud-regarde-vers-mer\/"},"wordCount":282,"publisher":{"@id":"https:\/\/www.lawebradio.com\/news\/#organization"},"image":{"@id":"https:\/\/www.lawebradio.com\/news\/frequence-sud-regarde-vers-mer\/#primaryimage"},"thumbnailUrl":"https:\/\/www.lawebradio.com\/news\/wp-content\/uploads\/2013\/10\/ima-frequencesud102013.jpg","articleSection":["Focus"],"inLanguage":"fr-FR"},{"@type":"WebPage","@id":"https:\/\/www.lawebradio.com\/news\/frequence-sud-regarde-vers-mer\/","url":"https:\/\/www.lawebradio.com\/news\/frequence-sud-regarde-vers-mer\/","name":"Fr\u00e9quence Sud regarde vers la mer - Lawebradio.com - Actualit\u00e9s des radios digitales","isPartOf":{"@id":"https:\/\/www.lawebradio.com\/news\/#website"},"primaryImageOfPage":{"@id":"https:\/\/www.lawebradio.com\/news\/frequence-sud-regarde-vers-mer\/#primaryimage"},"image":{"@id":"https:\/\/www.lawebradio.com\/news\/frequence-sud-regarde-vers-mer\/#primaryimage"},"thumbnailUrl":"https:\/\/www.lawebradio.com\/news\/wp-content\/uploads\/2013\/10\/ima-frequencesud102013.jpg","datePublished":"2013-10-10T20:42:41+00:00","dateModified":"2013-10-14T10:09:10+00:00","inLanguage":"fr-FR","potentialAction":[{"@type":"ReadAction","target":["https:\/\/www.lawebradio.com\/news\/frequence-sud-regarde-vers-mer\/"]}]},{"@type":"ImageObject","inLanguage":"fr-FR","@id":"https:\/\/www.lawebradio.com\/news\/frequence-sud-regarde-vers-mer\/#primaryimage","url":"https:\/\/www.lawebradio.com\/news\/wp-content\/uploads\/2013\/10\/ima-frequencesud102013.jpg","contentUrl":"https:\/\/www.lawebradio.com\/news\/wp-content\/uploads\/2013\/10\/ima-frequencesud102013.jpg","width":642,"height":300},{"@type":"WebSite","@id":"https:\/\/www.lawebradio.com\/news\/#website","url":"https:\/\/www.lawebradio.com\/news\/","name":"Lawebradio.com - Actualit\u00e9s des radios digitales","description":"","publisher":{"@id":"https:\/\/www.lawebradio.com\/news\/#organization"},"potentialAction":[{"@type":"SearchAction","target":{"@type":"EntryPoint","urlTemplate":"https:\/\/www.lawebradio.com\/news\/?s={search_term_string}"},"query-input":{"@type":"PropertyValueSpecification","valueRequired":true,"valueName":"search_term_string"}}],"inLanguage":"fr-FR"},{"@type":"Organization","@id":"https:\/\/www.lawebradio.com\/news\/#organization","name":"Lawebradio.com - Actualit\u00e9s des radios digitales","url":"https:\/\/www.lawebradio.com\/news\/","logo":{"@type":"ImageObject","inLanguage":"fr-FR","@id":"https:\/\/www.lawebradio.com\/news\/#\/schema\/logo\/image\/","url":"https:\/\/www.lawebradio.com\/news\/wp-content\/uploads\/2020\/10\/logo2020.png","contentUrl":"https:\/\/www.lawebradio.com\/news\/wp-content\/uploads\/2020\/10\/logo2020.png","width":254,"height":43,"caption":"Lawebradio.com - Actualit\u00e9s des radios digitales"},"image":{"@id":"https:\/\/www.lawebradio.com\/news\/#\/schema\/logo\/image\/"}},{"@type":"Person","@id":"https:\/\/www.lawebradio.com\/news\/#\/schema\/person\/95fd11aee6e6cfe70a4b58b482103f1f","name":"Julien Lecourbe","image":{"@type":"ImageObject","inLanguage":"fr-FR","@id":"https:\/\/secure.gravatar.com\/avatar\/0d25a327c6e268d9730d9c0cbeeee0fea76f04c6cf9528c29e782ef324afc515?s=96&d=mm&r=g","url":"https:\/\/secure.gravatar.com\/avatar\/0d25a327c6e268d9730d9c0cbeeee0fea76f04c6cf9528c29e782ef324afc515?s=96&d=mm&r=g","contentUrl":"https:\/\/secure.gravatar.com\/avatar\/0d25a327c6e268d9730d9c0cbeeee0fea76f04c6cf9528c29e782ef324afc515?s=96&d=mm&r=g","caption":"Julien Lecourbe"},"url":"https:\/\/www.lawebradio.com\/news\/author\/la-redaction\/"}]}},"_links":{"self":[{"href":"https:\/\/www.lawebradio.com\/news\/wp-json\/wp\/v2\/posts\/154","targetHints":{"allow":["GET"]}}],"collection":[{"href":"https:\/\/www.lawebradio.com\/news\/wp-json\/wp\/v2\/posts"}],"about":[{"href":"https:\/\/www.lawebradio.com\/news\/wp-json\/wp\/v2\/types\/post"}],"author":[{"embeddable":true,"href":"https:\/\/www.lawebradio.com\/news\/wp-json\/wp\/v2\/users\/3"}],"replies":[{"embeddable":true,"href":"https:\/\/www.lawebradio.com\/news\/wp-json\/wp\/v2\/comments?post=154"}],"version-history":[{"count":3,"href":"https:\/\/www.lawebradio.com\/news\/wp-json\/wp\/v2\/posts\/154\/revisions"}],"predecessor-version":[{"id":231,"href":"https:\/\/www.lawebradio.com\/news\/wp-json\/wp\/v2\/posts\/154\/revisions\/231"}],"wp:featuredmedia":[{"embeddable":true,"href":"https:\/\/www.lawebradio.com\/news\/wp-json\/wp\/v2\/media\/155"}],"wp:attachment":[{"href":"https:\/\/www.lawebradio.com\/news\/wp-json\/wp\/v2\/media?parent=154"}],"wp:term":[{"taxonomy":"category","embeddable":true,"href":"https:\/\/www.lawebradio.com\/news\/wp-json\/wp\/v2\/categories?post=154"},{"taxonomy":"post_tag","embeddable":true,"href":"https:\/\/www.lawebradio.com\/news\/wp-json\/wp\/v2\/tags?post=154"}],"curies":[{"name":"wp","href":"https:\/\/api.w.org\/{rel}","templated":true}]}}