{"id":12887,"date":"2026-08-31T09:28:41","date_gmt":"2026-08-31T08:28:41","guid":{"rendered":"https:\/\/www.lawebradio.com\/news\/?p=12887"},"modified":"2026-08-31T09:32:10","modified_gmt":"2026-08-31T08:32:10","slug":"leau-autrement-decouvrez-waxs-le-nouveau-media-audio-native","status":"publish","type":"post","link":"https:\/\/www.lawebradio.com\/news\/leau-autrement-decouvrez-waxs-le-nouveau-media-audio-native\/","title":{"rendered":"WAXS, le m\u00e9dia audio d\u00e9di\u00e9 \u00e0 l\u2019eau : podcasts, r\u00e9cits et \u00e9cologie"},"content":{"rendered":"<p>[et_pb_section fb_built=\u00a0\u00bb1&Prime; _builder_version=\u00a0\u00bb4.6.5&Prime; _module_preset=\u00a0\u00bbdefault\u00a0\u00bb][et_pb_row _builder_version=\u00a0\u00bb4.6.5&Prime; _module_preset=\u00a0\u00bbdefault\u00a0\u00bb][et_pb_column type=\u00a0\u00bb4_4&Prime; _builder_version=\u00a0\u00bb4.6.5&Prime; _module_preset=\u00a0\u00bbdefault\u00a0\u00bb][et_pb_text _builder_version=\u00a0\u00bb4.8.0&Prime; _module_preset=\u00a0\u00bbdefault\u00a0\u00bb header_3_font_size=\u00a0\u00bb21px\u00a0\u00bb header_3_line_height=\u00a0\u00bb1.4em\u00a0\u00bb]<strong>Et si l\u2019eau devenait l&rsquo;une de nos plus belles histoires \u00e0 \u00e9couter ? C\u2019est le d\u00e9fi de WAXS, un tout jeune m\u00e9dia fran\u00e7ais qui s&#8217;empare du sujet. Oc\u00e9ans, rivi\u00e8res, vie citadine, sciences, culture ou nature : derri\u00e8re le simple liquide se cache un univers gigantesque que WAXS raconte \u00e0 travers la radio, le documentaire et le journalisme.<\/strong><\/p>\n<h3>L&rsquo;audio avant tout, mais pas seulement<\/h3>\n<p>Lanc\u00e9 en 2026, WAXS se d\u00e9finit comme \u00ab la voix de l\u2019eau \u00bb. Son but ? Faire entendre ce que cet \u00e9l\u00e9ment dit de notre \u00e9poque et de nos r\u00e9gions.<\/p>\n<p>WAXS n\u2019est pas une radio classique. C\u2019est un m\u00e9dia pens\u00e9 d&rsquo;abord pour le son, mais d\u00e9clin\u00e9 partout : podcasts, reportages, interviews, articles, dossiers et m\u00eame une radio en direct accessible en continu. L&rsquo;id\u00e9e est simple : l&rsquo;histoire commence avec le son, puis se prolonge sur d&rsquo;autres formats selon les besoins.<\/p>\n<h3>Cinq grands th\u00e8mes pour explorer le sujet<\/h3>\n<p>Pour ne rien rater, WAXS d\u00e9coupe son univers en cinq th\u00e8mes :<\/p>\n<ul>\n<li><strong>Oc\u00e9ans &amp; mers<\/strong> : la vie marine, l\u2019exploration, les m\u00e9tiers du large et les grands r\u00e9cits.<\/li>\n<li><strong>Rivi\u00e8res &amp; eau douce<\/strong> : les fleuves, les lacs, les glaciers et le partage de la ressource.<\/li>\n<li><strong>Eau &amp; villes<\/strong> : les r\u00e9seaux, l\u2019assainissement, l&rsquo;urbanisme et les innovations.<\/li>\n<li><strong>Eau &amp; vivant<\/strong> : l\u2019agriculture, le climat, la sant\u00e9 et la pr\u00e9silience de nos territoires.<\/li>\n<li><strong>Eau &amp; cultures<\/strong> : la place de l&rsquo;eau dans les livres, le cin\u00e9ma, la musique, la photo et nos imaginaires.<\/li>\n<\/ul>\n<p>Plut\u00f4t que d&rsquo;aborder l&rsquo;eau comme un probl\u00e8me \u00e0 r\u00e9gler, le m\u00e9dia choisit d&rsquo;en faire un sujet de soci\u00e9t\u00e9 passionnant.<\/p>\n<h3>Deux voix de la radio aux commandes<\/h3>\n<p>Aux manettes, on retrouve St\u00e9phane Blanc et Xavier Nataf, deux passionn\u00e9s de radio qui cumulent quarante ans d&rsquo;exp\u00e9rience.<\/p>\n<p>St\u00e9phane Blanc, producteur et cr\u00e9ateur sonore, travaille depuis plus de vingt ans sur la vulgarisation et le documentaire. C&rsquo;est lui qui fa\u00e7onne l&rsquo;identit\u00e9 sonore et la ligne \u00e9ditoriale de WAXS. De son c\u00f4t\u00e9, Xavier Nataf, auteur et producteur, est un sp\u00e9cialiste des grands r\u00e9cits et des formats longs. Ensemble, ils apportent une vraie touche narrative, loin du simple traitement de l&rsquo;actualit\u00e9.<\/p>\n<h3>\u00c9merveiller, comprendre, agir<\/h3>\n<p>WAXS propose une approche \u00e9quilibr\u00e9e : exacte mais facile d&rsquo;acc\u00e8s, scientifique mais humaine, engag\u00e9e sans jamais culpabiliser.<\/p>\n<p>Sa devise ? \u00c9merveiller, comprendre, agir. L&rsquo;ordre a son importance : avant de parler de s\u00e9cheresse ou de pollution, WAXS veut d&rsquo;abord faire aimer la beaut\u00e9 d\u2019un paysage ou le bruit des vagues. Faire na\u00eetre l&rsquo;attachement avant de r\u00e9clamer la protection permet d&rsquo;\u00e9viter le ton anxieux souvent utilis\u00e9 pour l&rsquo;environnement. Ni alarmiste, ni militant, le m\u00e9dia pr\u00e9f\u00e8re miser sur le r\u00e9cit et la p\u00e9dagogie.<\/p>\n<h3>Des productions concr\u00e8tes pour se lancer<\/h3>\n<p>D\u00e8s son lancement, le m\u00e9dia a pos\u00e9 les bases avec deux projets phares :<\/p>\n<ul>\n<li><strong>Passion Oc\u00e9an<\/strong> : une s\u00e9rie de r\u00e9cits courts et sensibles sur le monde marin. Le tout premier \u00e9pisode pose le d\u00e9cor : l&rsquo;\u00e9merveillement est la meilleure porte d&rsquo;entr\u00e9e vers le savoir.<\/li>\n<li><strong>La renaissance des laminaires<\/strong> : un reportage en baie du Pouliguen o\u00f9 l&rsquo;\u00e9quipe a suivi la restauration de for\u00eats d&rsquo;algues. Ce sujet audio s&rsquo;accompagne d&rsquo;un dossier complet avec texte, photos, vid\u00e9o et d\u00e9coupage par \u00e9tapes (d\u00e9couverte du terrain, techniques de bouturage, premiers r\u00e9sultats).<\/li>\n<\/ul>\n<h3>Une pr\u00e9sence continue \u00e0 vos c\u00f4t\u00e9s<\/h3>\n<p>Fid\u00e8le \u00e0 ses origines, WAXS propose un flux audio qui tourne en continu. La grille d&rsquo;antenne m\u00e9lange reportages, musiques, interviews et cr\u00e9ations sonores (Oc\u00e9an vivant, Innovation bleue, Portrait d\u2019expert&#8230;).<\/p>\n<p>L\u00e0 o\u00f9 le podcast demande d&rsquo;aller chercher un contenu pr\u00e9cis, le direct offre une pr\u00e9sence rassurante et agr\u00e9able en arri\u00e8re-plan, comme une bonne vieille station de radio.<\/p>\n<h3>Un m\u00e9dia collaboratif et moderne<\/h3>\n<p>WAXS ne travaille pas en vase clos : scientifiques, associations, collectivit\u00e9s, entreprises et journalistes peuvent proposer leurs id\u00e9es de sujets. La r\u00e9daction garde la main sur la validation et le choix du format (interview, reportage, dossier) pour garantir l&rsquo;ind\u00e9pendance de l&rsquo;information.<\/p>\n<p>En r\u00e9alit\u00e9, WAXS d\u00e9passe le cadre de la radio classique pour devenir une marque globale. Un m\u00eame sujet peut na\u00eetre en reportage, devenir un podcast, s&rsquo;enrichir en article ou en vid\u00e9o, puis repasser \u00e0 l&rsquo;antenne.<\/p>\n<p>L\u2019oc\u00e9an raconte la biodiversit\u00e9, la rivi\u00e8re raconte nos r\u00e9gions, le glacier raconte le climat et la culture raconte ce que l&rsquo;eau nous inspire. En apprenant \u00e0 l&rsquo;\u00e9couter plut\u00f4t qu&rsquo;en se contentant d&rsquo;en parler, WAXS r\u00e9ussit son pari : faire d&rsquo;un \u00e9l\u00e9ment du quotidien un univers culturel captivant.<\/p>\n<p>\u2022 <a href=\"https:\/\/waxs.eu\" target=\"_blank\" rel=\"noopener\"><strong>En savoir plus &gt;&gt;<\/strong><\/a>[\/et_pb_text][\/et_pb_column][\/et_pb_row][\/et_pb_section]<\/p>\n","protected":false},"excerpt":{"rendered":"<p>[et_pb_section fb_built=\u00a0\u00bb1&Prime; _builder_version=\u00a0\u00bb4.6.5&Prime; _module_preset=\u00a0\u00bbdefault\u00a0\u00bb][et_pb_row _builder_version=\u00a0\u00bb4.6.5&Prime; _module_preset=\u00a0\u00bbdefault\u00a0\u00bb][et_pb_column type=\u00a0\u00bb4_4&Prime; _builder_version=\u00a0\u00bb4.6.5&Prime; _module_preset=\u00a0\u00bbdefault\u00a0\u00bb][et_pb_text _builder_version=\u00a0\u00bb4.8.0&Prime; _module_preset=\u00a0\u00bbdefault\u00a0\u00bb header_3_font_size=\u00a0\u00bb21px\u00a0\u00bb header_3_line_height=\u00a0\u00bb1.4em\u00a0\u00bb]Et si l\u2019eau devenait l&rsquo;une de nos plus belles histoires \u00e0 \u00e9couter ? C\u2019est le d\u00e9fi de WAXS, un tout jeune m\u00e9dia fran\u00e7ais qui s&#8217;empare du sujet. Oc\u00e9ans, rivi\u00e8res, vie citadine, sciences, culture ou nature : derri\u00e8re le simple liquide se cache un [&hellip;]<\/p>\n","protected":false},"author":3,"featured_media":12888,"comment_status":"closed","ping_status":"closed","sticky":false,"template":"","format":"standard","meta":{"_et_pb_use_builder":"on","_et_pb_old_content":"","_et_gb_content_width":"","footnotes":""},"categories":[6],"tags":[],"class_list":["post-12887","post","type-post","status-publish","format-standard","has-post-thumbnail","hentry","category-focus","et-has-post-format-content","et_post_format-et-post-format-standard"],"yoast_head":"<!-- This site is optimized with the Yoast SEO plugin v28.3 - https:\/\/yoast.com\/product\/yoast-seo-wordpress\/ -->\n<title>WAXS, le m\u00e9dia audio d\u00e9di\u00e9 \u00e0 l\u2019eau : podcasts, r\u00e9cits et \u00e9cologie - Lawebradio.com - Actualit\u00e9s des radios digitales<\/title>\n<meta name=\"description\" content=\"WAXS qui explore l&#039;eau sous toutes ses formes : oc\u00e9ans, rivi\u00e8res, \u00e9cologie et culture. Une autre fa\u00e7on d&#039;\u00e9couter le monde.\" \/>\n<meta name=\"robots\" content=\"index, follow, max-snippet:-1, max-image-preview:large, max-video-preview:-1\" \/>\n<link rel=\"canonical\" href=\"https:\/\/www.lawebradio.com\/news\/leau-autrement-decouvrez-waxs-le-nouveau-media-audio-native\/\" \/>\n<meta property=\"og:locale\" content=\"fr_FR\" \/>\n<meta property=\"og:type\" content=\"article\" \/>\n<meta property=\"og:title\" content=\"WAXS, le m\u00e9dia audio d\u00e9di\u00e9 \u00e0 l\u2019eau : podcasts, r\u00e9cits et \u00e9cologie - Lawebradio.com - Actualit\u00e9s des radios digitales\" \/>\n<meta property=\"og:description\" content=\"WAXS qui explore l&#039;eau sous toutes ses formes : oc\u00e9ans, rivi\u00e8res, \u00e9cologie et culture. Une autre fa\u00e7on d&#039;\u00e9couter le monde.\" \/>\n<meta property=\"og:url\" content=\"https:\/\/www.lawebradio.com\/news\/leau-autrement-decouvrez-waxs-le-nouveau-media-audio-native\/\" \/>\n<meta property=\"og:site_name\" content=\"Lawebradio.com - Actualit\u00e9s des radios digitales\" \/>\n<meta property=\"article:published_time\" content=\"2026-08-31T08:28:41+00:00\" \/>\n<meta property=\"article:modified_time\" content=\"2026-08-31T08:32:10+00:00\" \/>\n<meta property=\"og:image\" content=\"https:\/\/www.lawebradio.com\/news\/wp-content\/uploads\/2026\/08\/31082026.jpg\" \/>\n\t<meta property=\"og:image:width\" content=\"735\" \/>\n\t<meta property=\"og:image:height\" content=\"350\" \/>\n\t<meta property=\"og:image:type\" content=\"image\/jpeg\" \/>\n<meta name=\"author\" content=\"Julien Lecourbe\" \/>\n<meta name=\"twitter:label1\" content=\"\u00c9crit par\" \/>\n\t<meta name=\"twitter:data1\" content=\"Julien Lecourbe\" \/>\n\t<meta name=\"twitter:label2\" content=\"Dur\u00e9e de lecture estim\u00e9e\" \/>\n\t<meta name=\"twitter:data2\" content=\"4 minutes\" \/>\n<script type=\"application\/ld+json\" class=\"yoast-schema-graph\">{\"@context\":\"https:\\\/\\\/schema.org\",\"@graph\":[{\"@type\":\"Article\",\"@id\":\"https:\\\/\\\/www.lawebradio.com\\\/news\\\/leau-autrement-decouvrez-waxs-le-nouveau-media-audio-native\\\/#article\",\"isPartOf\":{\"@id\":\"https:\\\/\\\/www.lawebradio.com\\\/news\\\/leau-autrement-decouvrez-waxs-le-nouveau-media-audio-native\\\/\"},\"author\":{\"name\":\"Julien Lecourbe\",\"@id\":\"https:\\\/\\\/www.lawebradio.com\\\/news\\\/#\\\/schema\\\/person\\\/95fd11aee6e6cfe70a4b58b482103f1f\"},\"headline\":\"WAXS, le m\u00e9dia audio d\u00e9di\u00e9 \u00e0 l\u2019eau : podcasts, r\u00e9cits et \u00e9cologie\",\"datePublished\":\"2026-08-31T08:28:41+00:00\",\"dateModified\":\"2026-08-31T08:32:10+00:00\",\"mainEntityOfPage\":{\"@id\":\"https:\\\/\\\/www.lawebradio.com\\\/news\\\/leau-autrement-decouvrez-waxs-le-nouveau-media-audio-native\\\/\"},\"wordCount\":896,\"publisher\":{\"@id\":\"https:\\\/\\\/www.lawebradio.com\\\/news\\\/#organization\"},\"image\":{\"@id\":\"https:\\\/\\\/www.lawebradio.com\\\/news\\\/leau-autrement-decouvrez-waxs-le-nouveau-media-audio-native\\\/#primaryimage\"},\"thumbnailUrl\":\"https:\\\/\\\/www.lawebradio.com\\\/news\\\/wp-content\\\/uploads\\\/2026\\\/08\\\/31082026.jpg\",\"articleSection\":[\"Focus\"],\"inLanguage\":\"fr-FR\"},{\"@type\":\"WebPage\",\"@id\":\"https:\\\/\\\/www.lawebradio.com\\\/news\\\/leau-autrement-decouvrez-waxs-le-nouveau-media-audio-native\\\/\",\"url\":\"https:\\\/\\\/www.lawebradio.com\\\/news\\\/leau-autrement-decouvrez-waxs-le-nouveau-media-audio-native\\\/\",\"name\":\"WAXS, le m\u00e9dia audio d\u00e9di\u00e9 \u00e0 l\u2019eau : podcasts, r\u00e9cits et \u00e9cologie - Lawebradio.com - Actualit\u00e9s des radios digitales\",\"isPartOf\":{\"@id\":\"https:\\\/\\\/www.lawebradio.com\\\/news\\\/#website\"},\"primaryImageOfPage\":{\"@id\":\"https:\\\/\\\/www.lawebradio.com\\\/news\\\/leau-autrement-decouvrez-waxs-le-nouveau-media-audio-native\\\/#primaryimage\"},\"image\":{\"@id\":\"https:\\\/\\\/www.lawebradio.com\\\/news\\\/leau-autrement-decouvrez-waxs-le-nouveau-media-audio-native\\\/#primaryimage\"},\"thumbnailUrl\":\"https:\\\/\\\/www.lawebradio.com\\\/news\\\/wp-content\\\/uploads\\\/2026\\\/08\\\/31082026.jpg\",\"datePublished\":\"2026-08-31T08:28:41+00:00\",\"dateModified\":\"2026-08-31T08:32:10+00:00\",\"description\":\"WAXS qui explore l'eau sous toutes ses formes : oc\u00e9ans, rivi\u00e8res, \u00e9cologie et culture. Une autre fa\u00e7on d'\u00e9couter le monde.\",\"inLanguage\":\"fr-FR\",\"potentialAction\":[{\"@type\":\"ReadAction\",\"target\":[\"https:\\\/\\\/www.lawebradio.com\\\/news\\\/leau-autrement-decouvrez-waxs-le-nouveau-media-audio-native\\\/\"]}]},{\"@type\":\"ImageObject\",\"inLanguage\":\"fr-FR\",\"@id\":\"https:\\\/\\\/www.lawebradio.com\\\/news\\\/leau-autrement-decouvrez-waxs-le-nouveau-media-audio-native\\\/#primaryimage\",\"url\":\"https:\\\/\\\/www.lawebradio.com\\\/news\\\/wp-content\\\/uploads\\\/2026\\\/08\\\/31082026.jpg\",\"contentUrl\":\"https:\\\/\\\/www.lawebradio.com\\\/news\\\/wp-content\\\/uploads\\\/2026\\\/08\\\/31082026.jpg\",\"width\":735,\"height\":350},{\"@type\":\"WebSite\",\"@id\":\"https:\\\/\\\/www.lawebradio.com\\\/news\\\/#website\",\"url\":\"https:\\\/\\\/www.lawebradio.com\\\/news\\\/\",\"name\":\"Lawebradio.com - Actualit\u00e9s des radios digitales\",\"description\":\"\",\"publisher\":{\"@id\":\"https:\\\/\\\/www.lawebradio.com\\\/news\\\/#organization\"},\"potentialAction\":[{\"@type\":\"SearchAction\",\"target\":{\"@type\":\"EntryPoint\",\"urlTemplate\":\"https:\\\/\\\/www.lawebradio.com\\\/news\\\/?s={search_term_string}\"},\"query-input\":{\"@type\":\"PropertyValueSpecification\",\"valueRequired\":true,\"valueName\":\"search_term_string\"}}],\"inLanguage\":\"fr-FR\"},{\"@type\":\"Organization\",\"@id\":\"https:\\\/\\\/www.lawebradio.com\\\/news\\\/#organization\",\"name\":\"Lawebradio.com - Actualit\u00e9s des radios digitales\",\"url\":\"https:\\\/\\\/www.lawebradio.com\\\/news\\\/\",\"logo\":{\"@type\":\"ImageObject\",\"inLanguage\":\"fr-FR\",\"@id\":\"https:\\\/\\\/www.lawebradio.com\\\/news\\\/#\\\/schema\\\/logo\\\/image\\\/\",\"url\":\"https:\\\/\\\/www.lawebradio.com\\\/news\\\/wp-content\\\/uploads\\\/2020\\\/10\\\/logo2020.png\",\"contentUrl\":\"https:\\\/\\\/www.lawebradio.com\\\/news\\\/wp-content\\\/uploads\\\/2020\\\/10\\\/logo2020.png\",\"width\":254,\"height\":43,\"caption\":\"Lawebradio.com - Actualit\u00e9s des radios digitales\"},\"image\":{\"@id\":\"https:\\\/\\\/www.lawebradio.com\\\/news\\\/#\\\/schema\\\/logo\\\/image\\\/\"}},{\"@type\":\"Person\",\"@id\":\"https:\\\/\\\/www.lawebradio.com\\\/news\\\/#\\\/schema\\\/person\\\/95fd11aee6e6cfe70a4b58b482103f1f\",\"name\":\"Julien Lecourbe\",\"image\":{\"@type\":\"ImageObject\",\"inLanguage\":\"fr-FR\",\"@id\":\"https:\\\/\\\/secure.gravatar.com\\\/avatar\\\/0d25a327c6e268d9730d9c0cbeeee0fea76f04c6cf9528c29e782ef324afc515?s=96&d=mm&r=g\",\"url\":\"https:\\\/\\\/secure.gravatar.com\\\/avatar\\\/0d25a327c6e268d9730d9c0cbeeee0fea76f04c6cf9528c29e782ef324afc515?s=96&d=mm&r=g\",\"contentUrl\":\"https:\\\/\\\/secure.gravatar.com\\\/avatar\\\/0d25a327c6e268d9730d9c0cbeeee0fea76f04c6cf9528c29e782ef324afc515?s=96&d=mm&r=g\",\"caption\":\"Julien Lecourbe\"},\"url\":\"https:\\\/\\\/www.lawebradio.com\\\/news\\\/author\\\/la-redaction\\\/\"}]}<\/script>\n<!-- \/ Yoast SEO plugin. -->","yoast_head_json":{"title":"WAXS, le m\u00e9dia audio d\u00e9di\u00e9 \u00e0 l\u2019eau : podcasts, r\u00e9cits et \u00e9cologie - Lawebradio.com - Actualit\u00e9s des radios digitales","description":"WAXS qui explore l'eau sous toutes ses formes : oc\u00e9ans, rivi\u00e8res, \u00e9cologie et culture. Une autre fa\u00e7on d'\u00e9couter le monde.","robots":{"index":"index","follow":"follow","max-snippet":"max-snippet:-1","max-image-preview":"max-image-preview:large","max-video-preview":"max-video-preview:-1"},"canonical":"https:\/\/www.lawebradio.com\/news\/leau-autrement-decouvrez-waxs-le-nouveau-media-audio-native\/","og_locale":"fr_FR","og_type":"article","og_title":"WAXS, le m\u00e9dia audio d\u00e9di\u00e9 \u00e0 l\u2019eau : podcasts, r\u00e9cits et \u00e9cologie - Lawebradio.com - Actualit\u00e9s des radios digitales","og_description":"WAXS qui explore l'eau sous toutes ses formes : oc\u00e9ans, rivi\u00e8res, \u00e9cologie et culture. Une autre fa\u00e7on d'\u00e9couter le monde.","og_url":"https:\/\/www.lawebradio.com\/news\/leau-autrement-decouvrez-waxs-le-nouveau-media-audio-native\/","og_site_name":"Lawebradio.com - Actualit\u00e9s des radios digitales","article_published_time":"2026-08-31T08:28:41+00:00","article_modified_time":"2026-08-31T08:32:10+00:00","og_image":[{"width":735,"height":350,"url":"https:\/\/www.lawebradio.com\/news\/wp-content\/uploads\/2026\/08\/31082026.jpg","type":"image\/jpeg"}],"author":"Julien Lecourbe","twitter_misc":{"\u00c9crit par":"Julien Lecourbe","Dur\u00e9e de lecture estim\u00e9e":"4 minutes"},"schema":{"@context":"https:\/\/schema.org","@graph":[{"@type":"Article","@id":"https:\/\/www.lawebradio.com\/news\/leau-autrement-decouvrez-waxs-le-nouveau-media-audio-native\/#article","isPartOf":{"@id":"https:\/\/www.lawebradio.com\/news\/leau-autrement-decouvrez-waxs-le-nouveau-media-audio-native\/"},"author":{"name":"Julien Lecourbe","@id":"https:\/\/www.lawebradio.com\/news\/#\/schema\/person\/95fd11aee6e6cfe70a4b58b482103f1f"},"headline":"WAXS, le m\u00e9dia audio d\u00e9di\u00e9 \u00e0 l\u2019eau : podcasts, r\u00e9cits et \u00e9cologie","datePublished":"2026-08-31T08:28:41+00:00","dateModified":"2026-08-31T08:32:10+00:00","mainEntityOfPage":{"@id":"https:\/\/www.lawebradio.com\/news\/leau-autrement-decouvrez-waxs-le-nouveau-media-audio-native\/"},"wordCount":896,"publisher":{"@id":"https:\/\/www.lawebradio.com\/news\/#organization"},"image":{"@id":"https:\/\/www.lawebradio.com\/news\/leau-autrement-decouvrez-waxs-le-nouveau-media-audio-native\/#primaryimage"},"thumbnailUrl":"https:\/\/www.lawebradio.com\/news\/wp-content\/uploads\/2026\/08\/31082026.jpg","articleSection":["Focus"],"inLanguage":"fr-FR"},{"@type":"WebPage","@id":"https:\/\/www.lawebradio.com\/news\/leau-autrement-decouvrez-waxs-le-nouveau-media-audio-native\/","url":"https:\/\/www.lawebradio.com\/news\/leau-autrement-decouvrez-waxs-le-nouveau-media-audio-native\/","name":"WAXS, le m\u00e9dia audio d\u00e9di\u00e9 \u00e0 l\u2019eau : podcasts, r\u00e9cits et \u00e9cologie - Lawebradio.com - Actualit\u00e9s des radios digitales","isPartOf":{"@id":"https:\/\/www.lawebradio.com\/news\/#website"},"primaryImageOfPage":{"@id":"https:\/\/www.lawebradio.com\/news\/leau-autrement-decouvrez-waxs-le-nouveau-media-audio-native\/#primaryimage"},"image":{"@id":"https:\/\/www.lawebradio.com\/news\/leau-autrement-decouvrez-waxs-le-nouveau-media-audio-native\/#primaryimage"},"thumbnailUrl":"https:\/\/www.lawebradio.com\/news\/wp-content\/uploads\/2026\/08\/31082026.jpg","datePublished":"2026-08-31T08:28:41+00:00","dateModified":"2026-08-31T08:32:10+00:00","description":"WAXS qui explore l'eau sous toutes ses formes : oc\u00e9ans, rivi\u00e8res, \u00e9cologie et culture. Une autre fa\u00e7on d'\u00e9couter le monde.","inLanguage":"fr-FR","potentialAction":[{"@type":"ReadAction","target":["https:\/\/www.lawebradio.com\/news\/leau-autrement-decouvrez-waxs-le-nouveau-media-audio-native\/"]}]},{"@type":"ImageObject","inLanguage":"fr-FR","@id":"https:\/\/www.lawebradio.com\/news\/leau-autrement-decouvrez-waxs-le-nouveau-media-audio-native\/#primaryimage","url":"https:\/\/www.lawebradio.com\/news\/wp-content\/uploads\/2026\/08\/31082026.jpg","contentUrl":"https:\/\/www.lawebradio.com\/news\/wp-content\/uploads\/2026\/08\/31082026.jpg","width":735,"height":350},{"@type":"WebSite","@id":"https:\/\/www.lawebradio.com\/news\/#website","url":"https:\/\/www.lawebradio.com\/news\/","name":"Lawebradio.com - Actualit\u00e9s des radios digitales","description":"","publisher":{"@id":"https:\/\/www.lawebradio.com\/news\/#organization"},"potentialAction":[{"@type":"SearchAction","target":{"@type":"EntryPoint","urlTemplate":"https:\/\/www.lawebradio.com\/news\/?s={search_term_string}"},"query-input":{"@type":"PropertyValueSpecification","valueRequired":true,"valueName":"search_term_string"}}],"inLanguage":"fr-FR"},{"@type":"Organization","@id":"https:\/\/www.lawebradio.com\/news\/#organization","name":"Lawebradio.com - Actualit\u00e9s des radios digitales","url":"https:\/\/www.lawebradio.com\/news\/","logo":{"@type":"ImageObject","inLanguage":"fr-FR","@id":"https:\/\/www.lawebradio.com\/news\/#\/schema\/logo\/image\/","url":"https:\/\/www.lawebradio.com\/news\/wp-content\/uploads\/2020\/10\/logo2020.png","contentUrl":"https:\/\/www.lawebradio.com\/news\/wp-content\/uploads\/2020\/10\/logo2020.png","width":254,"height":43,"caption":"Lawebradio.com - Actualit\u00e9s des radios digitales"},"image":{"@id":"https:\/\/www.lawebradio.com\/news\/#\/schema\/logo\/image\/"}},{"@type":"Person","@id":"https:\/\/www.lawebradio.com\/news\/#\/schema\/person\/95fd11aee6e6cfe70a4b58b482103f1f","name":"Julien Lecourbe","image":{"@type":"ImageObject","inLanguage":"fr-FR","@id":"https:\/\/secure.gravatar.com\/avatar\/0d25a327c6e268d9730d9c0cbeeee0fea76f04c6cf9528c29e782ef324afc515?s=96&d=mm&r=g","url":"https:\/\/secure.gravatar.com\/avatar\/0d25a327c6e268d9730d9c0cbeeee0fea76f04c6cf9528c29e782ef324afc515?s=96&d=mm&r=g","contentUrl":"https:\/\/secure.gravatar.com\/avatar\/0d25a327c6e268d9730d9c0cbeeee0fea76f04c6cf9528c29e782ef324afc515?s=96&d=mm&r=g","caption":"Julien Lecourbe"},"url":"https:\/\/www.lawebradio.com\/news\/author\/la-redaction\/"}]}},"_links":{"self":[{"href":"https:\/\/www.lawebradio.com\/news\/wp-json\/wp\/v2\/posts\/12887","targetHints":{"allow":["GET"]}}],"collection":[{"href":"https:\/\/www.lawebradio.com\/news\/wp-json\/wp\/v2\/posts"}],"about":[{"href":"https:\/\/www.lawebradio.com\/news\/wp-json\/wp\/v2\/types\/post"}],"author":[{"embeddable":true,"href":"https:\/\/www.lawebradio.com\/news\/wp-json\/wp\/v2\/users\/3"}],"replies":[{"embeddable":true,"href":"https:\/\/www.lawebradio.com\/news\/wp-json\/wp\/v2\/comments?post=12887"}],"version-history":[{"count":7,"href":"https:\/\/www.lawebradio.com\/news\/wp-json\/wp\/v2\/posts\/12887\/revisions"}],"predecessor-version":[{"id":12898,"href":"https:\/\/www.lawebradio.com\/news\/wp-json\/wp\/v2\/posts\/12887\/revisions\/12898"}],"wp:featuredmedia":[{"embeddable":true,"href":"https:\/\/www.lawebradio.com\/news\/wp-json\/wp\/v2\/media\/12888"}],"wp:attachment":[{"href":"https:\/\/www.lawebradio.com\/news\/wp-json\/wp\/v2\/media?parent=12887"}],"wp:term":[{"taxonomy":"category","embeddable":true,"href":"https:\/\/www.lawebradio.com\/news\/wp-json\/wp\/v2\/categories?post=12887"},{"taxonomy":"post_tag","embeddable":true,"href":"https:\/\/www.lawebradio.com\/news\/wp-json\/wp\/v2\/tags?post=12887"}],"curies":[{"name":"wp","href":"https:\/\/api.w.org\/{rel}","templated":true}]}}