{"id":1271,"date":"2014-05-06T20:02:07","date_gmt":"2014-05-06T19:02:07","guid":{"rendered":"http:\/\/www.lawebradio.com\/news\/?p=1271"},"modified":"2014-05-07T08:14:54","modified_gmt":"2014-05-07T07:14:54","slug":"rf8-site-decoute-de-partage-de-musique-de-plus","status":"publish","type":"post","link":"https:\/\/www.lawebradio.com\/news\/rf8-site-decoute-de-partage-de-musique-de-plus\/","title":{"rendered":"RF8, un site d&rsquo;\u00e9coute et de partage de musique&#8230; de plus ?"},"content":{"rendered":"<p><strong>Malgr\u00e9 le rejet du Conseil d\u2019administration de la SPPF (soci\u00e9t\u00e9 civile des producteurs de phonogrammes en France) concernant la demande d\u2019obtention d\u2019une licence collective faite par Radio France, RF8, le site d&rsquo;\u00e9coute et de partage de musique en ligne a bien \u00e9t\u00e9 lanc\u00e9.<\/strong><\/p>\n<p>Celui-ci donne acc\u00e8s \u00e0 des oeuvres musicales s\u00e9lectionn\u00e9es par une cinquantaine de contributeurs issus de toutes les antennes du groupe Radio France : programmateurs, producteurs, chroniqueurs, journalistes, experts de la discoth\u00e8que.<\/p>\n<p>Les membres de la SPPF ont jug\u00e9 que les caract\u00e9ristiques de ce projet pourraient avoir pour effet de \u00ab\u00a0cannibaliser le march\u00e9 des compilations en permettant aux auditeurs de constituer leurs propres compilations de titres \u00e0 streamer \u00e0 partir des Playlists propos\u00e9es par Radio France et aussi de porter atteinte au mod\u00e8le du stream par voie d\u2019abonnement\u00a0\u00bb. Cependant, la SPPF s\u2019est prononc\u00e9e en faveur d\u2019un accord sur une offre de type Smartradio tout en contraignant le service public \u00e0 devoir n\u00e9gocier un par un les catalogues qu&rsquo;il souhaite mettre en avant sur son site.<\/p>\n<p>RF8 propose, chaque semaine, une trentaine de nouvelles Playlists. Elles sont mises en ligne sur le site et sont \u00e9coutables sur les principales plateformes musicales du march\u00e9 telle que YouTube ou Spotify&#8230; Elles sont enrichies et contextualis\u00e9es au moyen des reportages, des programmes et des archives des diff\u00e9rentes antennes. Les utilisateurs peuvent ensuite mettre en favori les playlists, les programmateurs, les artistes et les genres qu\u2019ils pr\u00e9f\u00e8rent afin que, \u00e0 terme, le site leur propose une exp\u00e9rience de plus en plus personnalis\u00e9e.<\/p>\n<p>En parall\u00e8le, des Grands Formats permettent de d\u00e9couvrir en d\u00e9tail des artistes, des sc\u00e8nes, des courants ou des acteurs majeurs de la cr\u00e9ation. Ces programmes web musicaux sont r\u00e9alis\u00e9s en collaboration avec les diff\u00e9rentes antennes du groupe.<br \/>\nDans les semaines \u00e0 venir, RF8 a pr\u00e9vu de d\u00e9ployer de nouveaux services tels que : une offre de webradios th\u00e9matiques, un espace de contribution, dans lequel les internautes pourront proposer des playlists, l\u2019actualit\u00e9 musicale des antennes (concerts et \u00e9v\u00e8nements sp\u00e9ciaux de l\u2019ensemble des antennes ainsi que des formations musicales), la mise en avant de l\u2019ensemble des concerts et sessions enregistr\u00e9s \u00e0 la maison de la radio.<\/p>\n<p>Ce projet a \u00e9t\u00e9 initi\u00e9 par la direction num\u00e9rique de Radio France dirig\u00e9e par Joel Ronez. \u00ab\u00a0Il repr\u00e9sente un nouveau canal de diffusion de la musique pour Radio France, s\u2019inscrivant dans une perspective diff\u00e9rente des autres plateformes du genre\u00a0\u00bb, selon lui.\u00a0 Reste \u00e0 d\u00e9terminer si ce travail exploratoire, qui a tout d\u2019un \u00e9ni\u00e8me laboratoire financ\u00e9 par le contribuable, trouvera une audience satisfaisante \u00e0 la diff\u00e9rence d\u2019une autre entit\u00e9 qui n\u2019a jamais trouv\u00e9 sa place\u2026 comme le Mouv\u2019 ? Affaire \u00e0 suivre\u2026<\/p>\n<p>Voir le site : <span style=\"text-decoration: underline;\"><a href=\"http:\/\/www.rf8.fr\/\" target=\"_blank\">http:\/\/www.rf8.fr\/<\/a><\/span><\/p>\n<p><iframe loading=\"lazy\" src=\"\/\/www.youtube.com\/embed\/6ZJB9D1VZ2I?rel=0\" width=\"642\" height=\"361\" frameborder=\"0\" allowfullscreen=\"allowfullscreen\"><\/iframe><\/p>\n","protected":false},"excerpt":{"rendered":"<p>Malgr\u00e9 le rejet du Conseil d\u2019administration de la SPPF (soci\u00e9t\u00e9 civile des producteurs de phonogrammes en France) concernant la demande d\u2019obtention d\u2019une licence collective faite par Radio France, RF8, le site d&rsquo;\u00e9coute et de partage de musique en ligne a bien \u00e9t\u00e9 lanc\u00e9. Celui-ci donne acc\u00e8s \u00e0 des oeuvres musicales s\u00e9lectionn\u00e9es par une cinquantaine de [&hellip;]<\/p>\n","protected":false},"author":3,"featured_media":1272,"comment_status":"closed","ping_status":"closed","sticky":false,"template":"","format":"standard","meta":{"_et_pb_use_builder":"","_et_pb_old_content":"","_et_gb_content_width":"","footnotes":""},"categories":[12,13],"tags":[475,476,194,474,160,477,473],"class_list":["post-1271","post","type-post","status-publish","format-standard","has-post-thumbnail","hentry","category-revue","category-top","tag-joel-ronez","tag-mouv","tag-radio-france","tag-rf8","tag-spotify","tag-sppf","tag-youtube","et-has-post-format-content","et_post_format-et-post-format-standard"],"yoast_head":"<!-- This site is optimized with the Yoast SEO plugin v27.5 - https:\/\/yoast.com\/product\/yoast-seo-wordpress\/ -->\n<title>RF8, un site d&#039;\u00e9coute et de partage de musique... de plus ? - Lawebradio.com - Actualit\u00e9s des radios digitales<\/title>\n<meta name=\"description\" content=\"Radio France, cherchant \u00e0 assurer son r\u00f4le de d\u00e9fricheur et de prescripteur dans le champ num\u00e9rique, propose une nouvelle offre musicale en ligne.\" \/>\n<meta name=\"robots\" content=\"index, follow, max-snippet:-1, max-image-preview:large, max-video-preview:-1\" \/>\n<link rel=\"canonical\" href=\"https:\/\/www.lawebradio.com\/news\/rf8-site-decoute-de-partage-de-musique-de-plus\/\" \/>\n<meta property=\"og:locale\" content=\"fr_FR\" \/>\n<meta property=\"og:type\" content=\"article\" \/>\n<meta property=\"og:title\" content=\"RF8, un site d&#039;\u00e9coute et de partage de musique... de plus ? - Lawebradio.com - Actualit\u00e9s des radios digitales\" \/>\n<meta property=\"og:description\" content=\"Radio France, cherchant \u00e0 assurer son r\u00f4le de d\u00e9fricheur et de prescripteur dans le champ num\u00e9rique, propose une nouvelle offre musicale en ligne.\" \/>\n<meta property=\"og:url\" content=\"https:\/\/www.lawebradio.com\/news\/rf8-site-decoute-de-partage-de-musique-de-plus\/\" \/>\n<meta property=\"og:site_name\" content=\"Lawebradio.com - Actualit\u00e9s des radios digitales\" \/>\n<meta property=\"article:published_time\" content=\"2014-05-06T19:02:07+00:00\" \/>\n<meta property=\"article:modified_time\" content=\"2014-05-07T07:14:54+00:00\" \/>\n<meta property=\"og:image\" content=\"https:\/\/www.lawebradio.com\/news\/wp-content\/uploads\/2014\/05\/ima2-rf8.jpg\" \/>\n\t<meta property=\"og:image:width\" content=\"642\" \/>\n\t<meta property=\"og:image:height\" content=\"310\" \/>\n\t<meta property=\"og:image:type\" content=\"image\/jpeg\" \/>\n<meta name=\"author\" content=\"Julien Lecourbe\" \/>\n<meta name=\"twitter:label1\" content=\"\u00c9crit par\" \/>\n\t<meta name=\"twitter:data1\" content=\"Julien Lecourbe\" \/>\n\t<meta name=\"twitter:label2\" content=\"Dur\u00e9e de lecture estim\u00e9e\" \/>\n\t<meta name=\"twitter:data2\" content=\"2 minutes\" \/>\n<script type=\"application\/ld+json\" class=\"yoast-schema-graph\">{\"@context\":\"https:\\\/\\\/schema.org\",\"@graph\":[{\"@type\":\"Article\",\"@id\":\"https:\\\/\\\/www.lawebradio.com\\\/news\\\/rf8-site-decoute-de-partage-de-musique-de-plus\\\/#article\",\"isPartOf\":{\"@id\":\"https:\\\/\\\/www.lawebradio.com\\\/news\\\/rf8-site-decoute-de-partage-de-musique-de-plus\\\/\"},\"author\":{\"name\":\"Julien Lecourbe\",\"@id\":\"https:\\\/\\\/www.lawebradio.com\\\/news\\\/#\\\/schema\\\/person\\\/95fd11aee6e6cfe70a4b58b482103f1f\"},\"headline\":\"RF8, un site d&rsquo;\u00e9coute et de partage de musique&#8230; de plus ?\",\"datePublished\":\"2014-05-06T19:02:07+00:00\",\"dateModified\":\"2014-05-07T07:14:54+00:00\",\"mainEntityOfPage\":{\"@id\":\"https:\\\/\\\/www.lawebradio.com\\\/news\\\/rf8-site-decoute-de-partage-de-musique-de-plus\\\/\"},\"wordCount\":493,\"publisher\":{\"@id\":\"https:\\\/\\\/www.lawebradio.com\\\/news\\\/#organization\"},\"image\":{\"@id\":\"https:\\\/\\\/www.lawebradio.com\\\/news\\\/rf8-site-decoute-de-partage-de-musique-de-plus\\\/#primaryimage\"},\"thumbnailUrl\":\"https:\\\/\\\/www.lawebradio.com\\\/news\\\/wp-content\\\/uploads\\\/2014\\\/05\\\/ima2-rf8.jpg\",\"keywords\":[\"Joel Ronez\",\"Mouv'\",\"Radio France\",\"RF8\",\"Spotify\",\"SPPF\",\"Youtube\"],\"articleSection\":[\"Revue de Presse\",\"Top\"],\"inLanguage\":\"fr-FR\"},{\"@type\":\"WebPage\",\"@id\":\"https:\\\/\\\/www.lawebradio.com\\\/news\\\/rf8-site-decoute-de-partage-de-musique-de-plus\\\/\",\"url\":\"https:\\\/\\\/www.lawebradio.com\\\/news\\\/rf8-site-decoute-de-partage-de-musique-de-plus\\\/\",\"name\":\"RF8, un site d'\u00e9coute et de partage de musique... de plus ? - Lawebradio.com - Actualit\u00e9s des radios digitales\",\"isPartOf\":{\"@id\":\"https:\\\/\\\/www.lawebradio.com\\\/news\\\/#website\"},\"primaryImageOfPage\":{\"@id\":\"https:\\\/\\\/www.lawebradio.com\\\/news\\\/rf8-site-decoute-de-partage-de-musique-de-plus\\\/#primaryimage\"},\"image\":{\"@id\":\"https:\\\/\\\/www.lawebradio.com\\\/news\\\/rf8-site-decoute-de-partage-de-musique-de-plus\\\/#primaryimage\"},\"thumbnailUrl\":\"https:\\\/\\\/www.lawebradio.com\\\/news\\\/wp-content\\\/uploads\\\/2014\\\/05\\\/ima2-rf8.jpg\",\"datePublished\":\"2014-05-06T19:02:07+00:00\",\"dateModified\":\"2014-05-07T07:14:54+00:00\",\"description\":\"Radio France, cherchant \u00e0 assurer son r\u00f4le de d\u00e9fricheur et de prescripteur dans le champ num\u00e9rique, propose une nouvelle offre musicale en ligne.\",\"inLanguage\":\"fr-FR\",\"potentialAction\":[{\"@type\":\"ReadAction\",\"target\":[\"https:\\\/\\\/www.lawebradio.com\\\/news\\\/rf8-site-decoute-de-partage-de-musique-de-plus\\\/\"]}]},{\"@type\":\"ImageObject\",\"inLanguage\":\"fr-FR\",\"@id\":\"https:\\\/\\\/www.lawebradio.com\\\/news\\\/rf8-site-decoute-de-partage-de-musique-de-plus\\\/#primaryimage\",\"url\":\"https:\\\/\\\/www.lawebradio.com\\\/news\\\/wp-content\\\/uploads\\\/2014\\\/05\\\/ima2-rf8.jpg\",\"contentUrl\":\"https:\\\/\\\/www.lawebradio.com\\\/news\\\/wp-content\\\/uploads\\\/2014\\\/05\\\/ima2-rf8.jpg\",\"width\":642,\"height\":310},{\"@type\":\"WebSite\",\"@id\":\"https:\\\/\\\/www.lawebradio.com\\\/news\\\/#website\",\"url\":\"https:\\\/\\\/www.lawebradio.com\\\/news\\\/\",\"name\":\"Lawebradio.com - Actualit\u00e9s des radios digitales\",\"description\":\"\",\"publisher\":{\"@id\":\"https:\\\/\\\/www.lawebradio.com\\\/news\\\/#organization\"},\"potentialAction\":[{\"@type\":\"SearchAction\",\"target\":{\"@type\":\"EntryPoint\",\"urlTemplate\":\"https:\\\/\\\/www.lawebradio.com\\\/news\\\/?s={search_term_string}\"},\"query-input\":{\"@type\":\"PropertyValueSpecification\",\"valueRequired\":true,\"valueName\":\"search_term_string\"}}],\"inLanguage\":\"fr-FR\"},{\"@type\":\"Organization\",\"@id\":\"https:\\\/\\\/www.lawebradio.com\\\/news\\\/#organization\",\"name\":\"Lawebradio.com - Actualit\u00e9s des radios digitales\",\"url\":\"https:\\\/\\\/www.lawebradio.com\\\/news\\\/\",\"logo\":{\"@type\":\"ImageObject\",\"inLanguage\":\"fr-FR\",\"@id\":\"https:\\\/\\\/www.lawebradio.com\\\/news\\\/#\\\/schema\\\/logo\\\/image\\\/\",\"url\":\"https:\\\/\\\/www.lawebradio.com\\\/news\\\/wp-content\\\/uploads\\\/2020\\\/10\\\/logo2020.png\",\"contentUrl\":\"https:\\\/\\\/www.lawebradio.com\\\/news\\\/wp-content\\\/uploads\\\/2020\\\/10\\\/logo2020.png\",\"width\":254,\"height\":43,\"caption\":\"Lawebradio.com - Actualit\u00e9s des radios digitales\"},\"image\":{\"@id\":\"https:\\\/\\\/www.lawebradio.com\\\/news\\\/#\\\/schema\\\/logo\\\/image\\\/\"}},{\"@type\":\"Person\",\"@id\":\"https:\\\/\\\/www.lawebradio.com\\\/news\\\/#\\\/schema\\\/person\\\/95fd11aee6e6cfe70a4b58b482103f1f\",\"name\":\"Julien Lecourbe\",\"image\":{\"@type\":\"ImageObject\",\"inLanguage\":\"fr-FR\",\"@id\":\"https:\\\/\\\/secure.gravatar.com\\\/avatar\\\/0d25a327c6e268d9730d9c0cbeeee0fea76f04c6cf9528c29e782ef324afc515?s=96&d=mm&r=g\",\"url\":\"https:\\\/\\\/secure.gravatar.com\\\/avatar\\\/0d25a327c6e268d9730d9c0cbeeee0fea76f04c6cf9528c29e782ef324afc515?s=96&d=mm&r=g\",\"contentUrl\":\"https:\\\/\\\/secure.gravatar.com\\\/avatar\\\/0d25a327c6e268d9730d9c0cbeeee0fea76f04c6cf9528c29e782ef324afc515?s=96&d=mm&r=g\",\"caption\":\"Julien Lecourbe\"},\"url\":\"https:\\\/\\\/www.lawebradio.com\\\/news\\\/author\\\/la-redaction\\\/\"}]}<\/script>\n<!-- \/ Yoast SEO plugin. -->","yoast_head_json":{"title":"RF8, un site d'\u00e9coute et de partage de musique... de plus ? - Lawebradio.com - Actualit\u00e9s des radios digitales","description":"Radio France, cherchant \u00e0 assurer son r\u00f4le de d\u00e9fricheur et de prescripteur dans le champ num\u00e9rique, propose une nouvelle offre musicale en ligne.","robots":{"index":"index","follow":"follow","max-snippet":"max-snippet:-1","max-image-preview":"max-image-preview:large","max-video-preview":"max-video-preview:-1"},"canonical":"https:\/\/www.lawebradio.com\/news\/rf8-site-decoute-de-partage-de-musique-de-plus\/","og_locale":"fr_FR","og_type":"article","og_title":"RF8, un site d'\u00e9coute et de partage de musique... de plus ? - Lawebradio.com - Actualit\u00e9s des radios digitales","og_description":"Radio France, cherchant \u00e0 assurer son r\u00f4le de d\u00e9fricheur et de prescripteur dans le champ num\u00e9rique, propose une nouvelle offre musicale en ligne.","og_url":"https:\/\/www.lawebradio.com\/news\/rf8-site-decoute-de-partage-de-musique-de-plus\/","og_site_name":"Lawebradio.com - Actualit\u00e9s des radios digitales","article_published_time":"2014-05-06T19:02:07+00:00","article_modified_time":"2014-05-07T07:14:54+00:00","og_image":[{"width":642,"height":310,"url":"https:\/\/www.lawebradio.com\/news\/wp-content\/uploads\/2014\/05\/ima2-rf8.jpg","type":"image\/jpeg"}],"author":"Julien Lecourbe","twitter_misc":{"\u00c9crit par":"Julien Lecourbe","Dur\u00e9e de lecture estim\u00e9e":"2 minutes"},"schema":{"@context":"https:\/\/schema.org","@graph":[{"@type":"Article","@id":"https:\/\/www.lawebradio.com\/news\/rf8-site-decoute-de-partage-de-musique-de-plus\/#article","isPartOf":{"@id":"https:\/\/www.lawebradio.com\/news\/rf8-site-decoute-de-partage-de-musique-de-plus\/"},"author":{"name":"Julien Lecourbe","@id":"https:\/\/www.lawebradio.com\/news\/#\/schema\/person\/95fd11aee6e6cfe70a4b58b482103f1f"},"headline":"RF8, un site d&rsquo;\u00e9coute et de partage de musique&#8230; de plus ?","datePublished":"2014-05-06T19:02:07+00:00","dateModified":"2014-05-07T07:14:54+00:00","mainEntityOfPage":{"@id":"https:\/\/www.lawebradio.com\/news\/rf8-site-decoute-de-partage-de-musique-de-plus\/"},"wordCount":493,"publisher":{"@id":"https:\/\/www.lawebradio.com\/news\/#organization"},"image":{"@id":"https:\/\/www.lawebradio.com\/news\/rf8-site-decoute-de-partage-de-musique-de-plus\/#primaryimage"},"thumbnailUrl":"https:\/\/www.lawebradio.com\/news\/wp-content\/uploads\/2014\/05\/ima2-rf8.jpg","keywords":["Joel Ronez","Mouv'","Radio France","RF8","Spotify","SPPF","Youtube"],"articleSection":["Revue de Presse","Top"],"inLanguage":"fr-FR"},{"@type":"WebPage","@id":"https:\/\/www.lawebradio.com\/news\/rf8-site-decoute-de-partage-de-musique-de-plus\/","url":"https:\/\/www.lawebradio.com\/news\/rf8-site-decoute-de-partage-de-musique-de-plus\/","name":"RF8, un site d'\u00e9coute et de partage de musique... de plus ? - Lawebradio.com - Actualit\u00e9s des radios digitales","isPartOf":{"@id":"https:\/\/www.lawebradio.com\/news\/#website"},"primaryImageOfPage":{"@id":"https:\/\/www.lawebradio.com\/news\/rf8-site-decoute-de-partage-de-musique-de-plus\/#primaryimage"},"image":{"@id":"https:\/\/www.lawebradio.com\/news\/rf8-site-decoute-de-partage-de-musique-de-plus\/#primaryimage"},"thumbnailUrl":"https:\/\/www.lawebradio.com\/news\/wp-content\/uploads\/2014\/05\/ima2-rf8.jpg","datePublished":"2014-05-06T19:02:07+00:00","dateModified":"2014-05-07T07:14:54+00:00","description":"Radio France, cherchant \u00e0 assurer son r\u00f4le de d\u00e9fricheur et de prescripteur dans le champ num\u00e9rique, propose une nouvelle offre musicale en ligne.","inLanguage":"fr-FR","potentialAction":[{"@type":"ReadAction","target":["https:\/\/www.lawebradio.com\/news\/rf8-site-decoute-de-partage-de-musique-de-plus\/"]}]},{"@type":"ImageObject","inLanguage":"fr-FR","@id":"https:\/\/www.lawebradio.com\/news\/rf8-site-decoute-de-partage-de-musique-de-plus\/#primaryimage","url":"https:\/\/www.lawebradio.com\/news\/wp-content\/uploads\/2014\/05\/ima2-rf8.jpg","contentUrl":"https:\/\/www.lawebradio.com\/news\/wp-content\/uploads\/2014\/05\/ima2-rf8.jpg","width":642,"height":310},{"@type":"WebSite","@id":"https:\/\/www.lawebradio.com\/news\/#website","url":"https:\/\/www.lawebradio.com\/news\/","name":"Lawebradio.com - Actualit\u00e9s des radios digitales","description":"","publisher":{"@id":"https:\/\/www.lawebradio.com\/news\/#organization"},"potentialAction":[{"@type":"SearchAction","target":{"@type":"EntryPoint","urlTemplate":"https:\/\/www.lawebradio.com\/news\/?s={search_term_string}"},"query-input":{"@type":"PropertyValueSpecification","valueRequired":true,"valueName":"search_term_string"}}],"inLanguage":"fr-FR"},{"@type":"Organization","@id":"https:\/\/www.lawebradio.com\/news\/#organization","name":"Lawebradio.com - Actualit\u00e9s des radios digitales","url":"https:\/\/www.lawebradio.com\/news\/","logo":{"@type":"ImageObject","inLanguage":"fr-FR","@id":"https:\/\/www.lawebradio.com\/news\/#\/schema\/logo\/image\/","url":"https:\/\/www.lawebradio.com\/news\/wp-content\/uploads\/2020\/10\/logo2020.png","contentUrl":"https:\/\/www.lawebradio.com\/news\/wp-content\/uploads\/2020\/10\/logo2020.png","width":254,"height":43,"caption":"Lawebradio.com - Actualit\u00e9s des radios digitales"},"image":{"@id":"https:\/\/www.lawebradio.com\/news\/#\/schema\/logo\/image\/"}},{"@type":"Person","@id":"https:\/\/www.lawebradio.com\/news\/#\/schema\/person\/95fd11aee6e6cfe70a4b58b482103f1f","name":"Julien Lecourbe","image":{"@type":"ImageObject","inLanguage":"fr-FR","@id":"https:\/\/secure.gravatar.com\/avatar\/0d25a327c6e268d9730d9c0cbeeee0fea76f04c6cf9528c29e782ef324afc515?s=96&d=mm&r=g","url":"https:\/\/secure.gravatar.com\/avatar\/0d25a327c6e268d9730d9c0cbeeee0fea76f04c6cf9528c29e782ef324afc515?s=96&d=mm&r=g","contentUrl":"https:\/\/secure.gravatar.com\/avatar\/0d25a327c6e268d9730d9c0cbeeee0fea76f04c6cf9528c29e782ef324afc515?s=96&d=mm&r=g","caption":"Julien Lecourbe"},"url":"https:\/\/www.lawebradio.com\/news\/author\/la-redaction\/"}]}},"_links":{"self":[{"href":"https:\/\/www.lawebradio.com\/news\/wp-json\/wp\/v2\/posts\/1271","targetHints":{"allow":["GET"]}}],"collection":[{"href":"https:\/\/www.lawebradio.com\/news\/wp-json\/wp\/v2\/posts"}],"about":[{"href":"https:\/\/www.lawebradio.com\/news\/wp-json\/wp\/v2\/types\/post"}],"author":[{"embeddable":true,"href":"https:\/\/www.lawebradio.com\/news\/wp-json\/wp\/v2\/users\/3"}],"replies":[{"embeddable":true,"href":"https:\/\/www.lawebradio.com\/news\/wp-json\/wp\/v2\/comments?post=1271"}],"version-history":[{"count":4,"href":"https:\/\/www.lawebradio.com\/news\/wp-json\/wp\/v2\/posts\/1271\/revisions"}],"predecessor-version":[{"id":1276,"href":"https:\/\/www.lawebradio.com\/news\/wp-json\/wp\/v2\/posts\/1271\/revisions\/1276"}],"wp:featuredmedia":[{"embeddable":true,"href":"https:\/\/www.lawebradio.com\/news\/wp-json\/wp\/v2\/media\/1272"}],"wp:attachment":[{"href":"https:\/\/www.lawebradio.com\/news\/wp-json\/wp\/v2\/media?parent=1271"}],"wp:term":[{"taxonomy":"category","embeddable":true,"href":"https:\/\/www.lawebradio.com\/news\/wp-json\/wp\/v2\/categories?post=1271"},{"taxonomy":"post_tag","embeddable":true,"href":"https:\/\/www.lawebradio.com\/news\/wp-json\/wp\/v2\/tags?post=1271"}],"curies":[{"name":"wp","href":"https:\/\/api.w.org\/{rel}","templated":true}]}}