{"id":124,"date":"2013-10-10T15:36:09","date_gmt":"2013-10-10T14:36:09","guid":{"rendered":"http:\/\/www.lawebradio.com\/news\/?p=124"},"modified":"2016-02-25T19:21:58","modified_gmt":"2016-02-25T18:21:58","slug":"country-rock-vont-bien-the-buffalo","status":"publish","type":"post","link":"https:\/\/www.lawebradio.com\/news\/country-rock-vont-bien-the-buffalo\/","title":{"rendered":"Country et rock vont si bien ensemble sur The Buffalo Radio !"},"content":{"rendered":"<p><strong>Faire cohabiter rock et country sur une m\u00eame radio n&rsquo;est pas forc\u00e9ment une chose facile, m\u00eame si ces deux th\u00e9matiques musicales sont assez proches.<\/strong><\/p>\n<p>Emmanuel Hue et son \u00e9quipe y sont pourtant arriv\u00e9s avec succ\u00e8s.\u00a0<em>\u00ab\u00a0C&rsquo;\u00e9tait notre challenge de d\u00e9part, explique-t-il. C\u00f4t\u00e9 country, notre programmation contient aussi bien les derniers hits de Nashville, ainsi que les meilleurs titres de ces 20 derni\u00e8res ann\u00e9es, mais une grande part de notre programmation est \u00e9galement d\u00e9di\u00e9e \u00e0 la sc\u00e8ne alternative texane, que j\u2019appr\u00e9cie beaucoup pour ma part. C\u00f4t\u00e9 rock, la plus grande partie des titres que l\u2019on diffuse sont \u00e0 classer dans la mouvance classic rock \/ hard rock, mais on diffuse \u00e9galement les meilleures nouveaut\u00e9s rock du moment. J\u2019ai eu la chance de voyager souvent, depuis tout petit, aux Etats-Unis et au Canada, ce qui m\u2019a amen\u00e9 \u00e0 tomber dans la potion magique de la country depuis l&rsquo;enfance.\u00a0\u00bb<\/em><\/p>\n<p>Emmanuel Hue et ses amis ont cr\u00e9\u00e9 The Buffalo il y a cinq ans, au moment de la cr\u00e9ation de Radionomy.<\/p>\n<p><em>\u00ab\u00a0Sans Radionomy, rien n&rsquo;aurait \u00e9t\u00e9 possible, ajoute-t-il. Nous avons la chance de voir notre audience grandir depuis 2008. L\u2019axe de d\u00e9veloppement majeur reste la progression en France, car 50 % de notre audience vient pour le moment des Etats-Unis et du Canada.\u00a0\u00bb<\/em><\/p>\n<p>Article r\u00e9dig\u00e9 par Nicolas Goyet<\/p>\n<p><a href=\"http:\/\/www.thebuffaloradio.com\/\" target=\"_blank\">\u2022 Visitez le site de The Buffalo Radio<\/a><\/p>\n<p><object width=\"245\" height=\"90\" classid=\"clsid:d27cdb6e-ae6d-11cf-96b8-444553540000\" codebase=\"http:\/\/download.macromedia.com\/pub\/shockwave\/cabs\/flash\/swflash.cab#version=6,0,40,0\"><param name=\"allowscriptaccess\" value=\"always\" \/><param name=\"wmode\" value=\"transparent\" \/><param name=\"src\" value=\"http:\/\/static.radionomy.com\/cdn\/flash\/BannerEmbed.swf?RadUID=19e01615-811a-4743-b6ce-131441bf5899&amp;titlesColor=ffffff&amp;color=7d7d7d&amp;autoPlay=no&amp;lang=fr\" \/><embed width=\"245\" height=\"90\" type=\"application\/x-shockwave-flash\" src=\"http:\/\/static.radionomy.com\/cdn\/flash\/BannerEmbed.swf?RadUID=19e01615-811a-4743-b6ce-131441bf5899&amp;titlesColor=ffffff&amp;color=7d7d7d&amp;autoPlay=no&amp;lang=fr\" allowscriptaccess=\"always\" wmode=\"transparent\" \/><\/object><\/p>\n","protected":false},"excerpt":{"rendered":"<p>Faire cohabiter rock et country sur une m\u00eame radio n&rsquo;est pas forc\u00e9ment une chose facile, m\u00eame si ces deux th\u00e9matiques musicales sont assez proches. Emmanuel Hue et son \u00e9quipe y sont pourtant arriv\u00e9s avec succ\u00e8s.\u00a0\u00ab\u00a0C&rsquo;\u00e9tait notre challenge de d\u00e9part, explique-t-il. C\u00f4t\u00e9 country, notre programmation contient aussi bien les derniers hits de Nashville, ainsi que les [&hellip;]<\/p>\n","protected":false},"author":3,"featured_media":125,"comment_status":"closed","ping_status":"closed","sticky":false,"template":"","format":"standard","meta":{"_et_pb_use_builder":"","_et_pb_old_content":"","_et_gb_content_width":"","footnotes":""},"categories":[6],"tags":[],"class_list":["post-124","post","type-post","status-publish","format-standard","has-post-thumbnail","hentry","category-focus","et-has-post-format-content","et_post_format-et-post-format-standard"],"yoast_head":"<!-- This site is optimized with the Yoast SEO plugin v27.4 - https:\/\/yoast.com\/product\/yoast-seo-wordpress\/ -->\n<title>Country et rock vont si bien ensemble sur The Buffalo Radio ! - Lawebradio.com - Actualit\u00e9s des radios digitales<\/title>\n<meta name=\"robots\" content=\"index, follow, max-snippet:-1, max-image-preview:large, max-video-preview:-1\" \/>\n<link rel=\"canonical\" href=\"https:\/\/www.lawebradio.com\/news\/country-rock-vont-bien-the-buffalo\/\" \/>\n<meta property=\"og:locale\" content=\"fr_FR\" \/>\n<meta property=\"og:type\" content=\"article\" \/>\n<meta property=\"og:title\" content=\"Country et rock vont si bien ensemble sur The Buffalo Radio ! - Lawebradio.com - Actualit\u00e9s des radios digitales\" \/>\n<meta property=\"og:description\" content=\"Faire cohabiter rock et country sur une m\u00eame radio n&rsquo;est pas forc\u00e9ment une chose facile, m\u00eame si ces deux th\u00e9matiques musicales sont assez proches. Emmanuel Hue et son \u00e9quipe y sont pourtant arriv\u00e9s avec succ\u00e8s.\u00a0\u00ab\u00a0C&rsquo;\u00e9tait notre challenge de d\u00e9part, explique-t-il. C\u00f4t\u00e9 country, notre programmation contient aussi bien les derniers hits de Nashville, ainsi que les [&hellip;]\" \/>\n<meta property=\"og:url\" content=\"https:\/\/www.lawebradio.com\/news\/country-rock-vont-bien-the-buffalo\/\" \/>\n<meta property=\"og:site_name\" content=\"Lawebradio.com - Actualit\u00e9s des radios digitales\" \/>\n<meta property=\"article:published_time\" content=\"2013-10-10T14:36:09+00:00\" \/>\n<meta property=\"article:modified_time\" content=\"2016-02-25T18:21:58+00:00\" \/>\n<meta property=\"og:image\" content=\"https:\/\/www.lawebradio.com\/news\/wp-content\/uploads\/2013\/10\/ima-thebuffaloradio102013.jpg\" \/>\n\t<meta property=\"og:image:width\" content=\"642\" \/>\n\t<meta property=\"og:image:height\" content=\"282\" \/>\n\t<meta property=\"og:image:type\" content=\"image\/jpeg\" \/>\n<meta name=\"author\" content=\"Julien Lecourbe\" \/>\n<meta name=\"twitter:label1\" content=\"\u00c9crit par\" \/>\n\t<meta name=\"twitter:data1\" content=\"Julien Lecourbe\" \/>\n\t<meta name=\"twitter:label2\" content=\"Dur\u00e9e de lecture estim\u00e9e\" \/>\n\t<meta name=\"twitter:data2\" content=\"1 minute\" \/>\n<script type=\"application\/ld+json\" class=\"yoast-schema-graph\">{\"@context\":\"https:\\\/\\\/schema.org\",\"@graph\":[{\"@type\":\"Article\",\"@id\":\"https:\\\/\\\/www.lawebradio.com\\\/news\\\/country-rock-vont-bien-the-buffalo\\\/#article\",\"isPartOf\":{\"@id\":\"https:\\\/\\\/www.lawebradio.com\\\/news\\\/country-rock-vont-bien-the-buffalo\\\/\"},\"author\":{\"name\":\"Julien Lecourbe\",\"@id\":\"https:\\\/\\\/www.lawebradio.com\\\/news\\\/#\\\/schema\\\/person\\\/95fd11aee6e6cfe70a4b58b482103f1f\"},\"headline\":\"Country et rock vont si bien ensemble sur The Buffalo Radio !\",\"datePublished\":\"2013-10-10T14:36:09+00:00\",\"dateModified\":\"2016-02-25T18:21:58+00:00\",\"mainEntityOfPage\":{\"@id\":\"https:\\\/\\\/www.lawebradio.com\\\/news\\\/country-rock-vont-bien-the-buffalo\\\/\"},\"wordCount\":252,\"publisher\":{\"@id\":\"https:\\\/\\\/www.lawebradio.com\\\/news\\\/#organization\"},\"image\":{\"@id\":\"https:\\\/\\\/www.lawebradio.com\\\/news\\\/country-rock-vont-bien-the-buffalo\\\/#primaryimage\"},\"thumbnailUrl\":\"https:\\\/\\\/www.lawebradio.com\\\/news\\\/wp-content\\\/uploads\\\/2013\\\/10\\\/ima-thebuffaloradio102013.jpg\",\"articleSection\":[\"Focus\"],\"inLanguage\":\"fr-FR\"},{\"@type\":\"WebPage\",\"@id\":\"https:\\\/\\\/www.lawebradio.com\\\/news\\\/country-rock-vont-bien-the-buffalo\\\/\",\"url\":\"https:\\\/\\\/www.lawebradio.com\\\/news\\\/country-rock-vont-bien-the-buffalo\\\/\",\"name\":\"Country et rock vont si bien ensemble sur The Buffalo Radio ! - Lawebradio.com - Actualit\u00e9s des radios digitales\",\"isPartOf\":{\"@id\":\"https:\\\/\\\/www.lawebradio.com\\\/news\\\/#website\"},\"primaryImageOfPage\":{\"@id\":\"https:\\\/\\\/www.lawebradio.com\\\/news\\\/country-rock-vont-bien-the-buffalo\\\/#primaryimage\"},\"image\":{\"@id\":\"https:\\\/\\\/www.lawebradio.com\\\/news\\\/country-rock-vont-bien-the-buffalo\\\/#primaryimage\"},\"thumbnailUrl\":\"https:\\\/\\\/www.lawebradio.com\\\/news\\\/wp-content\\\/uploads\\\/2013\\\/10\\\/ima-thebuffaloradio102013.jpg\",\"datePublished\":\"2013-10-10T14:36:09+00:00\",\"dateModified\":\"2016-02-25T18:21:58+00:00\",\"inLanguage\":\"fr-FR\",\"potentialAction\":[{\"@type\":\"ReadAction\",\"target\":[\"https:\\\/\\\/www.lawebradio.com\\\/news\\\/country-rock-vont-bien-the-buffalo\\\/\"]}]},{\"@type\":\"ImageObject\",\"inLanguage\":\"fr-FR\",\"@id\":\"https:\\\/\\\/www.lawebradio.com\\\/news\\\/country-rock-vont-bien-the-buffalo\\\/#primaryimage\",\"url\":\"https:\\\/\\\/www.lawebradio.com\\\/news\\\/wp-content\\\/uploads\\\/2013\\\/10\\\/ima-thebuffaloradio102013.jpg\",\"contentUrl\":\"https:\\\/\\\/www.lawebradio.com\\\/news\\\/wp-content\\\/uploads\\\/2013\\\/10\\\/ima-thebuffaloradio102013.jpg\",\"width\":642,\"height\":282},{\"@type\":\"WebSite\",\"@id\":\"https:\\\/\\\/www.lawebradio.com\\\/news\\\/#website\",\"url\":\"https:\\\/\\\/www.lawebradio.com\\\/news\\\/\",\"name\":\"Lawebradio.com - Actualit\u00e9s des radios digitales\",\"description\":\"\",\"publisher\":{\"@id\":\"https:\\\/\\\/www.lawebradio.com\\\/news\\\/#organization\"},\"potentialAction\":[{\"@type\":\"SearchAction\",\"target\":{\"@type\":\"EntryPoint\",\"urlTemplate\":\"https:\\\/\\\/www.lawebradio.com\\\/news\\\/?s={search_term_string}\"},\"query-input\":{\"@type\":\"PropertyValueSpecification\",\"valueRequired\":true,\"valueName\":\"search_term_string\"}}],\"inLanguage\":\"fr-FR\"},{\"@type\":\"Organization\",\"@id\":\"https:\\\/\\\/www.lawebradio.com\\\/news\\\/#organization\",\"name\":\"Lawebradio.com - Actualit\u00e9s des radios digitales\",\"url\":\"https:\\\/\\\/www.lawebradio.com\\\/news\\\/\",\"logo\":{\"@type\":\"ImageObject\",\"inLanguage\":\"fr-FR\",\"@id\":\"https:\\\/\\\/www.lawebradio.com\\\/news\\\/#\\\/schema\\\/logo\\\/image\\\/\",\"url\":\"https:\\\/\\\/www.lawebradio.com\\\/news\\\/wp-content\\\/uploads\\\/2020\\\/10\\\/logo2020.png\",\"contentUrl\":\"https:\\\/\\\/www.lawebradio.com\\\/news\\\/wp-content\\\/uploads\\\/2020\\\/10\\\/logo2020.png\",\"width\":254,\"height\":43,\"caption\":\"Lawebradio.com - Actualit\u00e9s des radios digitales\"},\"image\":{\"@id\":\"https:\\\/\\\/www.lawebradio.com\\\/news\\\/#\\\/schema\\\/logo\\\/image\\\/\"}},{\"@type\":\"Person\",\"@id\":\"https:\\\/\\\/www.lawebradio.com\\\/news\\\/#\\\/schema\\\/person\\\/95fd11aee6e6cfe70a4b58b482103f1f\",\"name\":\"Julien Lecourbe\",\"image\":{\"@type\":\"ImageObject\",\"inLanguage\":\"fr-FR\",\"@id\":\"https:\\\/\\\/secure.gravatar.com\\\/avatar\\\/0d25a327c6e268d9730d9c0cbeeee0fea76f04c6cf9528c29e782ef324afc515?s=96&d=mm&r=g\",\"url\":\"https:\\\/\\\/secure.gravatar.com\\\/avatar\\\/0d25a327c6e268d9730d9c0cbeeee0fea76f04c6cf9528c29e782ef324afc515?s=96&d=mm&r=g\",\"contentUrl\":\"https:\\\/\\\/secure.gravatar.com\\\/avatar\\\/0d25a327c6e268d9730d9c0cbeeee0fea76f04c6cf9528c29e782ef324afc515?s=96&d=mm&r=g\",\"caption\":\"Julien Lecourbe\"},\"url\":\"https:\\\/\\\/www.lawebradio.com\\\/news\\\/author\\\/la-redaction\\\/\"}]}<\/script>\n<!-- \/ Yoast SEO plugin. -->","yoast_head_json":{"title":"Country et rock vont si bien ensemble sur The Buffalo Radio ! - Lawebradio.com - Actualit\u00e9s des radios digitales","robots":{"index":"index","follow":"follow","max-snippet":"max-snippet:-1","max-image-preview":"max-image-preview:large","max-video-preview":"max-video-preview:-1"},"canonical":"https:\/\/www.lawebradio.com\/news\/country-rock-vont-bien-the-buffalo\/","og_locale":"fr_FR","og_type":"article","og_title":"Country et rock vont si bien ensemble sur The Buffalo Radio ! - Lawebradio.com - Actualit\u00e9s des radios digitales","og_description":"Faire cohabiter rock et country sur une m\u00eame radio n&rsquo;est pas forc\u00e9ment une chose facile, m\u00eame si ces deux th\u00e9matiques musicales sont assez proches. Emmanuel Hue et son \u00e9quipe y sont pourtant arriv\u00e9s avec succ\u00e8s.\u00a0\u00ab\u00a0C&rsquo;\u00e9tait notre challenge de d\u00e9part, explique-t-il. C\u00f4t\u00e9 country, notre programmation contient aussi bien les derniers hits de Nashville, ainsi que les [&hellip;]","og_url":"https:\/\/www.lawebradio.com\/news\/country-rock-vont-bien-the-buffalo\/","og_site_name":"Lawebradio.com - Actualit\u00e9s des radios digitales","article_published_time":"2013-10-10T14:36:09+00:00","article_modified_time":"2016-02-25T18:21:58+00:00","og_image":[{"width":642,"height":282,"url":"https:\/\/www.lawebradio.com\/news\/wp-content\/uploads\/2013\/10\/ima-thebuffaloradio102013.jpg","type":"image\/jpeg"}],"author":"Julien Lecourbe","twitter_misc":{"\u00c9crit par":"Julien Lecourbe","Dur\u00e9e de lecture estim\u00e9e":"1 minute"},"schema":{"@context":"https:\/\/schema.org","@graph":[{"@type":"Article","@id":"https:\/\/www.lawebradio.com\/news\/country-rock-vont-bien-the-buffalo\/#article","isPartOf":{"@id":"https:\/\/www.lawebradio.com\/news\/country-rock-vont-bien-the-buffalo\/"},"author":{"name":"Julien Lecourbe","@id":"https:\/\/www.lawebradio.com\/news\/#\/schema\/person\/95fd11aee6e6cfe70a4b58b482103f1f"},"headline":"Country et rock vont si bien ensemble sur The Buffalo Radio !","datePublished":"2013-10-10T14:36:09+00:00","dateModified":"2016-02-25T18:21:58+00:00","mainEntityOfPage":{"@id":"https:\/\/www.lawebradio.com\/news\/country-rock-vont-bien-the-buffalo\/"},"wordCount":252,"publisher":{"@id":"https:\/\/www.lawebradio.com\/news\/#organization"},"image":{"@id":"https:\/\/www.lawebradio.com\/news\/country-rock-vont-bien-the-buffalo\/#primaryimage"},"thumbnailUrl":"https:\/\/www.lawebradio.com\/news\/wp-content\/uploads\/2013\/10\/ima-thebuffaloradio102013.jpg","articleSection":["Focus"],"inLanguage":"fr-FR"},{"@type":"WebPage","@id":"https:\/\/www.lawebradio.com\/news\/country-rock-vont-bien-the-buffalo\/","url":"https:\/\/www.lawebradio.com\/news\/country-rock-vont-bien-the-buffalo\/","name":"Country et rock vont si bien ensemble sur The Buffalo Radio ! - Lawebradio.com - Actualit\u00e9s des radios digitales","isPartOf":{"@id":"https:\/\/www.lawebradio.com\/news\/#website"},"primaryImageOfPage":{"@id":"https:\/\/www.lawebradio.com\/news\/country-rock-vont-bien-the-buffalo\/#primaryimage"},"image":{"@id":"https:\/\/www.lawebradio.com\/news\/country-rock-vont-bien-the-buffalo\/#primaryimage"},"thumbnailUrl":"https:\/\/www.lawebradio.com\/news\/wp-content\/uploads\/2013\/10\/ima-thebuffaloradio102013.jpg","datePublished":"2013-10-10T14:36:09+00:00","dateModified":"2016-02-25T18:21:58+00:00","inLanguage":"fr-FR","potentialAction":[{"@type":"ReadAction","target":["https:\/\/www.lawebradio.com\/news\/country-rock-vont-bien-the-buffalo\/"]}]},{"@type":"ImageObject","inLanguage":"fr-FR","@id":"https:\/\/www.lawebradio.com\/news\/country-rock-vont-bien-the-buffalo\/#primaryimage","url":"https:\/\/www.lawebradio.com\/news\/wp-content\/uploads\/2013\/10\/ima-thebuffaloradio102013.jpg","contentUrl":"https:\/\/www.lawebradio.com\/news\/wp-content\/uploads\/2013\/10\/ima-thebuffaloradio102013.jpg","width":642,"height":282},{"@type":"WebSite","@id":"https:\/\/www.lawebradio.com\/news\/#website","url":"https:\/\/www.lawebradio.com\/news\/","name":"Lawebradio.com - Actualit\u00e9s des radios digitales","description":"","publisher":{"@id":"https:\/\/www.lawebradio.com\/news\/#organization"},"potentialAction":[{"@type":"SearchAction","target":{"@type":"EntryPoint","urlTemplate":"https:\/\/www.lawebradio.com\/news\/?s={search_term_string}"},"query-input":{"@type":"PropertyValueSpecification","valueRequired":true,"valueName":"search_term_string"}}],"inLanguage":"fr-FR"},{"@type":"Organization","@id":"https:\/\/www.lawebradio.com\/news\/#organization","name":"Lawebradio.com - Actualit\u00e9s des radios digitales","url":"https:\/\/www.lawebradio.com\/news\/","logo":{"@type":"ImageObject","inLanguage":"fr-FR","@id":"https:\/\/www.lawebradio.com\/news\/#\/schema\/logo\/image\/","url":"https:\/\/www.lawebradio.com\/news\/wp-content\/uploads\/2020\/10\/logo2020.png","contentUrl":"https:\/\/www.lawebradio.com\/news\/wp-content\/uploads\/2020\/10\/logo2020.png","width":254,"height":43,"caption":"Lawebradio.com - Actualit\u00e9s des radios digitales"},"image":{"@id":"https:\/\/www.lawebradio.com\/news\/#\/schema\/logo\/image\/"}},{"@type":"Person","@id":"https:\/\/www.lawebradio.com\/news\/#\/schema\/person\/95fd11aee6e6cfe70a4b58b482103f1f","name":"Julien Lecourbe","image":{"@type":"ImageObject","inLanguage":"fr-FR","@id":"https:\/\/secure.gravatar.com\/avatar\/0d25a327c6e268d9730d9c0cbeeee0fea76f04c6cf9528c29e782ef324afc515?s=96&d=mm&r=g","url":"https:\/\/secure.gravatar.com\/avatar\/0d25a327c6e268d9730d9c0cbeeee0fea76f04c6cf9528c29e782ef324afc515?s=96&d=mm&r=g","contentUrl":"https:\/\/secure.gravatar.com\/avatar\/0d25a327c6e268d9730d9c0cbeeee0fea76f04c6cf9528c29e782ef324afc515?s=96&d=mm&r=g","caption":"Julien Lecourbe"},"url":"https:\/\/www.lawebradio.com\/news\/author\/la-redaction\/"}]}},"_links":{"self":[{"href":"https:\/\/www.lawebradio.com\/news\/wp-json\/wp\/v2\/posts\/124","targetHints":{"allow":["GET"]}}],"collection":[{"href":"https:\/\/www.lawebradio.com\/news\/wp-json\/wp\/v2\/posts"}],"about":[{"href":"https:\/\/www.lawebradio.com\/news\/wp-json\/wp\/v2\/types\/post"}],"author":[{"embeddable":true,"href":"https:\/\/www.lawebradio.com\/news\/wp-json\/wp\/v2\/users\/3"}],"replies":[{"embeddable":true,"href":"https:\/\/www.lawebradio.com\/news\/wp-json\/wp\/v2\/comments?post=124"}],"version-history":[{"count":5,"href":"https:\/\/www.lawebradio.com\/news\/wp-json\/wp\/v2\/posts\/124\/revisions"}],"predecessor-version":[{"id":3522,"href":"https:\/\/www.lawebradio.com\/news\/wp-json\/wp\/v2\/posts\/124\/revisions\/3522"}],"wp:featuredmedia":[{"embeddable":true,"href":"https:\/\/www.lawebradio.com\/news\/wp-json\/wp\/v2\/media\/125"}],"wp:attachment":[{"href":"https:\/\/www.lawebradio.com\/news\/wp-json\/wp\/v2\/media?parent=124"}],"wp:term":[{"taxonomy":"category","embeddable":true,"href":"https:\/\/www.lawebradio.com\/news\/wp-json\/wp\/v2\/categories?post=124"},{"taxonomy":"post_tag","embeddable":true,"href":"https:\/\/www.lawebradio.com\/news\/wp-json\/wp\/v2\/tags?post=124"}],"curies":[{"name":"wp","href":"https:\/\/api.w.org\/{rel}","templated":true}]}}