{"id":11792,"date":"2026-04-29T06:59:24","date_gmt":"2026-04-29T05:59:24","guid":{"rendered":"https:\/\/www.lawebradio.com\/news\/?p=11792"},"modified":"2026-04-28T10:00:09","modified_gmt":"2026-04-28T09:00:09","slug":"audion-lambition-americaine-portee-par-une-levee-de-15-millions-de-dollars","status":"publish","type":"post","link":"https:\/\/www.lawebradio.com\/news\/audion-lambition-americaine-portee-par-une-levee-de-15-millions-de-dollars\/","title":{"rendered":"Audion : L\u2019ambition am\u00e9ricaine port\u00e9e par une lev\u00e9e de 15 millions de dollars"},"content":{"rendered":"<p>[et_pb_section fb_built=\u00a0\u00bb1&Prime; _builder_version=\u00a0\u00bb4.6.5&Prime; _module_preset=\u00a0\u00bbdefault\u00a0\u00bb][et_pb_row _builder_version=\u00a0\u00bb4.6.5&Prime; _module_preset=\u00a0\u00bbdefault\u00a0\u00bb][et_pb_column type=\u00a0\u00bb4_4&Prime; _builder_version=\u00a0\u00bb4.6.5&Prime; _module_preset=\u00a0\u00bbdefault\u00a0\u00bb][et_pb_text _builder_version=\u00a0\u00bb4.8.0&Prime; _module_preset=\u00a0\u00bbdefault\u00a0\u00bb header_3_font_size=\u00a0\u00bb21px\u00a0\u00bb header_3_line_height=\u00a0\u00bb1.4em\u00a0\u00bb hover_enabled=\u00a0\u00bb0&Prime; sticky_enabled=\u00a0\u00bb0&Prime;]<\/p>\n<p><strong>Le leader europ\u00e9en de la publicit\u00e9 audio digitale vient d\u2019officialiser un tour de table de 15 millions de dollars. Entre conqu\u00eate du march\u00e9 am\u00e9ricain et r\u00e9volution technologique par l\u2019IA, Audion* change de dimension pour transformer l\u2019audio en un levier de performance incontournable.<\/strong><\/p>\n<p>Le secteur de l\u2019audio digital ne fait plus de bruit en coulisses : il explose. En annon\u00e7ant ce 27 avril 2026 une lev\u00e9e de fonds de 15 millions de dollars (S\u00e9rie B) aupr\u00e8s de partenaires historiques comme <a href=\"https:\/\/www.elevation-cp.com\/\" target=\"_blank\" rel=\"noopener\">Elevation Capital Partners<\/a>, Founders Future et <a href=\"https:\/\/www.bpifrance.fr\/\" target=\"_blank\" rel=\"noopener\">Bpifrance<\/a>, la p\u00e9pite fran\u00e7aise Audion confirme son statut de moteur de cette mutation.<\/p>\n<p>Mais plus qu\u2019une simple injection de capital, cette op\u00e9ration marque le d\u00e9but d\u2019un duel technologique et g\u00e9ographique au sommet.<\/p>\n<h3>Le \u00ab R\u00eave Am\u00e9ricain \u00bb version AdTech<\/h3>\n<p>Pour <a href=\"https:\/\/www.lawebradio.com\/news\/audio-digital-un-media-sous-exploite-selon-letude-audion-et-wpp-media\/\">Audion<\/a>, les \u00c9tats-Unis ne sont pas une option, mais une suite logique. Si la soci\u00e9t\u00e9 domine d\u00e9j\u00e0 six march\u00e9s europ\u00e9ens, l&rsquo;oncle Sam repr\u00e9sente le Graal de l&rsquo;industrie publicitaire. Le cofondateur Arthur Larrey a d&rsquo;ailleurs fait le choix fort de s&rsquo;installer physiquement de l&rsquo;autre c\u00f4t\u00e9 de l&rsquo;Atlantique pour piloter cette expansion.<\/p>\n<p>Le d\u00e9fi est de taille : s&rsquo;imposer face \u00e0 des g\u00e9ants locaux. Pourtant, Audion poss\u00e8de un avantage comp\u00e9titif majeur : une plateforme technologique int\u00e9gr\u00e9e (full-stack) l\u00e0 o\u00f9 le march\u00e9 am\u00e9ricain est souvent fragment\u00e9 entre diff\u00e9rents interm\u00e9diaires. L\u2019objectif est clair : apporter une efficacit\u00e9 \u00ab \u00e0 l\u2019europ\u00e9enne \u00bb dans un \u00e9cosyst\u00e8me o\u00f9 les budgets audio sont colossaux mais encore parfois sous-optimis\u00e9s.<\/p>\n<h3>Audion AI : Quand l\u2019algorithme remplace l\u2019intuition<\/h3>\n<p>Le v\u00e9ritable nerf de la guerre de cette lev\u00e9e de fonds reste l&rsquo;innovation. Avec le d\u00e9ploiement massif d\u2019Audion AI, l\u2019entreprise ne se contente plus de diffuser des spots ; elle les cr\u00e9e et les optimise en temps r\u00e9el.<\/p>\n<p>Cette suite d\u2019agents d\u2019intelligence artificielle r\u00e9pond \u00e0 la probl\u00e9matique historique de l\u2019audio : la performance. Longtemps cantonn\u00e9 \u00e0 la \u00ab notori\u00e9t\u00e9 \u00bb (branding), l\u2019audio digital devient, gr\u00e2ce \u00e0 l\u2019IA, un canal capable de g\u00e9n\u00e9rer des conversions pr\u00e9cises.<\/p>\n<p style=\"padding-left: 40px;\">\u2022 G\u00e9n\u00e9ration cr\u00e9ative : L\u2019IA permet de d\u00e9cliner des milliers de versions d&rsquo;un spot selon le contexte (m\u00e9t\u00e9o, g\u00e9olocalisation, heure de la journ\u00e9e).<\/p>\n<p style=\"padding-left: 40px;\">\u2022 Ciblage pr\u00e9dictif : Analyse fine des comportements d&rsquo;\u00e9coute pour diffuser le message au moment o\u00f9 l&rsquo;attention est maximale.<\/p>\n<h3>Une croissance saine dans un march\u00e9 en mutation<\/h3>\n<p>Dans un contexte \u00e9conomique o\u00f9 les investisseurs privil\u00e9gient d\u00e9sormais la rentabilit\u00e9 au \u00ab\u00a0tout-croissance\u00a0\u00bb, Audion d\u00e9tonne. Forte d\u2019un portefeuille de plus de 1 500 clients, la soci\u00e9t\u00e9 affiche une maturit\u00e9 qui rassure.<\/p>\n<p>Cette lev\u00e9e de fonds lui donne les moyens de recruter des talents de haut niveau en data-science et en ing\u00e9nierie commerciale pour soutenir une vision : faire de l&rsquo;audio un m\u00e9dia aussi simple, trackable et efficace que le Search ou le Social.<\/p>\n<p>\u2022 <a href=\"https:\/\/www.audion.ai\/\" target=\"_blank\" rel=\"noopener\"><strong>En savoir plus &gt;&gt;<\/strong><\/a><\/p>\n<p><em><strong>*A propos : <\/strong>Fond\u00e9e en 2018 par Arthur Larrey et Kamel El Hadef, Audion est une adtech fran\u00e7aise leader en Europe qui transforme la mani\u00e8re dont les marques communiquent sur l&rsquo;audio digital (podcasts, streaming, radios num\u00e9riques). La plateforme se distingue par sa solution full-stack, notamment via son outil Audion360, qui permet aux \u00e9diteurs de mon\u00e9tiser leurs contenus et aux annonceurs de d\u00e9ployer des campagnes publicitaires ultra-cibl\u00e9es et automatis\u00e9es. En 2026, l&rsquo;entreprise franchit un cap technologique majeur avec Audion AI, une suite d&rsquo;intelligence artificielle g\u00e9n\u00e9rative et pr\u00e9dictive con\u00e7ue pour optimiser le ROI des campagnes en temps r\u00e9el, tout en amor\u00e7ant une expansion strat\u00e9gique sur le march\u00e9 nord-am\u00e9ricain.<\/em><\/p>\n<p>[\/et_pb_text][\/et_pb_column][\/et_pb_row][\/et_pb_section]<\/p>\n","protected":false},"excerpt":{"rendered":"<p>[et_pb_section fb_built=\u00a0\u00bb1&Prime; _builder_version=\u00a0\u00bb4.6.5&Prime; _module_preset=\u00a0\u00bbdefault\u00a0\u00bb][et_pb_row _builder_version=\u00a0\u00bb4.6.5&Prime; _module_preset=\u00a0\u00bbdefault\u00a0\u00bb][et_pb_column type=\u00a0\u00bb4_4&Prime; _builder_version=\u00a0\u00bb4.6.5&Prime; _module_preset=\u00a0\u00bbdefault\u00a0\u00bb][et_pb_text _builder_version=\u00a0\u00bb4.8.0&Prime; _module_preset=\u00a0\u00bbdefault\u00a0\u00bb header_3_font_size=\u00a0\u00bb21px\u00a0\u00bb header_3_line_height=\u00a0\u00bb1.4em\u00a0\u00bb hover_enabled=\u00a0\u00bb0&Prime; sticky_enabled=\u00a0\u00bb0&Prime;] Le leader europ\u00e9en de la publicit\u00e9 audio digitale vient d\u2019officialiser un tour de table de 15 millions de dollars. Entre conqu\u00eate du march\u00e9 am\u00e9ricain et r\u00e9volution technologique par l\u2019IA, Audion* change de dimension pour transformer l\u2019audio en un levier de [&hellip;]<\/p>\n","protected":false},"author":2,"featured_media":11793,"comment_status":"closed","ping_status":"closed","sticky":false,"template":"","format":"standard","meta":{"_et_pb_use_builder":"on","_et_pb_old_content":"","_et_gb_content_width":"","footnotes":""},"categories":[12],"tags":[],"class_list":["post-11792","post","type-post","status-publish","format-standard","has-post-thumbnail","hentry","category-revue","et-has-post-format-content","et_post_format-et-post-format-standard"],"yoast_head":"<!-- This site is optimized with the Yoast SEO plugin v27.5 - https:\/\/yoast.com\/product\/yoast-seo-wordpress\/ -->\n<title>Audion : L\u2019ambition am\u00e9ricaine port\u00e9e par une lev\u00e9e de 15 millions de dollars - Lawebradio.com - Actualit\u00e9s des radios digitales<\/title>\n<meta name=\"description\" content=\"Audion l\u00e8ve 15 millions de dollars pour conqu\u00e9rir les \u00c9tats-Unis et r\u00e9volutionner la publicit\u00e9 audio gr\u00e2ce \u00e0 l&#039;IA.\" \/>\n<meta name=\"robots\" content=\"index, follow, max-snippet:-1, max-image-preview:large, max-video-preview:-1\" \/>\n<link rel=\"canonical\" href=\"https:\/\/www.lawebradio.com\/news\/audion-lambition-americaine-portee-par-une-levee-de-15-millions-de-dollars\/\" \/>\n<meta property=\"og:locale\" content=\"fr_FR\" \/>\n<meta property=\"og:type\" content=\"article\" \/>\n<meta property=\"og:title\" content=\"Audion : L\u2019ambition am\u00e9ricaine port\u00e9e par une lev\u00e9e de 15 millions de dollars - Lawebradio.com - Actualit\u00e9s des radios digitales\" \/>\n<meta property=\"og:description\" content=\"Audion l\u00e8ve 15 millions de dollars pour conqu\u00e9rir les \u00c9tats-Unis et r\u00e9volutionner la publicit\u00e9 audio gr\u00e2ce \u00e0 l&#039;IA.\" \/>\n<meta property=\"og:url\" content=\"https:\/\/www.lawebradio.com\/news\/audion-lambition-americaine-portee-par-une-levee-de-15-millions-de-dollars\/\" \/>\n<meta property=\"og:site_name\" content=\"Lawebradio.com - Actualit\u00e9s des radios digitales\" \/>\n<meta property=\"article:published_time\" content=\"2026-04-29T05:59:24+00:00\" \/>\n<meta property=\"og:image\" content=\"https:\/\/www.lawebradio.com\/news\/wp-content\/uploads\/2026\/04\/29042026-06.jpg\" \/>\n\t<meta property=\"og:image:width\" content=\"735\" \/>\n\t<meta property=\"og:image:height\" content=\"350\" \/>\n\t<meta property=\"og:image:type\" content=\"image\/jpeg\" \/>\n<meta name=\"author\" content=\"Thomas Renaud\" \/>\n<meta name=\"twitter:label1\" content=\"\u00c9crit par\" \/>\n\t<meta name=\"twitter:data1\" content=\"Thomas Renaud\" \/>\n\t<meta name=\"twitter:label2\" content=\"Dur\u00e9e de lecture estim\u00e9e\" \/>\n\t<meta name=\"twitter:data2\" content=\"3 minutes\" \/>\n<script type=\"application\/ld+json\" class=\"yoast-schema-graph\">{\"@context\":\"https:\\\/\\\/schema.org\",\"@graph\":[{\"@type\":\"Article\",\"@id\":\"https:\\\/\\\/www.lawebradio.com\\\/news\\\/audion-lambition-americaine-portee-par-une-levee-de-15-millions-de-dollars\\\/#article\",\"isPartOf\":{\"@id\":\"https:\\\/\\\/www.lawebradio.com\\\/news\\\/audion-lambition-americaine-portee-par-une-levee-de-15-millions-de-dollars\\\/\"},\"author\":{\"name\":\"Thomas Renaud\",\"@id\":\"https:\\\/\\\/www.lawebradio.com\\\/news\\\/#\\\/schema\\\/person\\\/bc69f5fc3cfaf8f01edc3db43f10f1b6\"},\"headline\":\"Audion : L\u2019ambition am\u00e9ricaine port\u00e9e par une lev\u00e9e de 15 millions de dollars\",\"datePublished\":\"2026-04-29T05:59:24+00:00\",\"mainEntityOfPage\":{\"@id\":\"https:\\\/\\\/www.lawebradio.com\\\/news\\\/audion-lambition-americaine-portee-par-une-levee-de-15-millions-de-dollars\\\/\"},\"wordCount\":704,\"publisher\":{\"@id\":\"https:\\\/\\\/www.lawebradio.com\\\/news\\\/#organization\"},\"image\":{\"@id\":\"https:\\\/\\\/www.lawebradio.com\\\/news\\\/audion-lambition-americaine-portee-par-une-levee-de-15-millions-de-dollars\\\/#primaryimage\"},\"thumbnailUrl\":\"https:\\\/\\\/www.lawebradio.com\\\/news\\\/wp-content\\\/uploads\\\/2026\\\/04\\\/29042026-06.jpg\",\"articleSection\":[\"Revue de Presse\"],\"inLanguage\":\"fr-FR\"},{\"@type\":\"WebPage\",\"@id\":\"https:\\\/\\\/www.lawebradio.com\\\/news\\\/audion-lambition-americaine-portee-par-une-levee-de-15-millions-de-dollars\\\/\",\"url\":\"https:\\\/\\\/www.lawebradio.com\\\/news\\\/audion-lambition-americaine-portee-par-une-levee-de-15-millions-de-dollars\\\/\",\"name\":\"Audion : L\u2019ambition am\u00e9ricaine port\u00e9e par une lev\u00e9e de 15 millions de dollars - Lawebradio.com - Actualit\u00e9s des radios digitales\",\"isPartOf\":{\"@id\":\"https:\\\/\\\/www.lawebradio.com\\\/news\\\/#website\"},\"primaryImageOfPage\":{\"@id\":\"https:\\\/\\\/www.lawebradio.com\\\/news\\\/audion-lambition-americaine-portee-par-une-levee-de-15-millions-de-dollars\\\/#primaryimage\"},\"image\":{\"@id\":\"https:\\\/\\\/www.lawebradio.com\\\/news\\\/audion-lambition-americaine-portee-par-une-levee-de-15-millions-de-dollars\\\/#primaryimage\"},\"thumbnailUrl\":\"https:\\\/\\\/www.lawebradio.com\\\/news\\\/wp-content\\\/uploads\\\/2026\\\/04\\\/29042026-06.jpg\",\"datePublished\":\"2026-04-29T05:59:24+00:00\",\"description\":\"Audion l\u00e8ve 15 millions de dollars pour conqu\u00e9rir les \u00c9tats-Unis et r\u00e9volutionner la publicit\u00e9 audio gr\u00e2ce \u00e0 l'IA.\",\"inLanguage\":\"fr-FR\",\"potentialAction\":[{\"@type\":\"ReadAction\",\"target\":[\"https:\\\/\\\/www.lawebradio.com\\\/news\\\/audion-lambition-americaine-portee-par-une-levee-de-15-millions-de-dollars\\\/\"]}]},{\"@type\":\"ImageObject\",\"inLanguage\":\"fr-FR\",\"@id\":\"https:\\\/\\\/www.lawebradio.com\\\/news\\\/audion-lambition-americaine-portee-par-une-levee-de-15-millions-de-dollars\\\/#primaryimage\",\"url\":\"https:\\\/\\\/www.lawebradio.com\\\/news\\\/wp-content\\\/uploads\\\/2026\\\/04\\\/29042026-06.jpg\",\"contentUrl\":\"https:\\\/\\\/www.lawebradio.com\\\/news\\\/wp-content\\\/uploads\\\/2026\\\/04\\\/29042026-06.jpg\",\"width\":735,\"height\":350},{\"@type\":\"WebSite\",\"@id\":\"https:\\\/\\\/www.lawebradio.com\\\/news\\\/#website\",\"url\":\"https:\\\/\\\/www.lawebradio.com\\\/news\\\/\",\"name\":\"Lawebradio.com - Actualit\u00e9s des radios digitales\",\"description\":\"\",\"publisher\":{\"@id\":\"https:\\\/\\\/www.lawebradio.com\\\/news\\\/#organization\"},\"potentialAction\":[{\"@type\":\"SearchAction\",\"target\":{\"@type\":\"EntryPoint\",\"urlTemplate\":\"https:\\\/\\\/www.lawebradio.com\\\/news\\\/?s={search_term_string}\"},\"query-input\":{\"@type\":\"PropertyValueSpecification\",\"valueRequired\":true,\"valueName\":\"search_term_string\"}}],\"inLanguage\":\"fr-FR\"},{\"@type\":\"Organization\",\"@id\":\"https:\\\/\\\/www.lawebradio.com\\\/news\\\/#organization\",\"name\":\"Lawebradio.com - Actualit\u00e9s des radios digitales\",\"url\":\"https:\\\/\\\/www.lawebradio.com\\\/news\\\/\",\"logo\":{\"@type\":\"ImageObject\",\"inLanguage\":\"fr-FR\",\"@id\":\"https:\\\/\\\/www.lawebradio.com\\\/news\\\/#\\\/schema\\\/logo\\\/image\\\/\",\"url\":\"https:\\\/\\\/www.lawebradio.com\\\/news\\\/wp-content\\\/uploads\\\/2020\\\/10\\\/logo2020.png\",\"contentUrl\":\"https:\\\/\\\/www.lawebradio.com\\\/news\\\/wp-content\\\/uploads\\\/2020\\\/10\\\/logo2020.png\",\"width\":254,\"height\":43,\"caption\":\"Lawebradio.com - Actualit\u00e9s des radios digitales\"},\"image\":{\"@id\":\"https:\\\/\\\/www.lawebradio.com\\\/news\\\/#\\\/schema\\\/logo\\\/image\\\/\"}},{\"@type\":\"Person\",\"@id\":\"https:\\\/\\\/www.lawebradio.com\\\/news\\\/#\\\/schema\\\/person\\\/bc69f5fc3cfaf8f01edc3db43f10f1b6\",\"name\":\"Thomas Renaud\",\"image\":{\"@type\":\"ImageObject\",\"inLanguage\":\"fr-FR\",\"@id\":\"https:\\\/\\\/secure.gravatar.com\\\/avatar\\\/24b834e6dacf15dee888f8bbef435cf6307a4b8b6f23d7a4e7b42d8838eb1595?s=96&d=mm&r=g\",\"url\":\"https:\\\/\\\/secure.gravatar.com\\\/avatar\\\/24b834e6dacf15dee888f8bbef435cf6307a4b8b6f23d7a4e7b42d8838eb1595?s=96&d=mm&r=g\",\"contentUrl\":\"https:\\\/\\\/secure.gravatar.com\\\/avatar\\\/24b834e6dacf15dee888f8bbef435cf6307a4b8b6f23d7a4e7b42d8838eb1595?s=96&d=mm&r=g\",\"caption\":\"Thomas Renaud\"},\"url\":\"https:\\\/\\\/www.lawebradio.com\\\/news\\\/author\\\/fg2-newschef\\\/\"}]}<\/script>\n<!-- \/ Yoast SEO plugin. -->","yoast_head_json":{"title":"Audion : L\u2019ambition am\u00e9ricaine port\u00e9e par une lev\u00e9e de 15 millions de dollars - Lawebradio.com - Actualit\u00e9s des radios digitales","description":"Audion l\u00e8ve 15 millions de dollars pour conqu\u00e9rir les \u00c9tats-Unis et r\u00e9volutionner la publicit\u00e9 audio gr\u00e2ce \u00e0 l'IA.","robots":{"index":"index","follow":"follow","max-snippet":"max-snippet:-1","max-image-preview":"max-image-preview:large","max-video-preview":"max-video-preview:-1"},"canonical":"https:\/\/www.lawebradio.com\/news\/audion-lambition-americaine-portee-par-une-levee-de-15-millions-de-dollars\/","og_locale":"fr_FR","og_type":"article","og_title":"Audion : L\u2019ambition am\u00e9ricaine port\u00e9e par une lev\u00e9e de 15 millions de dollars - Lawebradio.com - Actualit\u00e9s des radios digitales","og_description":"Audion l\u00e8ve 15 millions de dollars pour conqu\u00e9rir les \u00c9tats-Unis et r\u00e9volutionner la publicit\u00e9 audio gr\u00e2ce \u00e0 l'IA.","og_url":"https:\/\/www.lawebradio.com\/news\/audion-lambition-americaine-portee-par-une-levee-de-15-millions-de-dollars\/","og_site_name":"Lawebradio.com - Actualit\u00e9s des radios digitales","article_published_time":"2026-04-29T05:59:24+00:00","og_image":[{"width":735,"height":350,"url":"https:\/\/www.lawebradio.com\/news\/wp-content\/uploads\/2026\/04\/29042026-06.jpg","type":"image\/jpeg"}],"author":"Thomas Renaud","twitter_misc":{"\u00c9crit par":"Thomas Renaud","Dur\u00e9e de lecture estim\u00e9e":"3 minutes"},"schema":{"@context":"https:\/\/schema.org","@graph":[{"@type":"Article","@id":"https:\/\/www.lawebradio.com\/news\/audion-lambition-americaine-portee-par-une-levee-de-15-millions-de-dollars\/#article","isPartOf":{"@id":"https:\/\/www.lawebradio.com\/news\/audion-lambition-americaine-portee-par-une-levee-de-15-millions-de-dollars\/"},"author":{"name":"Thomas Renaud","@id":"https:\/\/www.lawebradio.com\/news\/#\/schema\/person\/bc69f5fc3cfaf8f01edc3db43f10f1b6"},"headline":"Audion : L\u2019ambition am\u00e9ricaine port\u00e9e par une lev\u00e9e de 15 millions de dollars","datePublished":"2026-04-29T05:59:24+00:00","mainEntityOfPage":{"@id":"https:\/\/www.lawebradio.com\/news\/audion-lambition-americaine-portee-par-une-levee-de-15-millions-de-dollars\/"},"wordCount":704,"publisher":{"@id":"https:\/\/www.lawebradio.com\/news\/#organization"},"image":{"@id":"https:\/\/www.lawebradio.com\/news\/audion-lambition-americaine-portee-par-une-levee-de-15-millions-de-dollars\/#primaryimage"},"thumbnailUrl":"https:\/\/www.lawebradio.com\/news\/wp-content\/uploads\/2026\/04\/29042026-06.jpg","articleSection":["Revue de Presse"],"inLanguage":"fr-FR"},{"@type":"WebPage","@id":"https:\/\/www.lawebradio.com\/news\/audion-lambition-americaine-portee-par-une-levee-de-15-millions-de-dollars\/","url":"https:\/\/www.lawebradio.com\/news\/audion-lambition-americaine-portee-par-une-levee-de-15-millions-de-dollars\/","name":"Audion : L\u2019ambition am\u00e9ricaine port\u00e9e par une lev\u00e9e de 15 millions de dollars - Lawebradio.com - Actualit\u00e9s des radios digitales","isPartOf":{"@id":"https:\/\/www.lawebradio.com\/news\/#website"},"primaryImageOfPage":{"@id":"https:\/\/www.lawebradio.com\/news\/audion-lambition-americaine-portee-par-une-levee-de-15-millions-de-dollars\/#primaryimage"},"image":{"@id":"https:\/\/www.lawebradio.com\/news\/audion-lambition-americaine-portee-par-une-levee-de-15-millions-de-dollars\/#primaryimage"},"thumbnailUrl":"https:\/\/www.lawebradio.com\/news\/wp-content\/uploads\/2026\/04\/29042026-06.jpg","datePublished":"2026-04-29T05:59:24+00:00","description":"Audion l\u00e8ve 15 millions de dollars pour conqu\u00e9rir les \u00c9tats-Unis et r\u00e9volutionner la publicit\u00e9 audio gr\u00e2ce \u00e0 l'IA.","inLanguage":"fr-FR","potentialAction":[{"@type":"ReadAction","target":["https:\/\/www.lawebradio.com\/news\/audion-lambition-americaine-portee-par-une-levee-de-15-millions-de-dollars\/"]}]},{"@type":"ImageObject","inLanguage":"fr-FR","@id":"https:\/\/www.lawebradio.com\/news\/audion-lambition-americaine-portee-par-une-levee-de-15-millions-de-dollars\/#primaryimage","url":"https:\/\/www.lawebradio.com\/news\/wp-content\/uploads\/2026\/04\/29042026-06.jpg","contentUrl":"https:\/\/www.lawebradio.com\/news\/wp-content\/uploads\/2026\/04\/29042026-06.jpg","width":735,"height":350},{"@type":"WebSite","@id":"https:\/\/www.lawebradio.com\/news\/#website","url":"https:\/\/www.lawebradio.com\/news\/","name":"Lawebradio.com - Actualit\u00e9s des radios digitales","description":"","publisher":{"@id":"https:\/\/www.lawebradio.com\/news\/#organization"},"potentialAction":[{"@type":"SearchAction","target":{"@type":"EntryPoint","urlTemplate":"https:\/\/www.lawebradio.com\/news\/?s={search_term_string}"},"query-input":{"@type":"PropertyValueSpecification","valueRequired":true,"valueName":"search_term_string"}}],"inLanguage":"fr-FR"},{"@type":"Organization","@id":"https:\/\/www.lawebradio.com\/news\/#organization","name":"Lawebradio.com - Actualit\u00e9s des radios digitales","url":"https:\/\/www.lawebradio.com\/news\/","logo":{"@type":"ImageObject","inLanguage":"fr-FR","@id":"https:\/\/www.lawebradio.com\/news\/#\/schema\/logo\/image\/","url":"https:\/\/www.lawebradio.com\/news\/wp-content\/uploads\/2020\/10\/logo2020.png","contentUrl":"https:\/\/www.lawebradio.com\/news\/wp-content\/uploads\/2020\/10\/logo2020.png","width":254,"height":43,"caption":"Lawebradio.com - Actualit\u00e9s des radios digitales"},"image":{"@id":"https:\/\/www.lawebradio.com\/news\/#\/schema\/logo\/image\/"}},{"@type":"Person","@id":"https:\/\/www.lawebradio.com\/news\/#\/schema\/person\/bc69f5fc3cfaf8f01edc3db43f10f1b6","name":"Thomas Renaud","image":{"@type":"ImageObject","inLanguage":"fr-FR","@id":"https:\/\/secure.gravatar.com\/avatar\/24b834e6dacf15dee888f8bbef435cf6307a4b8b6f23d7a4e7b42d8838eb1595?s=96&d=mm&r=g","url":"https:\/\/secure.gravatar.com\/avatar\/24b834e6dacf15dee888f8bbef435cf6307a4b8b6f23d7a4e7b42d8838eb1595?s=96&d=mm&r=g","contentUrl":"https:\/\/secure.gravatar.com\/avatar\/24b834e6dacf15dee888f8bbef435cf6307a4b8b6f23d7a4e7b42d8838eb1595?s=96&d=mm&r=g","caption":"Thomas Renaud"},"url":"https:\/\/www.lawebradio.com\/news\/author\/fg2-newschef\/"}]}},"_links":{"self":[{"href":"https:\/\/www.lawebradio.com\/news\/wp-json\/wp\/v2\/posts\/11792","targetHints":{"allow":["GET"]}}],"collection":[{"href":"https:\/\/www.lawebradio.com\/news\/wp-json\/wp\/v2\/posts"}],"about":[{"href":"https:\/\/www.lawebradio.com\/news\/wp-json\/wp\/v2\/types\/post"}],"author":[{"embeddable":true,"href":"https:\/\/www.lawebradio.com\/news\/wp-json\/wp\/v2\/users\/2"}],"replies":[{"embeddable":true,"href":"https:\/\/www.lawebradio.com\/news\/wp-json\/wp\/v2\/comments?post=11792"}],"version-history":[{"count":6,"href":"https:\/\/www.lawebradio.com\/news\/wp-json\/wp\/v2\/posts\/11792\/revisions"}],"predecessor-version":[{"id":11805,"href":"https:\/\/www.lawebradio.com\/news\/wp-json\/wp\/v2\/posts\/11792\/revisions\/11805"}],"wp:featuredmedia":[{"embeddable":true,"href":"https:\/\/www.lawebradio.com\/news\/wp-json\/wp\/v2\/media\/11793"}],"wp:attachment":[{"href":"https:\/\/www.lawebradio.com\/news\/wp-json\/wp\/v2\/media?parent=11792"}],"wp:term":[{"taxonomy":"category","embeddable":true,"href":"https:\/\/www.lawebradio.com\/news\/wp-json\/wp\/v2\/categories?post=11792"},{"taxonomy":"post_tag","embeddable":true,"href":"https:\/\/www.lawebradio.com\/news\/wp-json\/wp\/v2\/tags?post=11792"}],"curies":[{"name":"wp","href":"https:\/\/api.w.org\/{rel}","templated":true}]}}