{"id":11759,"date":"2026-04-30T06:44:03","date_gmt":"2026-04-30T05:44:03","guid":{"rendered":"https:\/\/www.lawebradio.com\/news\/?p=11759"},"modified":"2026-04-28T09:51:01","modified_gmt":"2026-04-28T08:51:01","slug":"radio-octopus-est-devenue-un-media-culturel-incontournable-en-10-ans","status":"publish","type":"post","link":"https:\/\/www.lawebradio.com\/news\/radio-octopus-est-devenue-un-media-culturel-incontournable-en-10-ans\/","title":{"rendered":"Radio Octopus est devenue un m\u00e9dia culturel incontournable en 10 ans"},"content":{"rendered":"<p>[et_pb_section fb_built=\u00a0\u00bb1&Prime; _builder_version=\u00a0\u00bb4.6.5&Prime; _module_preset=\u00a0\u00bbdefault\u00a0\u00bb][et_pb_row _builder_version=\u00a0\u00bb4.6.5&Prime; _module_preset=\u00a0\u00bbdefault\u00a0\u00bb][et_pb_column type=\u00a0\u00bb4_4&Prime; _builder_version=\u00a0\u00bb4.6.5&Prime; _module_preset=\u00a0\u00bbdefault\u00a0\u00bb][et_pb_text _builder_version=\u00a0\u00bb4.8.0&Prime; _module_preset=\u00a0\u00bbdefault\u00a0\u00bb header_3_font_size=\u00a0\u00bb21px\u00a0\u00bb header_3_line_height=\u00a0\u00bb1.4em\u00a0\u00bb hover_enabled=\u00a0\u00bb0&Prime; sticky_enabled=\u00a0\u00bb0&Prime;]<\/p>\n<p><strong>Lorsque Radio Octopus voit le jour en 2015, le projet repose sur une id\u00e9e simple mais ambitieuse : offrir au Rabastinois un m\u00e9dia de proximit\u00e9 capable de raconter son quotidien, ses initiatives et ses voix. \u00c0 l\u2019\u00e9poque, la station se d\u00e9finit comme une webradio associative du Rabastinois, avec une ligne \u00e9ditoriale centr\u00e9e sur l\u2019humain et la vie locale.<\/strong><\/p>\n<p>D\u00e8s ses premiers mois, plusieurs rendez-vous embl\u00e9matiques donnent le ton : L\u2019agenda Octopus, L\u2019heure des minus d\u00e9di\u00e9e aux plus jeunes, ainsi que des portraits sonores d\u2019habitants. Le pari est clair : cr\u00e9er du lien \u00e0 travers le son, dans un territoire o\u00f9 la FM reste peu accessible selon les zones. Cette approche de proximit\u00e9 reste aujourd\u2019hui l\u2019ADN profond de la radio.<\/p>\n<h3>Une programmation devenue professionnelle et identifiable<\/h3>\n<p>Au fil des ann\u00e9es, Radio Octopus a franchi un cap important dans la structuration de son antenne.<\/p>\n<p style=\"padding-left: 40px;\"><strong>La radio s\u2019est dot\u00e9e d\u2019une grille lisible et r\u00e9guli\u00e8re<\/strong>, articul\u00e9e autour de plusieurs temps forts :<br \/>\u2022 La Vague de sons, un flux musical continu 24h\/24<br \/>\u2022 des \u00e9missions quotidiennes \u00e0 10 h et 19 h<br \/>\u2022 un magazine du week-end m\u00ealant reportages, chroniques, agenda culturel et interviews<br \/>\u2022 des rendez-vous th\u00e9matiques comme Focus ou T\u00f4t ou Tarn<\/p>\n<p>Cette \u00e9volution traduit une v\u00e9ritable professionnalisation du m\u00e9dia, sans jamais perdre son esprit libre et associatif. La station ne diffuse plus seulement de la musique ou quelques programmes ponctuels : elle propose d\u00e9sormais une exp\u00e9rience \u00e9ditoriale compl\u00e8te, capable de fid\u00e9liser une audience locale et au-del\u00e0.<\/p>\n<h3>Le Labo Radio, un tournant majeur dans son d\u00e9veloppement<\/h3>\n<p>L\u2019\u00e9volution la plus marquante de ces derni\u00e8res ann\u00e9es reste sans doute la cr\u00e9ation du Labo Radio. Avec cette initiative, Radio Octopus change d\u2019\u00e9chelle : elle ne se contente plus de diffuser, elle forme, accompagne et transmet.<\/p>\n<p style=\"padding-left: 40px;\"><strong>Le Labo propose :<\/strong><br \/>\u2022 ateliers podcast<br \/>\u2022 cr\u00e9ations sonores<br \/>\u2022 \u00e9missions participatives<br \/>\u2022 audioguides<br \/>\u2022 \u00e9ducation aux m\u00e9dias<br \/>\u2022 projets artistiques et culturels en milieu scolaire<\/p>\n<p>Cette dimension p\u00e9dagogique renforce consid\u00e9rablement son r\u00f4le sur le territoire. La radio devient alors un outil d\u2019expression citoyenne, particuli\u00e8rement pr\u00e9cieux \u00e0 une \u00e9poque o\u00f9 l\u2019\u00e9ducation \u00e0 l\u2019information et \u00e0 l\u2019esprit critique est devenue essentielle. Cette diversification des activit\u00e9s lui permet \u00e9galement de consolider son mod\u00e8le \u00e9conomique et d\u2019\u00e9largir son rayonnement culturel.<\/p>\n<p>[\/et_pb_text][et_pb_image src=\u00a0\u00bbhttps:\/\/www.lawebradio.com\/news\/wp-content\/uploads\/2026\/04\/29042026-02.jpg\u00a0\u00bb _builder_version=\u00a0\u00bb4.8.0&Prime; _module_preset=\u00a0\u00bbdefault\u00a0\u00bb][\/et_pb_image][et_pb_text _builder_version=\u00a0\u00bb4.8.0&Prime; _module_preset=\u00a0\u00bbdefault\u00a0\u00bb header_3_font_size=\u00a0\u00bb21px\u00a0\u00bb header_3_line_height=\u00a0\u00bb1.4em\u00a0\u00bb hover_enabled=\u00a0\u00bb0&Prime; sticky_enabled=\u00a0\u00bb0&Prime;]<\/p>\n<h3>Une radio digitale qui vit aussi hors ligne<\/h3>\n<p>L\u2019une des grandes forces de Radio Octopus r\u00e9side dans sa capacit\u00e9 \u00e0 sortir du cadre purement num\u00e9rique.<\/p>\n<p>Soir\u00e9es festives, \u00e9v\u00e9nements de soutien, \u00e9missions en public, partenariats, salons d\u2019\u00e9coute : la station cultive une pr\u00e9sence physique forte. La c\u00e9l\u00e8bre soir\u00e9e Tropicool illustre parfaitement cette volont\u00e9 de transformer la radio en lieu de rencontre et de convivialit\u00e9. Pour c\u00e9l\u00e9brer sa d\u00e9cennie d\u2019existence, la radio a \u00e9galement organis\u00e9 \u201c10 ans, 10 heures\u201d, un direct exceptionnel de dix heures, symbole fort de son dynamisme et de son attachement \u00e0 la communaut\u00e9 locale. Cette capacit\u00e9 \u00e0 faire vivre la radio dans la ville constitue l\u2019un de ses principaux atouts.<\/p>\n<h3>Le d\u00e9fi permanent du mod\u00e8le associatif<\/h3>\n<p>Comme beaucoup de m\u00e9dias ind\u00e9pendants, Radio Octopus repose sur un \u00e9quilibre \u00e9conomique fragile. Adh\u00e9sions, dons, \u00e9v\u00e9nements de soutien et produits d\u00e9riv\u00e9s restent au c\u0153ur de son financement. La campagne 2025\u20132026 le rappelle explicitement : le mod\u00e8le libre et gratuit de la station d\u00e9pend directement de l\u2019engagement de ses soutiens.<\/p>\n<p>L\u2019autre enjeu majeur reste la mobilisation b\u00e9n\u00e9vole. Animateurs, techniciens, formateurs, organisateurs d\u2019\u00e9v\u00e9nements : une grande partie du projet repose sur une \u00e9quipe investie, fid\u00e8le et r\u00e9guli\u00e8rement renouvel\u00e9e. C\u2019est pr\u00e9cis\u00e9ment l\u00e0 que le Labo et les partenariats culturels jouent un r\u00f4le strat\u00e9gique en favorisant l\u2019arriv\u00e9e de nouveaux talents.<\/p>\n<h3>Radio Octopus, l\u2019exemple r\u00e9ussi d\u2019un m\u00e9dia local libre<\/h3>\n<p>Dix ans apr\u00e8s son lancement, Radio Octopus illustre avec force ce que peut devenir une initiative associative lorsqu\u2019elle combine passion, ancrage local et capacit\u00e9 d\u2019innovation. Elle s\u2019est impos\u00e9e comme un v\u00e9ritable m\u00e9dia culturel du territoire, capable de f\u00e9d\u00e9rer habitants, artistes, associations et jeunes cr\u00e9ateurs autour d\u2019un projet commun.<\/p>\n<p>\u2022 <a href=\"https:\/\/radio-octopus.org\/\" target=\"_blank\" rel=\"noopener\"><strong>En savoir plus &gt;&gt;<\/strong><\/a><\/p>\n<p>[\/et_pb_text][\/et_pb_column][\/et_pb_row][\/et_pb_section]<\/p>\n","protected":false},"excerpt":{"rendered":"<p>[et_pb_section fb_built=\u00a0\u00bb1&Prime; _builder_version=\u00a0\u00bb4.6.5&Prime; _module_preset=\u00a0\u00bbdefault\u00a0\u00bb][et_pb_row _builder_version=\u00a0\u00bb4.6.5&Prime; _module_preset=\u00a0\u00bbdefault\u00a0\u00bb][et_pb_column type=\u00a0\u00bb4_4&Prime; _builder_version=\u00a0\u00bb4.6.5&Prime; _module_preset=\u00a0\u00bbdefault\u00a0\u00bb][et_pb_text _builder_version=\u00a0\u00bb4.8.0&Prime; _module_preset=\u00a0\u00bbdefault\u00a0\u00bb header_3_font_size=\u00a0\u00bb21px\u00a0\u00bb header_3_line_height=\u00a0\u00bb1.4em\u00a0\u00bb hover_enabled=\u00a0\u00bb0&Prime; sticky_enabled=\u00a0\u00bb0&Prime;] Lorsque Radio Octopus voit le jour en 2015, le projet repose sur une id\u00e9e simple mais ambitieuse : offrir au Rabastinois un m\u00e9dia de proximit\u00e9 capable de raconter son quotidien, ses initiatives et ses voix. \u00c0 l\u2019\u00e9poque, la station se [&hellip;]<\/p>\n","protected":false},"author":3,"featured_media":11760,"comment_status":"closed","ping_status":"closed","sticky":false,"template":"","format":"standard","meta":{"_et_pb_use_builder":"on","_et_pb_old_content":"","_et_gb_content_width":"","footnotes":""},"categories":[6],"tags":[],"class_list":["post-11759","post","type-post","status-publish","format-standard","has-post-thumbnail","hentry","category-focus","et-has-post-format-content","et_post_format-et-post-format-standard"],"yoast_head":"<!-- This site is optimized with the Yoast SEO plugin v27.5 - https:\/\/yoast.com\/product\/yoast-seo-wordpress\/ -->\n<title>Radio Octopus est devenue un m\u00e9dia culturel incontournable en 10 ans - Lawebradio.com - Actualit\u00e9s des radios digitales<\/title>\n<meta name=\"description\" content=\"Radio Octopus s\u2019impose \u00e0 Rabastens gr\u00e2ce \u00e0 son ancrage territorial, ses ateliers m\u00e9dias et une programmation structur\u00e9e.\" \/>\n<meta name=\"robots\" content=\"index, follow, max-snippet:-1, max-image-preview:large, max-video-preview:-1\" \/>\n<link rel=\"canonical\" href=\"https:\/\/www.lawebradio.com\/news\/radio-octopus-est-devenue-un-media-culturel-incontournable-en-10-ans\/\" \/>\n<meta property=\"og:locale\" content=\"fr_FR\" \/>\n<meta property=\"og:type\" content=\"article\" \/>\n<meta property=\"og:title\" content=\"Radio Octopus est devenue un m\u00e9dia culturel incontournable en 10 ans - Lawebradio.com - Actualit\u00e9s des radios digitales\" \/>\n<meta property=\"og:description\" content=\"Radio Octopus s\u2019impose \u00e0 Rabastens gr\u00e2ce \u00e0 son ancrage territorial, ses ateliers m\u00e9dias et une programmation structur\u00e9e.\" \/>\n<meta property=\"og:url\" content=\"https:\/\/www.lawebradio.com\/news\/radio-octopus-est-devenue-un-media-culturel-incontournable-en-10-ans\/\" \/>\n<meta property=\"og:site_name\" content=\"Lawebradio.com - Actualit\u00e9s des radios digitales\" \/>\n<meta property=\"article:published_time\" content=\"2026-04-30T05:44:03+00:00\" \/>\n<meta property=\"og:image\" content=\"https:\/\/www.lawebradio.com\/news\/wp-content\/uploads\/2026\/04\/29042026-01.jpg\" \/>\n\t<meta property=\"og:image:width\" content=\"735\" \/>\n\t<meta property=\"og:image:height\" content=\"350\" \/>\n\t<meta property=\"og:image:type\" content=\"image\/jpeg\" \/>\n<meta name=\"author\" content=\"Julien Lecourbe\" \/>\n<meta name=\"twitter:label1\" content=\"\u00c9crit par\" \/>\n\t<meta name=\"twitter:data1\" content=\"Julien Lecourbe\" \/>\n\t<meta name=\"twitter:label2\" content=\"Dur\u00e9e de lecture estim\u00e9e\" \/>\n\t<meta name=\"twitter:data2\" content=\"4 minutes\" \/>\n<script type=\"application\/ld+json\" class=\"yoast-schema-graph\">{\"@context\":\"https:\\\/\\\/schema.org\",\"@graph\":[{\"@type\":\"Article\",\"@id\":\"https:\\\/\\\/www.lawebradio.com\\\/news\\\/radio-octopus-est-devenue-un-media-culturel-incontournable-en-10-ans\\\/#article\",\"isPartOf\":{\"@id\":\"https:\\\/\\\/www.lawebradio.com\\\/news\\\/radio-octopus-est-devenue-un-media-culturel-incontournable-en-10-ans\\\/\"},\"author\":{\"name\":\"Julien Lecourbe\",\"@id\":\"https:\\\/\\\/www.lawebradio.com\\\/news\\\/#\\\/schema\\\/person\\\/95fd11aee6e6cfe70a4b58b482103f1f\"},\"headline\":\"Radio Octopus est devenue un m\u00e9dia culturel incontournable en 10 ans\",\"datePublished\":\"2026-04-30T05:44:03+00:00\",\"mainEntityOfPage\":{\"@id\":\"https:\\\/\\\/www.lawebradio.com\\\/news\\\/radio-octopus-est-devenue-un-media-culturel-incontournable-en-10-ans\\\/\"},\"wordCount\":832,\"publisher\":{\"@id\":\"https:\\\/\\\/www.lawebradio.com\\\/news\\\/#organization\"},\"image\":{\"@id\":\"https:\\\/\\\/www.lawebradio.com\\\/news\\\/radio-octopus-est-devenue-un-media-culturel-incontournable-en-10-ans\\\/#primaryimage\"},\"thumbnailUrl\":\"https:\\\/\\\/www.lawebradio.com\\\/news\\\/wp-content\\\/uploads\\\/2026\\\/04\\\/29042026-01.jpg\",\"articleSection\":[\"Focus\"],\"inLanguage\":\"fr-FR\"},{\"@type\":\"WebPage\",\"@id\":\"https:\\\/\\\/www.lawebradio.com\\\/news\\\/radio-octopus-est-devenue-un-media-culturel-incontournable-en-10-ans\\\/\",\"url\":\"https:\\\/\\\/www.lawebradio.com\\\/news\\\/radio-octopus-est-devenue-un-media-culturel-incontournable-en-10-ans\\\/\",\"name\":\"Radio Octopus est devenue un m\u00e9dia culturel incontournable en 10 ans - Lawebradio.com - Actualit\u00e9s des radios digitales\",\"isPartOf\":{\"@id\":\"https:\\\/\\\/www.lawebradio.com\\\/news\\\/#website\"},\"primaryImageOfPage\":{\"@id\":\"https:\\\/\\\/www.lawebradio.com\\\/news\\\/radio-octopus-est-devenue-un-media-culturel-incontournable-en-10-ans\\\/#primaryimage\"},\"image\":{\"@id\":\"https:\\\/\\\/www.lawebradio.com\\\/news\\\/radio-octopus-est-devenue-un-media-culturel-incontournable-en-10-ans\\\/#primaryimage\"},\"thumbnailUrl\":\"https:\\\/\\\/www.lawebradio.com\\\/news\\\/wp-content\\\/uploads\\\/2026\\\/04\\\/29042026-01.jpg\",\"datePublished\":\"2026-04-30T05:44:03+00:00\",\"description\":\"Radio Octopus s\u2019impose \u00e0 Rabastens gr\u00e2ce \u00e0 son ancrage territorial, ses ateliers m\u00e9dias et une programmation structur\u00e9e.\",\"inLanguage\":\"fr-FR\",\"potentialAction\":[{\"@type\":\"ReadAction\",\"target\":[\"https:\\\/\\\/www.lawebradio.com\\\/news\\\/radio-octopus-est-devenue-un-media-culturel-incontournable-en-10-ans\\\/\"]}]},{\"@type\":\"ImageObject\",\"inLanguage\":\"fr-FR\",\"@id\":\"https:\\\/\\\/www.lawebradio.com\\\/news\\\/radio-octopus-est-devenue-un-media-culturel-incontournable-en-10-ans\\\/#primaryimage\",\"url\":\"https:\\\/\\\/www.lawebradio.com\\\/news\\\/wp-content\\\/uploads\\\/2026\\\/04\\\/29042026-01.jpg\",\"contentUrl\":\"https:\\\/\\\/www.lawebradio.com\\\/news\\\/wp-content\\\/uploads\\\/2026\\\/04\\\/29042026-01.jpg\",\"width\":735,\"height\":350},{\"@type\":\"WebSite\",\"@id\":\"https:\\\/\\\/www.lawebradio.com\\\/news\\\/#website\",\"url\":\"https:\\\/\\\/www.lawebradio.com\\\/news\\\/\",\"name\":\"Lawebradio.com - Actualit\u00e9s des radios digitales\",\"description\":\"\",\"publisher\":{\"@id\":\"https:\\\/\\\/www.lawebradio.com\\\/news\\\/#organization\"},\"potentialAction\":[{\"@type\":\"SearchAction\",\"target\":{\"@type\":\"EntryPoint\",\"urlTemplate\":\"https:\\\/\\\/www.lawebradio.com\\\/news\\\/?s={search_term_string}\"},\"query-input\":{\"@type\":\"PropertyValueSpecification\",\"valueRequired\":true,\"valueName\":\"search_term_string\"}}],\"inLanguage\":\"fr-FR\"},{\"@type\":\"Organization\",\"@id\":\"https:\\\/\\\/www.lawebradio.com\\\/news\\\/#organization\",\"name\":\"Lawebradio.com - Actualit\u00e9s des radios digitales\",\"url\":\"https:\\\/\\\/www.lawebradio.com\\\/news\\\/\",\"logo\":{\"@type\":\"ImageObject\",\"inLanguage\":\"fr-FR\",\"@id\":\"https:\\\/\\\/www.lawebradio.com\\\/news\\\/#\\\/schema\\\/logo\\\/image\\\/\",\"url\":\"https:\\\/\\\/www.lawebradio.com\\\/news\\\/wp-content\\\/uploads\\\/2020\\\/10\\\/logo2020.png\",\"contentUrl\":\"https:\\\/\\\/www.lawebradio.com\\\/news\\\/wp-content\\\/uploads\\\/2020\\\/10\\\/logo2020.png\",\"width\":254,\"height\":43,\"caption\":\"Lawebradio.com - Actualit\u00e9s des radios digitales\"},\"image\":{\"@id\":\"https:\\\/\\\/www.lawebradio.com\\\/news\\\/#\\\/schema\\\/logo\\\/image\\\/\"}},{\"@type\":\"Person\",\"@id\":\"https:\\\/\\\/www.lawebradio.com\\\/news\\\/#\\\/schema\\\/person\\\/95fd11aee6e6cfe70a4b58b482103f1f\",\"name\":\"Julien Lecourbe\",\"image\":{\"@type\":\"ImageObject\",\"inLanguage\":\"fr-FR\",\"@id\":\"https:\\\/\\\/secure.gravatar.com\\\/avatar\\\/0d25a327c6e268d9730d9c0cbeeee0fea76f04c6cf9528c29e782ef324afc515?s=96&d=mm&r=g\",\"url\":\"https:\\\/\\\/secure.gravatar.com\\\/avatar\\\/0d25a327c6e268d9730d9c0cbeeee0fea76f04c6cf9528c29e782ef324afc515?s=96&d=mm&r=g\",\"contentUrl\":\"https:\\\/\\\/secure.gravatar.com\\\/avatar\\\/0d25a327c6e268d9730d9c0cbeeee0fea76f04c6cf9528c29e782ef324afc515?s=96&d=mm&r=g\",\"caption\":\"Julien Lecourbe\"},\"url\":\"https:\\\/\\\/www.lawebradio.com\\\/news\\\/author\\\/la-redaction\\\/\"}]}<\/script>\n<!-- \/ Yoast SEO plugin. -->","yoast_head_json":{"title":"Radio Octopus est devenue un m\u00e9dia culturel incontournable en 10 ans - Lawebradio.com - Actualit\u00e9s des radios digitales","description":"Radio Octopus s\u2019impose \u00e0 Rabastens gr\u00e2ce \u00e0 son ancrage territorial, ses ateliers m\u00e9dias et une programmation structur\u00e9e.","robots":{"index":"index","follow":"follow","max-snippet":"max-snippet:-1","max-image-preview":"max-image-preview:large","max-video-preview":"max-video-preview:-1"},"canonical":"https:\/\/www.lawebradio.com\/news\/radio-octopus-est-devenue-un-media-culturel-incontournable-en-10-ans\/","og_locale":"fr_FR","og_type":"article","og_title":"Radio Octopus est devenue un m\u00e9dia culturel incontournable en 10 ans - Lawebradio.com - Actualit\u00e9s des radios digitales","og_description":"Radio Octopus s\u2019impose \u00e0 Rabastens gr\u00e2ce \u00e0 son ancrage territorial, ses ateliers m\u00e9dias et une programmation structur\u00e9e.","og_url":"https:\/\/www.lawebradio.com\/news\/radio-octopus-est-devenue-un-media-culturel-incontournable-en-10-ans\/","og_site_name":"Lawebradio.com - Actualit\u00e9s des radios digitales","article_published_time":"2026-04-30T05:44:03+00:00","og_image":[{"width":735,"height":350,"url":"https:\/\/www.lawebradio.com\/news\/wp-content\/uploads\/2026\/04\/29042026-01.jpg","type":"image\/jpeg"}],"author":"Julien Lecourbe","twitter_misc":{"\u00c9crit par":"Julien Lecourbe","Dur\u00e9e de lecture estim\u00e9e":"4 minutes"},"schema":{"@context":"https:\/\/schema.org","@graph":[{"@type":"Article","@id":"https:\/\/www.lawebradio.com\/news\/radio-octopus-est-devenue-un-media-culturel-incontournable-en-10-ans\/#article","isPartOf":{"@id":"https:\/\/www.lawebradio.com\/news\/radio-octopus-est-devenue-un-media-culturel-incontournable-en-10-ans\/"},"author":{"name":"Julien Lecourbe","@id":"https:\/\/www.lawebradio.com\/news\/#\/schema\/person\/95fd11aee6e6cfe70a4b58b482103f1f"},"headline":"Radio Octopus est devenue un m\u00e9dia culturel incontournable en 10 ans","datePublished":"2026-04-30T05:44:03+00:00","mainEntityOfPage":{"@id":"https:\/\/www.lawebradio.com\/news\/radio-octopus-est-devenue-un-media-culturel-incontournable-en-10-ans\/"},"wordCount":832,"publisher":{"@id":"https:\/\/www.lawebradio.com\/news\/#organization"},"image":{"@id":"https:\/\/www.lawebradio.com\/news\/radio-octopus-est-devenue-un-media-culturel-incontournable-en-10-ans\/#primaryimage"},"thumbnailUrl":"https:\/\/www.lawebradio.com\/news\/wp-content\/uploads\/2026\/04\/29042026-01.jpg","articleSection":["Focus"],"inLanguage":"fr-FR"},{"@type":"WebPage","@id":"https:\/\/www.lawebradio.com\/news\/radio-octopus-est-devenue-un-media-culturel-incontournable-en-10-ans\/","url":"https:\/\/www.lawebradio.com\/news\/radio-octopus-est-devenue-un-media-culturel-incontournable-en-10-ans\/","name":"Radio Octopus est devenue un m\u00e9dia culturel incontournable en 10 ans - Lawebradio.com - Actualit\u00e9s des radios digitales","isPartOf":{"@id":"https:\/\/www.lawebradio.com\/news\/#website"},"primaryImageOfPage":{"@id":"https:\/\/www.lawebradio.com\/news\/radio-octopus-est-devenue-un-media-culturel-incontournable-en-10-ans\/#primaryimage"},"image":{"@id":"https:\/\/www.lawebradio.com\/news\/radio-octopus-est-devenue-un-media-culturel-incontournable-en-10-ans\/#primaryimage"},"thumbnailUrl":"https:\/\/www.lawebradio.com\/news\/wp-content\/uploads\/2026\/04\/29042026-01.jpg","datePublished":"2026-04-30T05:44:03+00:00","description":"Radio Octopus s\u2019impose \u00e0 Rabastens gr\u00e2ce \u00e0 son ancrage territorial, ses ateliers m\u00e9dias et une programmation structur\u00e9e.","inLanguage":"fr-FR","potentialAction":[{"@type":"ReadAction","target":["https:\/\/www.lawebradio.com\/news\/radio-octopus-est-devenue-un-media-culturel-incontournable-en-10-ans\/"]}]},{"@type":"ImageObject","inLanguage":"fr-FR","@id":"https:\/\/www.lawebradio.com\/news\/radio-octopus-est-devenue-un-media-culturel-incontournable-en-10-ans\/#primaryimage","url":"https:\/\/www.lawebradio.com\/news\/wp-content\/uploads\/2026\/04\/29042026-01.jpg","contentUrl":"https:\/\/www.lawebradio.com\/news\/wp-content\/uploads\/2026\/04\/29042026-01.jpg","width":735,"height":350},{"@type":"WebSite","@id":"https:\/\/www.lawebradio.com\/news\/#website","url":"https:\/\/www.lawebradio.com\/news\/","name":"Lawebradio.com - Actualit\u00e9s des radios digitales","description":"","publisher":{"@id":"https:\/\/www.lawebradio.com\/news\/#organization"},"potentialAction":[{"@type":"SearchAction","target":{"@type":"EntryPoint","urlTemplate":"https:\/\/www.lawebradio.com\/news\/?s={search_term_string}"},"query-input":{"@type":"PropertyValueSpecification","valueRequired":true,"valueName":"search_term_string"}}],"inLanguage":"fr-FR"},{"@type":"Organization","@id":"https:\/\/www.lawebradio.com\/news\/#organization","name":"Lawebradio.com - Actualit\u00e9s des radios digitales","url":"https:\/\/www.lawebradio.com\/news\/","logo":{"@type":"ImageObject","inLanguage":"fr-FR","@id":"https:\/\/www.lawebradio.com\/news\/#\/schema\/logo\/image\/","url":"https:\/\/www.lawebradio.com\/news\/wp-content\/uploads\/2020\/10\/logo2020.png","contentUrl":"https:\/\/www.lawebradio.com\/news\/wp-content\/uploads\/2020\/10\/logo2020.png","width":254,"height":43,"caption":"Lawebradio.com - Actualit\u00e9s des radios digitales"},"image":{"@id":"https:\/\/www.lawebradio.com\/news\/#\/schema\/logo\/image\/"}},{"@type":"Person","@id":"https:\/\/www.lawebradio.com\/news\/#\/schema\/person\/95fd11aee6e6cfe70a4b58b482103f1f","name":"Julien Lecourbe","image":{"@type":"ImageObject","inLanguage":"fr-FR","@id":"https:\/\/secure.gravatar.com\/avatar\/0d25a327c6e268d9730d9c0cbeeee0fea76f04c6cf9528c29e782ef324afc515?s=96&d=mm&r=g","url":"https:\/\/secure.gravatar.com\/avatar\/0d25a327c6e268d9730d9c0cbeeee0fea76f04c6cf9528c29e782ef324afc515?s=96&d=mm&r=g","contentUrl":"https:\/\/secure.gravatar.com\/avatar\/0d25a327c6e268d9730d9c0cbeeee0fea76f04c6cf9528c29e782ef324afc515?s=96&d=mm&r=g","caption":"Julien Lecourbe"},"url":"https:\/\/www.lawebradio.com\/news\/author\/la-redaction\/"}]}},"_links":{"self":[{"href":"https:\/\/www.lawebradio.com\/news\/wp-json\/wp\/v2\/posts\/11759","targetHints":{"allow":["GET"]}}],"collection":[{"href":"https:\/\/www.lawebradio.com\/news\/wp-json\/wp\/v2\/posts"}],"about":[{"href":"https:\/\/www.lawebradio.com\/news\/wp-json\/wp\/v2\/types\/post"}],"author":[{"embeddable":true,"href":"https:\/\/www.lawebradio.com\/news\/wp-json\/wp\/v2\/users\/3"}],"replies":[{"embeddable":true,"href":"https:\/\/www.lawebradio.com\/news\/wp-json\/wp\/v2\/comments?post=11759"}],"version-history":[{"count":8,"href":"https:\/\/www.lawebradio.com\/news\/wp-json\/wp\/v2\/posts\/11759\/revisions"}],"predecessor-version":[{"id":11776,"href":"https:\/\/www.lawebradio.com\/news\/wp-json\/wp\/v2\/posts\/11759\/revisions\/11776"}],"wp:featuredmedia":[{"embeddable":true,"href":"https:\/\/www.lawebradio.com\/news\/wp-json\/wp\/v2\/media\/11760"}],"wp:attachment":[{"href":"https:\/\/www.lawebradio.com\/news\/wp-json\/wp\/v2\/media?parent=11759"}],"wp:term":[{"taxonomy":"category","embeddable":true,"href":"https:\/\/www.lawebradio.com\/news\/wp-json\/wp\/v2\/categories?post=11759"},{"taxonomy":"post_tag","embeddable":true,"href":"https:\/\/www.lawebradio.com\/news\/wp-json\/wp\/v2\/tags?post=11759"}],"curies":[{"name":"wp","href":"https:\/\/api.w.org\/{rel}","templated":true}]}}