{"id":11748,"date":"2026-04-27T06:01:20","date_gmt":"2026-04-27T05:01:20","guid":{"rendered":"https:\/\/www.lawebradio.com\/news\/?p=11748"},"modified":"2026-04-25T08:01:49","modified_gmt":"2026-04-25T07:01:49","slug":"mkm-radio-la-webradio-100-zouk-qui-fait-rayonner-la-culture-afro-caribeenne","status":"publish","type":"post","link":"https:\/\/www.lawebradio.com\/news\/mkm-radio-la-webradio-100-zouk-qui-fait-rayonner-la-culture-afro-caribeenne\/","title":{"rendered":"MKM Radio : la webradio 100 % Zouk qui fait rayonner la culture afro-carib\u00e9enne"},"content":{"rendered":"<p>[et_pb_section fb_built=\u00a0\u00bb1&Prime; _builder_version=\u00a0\u00bb4.6.5&Prime; _module_preset=\u00a0\u00bbdefault\u00a0\u00bb][et_pb_row _builder_version=\u00a0\u00bb4.6.5&Prime; _module_preset=\u00a0\u00bbdefault\u00a0\u00bb][et_pb_column type=\u00a0\u00bb4_4&Prime; _builder_version=\u00a0\u00bb4.6.5&Prime; _module_preset=\u00a0\u00bbdefault\u00a0\u00bb][et_pb_text _builder_version=\u00a0\u00bb4.8.0&Prime; _module_preset=\u00a0\u00bbdefault\u00a0\u00bb header_3_font_size=\u00a0\u00bb21px\u00a0\u00bb header_3_line_height=\u00a0\u00bb1.4em\u00a0\u00bb]<\/p>\n<p><strong>Entre Zouk, Kompa, Reggae et Salsa, MKM Radio s\u2019impose comme une r\u00e9f\u00e9rence incontournable des musiques afro-carib\u00e9ennes sur le web. Accessible 24h\/24, cette webradio bas\u00e9e en \u00cele-de-France f\u00e9d\u00e8re une communaut\u00e9 fid\u00e8le autour d\u2019une programmation vibrante, culturelle et profond\u00e9ment identitaire.<\/strong><\/p>\n<p>Cette webradio fait de la musique un v\u00e9ritable vecteur de culture, de m\u00e9moire et de partage. Port\u00e9e par l\u2019\u00e9nergie du Zouk et des sonorit\u00e9s carib\u00e9ennes, elle s\u2019adresse autant aux passionn\u00e9s de rythmes tropicaux qu\u2019aux auditeurs en qu\u00eate d\u2019\u00e9vasion.<\/p>\n<h3>Une radio 100 % d\u00e9di\u00e9e \u00e0 l\u2019univers afro-carib\u00e9en<\/h3>\n<p>MKM Radio s\u2019est construite autour de la richesse des cultures afro-carib\u00e9ennes \u00e0 travers la musique. La station revendique pleinement son r\u00f4le de voix culturelle, en mettant particuli\u00e8rement \u00e0 l\u2019honneur le Zouk, genre embl\u00e9matique n\u00e9 dans les ann\u00e9es 1980 aux Antilles.<\/p>\n<p>Des grands classiques du Zouk Gold aux sonorit\u00e9s plus contemporaines du Zouk moderne, en passant par le Zouk love, plus \u00e9motionnel et romantique, la programmation embrasse toutes les facettes de ce style musical incontournable.<\/p>\n<p>Mais l\u2019identit\u00e9 de MKM Radio ne se limite pas au Zouk. Le Kompa, le Reggae, la Salsa et d\u2019autres influences afro-latines enrichissent la ligne musicale, offrant une programmation vari\u00e9e et immersive qui refl\u00e8te la diversit\u00e9 des cultures ultramarines et afro-descendantes.<\/p>\n<h3>Des hommages aux figures embl\u00e9matiques de la musique antillaise<\/h3>\n<p>L\u2019une des grandes forces \u00e9ditoriales de MKM Radio r\u00e9side dans sa capacit\u00e9 \u00e0 valoriser le patrimoine musical antillais.<\/p>\n<p>La station organise r\u00e9guli\u00e8rement des soir\u00e9es sp\u00e9ciales et des r\u00e9trospectives d\u00e9di\u00e9es \u00e0 des artistes majeurs, permettant aux auditeurs de red\u00e9couvrir les voix qui ont marqu\u00e9 plusieurs g\u00e9n\u00e9rations.<\/p>\n<p>Les hommages consacr\u00e9s \u00e0 Tony Chasseur ou \u00e0 Jean-Philippe Marthely, notamment autour de titres cultes comme R\u00e9t\u00e9 et Souskay, participent \u00e0 cette volont\u00e9 de transmission culturelle.<\/p>\n<h3>Une programmation qui fid\u00e9lise les auditeurs<\/h3>\n<p>Au-del\u00e0 de la musique, MKM Radio mise sur une v\u00e9ritable exp\u00e9rience d\u2019\u00e9coute gr\u00e2ce \u00e0 des rendez-vous identifi\u00e9s et incarn\u00e9s.<\/p>\n<p style=\"padding-left: 40px;\">Parmi les \u00e9missions phares, \u201cDoubout\u201d s\u2019impose comme une matinale \u00e9nergique, pens\u00e9e pour accompagner les auditeurs d\u00e8s le d\u00e9but de journ\u00e9e.<\/p>\n<p style=\"padding-left: 40px;\">D\u2019autres formats comme \u201cL\u00e9v\u00e9 Mwen\u201d et \u201cBonjour Les Antilles\u201d m\u00ealent ambiance, actualit\u00e9 et musique, dans un ton chaleureux qui favorise la proximit\u00e9 avec l\u2019audience.<\/p>\n<p style=\"padding-left: 40px;\">La station propose \u00e9galement plusieurs sessions DJ immersives avec des formats tels que The Pump, The Lift, The Grip ou encore The Boost, particuli\u00e8rement appr\u00e9ci\u00e9s des amateurs de mix exclusifs et d\u2019ambiances festives.<\/p>\n<h3>Une connexion \u00e9motionnelle forte avec son audience<\/h3>\n<p>Au-del\u00e0 de la diffusion musicale, Cette radio digitale repr\u00e9sente pour beaucoup un lien direct avec leurs racines, leur culture et leur m\u00e9moire collective.<\/p>\n<p>Qu\u2019ils soient en r\u00e9gion parisienne, aux Antilles, en Afrique ou ailleurs dans le monde, les auditeurs retrouvent \u00e0 travers cette station une atmosph\u00e8re famili\u00e8re, festive et profond\u00e9ment identitaire.<\/p>\n<p>C\u2019est cette authenticit\u00e9, alli\u00e9e \u00e0 une programmation soign\u00e9e et \u00e0 une forte dimension communautaire, qui fait aujourd\u2019hui de MKM Radio une r\u00e9f\u00e9rence parmi les webradios afro-carib\u00e9ennes.<\/p>\n<p>\u2022 <strong><a href=\"https:\/\/mkmradio.com\/\" target=\"_blank\" rel=\"noopener\">En savoir plus &gt;&gt;<\/a><\/strong><\/p>\n<p>[\/et_pb_text][et_pb_image src=\u00a0\u00bbhttps:\/\/www.lawebradio.com\/news\/wp-content\/uploads\/2026\/04\/27042026-02.jpg\u00a0\u00bb _builder_version=\u00a0\u00bb4.8.0&Prime; _module_preset=\u00a0\u00bbdefault\u00a0\u00bb][\/et_pb_image][\/et_pb_column][\/et_pb_row][\/et_pb_section]<\/p>\n","protected":false},"excerpt":{"rendered":"<p>[et_pb_section fb_built=\u00a0\u00bb1&Prime; _builder_version=\u00a0\u00bb4.6.5&Prime; _module_preset=\u00a0\u00bbdefault\u00a0\u00bb][et_pb_row _builder_version=\u00a0\u00bb4.6.5&Prime; _module_preset=\u00a0\u00bbdefault\u00a0\u00bb][et_pb_column type=\u00a0\u00bb4_4&Prime; _builder_version=\u00a0\u00bb4.6.5&Prime; _module_preset=\u00a0\u00bbdefault\u00a0\u00bb][et_pb_text _builder_version=\u00a0\u00bb4.8.0&Prime; _module_preset=\u00a0\u00bbdefault\u00a0\u00bb header_3_font_size=\u00a0\u00bb21px\u00a0\u00bb header_3_line_height=\u00a0\u00bb1.4em\u00a0\u00bb] Entre Zouk, Kompa, Reggae et Salsa, MKM Radio s\u2019impose comme une r\u00e9f\u00e9rence incontournable des musiques afro-carib\u00e9ennes sur le web. Accessible 24h\/24, cette webradio bas\u00e9e en \u00cele-de-France f\u00e9d\u00e8re une communaut\u00e9 fid\u00e8le autour d\u2019une programmation vibrante, culturelle et profond\u00e9ment identitaire. Cette webradio fait de [&hellip;]<\/p>\n","protected":false},"author":3,"featured_media":11749,"comment_status":"closed","ping_status":"closed","sticky":false,"template":"","format":"standard","meta":{"_et_pb_use_builder":"on","_et_pb_old_content":"","_et_gb_content_width":"","footnotes":""},"categories":[6],"tags":[694,54,44],"class_list":["post-11748","post","type-post","status-publish","format-standard","has-post-thumbnail","hentry","category-focus","tag-radio-salsa","tag-reggae","tag-webradios","et-has-post-format-content","et_post_format-et-post-format-standard"],"yoast_head":"<!-- This site is optimized with the Yoast SEO plugin v27.4 - https:\/\/yoast.com\/product\/yoast-seo-wordpress\/ -->\n<title>MKM Radio : la webradio 100 % Zouk qui fait rayonner la culture afro-carib\u00e9enne - Lawebradio.com - Actualit\u00e9s des radios digitales<\/title>\n<meta name=\"description\" content=\"MKM Radio s\u2019impose comme la r\u00e9f\u00e9rence des musiques afro-carib\u00e9ennes en ligne avec une programmation 100 % Zouk, Kompa, Reggae et Salsa\" \/>\n<meta name=\"robots\" content=\"index, follow, max-snippet:-1, max-image-preview:large, max-video-preview:-1\" \/>\n<link rel=\"canonical\" href=\"https:\/\/www.lawebradio.com\/news\/mkm-radio-la-webradio-100-zouk-qui-fait-rayonner-la-culture-afro-caribeenne\/\" \/>\n<meta property=\"og:locale\" content=\"fr_FR\" \/>\n<meta property=\"og:type\" content=\"article\" \/>\n<meta property=\"og:title\" content=\"MKM Radio : la webradio 100 % Zouk qui fait rayonner la culture afro-carib\u00e9enne - Lawebradio.com - Actualit\u00e9s des radios digitales\" \/>\n<meta property=\"og:description\" content=\"MKM Radio s\u2019impose comme la r\u00e9f\u00e9rence des musiques afro-carib\u00e9ennes en ligne avec une programmation 100 % Zouk, Kompa, Reggae et Salsa\" \/>\n<meta property=\"og:url\" content=\"https:\/\/www.lawebradio.com\/news\/mkm-radio-la-webradio-100-zouk-qui-fait-rayonner-la-culture-afro-caribeenne\/\" \/>\n<meta property=\"og:site_name\" content=\"Lawebradio.com - Actualit\u00e9s des radios digitales\" \/>\n<meta property=\"article:published_time\" content=\"2026-04-27T05:01:20+00:00\" \/>\n<meta property=\"og:image\" content=\"https:\/\/www.lawebradio.com\/news\/wp-content\/uploads\/2026\/04\/27042026-01.jpg\" \/>\n\t<meta property=\"og:image:width\" content=\"735\" \/>\n\t<meta property=\"og:image:height\" content=\"450\" \/>\n\t<meta property=\"og:image:type\" content=\"image\/jpeg\" \/>\n<meta name=\"author\" content=\"Julien Lecourbe\" \/>\n<meta name=\"twitter:label1\" content=\"\u00c9crit par\" \/>\n\t<meta name=\"twitter:data1\" content=\"Julien Lecourbe\" \/>\n\t<meta name=\"twitter:label2\" content=\"Dur\u00e9e de lecture estim\u00e9e\" \/>\n\t<meta name=\"twitter:data2\" content=\"3 minutes\" \/>\n<script type=\"application\/ld+json\" class=\"yoast-schema-graph\">{\"@context\":\"https:\\\/\\\/schema.org\",\"@graph\":[{\"@type\":\"Article\",\"@id\":\"https:\\\/\\\/www.lawebradio.com\\\/news\\\/mkm-radio-la-webradio-100-zouk-qui-fait-rayonner-la-culture-afro-caribeenne\\\/#article\",\"isPartOf\":{\"@id\":\"https:\\\/\\\/www.lawebradio.com\\\/news\\\/mkm-radio-la-webradio-100-zouk-qui-fait-rayonner-la-culture-afro-caribeenne\\\/\"},\"author\":{\"name\":\"Julien Lecourbe\",\"@id\":\"https:\\\/\\\/www.lawebradio.com\\\/news\\\/#\\\/schema\\\/person\\\/95fd11aee6e6cfe70a4b58b482103f1f\"},\"headline\":\"MKM Radio : la webradio 100 % Zouk qui fait rayonner la culture afro-carib\u00e9enne\",\"datePublished\":\"2026-04-27T05:01:20+00:00\",\"mainEntityOfPage\":{\"@id\":\"https:\\\/\\\/www.lawebradio.com\\\/news\\\/mkm-radio-la-webradio-100-zouk-qui-fait-rayonner-la-culture-afro-caribeenne\\\/\"},\"wordCount\":628,\"publisher\":{\"@id\":\"https:\\\/\\\/www.lawebradio.com\\\/news\\\/#organization\"},\"image\":{\"@id\":\"https:\\\/\\\/www.lawebradio.com\\\/news\\\/mkm-radio-la-webradio-100-zouk-qui-fait-rayonner-la-culture-afro-caribeenne\\\/#primaryimage\"},\"thumbnailUrl\":\"https:\\\/\\\/www.lawebradio.com\\\/news\\\/wp-content\\\/uploads\\\/2026\\\/04\\\/27042026-01.jpg\",\"keywords\":[\"radio salsa\",\"reggae\",\"webradios\"],\"articleSection\":[\"Focus\"],\"inLanguage\":\"fr-FR\"},{\"@type\":\"WebPage\",\"@id\":\"https:\\\/\\\/www.lawebradio.com\\\/news\\\/mkm-radio-la-webradio-100-zouk-qui-fait-rayonner-la-culture-afro-caribeenne\\\/\",\"url\":\"https:\\\/\\\/www.lawebradio.com\\\/news\\\/mkm-radio-la-webradio-100-zouk-qui-fait-rayonner-la-culture-afro-caribeenne\\\/\",\"name\":\"MKM Radio : la webradio 100 % Zouk qui fait rayonner la culture afro-carib\u00e9enne - Lawebradio.com - Actualit\u00e9s des radios digitales\",\"isPartOf\":{\"@id\":\"https:\\\/\\\/www.lawebradio.com\\\/news\\\/#website\"},\"primaryImageOfPage\":{\"@id\":\"https:\\\/\\\/www.lawebradio.com\\\/news\\\/mkm-radio-la-webradio-100-zouk-qui-fait-rayonner-la-culture-afro-caribeenne\\\/#primaryimage\"},\"image\":{\"@id\":\"https:\\\/\\\/www.lawebradio.com\\\/news\\\/mkm-radio-la-webradio-100-zouk-qui-fait-rayonner-la-culture-afro-caribeenne\\\/#primaryimage\"},\"thumbnailUrl\":\"https:\\\/\\\/www.lawebradio.com\\\/news\\\/wp-content\\\/uploads\\\/2026\\\/04\\\/27042026-01.jpg\",\"datePublished\":\"2026-04-27T05:01:20+00:00\",\"description\":\"MKM Radio s\u2019impose comme la r\u00e9f\u00e9rence des musiques afro-carib\u00e9ennes en ligne avec une programmation 100 % Zouk, Kompa, Reggae et Salsa\",\"inLanguage\":\"fr-FR\",\"potentialAction\":[{\"@type\":\"ReadAction\",\"target\":[\"https:\\\/\\\/www.lawebradio.com\\\/news\\\/mkm-radio-la-webradio-100-zouk-qui-fait-rayonner-la-culture-afro-caribeenne\\\/\"]}]},{\"@type\":\"ImageObject\",\"inLanguage\":\"fr-FR\",\"@id\":\"https:\\\/\\\/www.lawebradio.com\\\/news\\\/mkm-radio-la-webradio-100-zouk-qui-fait-rayonner-la-culture-afro-caribeenne\\\/#primaryimage\",\"url\":\"https:\\\/\\\/www.lawebradio.com\\\/news\\\/wp-content\\\/uploads\\\/2026\\\/04\\\/27042026-01.jpg\",\"contentUrl\":\"https:\\\/\\\/www.lawebradio.com\\\/news\\\/wp-content\\\/uploads\\\/2026\\\/04\\\/27042026-01.jpg\",\"width\":735,\"height\":450},{\"@type\":\"WebSite\",\"@id\":\"https:\\\/\\\/www.lawebradio.com\\\/news\\\/#website\",\"url\":\"https:\\\/\\\/www.lawebradio.com\\\/news\\\/\",\"name\":\"Lawebradio.com - Actualit\u00e9s des radios digitales\",\"description\":\"\",\"publisher\":{\"@id\":\"https:\\\/\\\/www.lawebradio.com\\\/news\\\/#organization\"},\"potentialAction\":[{\"@type\":\"SearchAction\",\"target\":{\"@type\":\"EntryPoint\",\"urlTemplate\":\"https:\\\/\\\/www.lawebradio.com\\\/news\\\/?s={search_term_string}\"},\"query-input\":{\"@type\":\"PropertyValueSpecification\",\"valueRequired\":true,\"valueName\":\"search_term_string\"}}],\"inLanguage\":\"fr-FR\"},{\"@type\":\"Organization\",\"@id\":\"https:\\\/\\\/www.lawebradio.com\\\/news\\\/#organization\",\"name\":\"Lawebradio.com - Actualit\u00e9s des radios digitales\",\"url\":\"https:\\\/\\\/www.lawebradio.com\\\/news\\\/\",\"logo\":{\"@type\":\"ImageObject\",\"inLanguage\":\"fr-FR\",\"@id\":\"https:\\\/\\\/www.lawebradio.com\\\/news\\\/#\\\/schema\\\/logo\\\/image\\\/\",\"url\":\"https:\\\/\\\/www.lawebradio.com\\\/news\\\/wp-content\\\/uploads\\\/2020\\\/10\\\/logo2020.png\",\"contentUrl\":\"https:\\\/\\\/www.lawebradio.com\\\/news\\\/wp-content\\\/uploads\\\/2020\\\/10\\\/logo2020.png\",\"width\":254,\"height\":43,\"caption\":\"Lawebradio.com - Actualit\u00e9s des radios digitales\"},\"image\":{\"@id\":\"https:\\\/\\\/www.lawebradio.com\\\/news\\\/#\\\/schema\\\/logo\\\/image\\\/\"}},{\"@type\":\"Person\",\"@id\":\"https:\\\/\\\/www.lawebradio.com\\\/news\\\/#\\\/schema\\\/person\\\/95fd11aee6e6cfe70a4b58b482103f1f\",\"name\":\"Julien Lecourbe\",\"image\":{\"@type\":\"ImageObject\",\"inLanguage\":\"fr-FR\",\"@id\":\"https:\\\/\\\/secure.gravatar.com\\\/avatar\\\/0d25a327c6e268d9730d9c0cbeeee0fea76f04c6cf9528c29e782ef324afc515?s=96&d=mm&r=g\",\"url\":\"https:\\\/\\\/secure.gravatar.com\\\/avatar\\\/0d25a327c6e268d9730d9c0cbeeee0fea76f04c6cf9528c29e782ef324afc515?s=96&d=mm&r=g\",\"contentUrl\":\"https:\\\/\\\/secure.gravatar.com\\\/avatar\\\/0d25a327c6e268d9730d9c0cbeeee0fea76f04c6cf9528c29e782ef324afc515?s=96&d=mm&r=g\",\"caption\":\"Julien Lecourbe\"},\"url\":\"https:\\\/\\\/www.lawebradio.com\\\/news\\\/author\\\/la-redaction\\\/\"}]}<\/script>\n<!-- \/ Yoast SEO plugin. -->","yoast_head_json":{"title":"MKM Radio : la webradio 100 % Zouk qui fait rayonner la culture afro-carib\u00e9enne - Lawebradio.com - Actualit\u00e9s des radios digitales","description":"MKM Radio s\u2019impose comme la r\u00e9f\u00e9rence des musiques afro-carib\u00e9ennes en ligne avec une programmation 100 % Zouk, Kompa, Reggae et Salsa","robots":{"index":"index","follow":"follow","max-snippet":"max-snippet:-1","max-image-preview":"max-image-preview:large","max-video-preview":"max-video-preview:-1"},"canonical":"https:\/\/www.lawebradio.com\/news\/mkm-radio-la-webradio-100-zouk-qui-fait-rayonner-la-culture-afro-caribeenne\/","og_locale":"fr_FR","og_type":"article","og_title":"MKM Radio : la webradio 100 % Zouk qui fait rayonner la culture afro-carib\u00e9enne - Lawebradio.com - Actualit\u00e9s des radios digitales","og_description":"MKM Radio s\u2019impose comme la r\u00e9f\u00e9rence des musiques afro-carib\u00e9ennes en ligne avec une programmation 100 % Zouk, Kompa, Reggae et Salsa","og_url":"https:\/\/www.lawebradio.com\/news\/mkm-radio-la-webradio-100-zouk-qui-fait-rayonner-la-culture-afro-caribeenne\/","og_site_name":"Lawebradio.com - Actualit\u00e9s des radios digitales","article_published_time":"2026-04-27T05:01:20+00:00","og_image":[{"width":735,"height":450,"url":"https:\/\/www.lawebradio.com\/news\/wp-content\/uploads\/2026\/04\/27042026-01.jpg","type":"image\/jpeg"}],"author":"Julien Lecourbe","twitter_misc":{"\u00c9crit par":"Julien Lecourbe","Dur\u00e9e de lecture estim\u00e9e":"3 minutes"},"schema":{"@context":"https:\/\/schema.org","@graph":[{"@type":"Article","@id":"https:\/\/www.lawebradio.com\/news\/mkm-radio-la-webradio-100-zouk-qui-fait-rayonner-la-culture-afro-caribeenne\/#article","isPartOf":{"@id":"https:\/\/www.lawebradio.com\/news\/mkm-radio-la-webradio-100-zouk-qui-fait-rayonner-la-culture-afro-caribeenne\/"},"author":{"name":"Julien Lecourbe","@id":"https:\/\/www.lawebradio.com\/news\/#\/schema\/person\/95fd11aee6e6cfe70a4b58b482103f1f"},"headline":"MKM Radio : la webradio 100 % Zouk qui fait rayonner la culture afro-carib\u00e9enne","datePublished":"2026-04-27T05:01:20+00:00","mainEntityOfPage":{"@id":"https:\/\/www.lawebradio.com\/news\/mkm-radio-la-webradio-100-zouk-qui-fait-rayonner-la-culture-afro-caribeenne\/"},"wordCount":628,"publisher":{"@id":"https:\/\/www.lawebradio.com\/news\/#organization"},"image":{"@id":"https:\/\/www.lawebradio.com\/news\/mkm-radio-la-webradio-100-zouk-qui-fait-rayonner-la-culture-afro-caribeenne\/#primaryimage"},"thumbnailUrl":"https:\/\/www.lawebradio.com\/news\/wp-content\/uploads\/2026\/04\/27042026-01.jpg","keywords":["radio salsa","reggae","webradios"],"articleSection":["Focus"],"inLanguage":"fr-FR"},{"@type":"WebPage","@id":"https:\/\/www.lawebradio.com\/news\/mkm-radio-la-webradio-100-zouk-qui-fait-rayonner-la-culture-afro-caribeenne\/","url":"https:\/\/www.lawebradio.com\/news\/mkm-radio-la-webradio-100-zouk-qui-fait-rayonner-la-culture-afro-caribeenne\/","name":"MKM Radio : la webradio 100 % Zouk qui fait rayonner la culture afro-carib\u00e9enne - Lawebradio.com - Actualit\u00e9s des radios digitales","isPartOf":{"@id":"https:\/\/www.lawebradio.com\/news\/#website"},"primaryImageOfPage":{"@id":"https:\/\/www.lawebradio.com\/news\/mkm-radio-la-webradio-100-zouk-qui-fait-rayonner-la-culture-afro-caribeenne\/#primaryimage"},"image":{"@id":"https:\/\/www.lawebradio.com\/news\/mkm-radio-la-webradio-100-zouk-qui-fait-rayonner-la-culture-afro-caribeenne\/#primaryimage"},"thumbnailUrl":"https:\/\/www.lawebradio.com\/news\/wp-content\/uploads\/2026\/04\/27042026-01.jpg","datePublished":"2026-04-27T05:01:20+00:00","description":"MKM Radio s\u2019impose comme la r\u00e9f\u00e9rence des musiques afro-carib\u00e9ennes en ligne avec une programmation 100 % Zouk, Kompa, Reggae et Salsa","inLanguage":"fr-FR","potentialAction":[{"@type":"ReadAction","target":["https:\/\/www.lawebradio.com\/news\/mkm-radio-la-webradio-100-zouk-qui-fait-rayonner-la-culture-afro-caribeenne\/"]}]},{"@type":"ImageObject","inLanguage":"fr-FR","@id":"https:\/\/www.lawebradio.com\/news\/mkm-radio-la-webradio-100-zouk-qui-fait-rayonner-la-culture-afro-caribeenne\/#primaryimage","url":"https:\/\/www.lawebradio.com\/news\/wp-content\/uploads\/2026\/04\/27042026-01.jpg","contentUrl":"https:\/\/www.lawebradio.com\/news\/wp-content\/uploads\/2026\/04\/27042026-01.jpg","width":735,"height":450},{"@type":"WebSite","@id":"https:\/\/www.lawebradio.com\/news\/#website","url":"https:\/\/www.lawebradio.com\/news\/","name":"Lawebradio.com - Actualit\u00e9s des radios digitales","description":"","publisher":{"@id":"https:\/\/www.lawebradio.com\/news\/#organization"},"potentialAction":[{"@type":"SearchAction","target":{"@type":"EntryPoint","urlTemplate":"https:\/\/www.lawebradio.com\/news\/?s={search_term_string}"},"query-input":{"@type":"PropertyValueSpecification","valueRequired":true,"valueName":"search_term_string"}}],"inLanguage":"fr-FR"},{"@type":"Organization","@id":"https:\/\/www.lawebradio.com\/news\/#organization","name":"Lawebradio.com - Actualit\u00e9s des radios digitales","url":"https:\/\/www.lawebradio.com\/news\/","logo":{"@type":"ImageObject","inLanguage":"fr-FR","@id":"https:\/\/www.lawebradio.com\/news\/#\/schema\/logo\/image\/","url":"https:\/\/www.lawebradio.com\/news\/wp-content\/uploads\/2020\/10\/logo2020.png","contentUrl":"https:\/\/www.lawebradio.com\/news\/wp-content\/uploads\/2020\/10\/logo2020.png","width":254,"height":43,"caption":"Lawebradio.com - Actualit\u00e9s des radios digitales"},"image":{"@id":"https:\/\/www.lawebradio.com\/news\/#\/schema\/logo\/image\/"}},{"@type":"Person","@id":"https:\/\/www.lawebradio.com\/news\/#\/schema\/person\/95fd11aee6e6cfe70a4b58b482103f1f","name":"Julien Lecourbe","image":{"@type":"ImageObject","inLanguage":"fr-FR","@id":"https:\/\/secure.gravatar.com\/avatar\/0d25a327c6e268d9730d9c0cbeeee0fea76f04c6cf9528c29e782ef324afc515?s=96&d=mm&r=g","url":"https:\/\/secure.gravatar.com\/avatar\/0d25a327c6e268d9730d9c0cbeeee0fea76f04c6cf9528c29e782ef324afc515?s=96&d=mm&r=g","contentUrl":"https:\/\/secure.gravatar.com\/avatar\/0d25a327c6e268d9730d9c0cbeeee0fea76f04c6cf9528c29e782ef324afc515?s=96&d=mm&r=g","caption":"Julien Lecourbe"},"url":"https:\/\/www.lawebradio.com\/news\/author\/la-redaction\/"}]}},"_links":{"self":[{"href":"https:\/\/www.lawebradio.com\/news\/wp-json\/wp\/v2\/posts\/11748","targetHints":{"allow":["GET"]}}],"collection":[{"href":"https:\/\/www.lawebradio.com\/news\/wp-json\/wp\/v2\/posts"}],"about":[{"href":"https:\/\/www.lawebradio.com\/news\/wp-json\/wp\/v2\/types\/post"}],"author":[{"embeddable":true,"href":"https:\/\/www.lawebradio.com\/news\/wp-json\/wp\/v2\/users\/3"}],"replies":[{"embeddable":true,"href":"https:\/\/www.lawebradio.com\/news\/wp-json\/wp\/v2\/comments?post=11748"}],"version-history":[{"count":5,"href":"https:\/\/www.lawebradio.com\/news\/wp-json\/wp\/v2\/posts\/11748\/revisions"}],"predecessor-version":[{"id":11758,"href":"https:\/\/www.lawebradio.com\/news\/wp-json\/wp\/v2\/posts\/11748\/revisions\/11758"}],"wp:featuredmedia":[{"embeddable":true,"href":"https:\/\/www.lawebradio.com\/news\/wp-json\/wp\/v2\/media\/11749"}],"wp:attachment":[{"href":"https:\/\/www.lawebradio.com\/news\/wp-json\/wp\/v2\/media?parent=11748"}],"wp:term":[{"taxonomy":"category","embeddable":true,"href":"https:\/\/www.lawebradio.com\/news\/wp-json\/wp\/v2\/categories?post=11748"},{"taxonomy":"post_tag","embeddable":true,"href":"https:\/\/www.lawebradio.com\/news\/wp-json\/wp\/v2\/tags?post=11748"}],"curies":[{"name":"wp","href":"https:\/\/api.w.org\/{rel}","templated":true}]}}