{"id":10759,"date":"2026-01-30T06:37:27","date_gmt":"2026-01-30T05:37:27","guid":{"rendered":"https:\/\/www.lawebradio.com\/news\/?p=10759"},"modified":"2026-01-29T08:59:04","modified_gmt":"2026-01-29T07:59:04","slug":"ici-ressuscite-les-annees-80-avec-une-nouvelle-webradio-dediee-aux-hits-cultes","status":"publish","type":"post","link":"https:\/\/www.lawebradio.com\/news\/ici-ressuscite-les-annees-80-avec-une-nouvelle-webradio-dediee-aux-hits-cultes\/","title":{"rendered":"ICI ressuscite les ann\u00e9es 80 avec une nouvelle webradio d\u00e9di\u00e9e aux hits cultes"},"content":{"rendered":"<p>[et_pb_section fb_built=\u00a0\u00bb1&Prime; _builder_version=\u00a0\u00bb4.6.5&Prime; _module_preset=\u00a0\u00bbdefault\u00a0\u00bb][et_pb_row _builder_version=\u00a0\u00bb4.6.5&Prime; _module_preset=\u00a0\u00bbdefault\u00a0\u00bb][et_pb_column type=\u00a0\u00bb4_4&Prime; _builder_version=\u00a0\u00bb4.6.5&Prime; _module_preset=\u00a0\u00bbdefault\u00a0\u00bb][et_pb_text _builder_version=\u00a0\u00bb4.8.0&Prime; _module_preset=\u00a0\u00bbdefault\u00a0\u00bb header_3_font_size=\u00a0\u00bb21px\u00a0\u00bb header_3_line_height=\u00a0\u00bb1.4em\u00a0\u00bb]<\/p>\n<p><strong>Depuis lundi 26 janvier 2026, ICI enrichit son offre musicale avec le lancement de <em>\u00ab 100% ann\u00e9es 80 \u00bb<\/em>, une nouvelle webradio enti\u00e8rement consacr\u00e9e aux tubes mythiques qui ont fa\u00e7onn\u00e9 cette d\u00e9cennie flamboyante.<\/strong><\/p>\n<p>Cette arriv\u00e9e s\u2019inscrit dans la continuit\u00e9 du succ\u00e8s ph\u00e9nom\u00e9nal de <em>\u00ab 100% chanson fran\u00e7aise \u00bb<\/em>, confortant ICI \u2014 et plus largement Radio France \u2014 comme un acteur incontournable du streaming musical.<\/p>\n<h3>Le triomphe durable de \u00ab 100% chanson fran\u00e7aise \u00bb<\/h3>\n<p>Lanc\u00e9e en mars 2024 par France Bleu, la webradio <a href=\"https:\/\/www.francebleu.fr\/radio\/radio-chanson-francaise\" target=\"_blank\" rel=\"noopener\"><em>\u00ab 100% chanson fran\u00e7aise \u00bb<\/em><\/a> s\u2019est rapidement impos\u00e9e comme une r\u00e9f\u00e9rence. Sans publicit\u00e9, accessible partout, elle propose un flux ininterrompu des grands classiques fran\u00e7ais : des ic\u00f4nes des ann\u00e9es 80 comme Johnny Hallyday et Jean-Jacques Goldman, jusqu\u2019aux stars actuelles telles qu\u2019Ang\u00e8le.<\/p>\n<p>Sa particularit\u00e9 ? Une mise en avant des artistes r\u00e9gionaux toutes les 30 minutes, des titres en langues locales \u2014 breton, occitan, corse\u2026 Une programmation curatoriale plut\u00f4t qu\u2019algorithmique.<\/p>\n<p>En 2025, son audience explose sur mobile, enceintes connect\u00e9es et agr\u00e9gateurs, confirmant la pertinence d\u2019une offre 100% francophone \u00e9ditorialis\u00e9e.<\/p>\n<h3>\u00ab 100% ann\u00e9es 80 \u00bb : une immersion totale dans la d\u00e9cennie culte<\/h3>\n<p>Avec \u00ab 100% ann\u00e9es 80 \u00bb, ICI propose une v\u00e9ritable machine \u00e0 remonter le temps. La playlist f\u00e9d\u00e8re les tubes intemporels :<br \/>\u2022 T\u00e9l\u00e9phone \u2013 <em>\u00ab Un autre monde \u00bb<\/em><br \/>\u2022 Jeanne Mas \u2013 <em>\u00ab Johnny \u00bb<\/em><br \/>\u2022 Michael Jackson \u2013 <em>\u00ab Billie Jean \u00bb<\/em><br \/>\u2022 Madonna, Depeche Mode, et les h\u00e9ros de la new wave mondiale<\/p>\n<p>Sans aucune interruption publicitaire, le flux capte l\u2019\u00e9nergie brute des 80\u2019s : rock \u00e9lectrique, disco scintillante, pop synth\u00e9tique et refrains devenus cultes. Ce lancement s\u2019inscrit dans la dynamique d\u2019autres m\u00e9dias revisitant leurs archives, \u00e0 l\u2019image de RMC Gold et ses vinyles num\u00e9ris\u00e9s des ann\u00e9es 80-90.<\/p>\n<h3>Un march\u00e9 ultra-concurrentiel o\u00f9 ICI tire son \u00e9pingle du jeu<\/h3>\n<p>Les webradios \u00ab ann\u00e9es 80 \u00bb pullulent en France : pr\u00e8s d\u2019une vingtaine recens\u00e9es sur les agr\u00e9gateurs comme <a href=\"https:\/\/www.radio.fr\/\" target=\"_blank\" rel=\"noopener\">radio.fr<\/a>. Certaines misent sur l\u2019interactivit\u00e9 <em>(votes toutes les 10 minutes)<\/em>, d\u2019autres sur le non-stop sans pub. Parmi les concurrentes les plus visibles :<br \/>\u2022 Made in 80 \u2014 interactive, votes auditeurs<br \/>\u2022 Hit West 80 \u2014 s\u00e9lection new wave\/pop<br \/>\u2022 Vintage 80-90 \u2014 flux non-stop<br \/>\u2022 TOP 80 Radio \u2014 gigantesque base de 6300 titres<\/p>\n<p>Pourtant, ICI se d\u00e9marque par plusieurs forces majeures :<br \/>&#8211; La l\u00e9gitimit\u00e9 institutionnelle du groupe Radio France<br \/>&#8211; Une port\u00e9e marketing amplifi\u00e9e via France Bleu, <a href=\"https:\/\/tunein.com\/radio\/music\/\" target=\"_blank\" rel=\"noopener\">TuneIn<\/a> et l\u2019app Radio France<br \/>&#8211; Une interface mobile optimis\u00e9e pour les 35-55 ans, c\u0153ur du public nostalgique<br \/>&#8211; Un flux \u00e9ditorialis\u00e9 fran\u00e7ais \/ international, sans gamification inutile<\/p>\n<h3>Une strat\u00e9gie audio gagnante dans un march\u00e9 en plein essor<\/h3>\n<p>Dans un contexte o\u00f9 l\u2019audio digital conna\u00eet une croissance continue \u2014 smartphones, smart speakers, dashboards connect\u00e9s \u2014 ICI continue d\u2019\u00e9largir sa pr\u00e9sence face \u00e0 des acteurs th\u00e9matiques comme <a href=\"https:\/\/www.centpourcent.com\/\" target=\"_blank\" rel=\"noopener\">100 Pour Cent France<\/a> ou <a href=\"https:\/\/rmc.bfmtv.com\/en-direct\/rmc-gold\/\" target=\"_blank\" rel=\"noopener\">RMC Gold<\/a>. La marque capte d\u00e9sormais une part significative des \u00e9coutes r\u00e9tro, estim\u00e9e entre 10 et 15% sur certaines verticales.<\/p>\n<p>Avec une exp\u00e9rience gratuite, sans publicit\u00e9 et \u00e9ditorialis\u00e9e, la strat\u00e9gie d\u2019ICI ouvre la porte \u00e0 de futures extensions : podcasts th\u00e9matiques <em>\u00ab 80\u2019s story \u00bb<\/em>, \u00e9missions sp\u00e9ciales et des \u00e9v\u00e9nements live ou playlists \u00e9v\u00e9nementielles. Une dynamique qui positionne ICI comme un leader de la nostalgie premium sur le num\u00e9rique.<\/p>\n<p>\u2022 <a href=\"https:\/\/www.francebleu.fr\/radio\/radio-annees-80\" target=\"_blank\" rel=\"noopener\"><strong>En savoir plus &gt;&gt;<\/strong><\/a><\/p>\n<p>[\/et_pb_text][\/et_pb_column][\/et_pb_row][\/et_pb_section]<\/p>\n","protected":false},"excerpt":{"rendered":"<p>[et_pb_section fb_built=\u00a0\u00bb1&Prime; _builder_version=\u00a0\u00bb4.6.5&Prime; _module_preset=\u00a0\u00bbdefault\u00a0\u00bb][et_pb_row _builder_version=\u00a0\u00bb4.6.5&Prime; _module_preset=\u00a0\u00bbdefault\u00a0\u00bb][et_pb_column type=\u00a0\u00bb4_4&Prime; _builder_version=\u00a0\u00bb4.6.5&Prime; _module_preset=\u00a0\u00bbdefault\u00a0\u00bb][et_pb_text _builder_version=\u00a0\u00bb4.8.0&Prime; _module_preset=\u00a0\u00bbdefault\u00a0\u00bb header_3_font_size=\u00a0\u00bb21px\u00a0\u00bb header_3_line_height=\u00a0\u00bb1.4em\u00a0\u00bb] Depuis lundi 26 janvier 2026, ICI enrichit son offre musicale avec le lancement de \u00ab 100% ann\u00e9es 80 \u00bb, une nouvelle webradio enti\u00e8rement consacr\u00e9e aux tubes mythiques qui ont fa\u00e7onn\u00e9 cette d\u00e9cennie flamboyante. Cette arriv\u00e9e s\u2019inscrit dans la continuit\u00e9 du succ\u00e8s ph\u00e9nom\u00e9nal [&hellip;]<\/p>\n","protected":false},"author":3,"featured_media":10762,"comment_status":"closed","ping_status":"closed","sticky":false,"template":"","format":"standard","meta":{"_et_pb_use_builder":"on","_et_pb_old_content":"","_et_gb_content_width":"","footnotes":""},"categories":[6],"tags":[194,639,638],"class_list":["post-10759","post","type-post","status-publish","format-standard","has-post-thumbnail","hentry","category-focus","tag-radio-france","tag-star-des-annees-80","tag-tubes-annees-80","et-has-post-format-content","et_post_format-et-post-format-standard"],"yoast_head":"<!-- This site is optimized with the Yoast SEO plugin v27.5 - https:\/\/yoast.com\/product\/yoast-seo-wordpress\/ -->\n<title>ICI ressuscite les ann\u00e9es 80 avec une nouvelle webradio d\u00e9di\u00e9e aux hits cultes - Lawebradio.com - Actualit\u00e9s des radios digitales<\/title>\n<meta name=\"description\" content=\"Programmation, ambiance, inspirations : \u00e9coutez la webradio 100 % ann\u00e9es 80 destin\u00e9e aux nostalgiques et aux passionn\u00e9s de musique vintage.\" \/>\n<meta name=\"robots\" content=\"index, follow, max-snippet:-1, max-image-preview:large, max-video-preview:-1\" \/>\n<link rel=\"canonical\" href=\"https:\/\/www.lawebradio.com\/news\/ici-ressuscite-les-annees-80-avec-une-nouvelle-webradio-dediee-aux-hits-cultes\/\" \/>\n<meta property=\"og:locale\" content=\"fr_FR\" \/>\n<meta property=\"og:type\" content=\"article\" \/>\n<meta property=\"og:title\" content=\"ICI ressuscite les ann\u00e9es 80 avec une nouvelle webradio d\u00e9di\u00e9e aux hits cultes - Lawebradio.com - Actualit\u00e9s des radios digitales\" \/>\n<meta property=\"og:description\" content=\"Programmation, ambiance, inspirations : \u00e9coutez la webradio 100 % ann\u00e9es 80 destin\u00e9e aux nostalgiques et aux passionn\u00e9s de musique vintage.\" \/>\n<meta property=\"og:url\" content=\"https:\/\/www.lawebradio.com\/news\/ici-ressuscite-les-annees-80-avec-une-nouvelle-webradio-dediee-aux-hits-cultes\/\" \/>\n<meta property=\"og:site_name\" content=\"Lawebradio.com - Actualit\u00e9s des radios digitales\" \/>\n<meta property=\"article:published_time\" content=\"2026-01-30T05:37:27+00:00\" \/>\n<meta property=\"og:image\" content=\"https:\/\/www.lawebradio.com\/news\/wp-content\/uploads\/2026\/01\/28012026-01.jpg\" \/>\n\t<meta property=\"og:image:width\" content=\"735\" \/>\n\t<meta property=\"og:image:height\" content=\"350\" \/>\n\t<meta property=\"og:image:type\" content=\"image\/jpeg\" \/>\n<meta name=\"author\" content=\"Julien Lecourbe\" \/>\n<meta name=\"twitter:label1\" content=\"\u00c9crit par\" \/>\n\t<meta name=\"twitter:data1\" content=\"Julien Lecourbe\" \/>\n\t<meta name=\"twitter:label2\" content=\"Dur\u00e9e de lecture estim\u00e9e\" \/>\n\t<meta name=\"twitter:data2\" content=\"3 minutes\" \/>\n<script type=\"application\/ld+json\" class=\"yoast-schema-graph\">{\"@context\":\"https:\\\/\\\/schema.org\",\"@graph\":[{\"@type\":\"Article\",\"@id\":\"https:\\\/\\\/www.lawebradio.com\\\/news\\\/ici-ressuscite-les-annees-80-avec-une-nouvelle-webradio-dediee-aux-hits-cultes\\\/#article\",\"isPartOf\":{\"@id\":\"https:\\\/\\\/www.lawebradio.com\\\/news\\\/ici-ressuscite-les-annees-80-avec-une-nouvelle-webradio-dediee-aux-hits-cultes\\\/\"},\"author\":{\"name\":\"Julien Lecourbe\",\"@id\":\"https:\\\/\\\/www.lawebradio.com\\\/news\\\/#\\\/schema\\\/person\\\/95fd11aee6e6cfe70a4b58b482103f1f\"},\"headline\":\"ICI ressuscite les ann\u00e9es 80 avec une nouvelle webradio d\u00e9di\u00e9e aux hits cultes\",\"datePublished\":\"2026-01-30T05:37:27+00:00\",\"mainEntityOfPage\":{\"@id\":\"https:\\\/\\\/www.lawebradio.com\\\/news\\\/ici-ressuscite-les-annees-80-avec-une-nouvelle-webradio-dediee-aux-hits-cultes\\\/\"},\"wordCount\":610,\"publisher\":{\"@id\":\"https:\\\/\\\/www.lawebradio.com\\\/news\\\/#organization\"},\"image\":{\"@id\":\"https:\\\/\\\/www.lawebradio.com\\\/news\\\/ici-ressuscite-les-annees-80-avec-une-nouvelle-webradio-dediee-aux-hits-cultes\\\/#primaryimage\"},\"thumbnailUrl\":\"https:\\\/\\\/www.lawebradio.com\\\/news\\\/wp-content\\\/uploads\\\/2026\\\/01\\\/28012026-01.jpg\",\"keywords\":[\"Radio France\",\"star des ann\u00e9es 80\",\"tubes ann\u00e9es 80\"],\"articleSection\":[\"Focus\"],\"inLanguage\":\"fr-FR\"},{\"@type\":\"WebPage\",\"@id\":\"https:\\\/\\\/www.lawebradio.com\\\/news\\\/ici-ressuscite-les-annees-80-avec-une-nouvelle-webradio-dediee-aux-hits-cultes\\\/\",\"url\":\"https:\\\/\\\/www.lawebradio.com\\\/news\\\/ici-ressuscite-les-annees-80-avec-une-nouvelle-webradio-dediee-aux-hits-cultes\\\/\",\"name\":\"ICI ressuscite les ann\u00e9es 80 avec une nouvelle webradio d\u00e9di\u00e9e aux hits cultes - Lawebradio.com - Actualit\u00e9s des radios digitales\",\"isPartOf\":{\"@id\":\"https:\\\/\\\/www.lawebradio.com\\\/news\\\/#website\"},\"primaryImageOfPage\":{\"@id\":\"https:\\\/\\\/www.lawebradio.com\\\/news\\\/ici-ressuscite-les-annees-80-avec-une-nouvelle-webradio-dediee-aux-hits-cultes\\\/#primaryimage\"},\"image\":{\"@id\":\"https:\\\/\\\/www.lawebradio.com\\\/news\\\/ici-ressuscite-les-annees-80-avec-une-nouvelle-webradio-dediee-aux-hits-cultes\\\/#primaryimage\"},\"thumbnailUrl\":\"https:\\\/\\\/www.lawebradio.com\\\/news\\\/wp-content\\\/uploads\\\/2026\\\/01\\\/28012026-01.jpg\",\"datePublished\":\"2026-01-30T05:37:27+00:00\",\"description\":\"Programmation, ambiance, inspirations : \u00e9coutez la webradio 100 % ann\u00e9es 80 destin\u00e9e aux nostalgiques et aux passionn\u00e9s de musique vintage.\",\"inLanguage\":\"fr-FR\",\"potentialAction\":[{\"@type\":\"ReadAction\",\"target\":[\"https:\\\/\\\/www.lawebradio.com\\\/news\\\/ici-ressuscite-les-annees-80-avec-une-nouvelle-webradio-dediee-aux-hits-cultes\\\/\"]}]},{\"@type\":\"ImageObject\",\"inLanguage\":\"fr-FR\",\"@id\":\"https:\\\/\\\/www.lawebradio.com\\\/news\\\/ici-ressuscite-les-annees-80-avec-une-nouvelle-webradio-dediee-aux-hits-cultes\\\/#primaryimage\",\"url\":\"https:\\\/\\\/www.lawebradio.com\\\/news\\\/wp-content\\\/uploads\\\/2026\\\/01\\\/28012026-01.jpg\",\"contentUrl\":\"https:\\\/\\\/www.lawebradio.com\\\/news\\\/wp-content\\\/uploads\\\/2026\\\/01\\\/28012026-01.jpg\",\"width\":735,\"height\":350},{\"@type\":\"WebSite\",\"@id\":\"https:\\\/\\\/www.lawebradio.com\\\/news\\\/#website\",\"url\":\"https:\\\/\\\/www.lawebradio.com\\\/news\\\/\",\"name\":\"Lawebradio.com - Actualit\u00e9s des radios digitales\",\"description\":\"\",\"publisher\":{\"@id\":\"https:\\\/\\\/www.lawebradio.com\\\/news\\\/#organization\"},\"potentialAction\":[{\"@type\":\"SearchAction\",\"target\":{\"@type\":\"EntryPoint\",\"urlTemplate\":\"https:\\\/\\\/www.lawebradio.com\\\/news\\\/?s={search_term_string}\"},\"query-input\":{\"@type\":\"PropertyValueSpecification\",\"valueRequired\":true,\"valueName\":\"search_term_string\"}}],\"inLanguage\":\"fr-FR\"},{\"@type\":\"Organization\",\"@id\":\"https:\\\/\\\/www.lawebradio.com\\\/news\\\/#organization\",\"name\":\"Lawebradio.com - Actualit\u00e9s des radios digitales\",\"url\":\"https:\\\/\\\/www.lawebradio.com\\\/news\\\/\",\"logo\":{\"@type\":\"ImageObject\",\"inLanguage\":\"fr-FR\",\"@id\":\"https:\\\/\\\/www.lawebradio.com\\\/news\\\/#\\\/schema\\\/logo\\\/image\\\/\",\"url\":\"https:\\\/\\\/www.lawebradio.com\\\/news\\\/wp-content\\\/uploads\\\/2020\\\/10\\\/logo2020.png\",\"contentUrl\":\"https:\\\/\\\/www.lawebradio.com\\\/news\\\/wp-content\\\/uploads\\\/2020\\\/10\\\/logo2020.png\",\"width\":254,\"height\":43,\"caption\":\"Lawebradio.com - Actualit\u00e9s des radios digitales\"},\"image\":{\"@id\":\"https:\\\/\\\/www.lawebradio.com\\\/news\\\/#\\\/schema\\\/logo\\\/image\\\/\"}},{\"@type\":\"Person\",\"@id\":\"https:\\\/\\\/www.lawebradio.com\\\/news\\\/#\\\/schema\\\/person\\\/95fd11aee6e6cfe70a4b58b482103f1f\",\"name\":\"Julien Lecourbe\",\"image\":{\"@type\":\"ImageObject\",\"inLanguage\":\"fr-FR\",\"@id\":\"https:\\\/\\\/secure.gravatar.com\\\/avatar\\\/0d25a327c6e268d9730d9c0cbeeee0fea76f04c6cf9528c29e782ef324afc515?s=96&d=mm&r=g\",\"url\":\"https:\\\/\\\/secure.gravatar.com\\\/avatar\\\/0d25a327c6e268d9730d9c0cbeeee0fea76f04c6cf9528c29e782ef324afc515?s=96&d=mm&r=g\",\"contentUrl\":\"https:\\\/\\\/secure.gravatar.com\\\/avatar\\\/0d25a327c6e268d9730d9c0cbeeee0fea76f04c6cf9528c29e782ef324afc515?s=96&d=mm&r=g\",\"caption\":\"Julien Lecourbe\"},\"url\":\"https:\\\/\\\/www.lawebradio.com\\\/news\\\/author\\\/la-redaction\\\/\"}]}<\/script>\n<!-- \/ Yoast SEO plugin. -->","yoast_head_json":{"title":"ICI ressuscite les ann\u00e9es 80 avec une nouvelle webradio d\u00e9di\u00e9e aux hits cultes - Lawebradio.com - Actualit\u00e9s des radios digitales","description":"Programmation, ambiance, inspirations : \u00e9coutez la webradio 100 % ann\u00e9es 80 destin\u00e9e aux nostalgiques et aux passionn\u00e9s de musique vintage.","robots":{"index":"index","follow":"follow","max-snippet":"max-snippet:-1","max-image-preview":"max-image-preview:large","max-video-preview":"max-video-preview:-1"},"canonical":"https:\/\/www.lawebradio.com\/news\/ici-ressuscite-les-annees-80-avec-une-nouvelle-webradio-dediee-aux-hits-cultes\/","og_locale":"fr_FR","og_type":"article","og_title":"ICI ressuscite les ann\u00e9es 80 avec une nouvelle webradio d\u00e9di\u00e9e aux hits cultes - Lawebradio.com - Actualit\u00e9s des radios digitales","og_description":"Programmation, ambiance, inspirations : \u00e9coutez la webradio 100 % ann\u00e9es 80 destin\u00e9e aux nostalgiques et aux passionn\u00e9s de musique vintage.","og_url":"https:\/\/www.lawebradio.com\/news\/ici-ressuscite-les-annees-80-avec-une-nouvelle-webradio-dediee-aux-hits-cultes\/","og_site_name":"Lawebradio.com - Actualit\u00e9s des radios digitales","article_published_time":"2026-01-30T05:37:27+00:00","og_image":[{"width":735,"height":350,"url":"https:\/\/www.lawebradio.com\/news\/wp-content\/uploads\/2026\/01\/28012026-01.jpg","type":"image\/jpeg"}],"author":"Julien Lecourbe","twitter_misc":{"\u00c9crit par":"Julien Lecourbe","Dur\u00e9e de lecture estim\u00e9e":"3 minutes"},"schema":{"@context":"https:\/\/schema.org","@graph":[{"@type":"Article","@id":"https:\/\/www.lawebradio.com\/news\/ici-ressuscite-les-annees-80-avec-une-nouvelle-webradio-dediee-aux-hits-cultes\/#article","isPartOf":{"@id":"https:\/\/www.lawebradio.com\/news\/ici-ressuscite-les-annees-80-avec-une-nouvelle-webradio-dediee-aux-hits-cultes\/"},"author":{"name":"Julien Lecourbe","@id":"https:\/\/www.lawebradio.com\/news\/#\/schema\/person\/95fd11aee6e6cfe70a4b58b482103f1f"},"headline":"ICI ressuscite les ann\u00e9es 80 avec une nouvelle webradio d\u00e9di\u00e9e aux hits cultes","datePublished":"2026-01-30T05:37:27+00:00","mainEntityOfPage":{"@id":"https:\/\/www.lawebradio.com\/news\/ici-ressuscite-les-annees-80-avec-une-nouvelle-webradio-dediee-aux-hits-cultes\/"},"wordCount":610,"publisher":{"@id":"https:\/\/www.lawebradio.com\/news\/#organization"},"image":{"@id":"https:\/\/www.lawebradio.com\/news\/ici-ressuscite-les-annees-80-avec-une-nouvelle-webradio-dediee-aux-hits-cultes\/#primaryimage"},"thumbnailUrl":"https:\/\/www.lawebradio.com\/news\/wp-content\/uploads\/2026\/01\/28012026-01.jpg","keywords":["Radio France","star des ann\u00e9es 80","tubes ann\u00e9es 80"],"articleSection":["Focus"],"inLanguage":"fr-FR"},{"@type":"WebPage","@id":"https:\/\/www.lawebradio.com\/news\/ici-ressuscite-les-annees-80-avec-une-nouvelle-webradio-dediee-aux-hits-cultes\/","url":"https:\/\/www.lawebradio.com\/news\/ici-ressuscite-les-annees-80-avec-une-nouvelle-webradio-dediee-aux-hits-cultes\/","name":"ICI ressuscite les ann\u00e9es 80 avec une nouvelle webradio d\u00e9di\u00e9e aux hits cultes - Lawebradio.com - Actualit\u00e9s des radios digitales","isPartOf":{"@id":"https:\/\/www.lawebradio.com\/news\/#website"},"primaryImageOfPage":{"@id":"https:\/\/www.lawebradio.com\/news\/ici-ressuscite-les-annees-80-avec-une-nouvelle-webradio-dediee-aux-hits-cultes\/#primaryimage"},"image":{"@id":"https:\/\/www.lawebradio.com\/news\/ici-ressuscite-les-annees-80-avec-une-nouvelle-webradio-dediee-aux-hits-cultes\/#primaryimage"},"thumbnailUrl":"https:\/\/www.lawebradio.com\/news\/wp-content\/uploads\/2026\/01\/28012026-01.jpg","datePublished":"2026-01-30T05:37:27+00:00","description":"Programmation, ambiance, inspirations : \u00e9coutez la webradio 100 % ann\u00e9es 80 destin\u00e9e aux nostalgiques et aux passionn\u00e9s de musique vintage.","inLanguage":"fr-FR","potentialAction":[{"@type":"ReadAction","target":["https:\/\/www.lawebradio.com\/news\/ici-ressuscite-les-annees-80-avec-une-nouvelle-webradio-dediee-aux-hits-cultes\/"]}]},{"@type":"ImageObject","inLanguage":"fr-FR","@id":"https:\/\/www.lawebradio.com\/news\/ici-ressuscite-les-annees-80-avec-une-nouvelle-webradio-dediee-aux-hits-cultes\/#primaryimage","url":"https:\/\/www.lawebradio.com\/news\/wp-content\/uploads\/2026\/01\/28012026-01.jpg","contentUrl":"https:\/\/www.lawebradio.com\/news\/wp-content\/uploads\/2026\/01\/28012026-01.jpg","width":735,"height":350},{"@type":"WebSite","@id":"https:\/\/www.lawebradio.com\/news\/#website","url":"https:\/\/www.lawebradio.com\/news\/","name":"Lawebradio.com - Actualit\u00e9s des radios digitales","description":"","publisher":{"@id":"https:\/\/www.lawebradio.com\/news\/#organization"},"potentialAction":[{"@type":"SearchAction","target":{"@type":"EntryPoint","urlTemplate":"https:\/\/www.lawebradio.com\/news\/?s={search_term_string}"},"query-input":{"@type":"PropertyValueSpecification","valueRequired":true,"valueName":"search_term_string"}}],"inLanguage":"fr-FR"},{"@type":"Organization","@id":"https:\/\/www.lawebradio.com\/news\/#organization","name":"Lawebradio.com - Actualit\u00e9s des radios digitales","url":"https:\/\/www.lawebradio.com\/news\/","logo":{"@type":"ImageObject","inLanguage":"fr-FR","@id":"https:\/\/www.lawebradio.com\/news\/#\/schema\/logo\/image\/","url":"https:\/\/www.lawebradio.com\/news\/wp-content\/uploads\/2020\/10\/logo2020.png","contentUrl":"https:\/\/www.lawebradio.com\/news\/wp-content\/uploads\/2020\/10\/logo2020.png","width":254,"height":43,"caption":"Lawebradio.com - Actualit\u00e9s des radios digitales"},"image":{"@id":"https:\/\/www.lawebradio.com\/news\/#\/schema\/logo\/image\/"}},{"@type":"Person","@id":"https:\/\/www.lawebradio.com\/news\/#\/schema\/person\/95fd11aee6e6cfe70a4b58b482103f1f","name":"Julien Lecourbe","image":{"@type":"ImageObject","inLanguage":"fr-FR","@id":"https:\/\/secure.gravatar.com\/avatar\/0d25a327c6e268d9730d9c0cbeeee0fea76f04c6cf9528c29e782ef324afc515?s=96&d=mm&r=g","url":"https:\/\/secure.gravatar.com\/avatar\/0d25a327c6e268d9730d9c0cbeeee0fea76f04c6cf9528c29e782ef324afc515?s=96&d=mm&r=g","contentUrl":"https:\/\/secure.gravatar.com\/avatar\/0d25a327c6e268d9730d9c0cbeeee0fea76f04c6cf9528c29e782ef324afc515?s=96&d=mm&r=g","caption":"Julien Lecourbe"},"url":"https:\/\/www.lawebradio.com\/news\/author\/la-redaction\/"}]}},"_links":{"self":[{"href":"https:\/\/www.lawebradio.com\/news\/wp-json\/wp\/v2\/posts\/10759","targetHints":{"allow":["GET"]}}],"collection":[{"href":"https:\/\/www.lawebradio.com\/news\/wp-json\/wp\/v2\/posts"}],"about":[{"href":"https:\/\/www.lawebradio.com\/news\/wp-json\/wp\/v2\/types\/post"}],"author":[{"embeddable":true,"href":"https:\/\/www.lawebradio.com\/news\/wp-json\/wp\/v2\/users\/3"}],"replies":[{"embeddable":true,"href":"https:\/\/www.lawebradio.com\/news\/wp-json\/wp\/v2\/comments?post=10759"}],"version-history":[{"count":12,"href":"https:\/\/www.lawebradio.com\/news\/wp-json\/wp\/v2\/posts\/10759\/revisions"}],"predecessor-version":[{"id":10830,"href":"https:\/\/www.lawebradio.com\/news\/wp-json\/wp\/v2\/posts\/10759\/revisions\/10830"}],"wp:featuredmedia":[{"embeddable":true,"href":"https:\/\/www.lawebradio.com\/news\/wp-json\/wp\/v2\/media\/10762"}],"wp:attachment":[{"href":"https:\/\/www.lawebradio.com\/news\/wp-json\/wp\/v2\/media?parent=10759"}],"wp:term":[{"taxonomy":"category","embeddable":true,"href":"https:\/\/www.lawebradio.com\/news\/wp-json\/wp\/v2\/categories?post=10759"},{"taxonomy":"post_tag","embeddable":true,"href":"https:\/\/www.lawebradio.com\/news\/wp-json\/wp\/v2\/tags?post=10759"}],"curies":[{"name":"wp","href":"https:\/\/api.w.org\/{rel}","templated":true}]}}