{"id":10746,"date":"2026-01-29T06:51:37","date_gmt":"2026-01-29T05:51:37","guid":{"rendered":"https:\/\/www.lawebradio.com\/news\/?p=10746"},"modified":"2026-01-27T08:56:37","modified_gmt":"2026-01-27T07:56:37","slug":"audio-marketing-digital-lintegration-de-la-webradio-booste-les-performances","status":"publish","type":"post","link":"https:\/\/www.lawebradio.com\/news\/audio-marketing-digital-lintegration-de-la-webradio-booste-les-performances\/","title":{"rendered":"Audio &#038; Marketing Digital : l\u2019Int\u00e9gration de la webradio booste les performances"},"content":{"rendered":"<p>[et_pb_section fb_built=\u00a0\u00bb1&Prime; _builder_version=\u00a0\u00bb4.6.5&Prime; _module_preset=\u00a0\u00bbdefault\u00a0\u00bb][et_pb_row _builder_version=\u00a0\u00bb4.6.5&Prime; _module_preset=\u00a0\u00bbdefault\u00a0\u00bb][et_pb_column type=\u00a0\u00bb4_4&Prime; _builder_version=\u00a0\u00bb4.6.5&Prime; _module_preset=\u00a0\u00bbdefault\u00a0\u00bb][et_pb_text _builder_version=\u00a0\u00bb4.8.0&Prime; _module_preset=\u00a0\u00bbdefault\u00a0\u00bb header_3_font_size=\u00a0\u00bb21px\u00a0\u00bb header_3_line_height=\u00a0\u00bb1.4em\u00a0\u00bb hover_enabled=\u00a0\u00bb0&Prime; sticky_enabled=\u00a0\u00bb0&Prime;]<\/p>\n<p><strong>Le 23 janvier 2026, Audacy a publi\u00e9 un insight particuli\u00e8rement \u00e9clairant sur un sujet que les professionnels du marketing ne peuvent plus ignorer : l\u2019int\u00e9gration de l\u2019audio, radio en streaming et podcasts, dans une strat\u00e9gie digitale am\u00e9liore significativement les performances marketing.<\/strong><\/p>\n<p>\u00c0 l\u2019heure o\u00f9 les marques cherchent \u00e0 capter l\u2019attention dans des environnements de plus en plus satur\u00e9s, cette conclusion r\u00e9sonne comme une \u00e9volution majeure du mix m\u00e9dia.<\/p>\n<h3>L\u2019audio, un acc\u00e9l\u00e9rateur naturel de performance digitale<\/h3>\n<p>Pendant longtemps, l\u2019audio a \u00e9t\u00e9 rang\u00e9 dans la cat\u00e9gorie des supports \u201caffinitaires\u201d, ou per\u00e7u comme un levier narratif compl\u00e9mentaire. L\u2019insight d\u2019Audacy vient remettre les pendules \u00e0 l\u2019heure : l\u2019audio est d\u00e9sormais un v\u00e9ritable moteur de performance, capable d\u2019am\u00e9liorer l\u2019efficacit\u00e9 des campagnes digitales existantes.<\/p>\n<p>L\u2019exemple le plus frappant est celui d\u2019une campagne OTT (vid\u00e9o en streaming) analys\u00e9e par Audacy : lorsqu\u2019elle est compl\u00e9t\u00e9e par l\u2019audio, la conversion grimpe de 38 % \u00e0 42 %, soit une hausse de 11 % simplement gr\u00e2ce \u00e0 l\u2019ajout de messages audio dans le parcours utilisateur.<\/p>\n<p>L\u2019audio ne remplace rien, il am\u00e9liore tout.<\/p>\n<h3>Pourquoi l\u2019audio am\u00e9liore-t-il autant les r\u00e9sultats marketing ?<\/h3>\n<p>Audacy identifie plusieurs m\u00e9canismes qui expliquent cette hausse de performance.<\/p>\n<p><strong>1) Un booster efficace en haut et milieu de tunnel<\/strong><\/p>\n<p>La radio en streaming comme les podcasts cr\u00e9ent une pr\u00e9sence r\u00e9guli\u00e8re, famili\u00e8re et \u00e9motionnelle dans l\u2019esprit de l\u2019auditeur.<br \/>Avant un clic, avant une recherche, avant une action digitale\u2026 l\u2019audio pr\u00e9pare le terrain.<\/p>\n<p>On parle alors d\u2019un v\u00e9ritable effet d\u2019amor\u00e7age, qui augmente les chances que l\u2019utilisateur interagisse ensuite avec une campagne display, vid\u00e9o ou search.<\/p>\n<p><strong>2) Une couverture d\u2019audiences difficiles \u00e0 atteindre<\/strong><\/p>\n<p>Autre avantage majeur : l\u2019audio permet de toucher des segments sous-expos\u00e9s ou qu\u2019on retrouve moins sur les environnements sociaux ou vid\u00e9o.<\/p>\n<p>Les auditeurs :<br \/>\u2022 consomment l\u2019audio souvent en multit\u00e2che (transport, sport, travail)<br \/>\u2022 ne sont pas toujours devant un \u00e9cran<br \/>\u2022 ont une attention moins satur\u00e9e<\/p>\n<p>Ainsi, l\u2019audio \u00e9tend la port\u00e9e utile d\u2019une campagne digitale, l\u00e0 o\u00f9 certains canaux plafonnent.<\/p>\n<p><strong>3) L\u2019audio amplifie la performance de tout le mix digital<\/strong><\/p>\n<p>Ce point est central : les \u00e9tudes cit\u00e9es par Audacy montrent que l\u2019audio augmente la performance des autres leviers, et pas seulement ses propres KPI.<\/p>\n<p>L\u2019ajout d\u2019audio g\u00e9n\u00e8re :<br \/>\u2022 des taux de conversion plus \u00e9lev\u00e9s,<br \/>\u2022 une hausse des recherches de marque,<br \/>\u2022 une meilleure m\u00e9morisation,<\/p>\n<p>et une plus grande r\u00e9activit\u00e9 aux publicit\u00e9s visuelles.<\/p>\n<h3>Audio + Digital : un duo devenu indispensable<\/h3>\n<p>Ce que d\u00e9montre l\u2019analyse d\u2019Audacy, c\u2019est qu\u2019il est aujourd\u2019hui strat\u00e9gique pour les annonceurs d\u2019int\u00e9grer l\u2019audio au c\u0153ur de leurs plans digitaux, notamment pour trois raisons :<\/p>\n<ol>\n<li>L\u2019audio s\u2019adapte parfaitement aux nouveaux usages<br \/>Streaming, smart speakers, \u00e9coute mobile, podcasts\u2026 l\u2019audio est d\u00e9sormais disponible partout, tout le temps.<\/li>\n<li>Les environnements audio sont per\u00e7us comme plus intimes et cr\u00e9dibles<br \/>C\u2019est particuli\u00e8rement vrai pour les podcasts, o\u00f9 la voix de l\u2019animateur cr\u00e9e un lien direct et influent avec les auditeurs.<\/li>\n<li>C\u2019est un levier performant et peu satur\u00e9<br \/>Contrairement au display ou \u00e0 la vid\u00e9o, l\u2019audio conserve une attention plus qualitative et une concurrence publicitaire moins agressive.<\/li>\n<\/ol>\n<p>R\u00e9sultat : l\u2019audio devient un \u201cperformance layer\u201d essentiel dans une strat\u00e9gie digitale moderne.<\/p>\n<h3>Un catalyseur marketing<\/h3>\n<p>L\u2019insight Audacy (23 janvier 2026) confirme une tendance de fond : int\u00e9grer la radio en streaming et les podcasts dans un plan digital n\u2019est plus une option, mais un levier concret d\u2019am\u00e9lioration des performances.<\/p>\n<p>Gr\u00e2ce \u00e0 l\u2019audio :<br \/>\u2022 les conversions augmentent,<br \/>\u2022 la port\u00e9e s\u2019\u00e9largit,<br \/>\u2022 l\u2019attention est meilleure,<br \/>\u2022 et tout le mix digital devient plus efficace.<\/p>\n<p>L\u2019audio s\u2019impose ainsi comme un catalyseur marketing, capable d\u2019amplifier l\u2019impact des strat\u00e9gies digitales des annonceurs.<\/p>\n<p>\u2022 <a href=\"https:\/\/audacyinc.com\/insights\/is-audio-the-easiest-upgrade-you-can-make-to-your-digital-strategy\/\" target=\"_blank\" rel=\"noopener\"><strong>En savoir plus &gt;&gt;<\/strong><\/a><\/p>\n<p>[\/et_pb_text][\/et_pb_column][\/et_pb_row][\/et_pb_section]<\/p>\n","protected":false},"excerpt":{"rendered":"<p>[et_pb_section fb_built=\u00a0\u00bb1&Prime; _builder_version=\u00a0\u00bb4.6.5&Prime; _module_preset=\u00a0\u00bbdefault\u00a0\u00bb][et_pb_row _builder_version=\u00a0\u00bb4.6.5&Prime; _module_preset=\u00a0\u00bbdefault\u00a0\u00bb][et_pb_column type=\u00a0\u00bb4_4&Prime; _builder_version=\u00a0\u00bb4.6.5&Prime; _module_preset=\u00a0\u00bbdefault\u00a0\u00bb][et_pb_text _builder_version=\u00a0\u00bb4.8.0&Prime; _module_preset=\u00a0\u00bbdefault\u00a0\u00bb header_3_font_size=\u00a0\u00bb21px\u00a0\u00bb header_3_line_height=\u00a0\u00bb1.4em\u00a0\u00bb hover_enabled=\u00a0\u00bb0&Prime; sticky_enabled=\u00a0\u00bb0&Prime;] Le 23 janvier 2026, Audacy a publi\u00e9 un insight particuli\u00e8rement \u00e9clairant sur un sujet que les professionnels du marketing ne peuvent plus ignorer : l\u2019int\u00e9gration de l\u2019audio, radio en streaming et podcasts, dans une strat\u00e9gie digitale am\u00e9liore significativement les performances [&hellip;]<\/p>\n","protected":false},"author":2,"featured_media":10747,"comment_status":"closed","ping_status":"closed","sticky":false,"template":"","format":"standard","meta":{"_et_pb_use_builder":"on","_et_pb_old_content":"","_et_gb_content_width":"","footnotes":""},"categories":[12],"tags":[],"class_list":["post-10746","post","type-post","status-publish","format-standard","has-post-thumbnail","hentry","category-revue","et-has-post-format-content","et_post_format-et-post-format-standard"],"yoast_head":"<!-- This site is optimized with the Yoast SEO plugin v27.5 - https:\/\/yoast.com\/product\/yoast-seo-wordpress\/ -->\n<title>Audio &amp; Marketing Digital : l\u2019Int\u00e9gration de la webradio booste les performances - Lawebradio.com - Actualit\u00e9s des radios digitales<\/title>\n<meta name=\"description\" content=\"Selon Audacy, int\u00e9grer l\u2019audio dans une strat\u00e9gie digitale augmente la conversion, \u00e9largit l\u2019audience et optimise tout le funnel marketing.\" \/>\n<meta name=\"robots\" content=\"index, follow, max-snippet:-1, max-image-preview:large, max-video-preview:-1\" \/>\n<link rel=\"canonical\" href=\"https:\/\/www.lawebradio.com\/news\/audio-marketing-digital-lintegration-de-la-webradio-booste-les-performances\/\" \/>\n<meta property=\"og:locale\" content=\"fr_FR\" \/>\n<meta property=\"og:type\" content=\"article\" \/>\n<meta property=\"og:title\" content=\"Audio &amp; Marketing Digital : l\u2019Int\u00e9gration de la webradio booste les performances - Lawebradio.com - Actualit\u00e9s des radios digitales\" \/>\n<meta property=\"og:description\" content=\"Selon Audacy, int\u00e9grer l\u2019audio dans une strat\u00e9gie digitale augmente la conversion, \u00e9largit l\u2019audience et optimise tout le funnel marketing.\" \/>\n<meta property=\"og:url\" content=\"https:\/\/www.lawebradio.com\/news\/audio-marketing-digital-lintegration-de-la-webradio-booste-les-performances\/\" \/>\n<meta property=\"og:site_name\" content=\"Lawebradio.com - Actualit\u00e9s des radios digitales\" \/>\n<meta property=\"article:published_time\" content=\"2026-01-29T05:51:37+00:00\" \/>\n<meta property=\"og:image\" content=\"https:\/\/www.lawebradio.com\/news\/wp-content\/uploads\/2026\/01\/27012026.jpg\" \/>\n\t<meta property=\"og:image:width\" content=\"735\" \/>\n\t<meta property=\"og:image:height\" content=\"350\" \/>\n\t<meta property=\"og:image:type\" content=\"image\/jpeg\" \/>\n<meta name=\"author\" content=\"Thomas Renaud\" \/>\n<meta name=\"twitter:label1\" content=\"\u00c9crit par\" \/>\n\t<meta name=\"twitter:data1\" content=\"Thomas Renaud\" \/>\n\t<meta name=\"twitter:label2\" content=\"Dur\u00e9e de lecture estim\u00e9e\" \/>\n\t<meta name=\"twitter:data2\" content=\"4 minutes\" \/>\n<script type=\"application\/ld+json\" class=\"yoast-schema-graph\">{\"@context\":\"https:\\\/\\\/schema.org\",\"@graph\":[{\"@type\":\"Article\",\"@id\":\"https:\\\/\\\/www.lawebradio.com\\\/news\\\/audio-marketing-digital-lintegration-de-la-webradio-booste-les-performances\\\/#article\",\"isPartOf\":{\"@id\":\"https:\\\/\\\/www.lawebradio.com\\\/news\\\/audio-marketing-digital-lintegration-de-la-webradio-booste-les-performances\\\/\"},\"author\":{\"name\":\"Thomas Renaud\",\"@id\":\"https:\\\/\\\/www.lawebradio.com\\\/news\\\/#\\\/schema\\\/person\\\/bc69f5fc3cfaf8f01edc3db43f10f1b6\"},\"headline\":\"Audio &#038; Marketing Digital : l\u2019Int\u00e9gration de la webradio booste les performances\",\"datePublished\":\"2026-01-29T05:51:37+00:00\",\"mainEntityOfPage\":{\"@id\":\"https:\\\/\\\/www.lawebradio.com\\\/news\\\/audio-marketing-digital-lintegration-de-la-webradio-booste-les-performances\\\/\"},\"wordCount\":738,\"publisher\":{\"@id\":\"https:\\\/\\\/www.lawebradio.com\\\/news\\\/#organization\"},\"image\":{\"@id\":\"https:\\\/\\\/www.lawebradio.com\\\/news\\\/audio-marketing-digital-lintegration-de-la-webradio-booste-les-performances\\\/#primaryimage\"},\"thumbnailUrl\":\"https:\\\/\\\/www.lawebradio.com\\\/news\\\/wp-content\\\/uploads\\\/2026\\\/01\\\/27012026.jpg\",\"articleSection\":[\"Revue de Presse\"],\"inLanguage\":\"fr-FR\"},{\"@type\":\"WebPage\",\"@id\":\"https:\\\/\\\/www.lawebradio.com\\\/news\\\/audio-marketing-digital-lintegration-de-la-webradio-booste-les-performances\\\/\",\"url\":\"https:\\\/\\\/www.lawebradio.com\\\/news\\\/audio-marketing-digital-lintegration-de-la-webradio-booste-les-performances\\\/\",\"name\":\"Audio & Marketing Digital : l\u2019Int\u00e9gration de la webradio booste les performances - Lawebradio.com - Actualit\u00e9s des radios digitales\",\"isPartOf\":{\"@id\":\"https:\\\/\\\/www.lawebradio.com\\\/news\\\/#website\"},\"primaryImageOfPage\":{\"@id\":\"https:\\\/\\\/www.lawebradio.com\\\/news\\\/audio-marketing-digital-lintegration-de-la-webradio-booste-les-performances\\\/#primaryimage\"},\"image\":{\"@id\":\"https:\\\/\\\/www.lawebradio.com\\\/news\\\/audio-marketing-digital-lintegration-de-la-webradio-booste-les-performances\\\/#primaryimage\"},\"thumbnailUrl\":\"https:\\\/\\\/www.lawebradio.com\\\/news\\\/wp-content\\\/uploads\\\/2026\\\/01\\\/27012026.jpg\",\"datePublished\":\"2026-01-29T05:51:37+00:00\",\"description\":\"Selon Audacy, int\u00e9grer l\u2019audio dans une strat\u00e9gie digitale augmente la conversion, \u00e9largit l\u2019audience et optimise tout le funnel marketing.\",\"inLanguage\":\"fr-FR\",\"potentialAction\":[{\"@type\":\"ReadAction\",\"target\":[\"https:\\\/\\\/www.lawebradio.com\\\/news\\\/audio-marketing-digital-lintegration-de-la-webradio-booste-les-performances\\\/\"]}]},{\"@type\":\"ImageObject\",\"inLanguage\":\"fr-FR\",\"@id\":\"https:\\\/\\\/www.lawebradio.com\\\/news\\\/audio-marketing-digital-lintegration-de-la-webradio-booste-les-performances\\\/#primaryimage\",\"url\":\"https:\\\/\\\/www.lawebradio.com\\\/news\\\/wp-content\\\/uploads\\\/2026\\\/01\\\/27012026.jpg\",\"contentUrl\":\"https:\\\/\\\/www.lawebradio.com\\\/news\\\/wp-content\\\/uploads\\\/2026\\\/01\\\/27012026.jpg\",\"width\":735,\"height\":350},{\"@type\":\"WebSite\",\"@id\":\"https:\\\/\\\/www.lawebradio.com\\\/news\\\/#website\",\"url\":\"https:\\\/\\\/www.lawebradio.com\\\/news\\\/\",\"name\":\"Lawebradio.com - Actualit\u00e9s des radios digitales\",\"description\":\"\",\"publisher\":{\"@id\":\"https:\\\/\\\/www.lawebradio.com\\\/news\\\/#organization\"},\"potentialAction\":[{\"@type\":\"SearchAction\",\"target\":{\"@type\":\"EntryPoint\",\"urlTemplate\":\"https:\\\/\\\/www.lawebradio.com\\\/news\\\/?s={search_term_string}\"},\"query-input\":{\"@type\":\"PropertyValueSpecification\",\"valueRequired\":true,\"valueName\":\"search_term_string\"}}],\"inLanguage\":\"fr-FR\"},{\"@type\":\"Organization\",\"@id\":\"https:\\\/\\\/www.lawebradio.com\\\/news\\\/#organization\",\"name\":\"Lawebradio.com - Actualit\u00e9s des radios digitales\",\"url\":\"https:\\\/\\\/www.lawebradio.com\\\/news\\\/\",\"logo\":{\"@type\":\"ImageObject\",\"inLanguage\":\"fr-FR\",\"@id\":\"https:\\\/\\\/www.lawebradio.com\\\/news\\\/#\\\/schema\\\/logo\\\/image\\\/\",\"url\":\"https:\\\/\\\/www.lawebradio.com\\\/news\\\/wp-content\\\/uploads\\\/2020\\\/10\\\/logo2020.png\",\"contentUrl\":\"https:\\\/\\\/www.lawebradio.com\\\/news\\\/wp-content\\\/uploads\\\/2020\\\/10\\\/logo2020.png\",\"width\":254,\"height\":43,\"caption\":\"Lawebradio.com - Actualit\u00e9s des radios digitales\"},\"image\":{\"@id\":\"https:\\\/\\\/www.lawebradio.com\\\/news\\\/#\\\/schema\\\/logo\\\/image\\\/\"}},{\"@type\":\"Person\",\"@id\":\"https:\\\/\\\/www.lawebradio.com\\\/news\\\/#\\\/schema\\\/person\\\/bc69f5fc3cfaf8f01edc3db43f10f1b6\",\"name\":\"Thomas Renaud\",\"image\":{\"@type\":\"ImageObject\",\"inLanguage\":\"fr-FR\",\"@id\":\"https:\\\/\\\/secure.gravatar.com\\\/avatar\\\/24b834e6dacf15dee888f8bbef435cf6307a4b8b6f23d7a4e7b42d8838eb1595?s=96&d=mm&r=g\",\"url\":\"https:\\\/\\\/secure.gravatar.com\\\/avatar\\\/24b834e6dacf15dee888f8bbef435cf6307a4b8b6f23d7a4e7b42d8838eb1595?s=96&d=mm&r=g\",\"contentUrl\":\"https:\\\/\\\/secure.gravatar.com\\\/avatar\\\/24b834e6dacf15dee888f8bbef435cf6307a4b8b6f23d7a4e7b42d8838eb1595?s=96&d=mm&r=g\",\"caption\":\"Thomas Renaud\"},\"url\":\"https:\\\/\\\/www.lawebradio.com\\\/news\\\/author\\\/fg2-newschef\\\/\"}]}<\/script>\n<!-- \/ Yoast SEO plugin. -->","yoast_head_json":{"title":"Audio & Marketing Digital : l\u2019Int\u00e9gration de la webradio booste les performances - Lawebradio.com - Actualit\u00e9s des radios digitales","description":"Selon Audacy, int\u00e9grer l\u2019audio dans une strat\u00e9gie digitale augmente la conversion, \u00e9largit l\u2019audience et optimise tout le funnel marketing.","robots":{"index":"index","follow":"follow","max-snippet":"max-snippet:-1","max-image-preview":"max-image-preview:large","max-video-preview":"max-video-preview:-1"},"canonical":"https:\/\/www.lawebradio.com\/news\/audio-marketing-digital-lintegration-de-la-webradio-booste-les-performances\/","og_locale":"fr_FR","og_type":"article","og_title":"Audio & Marketing Digital : l\u2019Int\u00e9gration de la webradio booste les performances - Lawebradio.com - Actualit\u00e9s des radios digitales","og_description":"Selon Audacy, int\u00e9grer l\u2019audio dans une strat\u00e9gie digitale augmente la conversion, \u00e9largit l\u2019audience et optimise tout le funnel marketing.","og_url":"https:\/\/www.lawebradio.com\/news\/audio-marketing-digital-lintegration-de-la-webradio-booste-les-performances\/","og_site_name":"Lawebradio.com - Actualit\u00e9s des radios digitales","article_published_time":"2026-01-29T05:51:37+00:00","og_image":[{"width":735,"height":350,"url":"https:\/\/www.lawebradio.com\/news\/wp-content\/uploads\/2026\/01\/27012026.jpg","type":"image\/jpeg"}],"author":"Thomas Renaud","twitter_misc":{"\u00c9crit par":"Thomas Renaud","Dur\u00e9e de lecture estim\u00e9e":"4 minutes"},"schema":{"@context":"https:\/\/schema.org","@graph":[{"@type":"Article","@id":"https:\/\/www.lawebradio.com\/news\/audio-marketing-digital-lintegration-de-la-webradio-booste-les-performances\/#article","isPartOf":{"@id":"https:\/\/www.lawebradio.com\/news\/audio-marketing-digital-lintegration-de-la-webradio-booste-les-performances\/"},"author":{"name":"Thomas Renaud","@id":"https:\/\/www.lawebradio.com\/news\/#\/schema\/person\/bc69f5fc3cfaf8f01edc3db43f10f1b6"},"headline":"Audio &#038; Marketing Digital : l\u2019Int\u00e9gration de la webradio booste les performances","datePublished":"2026-01-29T05:51:37+00:00","mainEntityOfPage":{"@id":"https:\/\/www.lawebradio.com\/news\/audio-marketing-digital-lintegration-de-la-webradio-booste-les-performances\/"},"wordCount":738,"publisher":{"@id":"https:\/\/www.lawebradio.com\/news\/#organization"},"image":{"@id":"https:\/\/www.lawebradio.com\/news\/audio-marketing-digital-lintegration-de-la-webradio-booste-les-performances\/#primaryimage"},"thumbnailUrl":"https:\/\/www.lawebradio.com\/news\/wp-content\/uploads\/2026\/01\/27012026.jpg","articleSection":["Revue de Presse"],"inLanguage":"fr-FR"},{"@type":"WebPage","@id":"https:\/\/www.lawebradio.com\/news\/audio-marketing-digital-lintegration-de-la-webradio-booste-les-performances\/","url":"https:\/\/www.lawebradio.com\/news\/audio-marketing-digital-lintegration-de-la-webradio-booste-les-performances\/","name":"Audio & Marketing Digital : l\u2019Int\u00e9gration de la webradio booste les performances - Lawebradio.com - Actualit\u00e9s des radios digitales","isPartOf":{"@id":"https:\/\/www.lawebradio.com\/news\/#website"},"primaryImageOfPage":{"@id":"https:\/\/www.lawebradio.com\/news\/audio-marketing-digital-lintegration-de-la-webradio-booste-les-performances\/#primaryimage"},"image":{"@id":"https:\/\/www.lawebradio.com\/news\/audio-marketing-digital-lintegration-de-la-webradio-booste-les-performances\/#primaryimage"},"thumbnailUrl":"https:\/\/www.lawebradio.com\/news\/wp-content\/uploads\/2026\/01\/27012026.jpg","datePublished":"2026-01-29T05:51:37+00:00","description":"Selon Audacy, int\u00e9grer l\u2019audio dans une strat\u00e9gie digitale augmente la conversion, \u00e9largit l\u2019audience et optimise tout le funnel marketing.","inLanguage":"fr-FR","potentialAction":[{"@type":"ReadAction","target":["https:\/\/www.lawebradio.com\/news\/audio-marketing-digital-lintegration-de-la-webradio-booste-les-performances\/"]}]},{"@type":"ImageObject","inLanguage":"fr-FR","@id":"https:\/\/www.lawebradio.com\/news\/audio-marketing-digital-lintegration-de-la-webradio-booste-les-performances\/#primaryimage","url":"https:\/\/www.lawebradio.com\/news\/wp-content\/uploads\/2026\/01\/27012026.jpg","contentUrl":"https:\/\/www.lawebradio.com\/news\/wp-content\/uploads\/2026\/01\/27012026.jpg","width":735,"height":350},{"@type":"WebSite","@id":"https:\/\/www.lawebradio.com\/news\/#website","url":"https:\/\/www.lawebradio.com\/news\/","name":"Lawebradio.com - Actualit\u00e9s des radios digitales","description":"","publisher":{"@id":"https:\/\/www.lawebradio.com\/news\/#organization"},"potentialAction":[{"@type":"SearchAction","target":{"@type":"EntryPoint","urlTemplate":"https:\/\/www.lawebradio.com\/news\/?s={search_term_string}"},"query-input":{"@type":"PropertyValueSpecification","valueRequired":true,"valueName":"search_term_string"}}],"inLanguage":"fr-FR"},{"@type":"Organization","@id":"https:\/\/www.lawebradio.com\/news\/#organization","name":"Lawebradio.com - Actualit\u00e9s des radios digitales","url":"https:\/\/www.lawebradio.com\/news\/","logo":{"@type":"ImageObject","inLanguage":"fr-FR","@id":"https:\/\/www.lawebradio.com\/news\/#\/schema\/logo\/image\/","url":"https:\/\/www.lawebradio.com\/news\/wp-content\/uploads\/2020\/10\/logo2020.png","contentUrl":"https:\/\/www.lawebradio.com\/news\/wp-content\/uploads\/2020\/10\/logo2020.png","width":254,"height":43,"caption":"Lawebradio.com - Actualit\u00e9s des radios digitales"},"image":{"@id":"https:\/\/www.lawebradio.com\/news\/#\/schema\/logo\/image\/"}},{"@type":"Person","@id":"https:\/\/www.lawebradio.com\/news\/#\/schema\/person\/bc69f5fc3cfaf8f01edc3db43f10f1b6","name":"Thomas Renaud","image":{"@type":"ImageObject","inLanguage":"fr-FR","@id":"https:\/\/secure.gravatar.com\/avatar\/24b834e6dacf15dee888f8bbef435cf6307a4b8b6f23d7a4e7b42d8838eb1595?s=96&d=mm&r=g","url":"https:\/\/secure.gravatar.com\/avatar\/24b834e6dacf15dee888f8bbef435cf6307a4b8b6f23d7a4e7b42d8838eb1595?s=96&d=mm&r=g","contentUrl":"https:\/\/secure.gravatar.com\/avatar\/24b834e6dacf15dee888f8bbef435cf6307a4b8b6f23d7a4e7b42d8838eb1595?s=96&d=mm&r=g","caption":"Thomas Renaud"},"url":"https:\/\/www.lawebradio.com\/news\/author\/fg2-newschef\/"}]}},"_links":{"self":[{"href":"https:\/\/www.lawebradio.com\/news\/wp-json\/wp\/v2\/posts\/10746","targetHints":{"allow":["GET"]}}],"collection":[{"href":"https:\/\/www.lawebradio.com\/news\/wp-json\/wp\/v2\/posts"}],"about":[{"href":"https:\/\/www.lawebradio.com\/news\/wp-json\/wp\/v2\/types\/post"}],"author":[{"embeddable":true,"href":"https:\/\/www.lawebradio.com\/news\/wp-json\/wp\/v2\/users\/2"}],"replies":[{"embeddable":true,"href":"https:\/\/www.lawebradio.com\/news\/wp-json\/wp\/v2\/comments?post=10746"}],"version-history":[{"count":7,"href":"https:\/\/www.lawebradio.com\/news\/wp-json\/wp\/v2\/posts\/10746\/revisions"}],"predecessor-version":[{"id":10757,"href":"https:\/\/www.lawebradio.com\/news\/wp-json\/wp\/v2\/posts\/10746\/revisions\/10757"}],"wp:featuredmedia":[{"embeddable":true,"href":"https:\/\/www.lawebradio.com\/news\/wp-json\/wp\/v2\/media\/10747"}],"wp:attachment":[{"href":"https:\/\/www.lawebradio.com\/news\/wp-json\/wp\/v2\/media?parent=10746"}],"wp:term":[{"taxonomy":"category","embeddable":true,"href":"https:\/\/www.lawebradio.com\/news\/wp-json\/wp\/v2\/categories?post=10746"},{"taxonomy":"post_tag","embeddable":true,"href":"https:\/\/www.lawebradio.com\/news\/wp-json\/wp\/v2\/tags?post=10746"}],"curies":[{"name":"wp","href":"https:\/\/api.w.org\/{rel}","templated":true}]}}