{"id":10687,"date":"2026-01-26T06:25:12","date_gmt":"2026-01-26T05:25:12","guid":{"rendered":"https:\/\/www.lawebradio.com\/news\/?p=10687"},"modified":"2026-01-27T08:52:18","modified_gmt":"2026-01-27T07:52:18","slug":"audio-digital-le-nouveau-champion-de-lefficacite-publicitaire","status":"publish","type":"post","link":"https:\/\/www.lawebradio.com\/news\/audio-digital-le-nouveau-champion-de-lefficacite-publicitaire\/","title":{"rendered":"Audio Digital : Le nouveau champion de l\u2019efficacit\u00e9 publicitaire"},"content":{"rendered":"<p>[et_pb_section fb_built=\u00a0\u00bb1&Prime; _builder_version=\u00a0\u00bb4.6.5&Prime; _module_preset=\u00a0\u00bbdefault\u00a0\u00bb][et_pb_row _builder_version=\u00a0\u00bb4.6.5&Prime; _module_preset=\u00a0\u00bbdefault\u00a0\u00bb][et_pb_column type=\u00a0\u00bb4_4&Prime; _builder_version=\u00a0\u00bb4.6.5&Prime; _module_preset=\u00a0\u00bbdefault\u00a0\u00bb][et_pb_text _builder_version=\u00a0\u00bb4.8.0&Prime; _module_preset=\u00a0\u00bbdefault\u00a0\u00bb header_3_font_size=\u00a0\u00bb21px\u00a0\u00bb header_3_line_height=\u00a0\u00bb1.4em\u00a0\u00bb]<\/p>\n<p><strong>Longtemps consid\u00e9r\u00e9 comme un \u201cplus\u201d dans une strat\u00e9gie m\u00e9dia, l\u2019audio digital s\u2019impose d\u00e9sormais comme un v\u00e9ritable moteur de performance publicitaire. L\u2019Alliance Digitale, en partenariat avec <a href=\"https:\/\/www.iligo.fr\/iligo-et-lalliance-digitale-webinaire-dedie-a-laudio-digital\/\" target=\"_blank\" rel=\"noopener\">l\u2019institut Iligo<\/a>, vient de publier une \u00e9tude qui bouscule les certitudes : podcasts, streaming audio et webradios g\u00e9n\u00e8rent des r\u00e9sultats plus forts, plus durables\u2026 et parfois m\u00eame plus efficaces que la vid\u00e9o ou le display.<\/strong><\/p>\n<p>Avec 43 millions d\u2019audionautes mensuels en France, l\u2019audio n\u2019est clairement plus un format de niche \u2014 c\u2019est un terrain de jeu strat\u00e9gique pour les marques.<\/p>\n<h3>Une \u00c9tude Brand Lift Implacable : L\u2019Audio Cr\u00e9\u00e9 du R\u00e9sultat<\/h3>\n<p>Pour cette analyse, <a href=\"https:\/\/www.alliancedigitale.org\/\" target=\"_blank\" rel=\"noopener\">Alliance Digitale<\/a> et Iligo ont pass\u00e9 au crible quatre campagnes audio digital diffus\u00e9es en 2025 (banque en ligne, automobile, GMS, alcool).<br \/>La m\u00e9thodologie est solide : comparaison expos\u00e9s \/ non-expos\u00e9s, mesure de l\u2019impact dans divers environnements (podcasts, streaming, webradios), et analyse de formats vari\u00e9s.<\/p>\n<p><strong>Les r\u00e9sultats sont sans appel :<br \/><\/strong>\u2022 +15 \u00e0 +33 points de reconnaissance de marque<br \/>\u2022 +6 \u00e0 +28 points d\u2019agr\u00e9ment et d\u2019image<br \/>\u2022 +5 \u00e0 +26 points en intentions (achat, visite, inscription\u2026)<\/p>\n<p>Ces performances confirment que l\u2019audio digital est un m\u00e9dia structurant, capable d\u2019agir \u00e0 toutes les \u00e9tapes du funnel marketing.<br \/>Un webinaire d\u00e9di\u00e9 a d\u2019ailleurs permis d\u2019explorer ces cas concrets : preuve suppl\u00e9mentaire que le secteur prend le sujet tr\u00e8s au s\u00e9rieux.<\/p>\n<h3>Audio vs Vid\u00e9o vs Display : Le Match des KPI<\/h3>\n<p>Dans un march\u00e9 o\u00f9 le display souffre et o\u00f9 la vid\u00e9o est sous pression, l\u2019audio cr\u00e9e la surprise.<\/p>\n<p>M\u00e9trique Audio Digital (Iligo 2025) Vid\u00e9o en ligne Display<br \/>Reconnaissance marque +15 \u00e0 +33 pts 56% de vid\u00e9os vues en int\u00e9gralit\u00e9 CPM -12% (en baisse)<br \/>Image \/ Agr\u00e9ment +6 \u00e0 +28 pts +40% de m\u00e9morisation apr\u00e8s 5 s Engagement faible<br \/>Intention d\u2019achat +5 \u00e0 +26 pts 73% de recall (Audion) -12% d\u2019investissements<\/p>\n<p>Ce qu\u2019il faut retenir :<br \/>&#8211; L\u2019audio d\u00e9passe largement le display en attention, m\u00e9morisation \u00e9motionnelle et impact global.<br \/>&#8211; Il compl\u00e8te efficacement la vid\u00e9o, notamment gr\u00e2ce \u00e0 une consommation en multit\u00e2che beaucoup plus naturelle.<br \/>&#8211; Et surtout : les investissements augmentent fortement (+26% en 2024, +23% au S1 2025), alors que le display et la vid\u00e9o reculent.<\/p>\n<p>[\/et_pb_text][et_pb_image src=\u00a0\u00bbhttps:\/\/www.lawebradio.com\/news\/wp-content\/uploads\/2026\/01\/23012026-01.jpg\u00a0\u00bb show_in_lightbox=\u00a0\u00bbon\u00a0\u00bb _builder_version=\u00a0\u00bb4.8.0&Prime; _module_preset=\u00a0\u00bbdefault\u00a0\u00bb][\/et_pb_image][et_pb_text _builder_version=\u00a0\u00bb4.8.0&Prime; _module_preset=\u00a0\u00bbdefault\u00a0\u00bb header_3_font_size=\u00a0\u00bb21px\u00a0\u00bb header_3_line_height=\u00a0\u00bb1.4em\u00a0\u00bb hover_enabled=\u00a0\u00bb0&Prime; sticky_enabled=\u00a0\u00bb0&Prime;]<\/p>\n<h3>Pourquoi l\u2019Audio Digital Fonctionne-T-Il Aussi Bien ?<\/h3>\n<p>Parce que le contexte a chang\u00e9\u2026 et que l\u2019audio coche toutes les cases :<\/p>\n<p><strong>1. Un m\u00e9dia non intrusif qui contourne les adblocks<br \/><\/strong>Pendant que la banni\u00e8re display s\u2019essouffle, l\u2019audio se glisse dans le quotidien sans forcer.<\/p>\n<p><strong>2. Une attention \u201cpassive\u201d mais efficace<br \/><\/strong>Id\u00e9al en multitasking : sport, voiture, cuisine\u2026<br \/>Contrairement \u00e0 la vid\u00e9o, pas besoin d\u2019un \u00e9cran disponible.<\/p>\n<p><strong>3. Une m\u00e9morisation imbattable<br \/><\/strong>Les \u00e9tudes montrent un boost d\u2019intention d\u2019achat de +38% vs les formats visuels gr\u00e2ce au pouvoir narratif du son.<\/p>\n<p><strong>4. Une pr\u00e9sence massive dans les usages<br \/><\/strong>En 2025, l\u2019audio digital a g\u00e9n\u00e9r\u00e9 3,95 milliards d\u2019impressions au premier semestre (+27%).<br \/>Entre podcasts, webradios, streaming et replay, les occasions d\u2019\u00e9coute explosent.<\/p>\n<p><strong>5. Un combo gagnant avec la vid\u00e9o<br \/><\/strong>Ajouter une couche audio \u00e0 une strat\u00e9gie vid\u00e9o permet d\u2019obtenir +3 points de m\u00e9morisation suppl\u00e9mentaires.<br \/>Un duo parfait pour renforcer l\u2019impact global.<\/p>\n<h3>Webradios &amp; Marques : L\u2019Audio, Votre Arme Secr\u00e8te pour 2025-2026<\/h3>\n<p><a href=\"https:\/\/www.alliancedigitale.org\/publication\/alliance-digitale-publie-la-mise-a-jour-2025-de-son-panorama-de-laudio-digital\" target=\"_blank\" rel=\"noopener\">Le barom\u00e8tre Alliance Digitale 2024-2025<\/a> positionne clairement l\u2019audio digital comme un must-have dans une strat\u00e9gie marketing moderne. Avec 125 millions d\u2019euros investis en 2024-2025, la dynamique est solide \u2014 et particuli\u00e8rement favorable aux acteurs sp\u00e9cialis\u00e9s dans :<br \/>\u2022 les univers <a href=\"https:\/\/www.lawebradio.com\/news\/abc-lounge-radio-le-phenomene-musical-discret-qui-domine-tunein\/\">zen \/ lounge<\/a>,<br \/>\u2022 les ambiances EDM, house, chill,<br \/>\u2022 les contenus immersifs favorisant la r\u00e9tention.<\/p>\n<p>Pour les webradios, c\u2019est une opportunit\u00e9 unique :<br \/>&#8211; leur capacit\u00e9 \u00e0 cr\u00e9er des environnements affin\u00e9s et \u00e9motionnels les rend extr\u00eamement performantes pour les marques.<br \/>&#8211; l\u2019\u00e9tude renforce l\u2019id\u00e9e que l\u2019audio n\u2019est plus un canal d\u2019appoint, mais un pilier strat\u00e9gique.<\/p>\n<h3>2025-2026, l\u2019\u00c2ge d\u2019Or de l\u2019Audio Digital<\/h3>\n<p>Tous les voyants sont au vert : audiences massives, KPI en hausse, investissements qui acc\u00e9l\u00e8rent\u2026<br \/>Pour les agences, les annonceurs, les webradios et les m\u00e9dias sp\u00e9cialis\u00e9s, <a href=\"https:\/\/www.lawebradio.com\/news\/laudio-digital-la-nouvelle-voix-strategique-des-entreprises-en-2025\/\">l\u2019audio digital<\/a> devient un terrain de performance incontournable.<\/p>\n<p>Les \u00e9tudes Alliance Digitale et Iligo le d\u00e9montrent sans d\u00e9tour :<br \/>si vous n\u2019int\u00e9grez pas encore l\u2019audio dans vos plans m\u00e9dia, c\u2019est le moment ou jamais.<\/p>\n<p>\u2022 <a href=\"https:\/\/www.alliancedigitale.org\/publication\/laudio-digital-confirme-son-efficacite-sur-lensemble-des-etapes-du-funnel\/\" target=\"_blank\" rel=\"noopener\"><strong>En savoir plus &gt;&gt;<\/strong><\/a><\/p>\n<p>[\/et_pb_text][\/et_pb_column][\/et_pb_row][\/et_pb_section]<\/p>\n","protected":false},"excerpt":{"rendered":"<p>[et_pb_section fb_built=\u00a0\u00bb1&Prime; _builder_version=\u00a0\u00bb4.6.5&Prime; _module_preset=\u00a0\u00bbdefault\u00a0\u00bb][et_pb_row _builder_version=\u00a0\u00bb4.6.5&Prime; _module_preset=\u00a0\u00bbdefault\u00a0\u00bb][et_pb_column type=\u00a0\u00bb4_4&Prime; _builder_version=\u00a0\u00bb4.6.5&Prime; _module_preset=\u00a0\u00bbdefault\u00a0\u00bb][et_pb_text _builder_version=\u00a0\u00bb4.8.0&Prime; _module_preset=\u00a0\u00bbdefault\u00a0\u00bb header_3_font_size=\u00a0\u00bb21px\u00a0\u00bb header_3_line_height=\u00a0\u00bb1.4em\u00a0\u00bb] Longtemps consid\u00e9r\u00e9 comme un \u201cplus\u201d dans une strat\u00e9gie m\u00e9dia, l\u2019audio digital s\u2019impose d\u00e9sormais comme un v\u00e9ritable moteur de performance publicitaire. L\u2019Alliance Digitale, en partenariat avec l\u2019institut Iligo, vient de publier une \u00e9tude qui bouscule les certitudes : podcasts, streaming audio et webradios [&hellip;]<\/p>\n","protected":false},"author":2,"featured_media":10688,"comment_status":"closed","ping_status":"closed","sticky":false,"template":"","format":"standard","meta":{"_et_pb_use_builder":"on","_et_pb_old_content":"","_et_gb_content_width":"","footnotes":""},"categories":[12],"tags":[1141,1137],"class_list":["post-10687","post","type-post","status-publish","format-standard","has-post-thumbnail","hentry","category-revue","tag-alliance-digitale","tag-audio-digital","et-has-post-format-content","et_post_format-et-post-format-standard"],"yoast_head":"<!-- This site is optimized with the Yoast SEO plugin v27.5 - https:\/\/yoast.com\/product\/yoast-seo-wordpress\/ -->\n<title>Audio Digital : Le nouveau champion de l\u2019efficacit\u00e9 publicitaire - Lawebradio.com - Actualit\u00e9s des radios digitales<\/title>\n<meta name=\"description\" content=\"L\u2019audio digital devient le m\u00e9dia le plus performant en 2025 : croissance des investissements et opportunit\u00e9s pour les marques et webradios.\" \/>\n<meta name=\"robots\" content=\"index, follow, max-snippet:-1, max-image-preview:large, max-video-preview:-1\" \/>\n<link rel=\"canonical\" href=\"https:\/\/www.lawebradio.com\/news\/audio-digital-le-nouveau-champion-de-lefficacite-publicitaire\/\" \/>\n<meta property=\"og:locale\" content=\"fr_FR\" \/>\n<meta property=\"og:type\" content=\"article\" \/>\n<meta property=\"og:title\" content=\"Audio Digital : Le nouveau champion de l\u2019efficacit\u00e9 publicitaire - Lawebradio.com - Actualit\u00e9s des radios digitales\" \/>\n<meta property=\"og:description\" content=\"L\u2019audio digital devient le m\u00e9dia le plus performant en 2025 : croissance des investissements et opportunit\u00e9s pour les marques et webradios.\" \/>\n<meta property=\"og:url\" content=\"https:\/\/www.lawebradio.com\/news\/audio-digital-le-nouveau-champion-de-lefficacite-publicitaire\/\" \/>\n<meta property=\"og:site_name\" content=\"Lawebradio.com - Actualit\u00e9s des radios digitales\" \/>\n<meta property=\"article:published_time\" content=\"2026-01-26T05:25:12+00:00\" \/>\n<meta property=\"article:modified_time\" content=\"2026-01-27T07:52:18+00:00\" \/>\n<meta property=\"og:image\" content=\"https:\/\/www.lawebradio.com\/news\/wp-content\/uploads\/2026\/01\/23012026-02.jpg\" \/>\n\t<meta property=\"og:image:width\" content=\"735\" \/>\n\t<meta property=\"og:image:height\" content=\"350\" \/>\n\t<meta property=\"og:image:type\" content=\"image\/jpeg\" \/>\n<meta name=\"author\" content=\"Thomas Renaud\" \/>\n<meta name=\"twitter:label1\" content=\"\u00c9crit par\" \/>\n\t<meta name=\"twitter:data1\" content=\"Thomas Renaud\" \/>\n\t<meta name=\"twitter:label2\" content=\"Dur\u00e9e de lecture estim\u00e9e\" \/>\n\t<meta name=\"twitter:data2\" content=\"4 minutes\" \/>\n<script type=\"application\/ld+json\" class=\"yoast-schema-graph\">{\"@context\":\"https:\\\/\\\/schema.org\",\"@graph\":[{\"@type\":\"Article\",\"@id\":\"https:\\\/\\\/www.lawebradio.com\\\/news\\\/audio-digital-le-nouveau-champion-de-lefficacite-publicitaire\\\/#article\",\"isPartOf\":{\"@id\":\"https:\\\/\\\/www.lawebradio.com\\\/news\\\/audio-digital-le-nouveau-champion-de-lefficacite-publicitaire\\\/\"},\"author\":{\"name\":\"Thomas Renaud\",\"@id\":\"https:\\\/\\\/www.lawebradio.com\\\/news\\\/#\\\/schema\\\/person\\\/bc69f5fc3cfaf8f01edc3db43f10f1b6\"},\"headline\":\"Audio Digital : Le nouveau champion de l\u2019efficacit\u00e9 publicitaire\",\"datePublished\":\"2026-01-26T05:25:12+00:00\",\"dateModified\":\"2026-01-27T07:52:18+00:00\",\"mainEntityOfPage\":{\"@id\":\"https:\\\/\\\/www.lawebradio.com\\\/news\\\/audio-digital-le-nouveau-champion-de-lefficacite-publicitaire\\\/\"},\"wordCount\":841,\"publisher\":{\"@id\":\"https:\\\/\\\/www.lawebradio.com\\\/news\\\/#organization\"},\"image\":{\"@id\":\"https:\\\/\\\/www.lawebradio.com\\\/news\\\/audio-digital-le-nouveau-champion-de-lefficacite-publicitaire\\\/#primaryimage\"},\"thumbnailUrl\":\"https:\\\/\\\/www.lawebradio.com\\\/news\\\/wp-content\\\/uploads\\\/2026\\\/01\\\/23012026-02.jpg\",\"keywords\":[\"alliance digitale\",\"audio digital\"],\"articleSection\":[\"Revue de Presse\"],\"inLanguage\":\"fr-FR\"},{\"@type\":\"WebPage\",\"@id\":\"https:\\\/\\\/www.lawebradio.com\\\/news\\\/audio-digital-le-nouveau-champion-de-lefficacite-publicitaire\\\/\",\"url\":\"https:\\\/\\\/www.lawebradio.com\\\/news\\\/audio-digital-le-nouveau-champion-de-lefficacite-publicitaire\\\/\",\"name\":\"Audio Digital : Le nouveau champion de l\u2019efficacit\u00e9 publicitaire - Lawebradio.com - Actualit\u00e9s des radios digitales\",\"isPartOf\":{\"@id\":\"https:\\\/\\\/www.lawebradio.com\\\/news\\\/#website\"},\"primaryImageOfPage\":{\"@id\":\"https:\\\/\\\/www.lawebradio.com\\\/news\\\/audio-digital-le-nouveau-champion-de-lefficacite-publicitaire\\\/#primaryimage\"},\"image\":{\"@id\":\"https:\\\/\\\/www.lawebradio.com\\\/news\\\/audio-digital-le-nouveau-champion-de-lefficacite-publicitaire\\\/#primaryimage\"},\"thumbnailUrl\":\"https:\\\/\\\/www.lawebradio.com\\\/news\\\/wp-content\\\/uploads\\\/2026\\\/01\\\/23012026-02.jpg\",\"datePublished\":\"2026-01-26T05:25:12+00:00\",\"dateModified\":\"2026-01-27T07:52:18+00:00\",\"description\":\"L\u2019audio digital devient le m\u00e9dia le plus performant en 2025 : croissance des investissements et opportunit\u00e9s pour les marques et webradios.\",\"inLanguage\":\"fr-FR\",\"potentialAction\":[{\"@type\":\"ReadAction\",\"target\":[\"https:\\\/\\\/www.lawebradio.com\\\/news\\\/audio-digital-le-nouveau-champion-de-lefficacite-publicitaire\\\/\"]}]},{\"@type\":\"ImageObject\",\"inLanguage\":\"fr-FR\",\"@id\":\"https:\\\/\\\/www.lawebradio.com\\\/news\\\/audio-digital-le-nouveau-champion-de-lefficacite-publicitaire\\\/#primaryimage\",\"url\":\"https:\\\/\\\/www.lawebradio.com\\\/news\\\/wp-content\\\/uploads\\\/2026\\\/01\\\/23012026-02.jpg\",\"contentUrl\":\"https:\\\/\\\/www.lawebradio.com\\\/news\\\/wp-content\\\/uploads\\\/2026\\\/01\\\/23012026-02.jpg\",\"width\":735,\"height\":350},{\"@type\":\"WebSite\",\"@id\":\"https:\\\/\\\/www.lawebradio.com\\\/news\\\/#website\",\"url\":\"https:\\\/\\\/www.lawebradio.com\\\/news\\\/\",\"name\":\"Lawebradio.com - Actualit\u00e9s des radios digitales\",\"description\":\"\",\"publisher\":{\"@id\":\"https:\\\/\\\/www.lawebradio.com\\\/news\\\/#organization\"},\"potentialAction\":[{\"@type\":\"SearchAction\",\"target\":{\"@type\":\"EntryPoint\",\"urlTemplate\":\"https:\\\/\\\/www.lawebradio.com\\\/news\\\/?s={search_term_string}\"},\"query-input\":{\"@type\":\"PropertyValueSpecification\",\"valueRequired\":true,\"valueName\":\"search_term_string\"}}],\"inLanguage\":\"fr-FR\"},{\"@type\":\"Organization\",\"@id\":\"https:\\\/\\\/www.lawebradio.com\\\/news\\\/#organization\",\"name\":\"Lawebradio.com - Actualit\u00e9s des radios digitales\",\"url\":\"https:\\\/\\\/www.lawebradio.com\\\/news\\\/\",\"logo\":{\"@type\":\"ImageObject\",\"inLanguage\":\"fr-FR\",\"@id\":\"https:\\\/\\\/www.lawebradio.com\\\/news\\\/#\\\/schema\\\/logo\\\/image\\\/\",\"url\":\"https:\\\/\\\/www.lawebradio.com\\\/news\\\/wp-content\\\/uploads\\\/2020\\\/10\\\/logo2020.png\",\"contentUrl\":\"https:\\\/\\\/www.lawebradio.com\\\/news\\\/wp-content\\\/uploads\\\/2020\\\/10\\\/logo2020.png\",\"width\":254,\"height\":43,\"caption\":\"Lawebradio.com - Actualit\u00e9s des radios digitales\"},\"image\":{\"@id\":\"https:\\\/\\\/www.lawebradio.com\\\/news\\\/#\\\/schema\\\/logo\\\/image\\\/\"}},{\"@type\":\"Person\",\"@id\":\"https:\\\/\\\/www.lawebradio.com\\\/news\\\/#\\\/schema\\\/person\\\/bc69f5fc3cfaf8f01edc3db43f10f1b6\",\"name\":\"Thomas Renaud\",\"image\":{\"@type\":\"ImageObject\",\"inLanguage\":\"fr-FR\",\"@id\":\"https:\\\/\\\/secure.gravatar.com\\\/avatar\\\/24b834e6dacf15dee888f8bbef435cf6307a4b8b6f23d7a4e7b42d8838eb1595?s=96&d=mm&r=g\",\"url\":\"https:\\\/\\\/secure.gravatar.com\\\/avatar\\\/24b834e6dacf15dee888f8bbef435cf6307a4b8b6f23d7a4e7b42d8838eb1595?s=96&d=mm&r=g\",\"contentUrl\":\"https:\\\/\\\/secure.gravatar.com\\\/avatar\\\/24b834e6dacf15dee888f8bbef435cf6307a4b8b6f23d7a4e7b42d8838eb1595?s=96&d=mm&r=g\",\"caption\":\"Thomas Renaud\"},\"url\":\"https:\\\/\\\/www.lawebradio.com\\\/news\\\/author\\\/fg2-newschef\\\/\"}]}<\/script>\n<!-- \/ Yoast SEO plugin. -->","yoast_head_json":{"title":"Audio Digital : Le nouveau champion de l\u2019efficacit\u00e9 publicitaire - Lawebradio.com - Actualit\u00e9s des radios digitales","description":"L\u2019audio digital devient le m\u00e9dia le plus performant en 2025 : croissance des investissements et opportunit\u00e9s pour les marques et webradios.","robots":{"index":"index","follow":"follow","max-snippet":"max-snippet:-1","max-image-preview":"max-image-preview:large","max-video-preview":"max-video-preview:-1"},"canonical":"https:\/\/www.lawebradio.com\/news\/audio-digital-le-nouveau-champion-de-lefficacite-publicitaire\/","og_locale":"fr_FR","og_type":"article","og_title":"Audio Digital : Le nouveau champion de l\u2019efficacit\u00e9 publicitaire - Lawebradio.com - Actualit\u00e9s des radios digitales","og_description":"L\u2019audio digital devient le m\u00e9dia le plus performant en 2025 : croissance des investissements et opportunit\u00e9s pour les marques et webradios.","og_url":"https:\/\/www.lawebradio.com\/news\/audio-digital-le-nouveau-champion-de-lefficacite-publicitaire\/","og_site_name":"Lawebradio.com - Actualit\u00e9s des radios digitales","article_published_time":"2026-01-26T05:25:12+00:00","article_modified_time":"2026-01-27T07:52:18+00:00","og_image":[{"width":735,"height":350,"url":"https:\/\/www.lawebradio.com\/news\/wp-content\/uploads\/2026\/01\/23012026-02.jpg","type":"image\/jpeg"}],"author":"Thomas Renaud","twitter_misc":{"\u00c9crit par":"Thomas Renaud","Dur\u00e9e de lecture estim\u00e9e":"4 minutes"},"schema":{"@context":"https:\/\/schema.org","@graph":[{"@type":"Article","@id":"https:\/\/www.lawebradio.com\/news\/audio-digital-le-nouveau-champion-de-lefficacite-publicitaire\/#article","isPartOf":{"@id":"https:\/\/www.lawebradio.com\/news\/audio-digital-le-nouveau-champion-de-lefficacite-publicitaire\/"},"author":{"name":"Thomas Renaud","@id":"https:\/\/www.lawebradio.com\/news\/#\/schema\/person\/bc69f5fc3cfaf8f01edc3db43f10f1b6"},"headline":"Audio Digital : Le nouveau champion de l\u2019efficacit\u00e9 publicitaire","datePublished":"2026-01-26T05:25:12+00:00","dateModified":"2026-01-27T07:52:18+00:00","mainEntityOfPage":{"@id":"https:\/\/www.lawebradio.com\/news\/audio-digital-le-nouveau-champion-de-lefficacite-publicitaire\/"},"wordCount":841,"publisher":{"@id":"https:\/\/www.lawebradio.com\/news\/#organization"},"image":{"@id":"https:\/\/www.lawebradio.com\/news\/audio-digital-le-nouveau-champion-de-lefficacite-publicitaire\/#primaryimage"},"thumbnailUrl":"https:\/\/www.lawebradio.com\/news\/wp-content\/uploads\/2026\/01\/23012026-02.jpg","keywords":["alliance digitale","audio digital"],"articleSection":["Revue de Presse"],"inLanguage":"fr-FR"},{"@type":"WebPage","@id":"https:\/\/www.lawebradio.com\/news\/audio-digital-le-nouveau-champion-de-lefficacite-publicitaire\/","url":"https:\/\/www.lawebradio.com\/news\/audio-digital-le-nouveau-champion-de-lefficacite-publicitaire\/","name":"Audio Digital : Le nouveau champion de l\u2019efficacit\u00e9 publicitaire - Lawebradio.com - Actualit\u00e9s des radios digitales","isPartOf":{"@id":"https:\/\/www.lawebradio.com\/news\/#website"},"primaryImageOfPage":{"@id":"https:\/\/www.lawebradio.com\/news\/audio-digital-le-nouveau-champion-de-lefficacite-publicitaire\/#primaryimage"},"image":{"@id":"https:\/\/www.lawebradio.com\/news\/audio-digital-le-nouveau-champion-de-lefficacite-publicitaire\/#primaryimage"},"thumbnailUrl":"https:\/\/www.lawebradio.com\/news\/wp-content\/uploads\/2026\/01\/23012026-02.jpg","datePublished":"2026-01-26T05:25:12+00:00","dateModified":"2026-01-27T07:52:18+00:00","description":"L\u2019audio digital devient le m\u00e9dia le plus performant en 2025 : croissance des investissements et opportunit\u00e9s pour les marques et webradios.","inLanguage":"fr-FR","potentialAction":[{"@type":"ReadAction","target":["https:\/\/www.lawebradio.com\/news\/audio-digital-le-nouveau-champion-de-lefficacite-publicitaire\/"]}]},{"@type":"ImageObject","inLanguage":"fr-FR","@id":"https:\/\/www.lawebradio.com\/news\/audio-digital-le-nouveau-champion-de-lefficacite-publicitaire\/#primaryimage","url":"https:\/\/www.lawebradio.com\/news\/wp-content\/uploads\/2026\/01\/23012026-02.jpg","contentUrl":"https:\/\/www.lawebradio.com\/news\/wp-content\/uploads\/2026\/01\/23012026-02.jpg","width":735,"height":350},{"@type":"WebSite","@id":"https:\/\/www.lawebradio.com\/news\/#website","url":"https:\/\/www.lawebradio.com\/news\/","name":"Lawebradio.com - Actualit\u00e9s des radios digitales","description":"","publisher":{"@id":"https:\/\/www.lawebradio.com\/news\/#organization"},"potentialAction":[{"@type":"SearchAction","target":{"@type":"EntryPoint","urlTemplate":"https:\/\/www.lawebradio.com\/news\/?s={search_term_string}"},"query-input":{"@type":"PropertyValueSpecification","valueRequired":true,"valueName":"search_term_string"}}],"inLanguage":"fr-FR"},{"@type":"Organization","@id":"https:\/\/www.lawebradio.com\/news\/#organization","name":"Lawebradio.com - Actualit\u00e9s des radios digitales","url":"https:\/\/www.lawebradio.com\/news\/","logo":{"@type":"ImageObject","inLanguage":"fr-FR","@id":"https:\/\/www.lawebradio.com\/news\/#\/schema\/logo\/image\/","url":"https:\/\/www.lawebradio.com\/news\/wp-content\/uploads\/2020\/10\/logo2020.png","contentUrl":"https:\/\/www.lawebradio.com\/news\/wp-content\/uploads\/2020\/10\/logo2020.png","width":254,"height":43,"caption":"Lawebradio.com - Actualit\u00e9s des radios digitales"},"image":{"@id":"https:\/\/www.lawebradio.com\/news\/#\/schema\/logo\/image\/"}},{"@type":"Person","@id":"https:\/\/www.lawebradio.com\/news\/#\/schema\/person\/bc69f5fc3cfaf8f01edc3db43f10f1b6","name":"Thomas Renaud","image":{"@type":"ImageObject","inLanguage":"fr-FR","@id":"https:\/\/secure.gravatar.com\/avatar\/24b834e6dacf15dee888f8bbef435cf6307a4b8b6f23d7a4e7b42d8838eb1595?s=96&d=mm&r=g","url":"https:\/\/secure.gravatar.com\/avatar\/24b834e6dacf15dee888f8bbef435cf6307a4b8b6f23d7a4e7b42d8838eb1595?s=96&d=mm&r=g","contentUrl":"https:\/\/secure.gravatar.com\/avatar\/24b834e6dacf15dee888f8bbef435cf6307a4b8b6f23d7a4e7b42d8838eb1595?s=96&d=mm&r=g","caption":"Thomas Renaud"},"url":"https:\/\/www.lawebradio.com\/news\/author\/fg2-newschef\/"}]}},"_links":{"self":[{"href":"https:\/\/www.lawebradio.com\/news\/wp-json\/wp\/v2\/posts\/10687","targetHints":{"allow":["GET"]}}],"collection":[{"href":"https:\/\/www.lawebradio.com\/news\/wp-json\/wp\/v2\/posts"}],"about":[{"href":"https:\/\/www.lawebradio.com\/news\/wp-json\/wp\/v2\/types\/post"}],"author":[{"embeddable":true,"href":"https:\/\/www.lawebradio.com\/news\/wp-json\/wp\/v2\/users\/2"}],"replies":[{"embeddable":true,"href":"https:\/\/www.lawebradio.com\/news\/wp-json\/wp\/v2\/comments?post=10687"}],"version-history":[{"count":9,"href":"https:\/\/www.lawebradio.com\/news\/wp-json\/wp\/v2\/posts\/10687\/revisions"}],"predecessor-version":[{"id":10755,"href":"https:\/\/www.lawebradio.com\/news\/wp-json\/wp\/v2\/posts\/10687\/revisions\/10755"}],"wp:featuredmedia":[{"embeddable":true,"href":"https:\/\/www.lawebradio.com\/news\/wp-json\/wp\/v2\/media\/10688"}],"wp:attachment":[{"href":"https:\/\/www.lawebradio.com\/news\/wp-json\/wp\/v2\/media?parent=10687"}],"wp:term":[{"taxonomy":"category","embeddable":true,"href":"https:\/\/www.lawebradio.com\/news\/wp-json\/wp\/v2\/categories?post=10687"},{"taxonomy":"post_tag","embeddable":true,"href":"https:\/\/www.lawebradio.com\/news\/wp-json\/wp\/v2\/tags?post=10687"}],"curies":[{"name":"wp","href":"https:\/\/api.w.org\/{rel}","templated":true}]}}