{"id":10670,"date":"2026-01-22T17:42:59","date_gmt":"2026-01-22T16:42:59","guid":{"rendered":"https:\/\/www.lawebradio.com\/news\/?p=10670"},"modified":"2026-01-27T08:53:27","modified_gmt":"2026-01-27T07:53:27","slug":"radio-fg-chronique-de-lascension-irresistible-des-webradios-electro","status":"publish","type":"post","link":"https:\/\/www.lawebradio.com\/news\/radio-fg-chronique-de-lascension-irresistible-des-webradios-electro\/","title":{"rendered":"Radio FG : chronique de l\u2019ascension irr\u00e9sistible des webradios \u00e9lectro"},"content":{"rendered":"<p>[et_pb_section fb_built=\u00a0\u00bb1&Prime; _builder_version=\u00a0\u00bb4.6.5&Prime; _module_preset=\u00a0\u00bbdefault\u00a0\u00bb][et_pb_row _builder_version=\u00a0\u00bb4.6.5&Prime; _module_preset=\u00a0\u00bbdefault\u00a0\u00bb][et_pb_column type=\u00a0\u00bb4_4&Prime; _builder_version=\u00a0\u00bb4.6.5&Prime; _module_preset=\u00a0\u00bbdefault\u00a0\u00bb][et_pb_text _builder_version=\u00a0\u00bb4.8.0&Prime; _module_preset=\u00a0\u00bbdefault\u00a0\u00bb header_3_font_size=\u00a0\u00bb21px\u00a0\u00bb header_3_line_height=\u00a0\u00bb1.4em\u00a0\u00bb hover_enabled=\u00a0\u00bb0&Prime; sticky_enabled=\u00a0\u00bb0&Prime;]<\/p>\n<p><strong>Dans les sph\u00e8res de la musique \u00e9lectronique, rares sont les marques qui transcendent leur statut de simple station pour devenir un v\u00e9ritable \u00e9cosyst\u00e8me culturel et digital. Radio FG est de celles-l\u00e0. N\u00e9e \u00e0 Paris en 1981 sous le nom de Fr\u00e9quence Gaie, elle a grandi jusqu\u2019\u00e0 devenir une r\u00e9f\u00e9rence mondiale de la house, techno et \u00e9lectro, port\u00e9e par une strat\u00e9gie num\u00e9rique audacieuse et une connexion forte \u00e0 ses auditeurs.<\/strong><\/p>\n<p>Depuis 2024, la Maison FG a orchestr\u00e9 un d\u00e9ploiement exceptionnel de webradios th\u00e9matiques, d\u00e9sormais accessibles gratuitement sur radiofg.com et via l\u2019application mobile FG. Aujourd\u2019hui, ce sont plus de 50 radios digitales sp\u00e9cialis\u00e9es qui couvrent les multiples facettes de l\u2019univers \u00e9lectro, des grooves lounge aux circuits dance les plus pointus. D\u00e8s f\u00e9vrier 2026, 10 nouvelles th\u00e9matiques viendront s&rsquo;ajouter \u00e0 cette offre.<\/p>\n<p>Temps fort des d\u00e9veloppements r\u00e9cents :<br \/>\u2022 Novembre 2024 : arriv\u00e9e de FG Pop Electro, <a href=\"https:\/\/www.lawebradio.com\/news\/dechainez-vous-sur-les-3-nouvelles-playlists-fg-radio\/\">FG RnB Chic<\/a> et FG Mix Trance, portant le catalogue \u00e0 46 webradios.<br \/>\u2022 \u00c9t\u00e9 2025 : lancement de FG Sunset (ambiances estivales), FG Remix (house\/disco\/afro) et FG Afro-House.<br \/>\u2022 Octobre 2025 : d\u00e9ploiement de FG Mix French Touch, FG Mix House Progressive et d\u2019une station \u00e9ph\u00e9m\u00e8re FG x ADE d\u00e9di\u00e9e \u00e0 l\u2019Amsterdam Dance Event.<\/p>\n<p>Ce bouquet th\u00e9matique s\u2019\u00e9largit sans cesse, avec des radios pour accompagner tous les moments de la vie \u2014 entra\u00eenement, d\u00e9tente, soir\u00e9es, collections rares de classiques ou sets DJ exclusifs \u2014 le tout avec tr\u00e8s peu d\u2019interruptions publicitaires et des milliers d\u2019heures de mixes DJ internationaux.<\/p>\n<h3>Audience : des chiffres qui confirment la domination<\/h3>\n<p>La strat\u00e9gie de diversification porte ses fruits. Selon les derniers chiffres publi\u00e9s par l\u2019<a href=\"https:\/\/www.acpm.fr\/Les-chiffres\/Frequentation-Radios\/Classement-des-Radios-Digitales\/Par-radio\/Classement-France\" target=\"_blank\" rel=\"noopener\">ACPM<\/a> pour septembre 2025, la marque FG se positionne comme une force majeure du num\u00e9rique :<br \/>\u2022 3,62 millions de streams mensuels dans le monde, pla\u00e7ant FG au 17\u1d49 rang des marques radio en France, devant des acteurs historiques comme Fun Radio ou Europe 2.<br \/>\u2022 3,78 millions de streams mensuels au global, dont 2,81 millions en France.<br \/>\u2022 44 millions de streams sur un an et 24,36 millions d\u2019heures d\u2019\u00e9coute.<\/p>\n<p>Trois stations de la Maison FG figurent parmi les 100 radios digitales les plus \u00e9cout\u00e9es, avec Radio FG, FG Chic et FG Starter by Hakimakli en t\u00eate.<\/p>\n<h3>Une pr\u00e9sence FM + DAB+ qui d\u00e9passe le digital<\/h3>\n<p>Si la force de FG repose sur ses webradios, l\u2019\u00e9cosyst\u00e8me ne s\u2019arr\u00eate pas au streaming. Radio FG est \u00e9galement diffus\u00e9e sur de nombreuses fr\u00e9quences FM \u00e0 travers la France \u2014 de Paris \u00e0 Marseille, de Toulouse \u00e0 Strasbourg \u2014 et b\u00e9n\u00e9ficie d\u2019une pr\u00e9sence \u00e9tendue en DAB+, notamment dans les grandes m\u00e9tropoles et zones urbaines.<\/p>\n<p>Cette couverture hybride FM + num\u00e9rique permet \u00e0 la marque de toucher \u00e0 la fois les auditeurs classiques et les utilisateurs mobiles du streaming, ce qui renforce son visibilit\u00e9 multi-plateforme.<\/p>\n<p>[\/et_pb_text][et_pb_image src=\u00a0\u00bbhttps:\/\/www.lawebradio.com\/news\/wp-content\/uploads\/2026\/01\/22012026-04.jpg\u00a0\u00bb _builder_version=\u00a0\u00bb4.8.0&Prime; _module_preset=\u00a0\u00bbdefault\u00a0\u00bb][\/et_pb_image][et_pb_text _builder_version=\u00a0\u00bb4.8.0&Prime; _module_preset=\u00a0\u00bbdefault\u00a0\u00bb header_3_font_size=\u00a0\u00bb21px\u00a0\u00bb header_3_line_height=\u00a0\u00bb1.4em\u00a0\u00bb]<\/p>\n<h3>Un public jeune, nomade et fid\u00e8le<\/h3>\n<p>Du c\u00f4t\u00e9 des usages, la mobilit\u00e9 est reine. Pr\u00e8s des \u00be des streams proviennent d\u2019appareils mobiles, via l\u2019application FG et les plateformes nomades \u2014 parfait pour accompagner les runs, les voyages ou les soir\u00e9es improvis\u00e9es.<\/p>\n<p>\u00c0 l\u2019international, FG confirme sa port\u00e9e globale avec environ 25 % des \u00e9coutes hors de France, soit entre 810 000 et 1 million d\u2019\u00e9coutes par mois. Cette pr\u00e9sence \u00e0 l\u2019international est un signe fort : la marque ne se contente plus de rayonner localement, elle s\u2019affirme comme une r\u00e9f\u00e9rence mondiale de l\u2019\u00e9lectro digitale.<\/p>\n<h3>Une programmation riche et vivante<\/h3>\n<p>Outre les flux webradios, Radio FG propose aussi des formats d\u2019\u00e9coute vari\u00e9s, \u00e9missions et podcasts qui rythment l\u2019actualit\u00e9 musicale :<br \/>\u2022 Le Starter FG by Hakimakli, rendez-vous quotidien des nouveaut\u00e9s house, disco-house et tech-house.<br \/>\u2022 Des podcasts \u201cHappy Hour\u201d et mixes DJ r\u00e9guliers avec artistes comme Block &amp; Crown.<br \/>\u2022 La matinale FG anim\u00e9e par Greg Di Mano chaque matin, proposant news et tendances musicales.<\/p>\n<p>Ce contenu enrichit l\u2019offre musicale et fid\u00e9lise les auditeurs en leur donnant des rendez-vous r\u00e9guliers.<\/p>\n<h3>Dans un paysage radio en pleine transformation<\/h3>\n<p>L\u2019\u00e9cosyst\u00e8me radiophonique fran\u00e7ais continue d\u2019\u00e9voluer sous la pression du num\u00e9rique. Si les radios g\u00e9n\u00e9ralistes traditionnelles restent tr\u00e8s puissantes (France Inter, RMC, franceinfo en t\u00eate des audiences num\u00e9riques), les webradios et plateformes digitales gagnent du terrain en capturant des publics plus jeunes et tr\u00e8s connect\u00e9s.<\/p>\n<p>Dans ce contexte, la mont\u00e9e de Radio FG \u2014 avec une strat\u00e9gie qui combine innovation digitale, programmation hybride FM\/DAB+ et engagement communautaire fort \u2014 illustre parfaitement la mani\u00e8re dont les radios musicales peuvent se r\u00e9inventer pour rester pertinentes.<\/p>\n<h3>FG, une marque \u00e9lectro incontournable<\/h3>\n<p>\u00c0 l\u2019heure o\u00f9 la musique \u00e9lectronique traverse ses propres renaissances cr\u00e9atives et culturelles, Radio FG ne se contente pas de suivre la vague : elle la fa\u00e7onne. En multipliant les webradios sp\u00e9cialis\u00e9es, en consolidant ses audiences records et en restant proche de ses auditeurs, FG s\u2019impose comme une marque radio du 21\u1d49 si\u00e8cle, agile, globale et r\u00e9solument tourn\u00e9e vers l\u2019avenir.<\/p>\n<p>\u2022 <a href=\"https:\/\/www.radiofg.com\/les-radios-fg\" target=\"_blank\" rel=\"noopener\"><strong>En savoir plus &gt;&gt;<\/strong><\/a><\/p>\n<p>[\/et_pb_text][\/et_pb_column][\/et_pb_row][\/et_pb_section]<\/p>\n","protected":false},"excerpt":{"rendered":"<p>[et_pb_section fb_built=\u00a0\u00bb1&Prime; _builder_version=\u00a0\u00bb4.6.5&Prime; _module_preset=\u00a0\u00bbdefault\u00a0\u00bb][et_pb_row _builder_version=\u00a0\u00bb4.6.5&Prime; _module_preset=\u00a0\u00bbdefault\u00a0\u00bb][et_pb_column type=\u00a0\u00bb4_4&Prime; _builder_version=\u00a0\u00bb4.6.5&Prime; _module_preset=\u00a0\u00bbdefault\u00a0\u00bb][et_pb_text _builder_version=\u00a0\u00bb4.8.0&Prime; _module_preset=\u00a0\u00bbdefault\u00a0\u00bb header_3_font_size=\u00a0\u00bb21px\u00a0\u00bb header_3_line_height=\u00a0\u00bb1.4em\u00a0\u00bb hover_enabled=\u00a0\u00bb0&Prime; sticky_enabled=\u00a0\u00bb0&Prime;] Dans les sph\u00e8res de la musique \u00e9lectronique, rares sont les marques qui transcendent leur statut de simple station pour devenir un v\u00e9ritable \u00e9cosyst\u00e8me culturel et digital. Radio FG est de celles-l\u00e0. N\u00e9e \u00e0 Paris en 1981 sous le nom de [&hellip;]<\/p>\n","protected":false},"author":3,"featured_media":10671,"comment_status":"closed","ping_status":"closed","sticky":false,"template":"","format":"standard","meta":{"_et_pb_use_builder":"on","_et_pb_old_content":"","_et_gb_content_width":"","footnotes":""},"categories":[6],"tags":[343,727,908],"class_list":["post-10670","post","type-post","status-publish","format-standard","has-post-thumbnail","hentry","category-focus","tag-electro","tag-musique-electronique","tag-radio-fg","et-has-post-format-content","et_post_format-et-post-format-standard"],"yoast_head":"<!-- This site is optimized with the Yoast SEO plugin v27.4 - https:\/\/yoast.com\/product\/yoast-seo-wordpress\/ -->\n<title>Radio FG : chronique de l\u2019ascension irr\u00e9sistible des webradios \u00e9lectro - Lawebradio.com - Actualit\u00e9s des radios digitales<\/title>\n<meta name=\"description\" content=\"Radio FG acc\u00e9l\u00e8re son expansion digitale avec plus de 60 webradios \u00e9lectro et une strat\u00e9gie mobile internationale en forte croissance.\" \/>\n<meta name=\"robots\" content=\"index, follow, max-snippet:-1, max-image-preview:large, max-video-preview:-1\" \/>\n<link rel=\"canonical\" href=\"https:\/\/www.lawebradio.com\/news\/radio-fg-chronique-de-lascension-irresistible-des-webradios-electro\/\" \/>\n<meta property=\"og:locale\" content=\"fr_FR\" \/>\n<meta property=\"og:type\" content=\"article\" \/>\n<meta property=\"og:title\" content=\"Radio FG : chronique de l\u2019ascension irr\u00e9sistible des webradios \u00e9lectro - Lawebradio.com - Actualit\u00e9s des radios digitales\" \/>\n<meta property=\"og:description\" content=\"Radio FG acc\u00e9l\u00e8re son expansion digitale avec plus de 60 webradios \u00e9lectro et une strat\u00e9gie mobile internationale en forte croissance.\" \/>\n<meta property=\"og:url\" content=\"https:\/\/www.lawebradio.com\/news\/radio-fg-chronique-de-lascension-irresistible-des-webradios-electro\/\" \/>\n<meta property=\"og:site_name\" content=\"Lawebradio.com - Actualit\u00e9s des radios digitales\" \/>\n<meta property=\"article:published_time\" content=\"2026-01-22T16:42:59+00:00\" \/>\n<meta property=\"article:modified_time\" content=\"2026-01-27T07:53:27+00:00\" \/>\n<meta property=\"og:image\" content=\"https:\/\/www.lawebradio.com\/news\/wp-content\/uploads\/2026\/01\/22012026-03.jpg\" \/>\n\t<meta property=\"og:image:width\" content=\"735\" \/>\n\t<meta property=\"og:image:height\" content=\"350\" \/>\n\t<meta property=\"og:image:type\" content=\"image\/jpeg\" \/>\n<meta name=\"author\" content=\"Julien Lecourbe\" \/>\n<meta name=\"twitter:label1\" content=\"\u00c9crit par\" \/>\n\t<meta name=\"twitter:data1\" content=\"Julien Lecourbe\" \/>\n\t<meta name=\"twitter:label2\" content=\"Dur\u00e9e de lecture estim\u00e9e\" \/>\n\t<meta name=\"twitter:data2\" content=\"5 minutes\" \/>\n<script type=\"application\/ld+json\" class=\"yoast-schema-graph\">{\"@context\":\"https:\\\/\\\/schema.org\",\"@graph\":[{\"@type\":\"Article\",\"@id\":\"https:\\\/\\\/www.lawebradio.com\\\/news\\\/radio-fg-chronique-de-lascension-irresistible-des-webradios-electro\\\/#article\",\"isPartOf\":{\"@id\":\"https:\\\/\\\/www.lawebradio.com\\\/news\\\/radio-fg-chronique-de-lascension-irresistible-des-webradios-electro\\\/\"},\"author\":{\"name\":\"Julien Lecourbe\",\"@id\":\"https:\\\/\\\/www.lawebradio.com\\\/news\\\/#\\\/schema\\\/person\\\/95fd11aee6e6cfe70a4b58b482103f1f\"},\"headline\":\"Radio FG : chronique de l\u2019ascension irr\u00e9sistible des webradios \u00e9lectro\",\"datePublished\":\"2026-01-22T16:42:59+00:00\",\"dateModified\":\"2026-01-27T07:53:27+00:00\",\"mainEntityOfPage\":{\"@id\":\"https:\\\/\\\/www.lawebradio.com\\\/news\\\/radio-fg-chronique-de-lascension-irresistible-des-webradios-electro\\\/\"},\"wordCount\":957,\"publisher\":{\"@id\":\"https:\\\/\\\/www.lawebradio.com\\\/news\\\/#organization\"},\"image\":{\"@id\":\"https:\\\/\\\/www.lawebradio.com\\\/news\\\/radio-fg-chronique-de-lascension-irresistible-des-webradios-electro\\\/#primaryimage\"},\"thumbnailUrl\":\"https:\\\/\\\/www.lawebradio.com\\\/news\\\/wp-content\\\/uploads\\\/2026\\\/01\\\/22012026-03.jpg\",\"keywords\":[\"electro\",\"musique \u00e9lectronique\",\"radio fg\"],\"articleSection\":[\"Focus\"],\"inLanguage\":\"fr-FR\"},{\"@type\":\"WebPage\",\"@id\":\"https:\\\/\\\/www.lawebradio.com\\\/news\\\/radio-fg-chronique-de-lascension-irresistible-des-webradios-electro\\\/\",\"url\":\"https:\\\/\\\/www.lawebradio.com\\\/news\\\/radio-fg-chronique-de-lascension-irresistible-des-webradios-electro\\\/\",\"name\":\"Radio FG : chronique de l\u2019ascension irr\u00e9sistible des webradios \u00e9lectro - Lawebradio.com - Actualit\u00e9s des radios digitales\",\"isPartOf\":{\"@id\":\"https:\\\/\\\/www.lawebradio.com\\\/news\\\/#website\"},\"primaryImageOfPage\":{\"@id\":\"https:\\\/\\\/www.lawebradio.com\\\/news\\\/radio-fg-chronique-de-lascension-irresistible-des-webradios-electro\\\/#primaryimage\"},\"image\":{\"@id\":\"https:\\\/\\\/www.lawebradio.com\\\/news\\\/radio-fg-chronique-de-lascension-irresistible-des-webradios-electro\\\/#primaryimage\"},\"thumbnailUrl\":\"https:\\\/\\\/www.lawebradio.com\\\/news\\\/wp-content\\\/uploads\\\/2026\\\/01\\\/22012026-03.jpg\",\"datePublished\":\"2026-01-22T16:42:59+00:00\",\"dateModified\":\"2026-01-27T07:53:27+00:00\",\"description\":\"Radio FG acc\u00e9l\u00e8re son expansion digitale avec plus de 60 webradios \u00e9lectro et une strat\u00e9gie mobile internationale en forte croissance.\",\"inLanguage\":\"fr-FR\",\"potentialAction\":[{\"@type\":\"ReadAction\",\"target\":[\"https:\\\/\\\/www.lawebradio.com\\\/news\\\/radio-fg-chronique-de-lascension-irresistible-des-webradios-electro\\\/\"]}]},{\"@type\":\"ImageObject\",\"inLanguage\":\"fr-FR\",\"@id\":\"https:\\\/\\\/www.lawebradio.com\\\/news\\\/radio-fg-chronique-de-lascension-irresistible-des-webradios-electro\\\/#primaryimage\",\"url\":\"https:\\\/\\\/www.lawebradio.com\\\/news\\\/wp-content\\\/uploads\\\/2026\\\/01\\\/22012026-03.jpg\",\"contentUrl\":\"https:\\\/\\\/www.lawebradio.com\\\/news\\\/wp-content\\\/uploads\\\/2026\\\/01\\\/22012026-03.jpg\",\"width\":735,\"height\":350},{\"@type\":\"WebSite\",\"@id\":\"https:\\\/\\\/www.lawebradio.com\\\/news\\\/#website\",\"url\":\"https:\\\/\\\/www.lawebradio.com\\\/news\\\/\",\"name\":\"Lawebradio.com - Actualit\u00e9s des radios digitales\",\"description\":\"\",\"publisher\":{\"@id\":\"https:\\\/\\\/www.lawebradio.com\\\/news\\\/#organization\"},\"potentialAction\":[{\"@type\":\"SearchAction\",\"target\":{\"@type\":\"EntryPoint\",\"urlTemplate\":\"https:\\\/\\\/www.lawebradio.com\\\/news\\\/?s={search_term_string}\"},\"query-input\":{\"@type\":\"PropertyValueSpecification\",\"valueRequired\":true,\"valueName\":\"search_term_string\"}}],\"inLanguage\":\"fr-FR\"},{\"@type\":\"Organization\",\"@id\":\"https:\\\/\\\/www.lawebradio.com\\\/news\\\/#organization\",\"name\":\"Lawebradio.com - Actualit\u00e9s des radios digitales\",\"url\":\"https:\\\/\\\/www.lawebradio.com\\\/news\\\/\",\"logo\":{\"@type\":\"ImageObject\",\"inLanguage\":\"fr-FR\",\"@id\":\"https:\\\/\\\/www.lawebradio.com\\\/news\\\/#\\\/schema\\\/logo\\\/image\\\/\",\"url\":\"https:\\\/\\\/www.lawebradio.com\\\/news\\\/wp-content\\\/uploads\\\/2020\\\/10\\\/logo2020.png\",\"contentUrl\":\"https:\\\/\\\/www.lawebradio.com\\\/news\\\/wp-content\\\/uploads\\\/2020\\\/10\\\/logo2020.png\",\"width\":254,\"height\":43,\"caption\":\"Lawebradio.com - Actualit\u00e9s des radios digitales\"},\"image\":{\"@id\":\"https:\\\/\\\/www.lawebradio.com\\\/news\\\/#\\\/schema\\\/logo\\\/image\\\/\"}},{\"@type\":\"Person\",\"@id\":\"https:\\\/\\\/www.lawebradio.com\\\/news\\\/#\\\/schema\\\/person\\\/95fd11aee6e6cfe70a4b58b482103f1f\",\"name\":\"Julien Lecourbe\",\"image\":{\"@type\":\"ImageObject\",\"inLanguage\":\"fr-FR\",\"@id\":\"https:\\\/\\\/secure.gravatar.com\\\/avatar\\\/0d25a327c6e268d9730d9c0cbeeee0fea76f04c6cf9528c29e782ef324afc515?s=96&d=mm&r=g\",\"url\":\"https:\\\/\\\/secure.gravatar.com\\\/avatar\\\/0d25a327c6e268d9730d9c0cbeeee0fea76f04c6cf9528c29e782ef324afc515?s=96&d=mm&r=g\",\"contentUrl\":\"https:\\\/\\\/secure.gravatar.com\\\/avatar\\\/0d25a327c6e268d9730d9c0cbeeee0fea76f04c6cf9528c29e782ef324afc515?s=96&d=mm&r=g\",\"caption\":\"Julien Lecourbe\"},\"url\":\"https:\\\/\\\/www.lawebradio.com\\\/news\\\/author\\\/la-redaction\\\/\"}]}<\/script>\n<!-- \/ Yoast SEO plugin. -->","yoast_head_json":{"title":"Radio FG : chronique de l\u2019ascension irr\u00e9sistible des webradios \u00e9lectro - Lawebradio.com - Actualit\u00e9s des radios digitales","description":"Radio FG acc\u00e9l\u00e8re son expansion digitale avec plus de 60 webradios \u00e9lectro et une strat\u00e9gie mobile internationale en forte croissance.","robots":{"index":"index","follow":"follow","max-snippet":"max-snippet:-1","max-image-preview":"max-image-preview:large","max-video-preview":"max-video-preview:-1"},"canonical":"https:\/\/www.lawebradio.com\/news\/radio-fg-chronique-de-lascension-irresistible-des-webradios-electro\/","og_locale":"fr_FR","og_type":"article","og_title":"Radio FG : chronique de l\u2019ascension irr\u00e9sistible des webradios \u00e9lectro - Lawebradio.com - Actualit\u00e9s des radios digitales","og_description":"Radio FG acc\u00e9l\u00e8re son expansion digitale avec plus de 60 webradios \u00e9lectro et une strat\u00e9gie mobile internationale en forte croissance.","og_url":"https:\/\/www.lawebradio.com\/news\/radio-fg-chronique-de-lascension-irresistible-des-webradios-electro\/","og_site_name":"Lawebradio.com - Actualit\u00e9s des radios digitales","article_published_time":"2026-01-22T16:42:59+00:00","article_modified_time":"2026-01-27T07:53:27+00:00","og_image":[{"width":735,"height":350,"url":"https:\/\/www.lawebradio.com\/news\/wp-content\/uploads\/2026\/01\/22012026-03.jpg","type":"image\/jpeg"}],"author":"Julien Lecourbe","twitter_misc":{"\u00c9crit par":"Julien Lecourbe","Dur\u00e9e de lecture estim\u00e9e":"5 minutes"},"schema":{"@context":"https:\/\/schema.org","@graph":[{"@type":"Article","@id":"https:\/\/www.lawebradio.com\/news\/radio-fg-chronique-de-lascension-irresistible-des-webradios-electro\/#article","isPartOf":{"@id":"https:\/\/www.lawebradio.com\/news\/radio-fg-chronique-de-lascension-irresistible-des-webradios-electro\/"},"author":{"name":"Julien Lecourbe","@id":"https:\/\/www.lawebradio.com\/news\/#\/schema\/person\/95fd11aee6e6cfe70a4b58b482103f1f"},"headline":"Radio FG : chronique de l\u2019ascension irr\u00e9sistible des webradios \u00e9lectro","datePublished":"2026-01-22T16:42:59+00:00","dateModified":"2026-01-27T07:53:27+00:00","mainEntityOfPage":{"@id":"https:\/\/www.lawebradio.com\/news\/radio-fg-chronique-de-lascension-irresistible-des-webradios-electro\/"},"wordCount":957,"publisher":{"@id":"https:\/\/www.lawebradio.com\/news\/#organization"},"image":{"@id":"https:\/\/www.lawebradio.com\/news\/radio-fg-chronique-de-lascension-irresistible-des-webradios-electro\/#primaryimage"},"thumbnailUrl":"https:\/\/www.lawebradio.com\/news\/wp-content\/uploads\/2026\/01\/22012026-03.jpg","keywords":["electro","musique \u00e9lectronique","radio fg"],"articleSection":["Focus"],"inLanguage":"fr-FR"},{"@type":"WebPage","@id":"https:\/\/www.lawebradio.com\/news\/radio-fg-chronique-de-lascension-irresistible-des-webradios-electro\/","url":"https:\/\/www.lawebradio.com\/news\/radio-fg-chronique-de-lascension-irresistible-des-webradios-electro\/","name":"Radio FG : chronique de l\u2019ascension irr\u00e9sistible des webradios \u00e9lectro - Lawebradio.com - Actualit\u00e9s des radios digitales","isPartOf":{"@id":"https:\/\/www.lawebradio.com\/news\/#website"},"primaryImageOfPage":{"@id":"https:\/\/www.lawebradio.com\/news\/radio-fg-chronique-de-lascension-irresistible-des-webradios-electro\/#primaryimage"},"image":{"@id":"https:\/\/www.lawebradio.com\/news\/radio-fg-chronique-de-lascension-irresistible-des-webradios-electro\/#primaryimage"},"thumbnailUrl":"https:\/\/www.lawebradio.com\/news\/wp-content\/uploads\/2026\/01\/22012026-03.jpg","datePublished":"2026-01-22T16:42:59+00:00","dateModified":"2026-01-27T07:53:27+00:00","description":"Radio FG acc\u00e9l\u00e8re son expansion digitale avec plus de 60 webradios \u00e9lectro et une strat\u00e9gie mobile internationale en forte croissance.","inLanguage":"fr-FR","potentialAction":[{"@type":"ReadAction","target":["https:\/\/www.lawebradio.com\/news\/radio-fg-chronique-de-lascension-irresistible-des-webradios-electro\/"]}]},{"@type":"ImageObject","inLanguage":"fr-FR","@id":"https:\/\/www.lawebradio.com\/news\/radio-fg-chronique-de-lascension-irresistible-des-webradios-electro\/#primaryimage","url":"https:\/\/www.lawebradio.com\/news\/wp-content\/uploads\/2026\/01\/22012026-03.jpg","contentUrl":"https:\/\/www.lawebradio.com\/news\/wp-content\/uploads\/2026\/01\/22012026-03.jpg","width":735,"height":350},{"@type":"WebSite","@id":"https:\/\/www.lawebradio.com\/news\/#website","url":"https:\/\/www.lawebradio.com\/news\/","name":"Lawebradio.com - Actualit\u00e9s des radios digitales","description":"","publisher":{"@id":"https:\/\/www.lawebradio.com\/news\/#organization"},"potentialAction":[{"@type":"SearchAction","target":{"@type":"EntryPoint","urlTemplate":"https:\/\/www.lawebradio.com\/news\/?s={search_term_string}"},"query-input":{"@type":"PropertyValueSpecification","valueRequired":true,"valueName":"search_term_string"}}],"inLanguage":"fr-FR"},{"@type":"Organization","@id":"https:\/\/www.lawebradio.com\/news\/#organization","name":"Lawebradio.com - Actualit\u00e9s des radios digitales","url":"https:\/\/www.lawebradio.com\/news\/","logo":{"@type":"ImageObject","inLanguage":"fr-FR","@id":"https:\/\/www.lawebradio.com\/news\/#\/schema\/logo\/image\/","url":"https:\/\/www.lawebradio.com\/news\/wp-content\/uploads\/2020\/10\/logo2020.png","contentUrl":"https:\/\/www.lawebradio.com\/news\/wp-content\/uploads\/2020\/10\/logo2020.png","width":254,"height":43,"caption":"Lawebradio.com - Actualit\u00e9s des radios digitales"},"image":{"@id":"https:\/\/www.lawebradio.com\/news\/#\/schema\/logo\/image\/"}},{"@type":"Person","@id":"https:\/\/www.lawebradio.com\/news\/#\/schema\/person\/95fd11aee6e6cfe70a4b58b482103f1f","name":"Julien Lecourbe","image":{"@type":"ImageObject","inLanguage":"fr-FR","@id":"https:\/\/secure.gravatar.com\/avatar\/0d25a327c6e268d9730d9c0cbeeee0fea76f04c6cf9528c29e782ef324afc515?s=96&d=mm&r=g","url":"https:\/\/secure.gravatar.com\/avatar\/0d25a327c6e268d9730d9c0cbeeee0fea76f04c6cf9528c29e782ef324afc515?s=96&d=mm&r=g","contentUrl":"https:\/\/secure.gravatar.com\/avatar\/0d25a327c6e268d9730d9c0cbeeee0fea76f04c6cf9528c29e782ef324afc515?s=96&d=mm&r=g","caption":"Julien Lecourbe"},"url":"https:\/\/www.lawebradio.com\/news\/author\/la-redaction\/"}]}},"_links":{"self":[{"href":"https:\/\/www.lawebradio.com\/news\/wp-json\/wp\/v2\/posts\/10670","targetHints":{"allow":["GET"]}}],"collection":[{"href":"https:\/\/www.lawebradio.com\/news\/wp-json\/wp\/v2\/posts"}],"about":[{"href":"https:\/\/www.lawebradio.com\/news\/wp-json\/wp\/v2\/types\/post"}],"author":[{"embeddable":true,"href":"https:\/\/www.lawebradio.com\/news\/wp-json\/wp\/v2\/users\/3"}],"replies":[{"embeddable":true,"href":"https:\/\/www.lawebradio.com\/news\/wp-json\/wp\/v2\/comments?post=10670"}],"version-history":[{"count":9,"href":"https:\/\/www.lawebradio.com\/news\/wp-json\/wp\/v2\/posts\/10670\/revisions"}],"predecessor-version":[{"id":10756,"href":"https:\/\/www.lawebradio.com\/news\/wp-json\/wp\/v2\/posts\/10670\/revisions\/10756"}],"wp:featuredmedia":[{"embeddable":true,"href":"https:\/\/www.lawebradio.com\/news\/wp-json\/wp\/v2\/media\/10671"}],"wp:attachment":[{"href":"https:\/\/www.lawebradio.com\/news\/wp-json\/wp\/v2\/media?parent=10670"}],"wp:term":[{"taxonomy":"category","embeddable":true,"href":"https:\/\/www.lawebradio.com\/news\/wp-json\/wp\/v2\/categories?post=10670"},{"taxonomy":"post_tag","embeddable":true,"href":"https:\/\/www.lawebradio.com\/news\/wp-json\/wp\/v2\/tags?post=10670"}],"curies":[{"name":"wp","href":"https:\/\/api.w.org\/{rel}","templated":true}]}}