{"id":10638,"date":"2026-01-22T17:10:22","date_gmt":"2026-01-22T16:10:22","guid":{"rendered":"https:\/\/www.lawebradio.com\/news\/?p=10638"},"modified":"2026-01-22T17:10:22","modified_gmt":"2026-01-22T16:10:22","slug":"le-paris-radio-show-2026-trace-la-nouvelle-route-de-laudio-digital","status":"publish","type":"post","link":"https:\/\/www.lawebradio.com\/news\/le-paris-radio-show-2026-trace-la-nouvelle-route-de-laudio-digital\/","title":{"rendered":"Le Paris Radio Show 2026 trace la nouvelle route de l\u2019audio digital"},"content":{"rendered":"<p>[et_pb_section fb_built=\u00a0\u00bb1&Prime; _builder_version=\u00a0\u00bb4.6.5&Prime; _module_preset=\u00a0\u00bbdefault\u00a0\u00bb][et_pb_row _builder_version=\u00a0\u00bb4.6.5&Prime; _module_preset=\u00a0\u00bbdefault\u00a0\u00bb][et_pb_column type=\u00a0\u00bb4_4&Prime; _builder_version=\u00a0\u00bb4.6.5&Prime; _module_preset=\u00a0\u00bbdefault\u00a0\u00bb][et_pb_text _builder_version=\u00a0\u00bb4.8.0&Prime; _module_preset=\u00a0\u00bbdefault\u00a0\u00bb header_3_font_size=\u00a0\u00bb21px\u00a0\u00bb header_3_line_height=\u00a0\u00bb1.4em\u00a0\u00bb hover_enabled=\u00a0\u00bb0&Prime; sticky_enabled=\u00a0\u00bb0&Prime;]<\/p>\n<p><strong>Les 3 et 4 f\u00e9vrier 2026, les acteurs de l\u2019audio digital ont rendez-vous \u00e0 La Bellevilloise pour une nouvelle \u00e9dition du Paris Radio Show. Si l\u2019\u00e9v\u00e9nement attire chaque ann\u00e9e radios, studios et r\u00e9gies, l\u2019\u00e9dition 2026 s\u2019annonce comme un moment cl\u00e9 pour un secteur en pleine expansion : les webradios.<\/strong><\/p>\n<p>Entre innovations technologiques, nouveaux usages et opportunit\u00e9s de croissance, le salon devient plus que jamais un laboratoire o\u00f9 se dessine l\u2019avenir de la diffusion en ligne.<\/p>\n<h3>Un \u00e9v\u00e9nement taill\u00e9 pour les acteurs de la radio num\u00e9rique<\/h3>\n<p>Install\u00e9 dans l\u2019embl\u00e9matique Bellevilloise, lieu culturel devenu un rep\u00e8re pour l\u2019audio ind\u00e9pendant, le Paris Radio Show offre un environnement id\u00e9al pour les webradios. Avec ses salles modulables, ses zones de d\u00e9monstrations, ses studios \u00e9ph\u00e9m\u00e8res et ses espaces d\u2019\u00e9changes, le site se transforme en v\u00e9ritable carrefour de l\u2019audio digital.<br \/>Les webradios y trouvent un terrain d\u2019exploration unique : solutions de diffusion, outils de mon\u00e9tisation, automatisation, cr\u00e9ation de formats innovants et nouveaux mod\u00e8les \u00e9conomiques.<\/p>\n<p>\u00c0 la diff\u00e9rence des salons g\u00e9n\u00e9ralistes, ici, les acteurs du streaming audio peuvent rencontrer directement des fournisseurs sp\u00e9cialis\u00e9s, tester des technologies en conditions r\u00e9elles et s\u2019inspirer des retours d\u2019exp\u00e9rience de confr\u00e8res d\u00e9j\u00e0 install\u00e9s sur le march\u00e9.<\/p>\n<h3>Un programme pens\u00e9 pour r\u00e9pondre aux enjeux des webradios<\/h3>\n<p>L\u2019\u00e9dition 2026 met l\u2019accent sur tout ce qui transforme aujourd\u2019hui l\u2019\u00e9cosyst\u00e8me des webradios :<\/p>\n<p>\u2022 <strong>Diffusion et infrastructure :<\/strong><br \/>Am\u00e9lioration du streaming, CDN audio, encodage, serveurs sp\u00e9cialis\u00e9s, automatisation de la diffusion, continuit\u00e9 d\u2019antenne.<\/p>\n<p>\u2022 <strong>Audience et data :<\/strong><br \/>Analyser le comportement des auditeurs, optimiser la r\u00e9tention, am\u00e9liorer la d\u00e9couvrabilit\u00e9 via plateformes, assistants vocaux et annuaires.<\/p>\n<p>\u2022 <strong>Mon\u00e9tisation :<\/strong><br \/>Solutions programmatiques, sponsoring audio, mod\u00e8les hybrides, int\u00e9gration native de la publicit\u00e9 dynamique, diversification des revenus.<\/p>\n<p>\u2022 <strong>Production et IA :<\/strong><br \/>Outils d\u2019habillage automatis\u00e9, assistants vocaux g\u00e9n\u00e9ratifs, optimisation du planning musical, g\u00e9n\u00e9ration de contenus en temps r\u00e9el.<\/p>\n<p>\u2022 <strong>Branding et storytelling audio :<\/strong><br \/>Concevoir une identit\u00e9 forte dans un march\u00e9 satur\u00e9, fid\u00e9liser une communaut\u00e9, cr\u00e9er des formats sp\u00e9cialis\u00e9s pour se diff\u00e9rencier.<\/p>\n<p>Avec plus d\u2019une centaine d\u2019intervenants, le salon d\u00e9ploie des keynotes, ateliers et panels adapt\u00e9s \u00e0 toutes les tailles de structures, de la petite webradio passionn\u00e9e au r\u00e9seau digital plus \u00e9tabli.<\/p>\n<h3>Pourquoi les webradios ont tout \u00e0 gagner en 2026<\/h3>\n<p>Dans un contexte o\u00f9 l\u2019\u00e9coute se d\u00e9porte massivement vers les supports connect\u00e9s, les webradios b\u00e9n\u00e9ficient d\u2019une nouvelle dynamique :<br \/>\u2022 mont\u00e9e du streaming audio,<br \/>\u2022 croissance des \u00e9coutes via smartphones, enceintes connect\u00e9es et voitures connect\u00e9es,<br \/>\u2022 d\u00e9cloisonnement entre radio, playlist et podcast,<br \/>\u2022 hausse des investissements publicitaires dans l\u2019audio digital.<\/p>\n<p>Le Paris Radio Show devient alors un point de passage strat\u00e9gique pour :<br \/>&#x2714; d\u00e9couvrir de nouvelles solutions pour optimiser la diffusion,<br \/>&#x2714; enrichir l\u2019habillage et la production,<br \/>&#x2714; comprendre comment se positionner entre DAB+, FM et streaming,<br \/>&#x2714; rencontrer des partenaires techniques ou commerciaux,<br \/>&#x2714; identifier les leviers pour augmenter l\u2019audience.<\/p>\n<p>Pour des acteurs souvent ind\u00e9pendants, parfois isol\u00e9s, cette mise en r\u00e9seau est essentielle pour acc\u00e9l\u00e9rer leur d\u00e9veloppement.<\/p>\n<h3>Le rendez-vous incontournable de l\u2019\u00e9cosyst\u00e8me des radios digitales<\/h3>\n<p>Au fil des \u00e9ditions, l\u2019\u00e9v\u00e9nement est devenu un point de ralliement pour les professionnels de la radio num\u00e9rique : webradios, radios hybrides, plateformes de streaming, r\u00e9gies sp\u00e9cialis\u00e9es, studios de production, agences et annonceurs.<\/p>\n<p>Pour les webradios, c\u2019est l\u2019occasion d\u2019obtenir des r\u00e9ponses concr\u00e8tes sur comment&#8230;<br \/>\u2022 \u00e9merger dans un march\u00e9 ultra-concurrentiel,<br \/>\u2022 professionnaliser leur offre,<br \/>\u2022 structurer leur strat\u00e9gie commerciale,<br \/>\u2022 exploiter la puissance de la data,<br \/>\u2022 construire un mod\u00e8le durable.<\/p>\n<h3>3 et 4 f\u00e9vrier 2026 : deux jours pour booster sa webradio<\/h3>\n<p>En participant au Paris Radio Show, chaque cr\u00e9ateur ou gestionnaire de webradio repart avec :<br \/>\u2022 des id\u00e9es de formats \u00e0 tester,<br \/>\u2022 des outils pour am\u00e9liorer la qualit\u00e9 d\u2019antenne,<br \/>\u2022 des contacts pour accompagner sa croissance,<br \/>\u2022 des solutions concr\u00e8tes \u00e0 appliquer d\u00e8s le retour en studio.<\/p>\n<p>L\u2019\u00e9dition 2026 marque une transition : les webradios ne sont plus un \u201cnouveau m\u00e9dia\u201d, mais deviennent un pilier central de l\u2019\u00e9cosyst\u00e8me audio.<br \/>\u00c0 La Bellevilloise, le Paris Radio Show leur offre la sc\u00e8ne qui leur manquait pour passer \u00e0 l\u2019action\u2026 et pour affirmer leur place dans l\u2019avenir de l\u2019audio.<\/p>\n<p>\u2022 <a href=\"https:\/\/www.parisradioshow.com\/\" target=\"_blank\" rel=\"noopener\"><strong>En savoir plus &gt;&gt;<\/strong><\/a><\/p>\n<p>[\/et_pb_text][\/et_pb_column][\/et_pb_row][\/et_pb_section]<\/p>\n","protected":false},"excerpt":{"rendered":"<p>[et_pb_section fb_built=\u00a0\u00bb1&Prime; _builder_version=\u00a0\u00bb4.6.5&Prime; _module_preset=\u00a0\u00bbdefault\u00a0\u00bb][et_pb_row _builder_version=\u00a0\u00bb4.6.5&Prime; _module_preset=\u00a0\u00bbdefault\u00a0\u00bb][et_pb_column type=\u00a0\u00bb4_4&Prime; _builder_version=\u00a0\u00bb4.6.5&Prime; _module_preset=\u00a0\u00bbdefault\u00a0\u00bb][et_pb_text _builder_version=\u00a0\u00bb4.8.0&Prime; _module_preset=\u00a0\u00bbdefault\u00a0\u00bb header_3_font_size=\u00a0\u00bb21px\u00a0\u00bb header_3_line_height=\u00a0\u00bb1.4em\u00a0\u00bb hover_enabled=\u00a0\u00bb0&Prime; sticky_enabled=\u00a0\u00bb0&Prime;] Les 3 et 4 f\u00e9vrier 2026, les acteurs de l\u2019audio digital ont rendez-vous \u00e0 La Bellevilloise pour une nouvelle \u00e9dition du Paris Radio Show. Si l\u2019\u00e9v\u00e9nement attire chaque ann\u00e9e radios, studios et r\u00e9gies, l\u2019\u00e9dition 2026 s\u2019annonce comme un moment cl\u00e9 [&hellip;]<\/p>\n","protected":false},"author":2,"featured_media":10639,"comment_status":"closed","ping_status":"closed","sticky":false,"template":"","format":"standard","meta":{"_et_pb_use_builder":"on","_et_pb_old_content":"","_et_gb_content_width":"","footnotes":""},"categories":[12],"tags":[328,44],"class_list":["post-10638","post","type-post","status-publish","format-standard","has-post-thumbnail","hentry","category-revue","tag-radio-digitale","tag-webradios","et-has-post-format-content","et_post_format-et-post-format-standard"],"yoast_head":"<!-- This site is optimized with the Yoast SEO plugin v27.4 - https:\/\/yoast.com\/product\/yoast-seo-wordpress\/ -->\n<title>Le Paris Radio Show 2026 trace la nouvelle route de l\u2019audio digital - Lawebradio.com - Actualit\u00e9s des radios digitales<\/title>\n<meta name=\"description\" content=\"Le Paris Radio Show 2026 devient le rendez-vous incontournable des webradios : innovations, diffusion, mon\u00e9tisation...\" \/>\n<meta name=\"robots\" content=\"index, follow, max-snippet:-1, max-image-preview:large, max-video-preview:-1\" \/>\n<link rel=\"canonical\" href=\"https:\/\/www.lawebradio.com\/news\/le-paris-radio-show-2026-trace-la-nouvelle-route-de-laudio-digital\/\" \/>\n<meta property=\"og:locale\" content=\"fr_FR\" \/>\n<meta property=\"og:type\" content=\"article\" \/>\n<meta property=\"og:title\" content=\"Le Paris Radio Show 2026 trace la nouvelle route de l\u2019audio digital - Lawebradio.com - Actualit\u00e9s des radios digitales\" \/>\n<meta property=\"og:description\" content=\"Le Paris Radio Show 2026 devient le rendez-vous incontournable des webradios : innovations, diffusion, mon\u00e9tisation...\" \/>\n<meta property=\"og:url\" content=\"https:\/\/www.lawebradio.com\/news\/le-paris-radio-show-2026-trace-la-nouvelle-route-de-laudio-digital\/\" \/>\n<meta property=\"og:site_name\" content=\"Lawebradio.com - Actualit\u00e9s des radios digitales\" \/>\n<meta property=\"article:published_time\" content=\"2026-01-22T16:10:22+00:00\" \/>\n<meta property=\"og:image\" content=\"https:\/\/www.lawebradio.com\/news\/wp-content\/uploads\/2026\/01\/221012026-01.jpg\" \/>\n\t<meta property=\"og:image:width\" content=\"735\" \/>\n\t<meta property=\"og:image:height\" content=\"350\" \/>\n\t<meta property=\"og:image:type\" content=\"image\/jpeg\" \/>\n<meta name=\"author\" content=\"Thomas Renaud\" \/>\n<meta name=\"twitter:label1\" content=\"\u00c9crit par\" \/>\n\t<meta name=\"twitter:data1\" content=\"Thomas Renaud\" \/>\n\t<meta name=\"twitter:label2\" content=\"Dur\u00e9e de lecture estim\u00e9e\" \/>\n\t<meta name=\"twitter:data2\" content=\"4 minutes\" \/>\n<script type=\"application\/ld+json\" class=\"yoast-schema-graph\">{\"@context\":\"https:\\\/\\\/schema.org\",\"@graph\":[{\"@type\":\"Article\",\"@id\":\"https:\\\/\\\/www.lawebradio.com\\\/news\\\/le-paris-radio-show-2026-trace-la-nouvelle-route-de-laudio-digital\\\/#article\",\"isPartOf\":{\"@id\":\"https:\\\/\\\/www.lawebradio.com\\\/news\\\/le-paris-radio-show-2026-trace-la-nouvelle-route-de-laudio-digital\\\/\"},\"author\":{\"name\":\"Thomas Renaud\",\"@id\":\"https:\\\/\\\/www.lawebradio.com\\\/news\\\/#\\\/schema\\\/person\\\/bc69f5fc3cfaf8f01edc3db43f10f1b6\"},\"headline\":\"Le Paris Radio Show 2026 trace la nouvelle route de l\u2019audio digital\",\"datePublished\":\"2026-01-22T16:10:22+00:00\",\"mainEntityOfPage\":{\"@id\":\"https:\\\/\\\/www.lawebradio.com\\\/news\\\/le-paris-radio-show-2026-trace-la-nouvelle-route-de-laudio-digital\\\/\"},\"wordCount\":816,\"publisher\":{\"@id\":\"https:\\\/\\\/www.lawebradio.com\\\/news\\\/#organization\"},\"image\":{\"@id\":\"https:\\\/\\\/www.lawebradio.com\\\/news\\\/le-paris-radio-show-2026-trace-la-nouvelle-route-de-laudio-digital\\\/#primaryimage\"},\"thumbnailUrl\":\"https:\\\/\\\/www.lawebradio.com\\\/news\\\/wp-content\\\/uploads\\\/2026\\\/01\\\/221012026-01.jpg\",\"keywords\":[\"radio digitale\",\"webradios\"],\"articleSection\":[\"Revue de Presse\"],\"inLanguage\":\"fr-FR\"},{\"@type\":\"WebPage\",\"@id\":\"https:\\\/\\\/www.lawebradio.com\\\/news\\\/le-paris-radio-show-2026-trace-la-nouvelle-route-de-laudio-digital\\\/\",\"url\":\"https:\\\/\\\/www.lawebradio.com\\\/news\\\/le-paris-radio-show-2026-trace-la-nouvelle-route-de-laudio-digital\\\/\",\"name\":\"Le Paris Radio Show 2026 trace la nouvelle route de l\u2019audio digital - Lawebradio.com - Actualit\u00e9s des radios digitales\",\"isPartOf\":{\"@id\":\"https:\\\/\\\/www.lawebradio.com\\\/news\\\/#website\"},\"primaryImageOfPage\":{\"@id\":\"https:\\\/\\\/www.lawebradio.com\\\/news\\\/le-paris-radio-show-2026-trace-la-nouvelle-route-de-laudio-digital\\\/#primaryimage\"},\"image\":{\"@id\":\"https:\\\/\\\/www.lawebradio.com\\\/news\\\/le-paris-radio-show-2026-trace-la-nouvelle-route-de-laudio-digital\\\/#primaryimage\"},\"thumbnailUrl\":\"https:\\\/\\\/www.lawebradio.com\\\/news\\\/wp-content\\\/uploads\\\/2026\\\/01\\\/221012026-01.jpg\",\"datePublished\":\"2026-01-22T16:10:22+00:00\",\"description\":\"Le Paris Radio Show 2026 devient le rendez-vous incontournable des webradios : innovations, diffusion, mon\u00e9tisation...\",\"inLanguage\":\"fr-FR\",\"potentialAction\":[{\"@type\":\"ReadAction\",\"target\":[\"https:\\\/\\\/www.lawebradio.com\\\/news\\\/le-paris-radio-show-2026-trace-la-nouvelle-route-de-laudio-digital\\\/\"]}]},{\"@type\":\"ImageObject\",\"inLanguage\":\"fr-FR\",\"@id\":\"https:\\\/\\\/www.lawebradio.com\\\/news\\\/le-paris-radio-show-2026-trace-la-nouvelle-route-de-laudio-digital\\\/#primaryimage\",\"url\":\"https:\\\/\\\/www.lawebradio.com\\\/news\\\/wp-content\\\/uploads\\\/2026\\\/01\\\/221012026-01.jpg\",\"contentUrl\":\"https:\\\/\\\/www.lawebradio.com\\\/news\\\/wp-content\\\/uploads\\\/2026\\\/01\\\/221012026-01.jpg\",\"width\":735,\"height\":350},{\"@type\":\"WebSite\",\"@id\":\"https:\\\/\\\/www.lawebradio.com\\\/news\\\/#website\",\"url\":\"https:\\\/\\\/www.lawebradio.com\\\/news\\\/\",\"name\":\"Lawebradio.com - Actualit\u00e9s des radios digitales\",\"description\":\"\",\"publisher\":{\"@id\":\"https:\\\/\\\/www.lawebradio.com\\\/news\\\/#organization\"},\"potentialAction\":[{\"@type\":\"SearchAction\",\"target\":{\"@type\":\"EntryPoint\",\"urlTemplate\":\"https:\\\/\\\/www.lawebradio.com\\\/news\\\/?s={search_term_string}\"},\"query-input\":{\"@type\":\"PropertyValueSpecification\",\"valueRequired\":true,\"valueName\":\"search_term_string\"}}],\"inLanguage\":\"fr-FR\"},{\"@type\":\"Organization\",\"@id\":\"https:\\\/\\\/www.lawebradio.com\\\/news\\\/#organization\",\"name\":\"Lawebradio.com - Actualit\u00e9s des radios digitales\",\"url\":\"https:\\\/\\\/www.lawebradio.com\\\/news\\\/\",\"logo\":{\"@type\":\"ImageObject\",\"inLanguage\":\"fr-FR\",\"@id\":\"https:\\\/\\\/www.lawebradio.com\\\/news\\\/#\\\/schema\\\/logo\\\/image\\\/\",\"url\":\"https:\\\/\\\/www.lawebradio.com\\\/news\\\/wp-content\\\/uploads\\\/2020\\\/10\\\/logo2020.png\",\"contentUrl\":\"https:\\\/\\\/www.lawebradio.com\\\/news\\\/wp-content\\\/uploads\\\/2020\\\/10\\\/logo2020.png\",\"width\":254,\"height\":43,\"caption\":\"Lawebradio.com - Actualit\u00e9s des radios digitales\"},\"image\":{\"@id\":\"https:\\\/\\\/www.lawebradio.com\\\/news\\\/#\\\/schema\\\/logo\\\/image\\\/\"}},{\"@type\":\"Person\",\"@id\":\"https:\\\/\\\/www.lawebradio.com\\\/news\\\/#\\\/schema\\\/person\\\/bc69f5fc3cfaf8f01edc3db43f10f1b6\",\"name\":\"Thomas Renaud\",\"image\":{\"@type\":\"ImageObject\",\"inLanguage\":\"fr-FR\",\"@id\":\"https:\\\/\\\/secure.gravatar.com\\\/avatar\\\/24b834e6dacf15dee888f8bbef435cf6307a4b8b6f23d7a4e7b42d8838eb1595?s=96&d=mm&r=g\",\"url\":\"https:\\\/\\\/secure.gravatar.com\\\/avatar\\\/24b834e6dacf15dee888f8bbef435cf6307a4b8b6f23d7a4e7b42d8838eb1595?s=96&d=mm&r=g\",\"contentUrl\":\"https:\\\/\\\/secure.gravatar.com\\\/avatar\\\/24b834e6dacf15dee888f8bbef435cf6307a4b8b6f23d7a4e7b42d8838eb1595?s=96&d=mm&r=g\",\"caption\":\"Thomas Renaud\"},\"url\":\"https:\\\/\\\/www.lawebradio.com\\\/news\\\/author\\\/fg2-newschef\\\/\"}]}<\/script>\n<!-- \/ Yoast SEO plugin. -->","yoast_head_json":{"title":"Le Paris Radio Show 2026 trace la nouvelle route de l\u2019audio digital - Lawebradio.com - Actualit\u00e9s des radios digitales","description":"Le Paris Radio Show 2026 devient le rendez-vous incontournable des webradios : innovations, diffusion, mon\u00e9tisation...","robots":{"index":"index","follow":"follow","max-snippet":"max-snippet:-1","max-image-preview":"max-image-preview:large","max-video-preview":"max-video-preview:-1"},"canonical":"https:\/\/www.lawebradio.com\/news\/le-paris-radio-show-2026-trace-la-nouvelle-route-de-laudio-digital\/","og_locale":"fr_FR","og_type":"article","og_title":"Le Paris Radio Show 2026 trace la nouvelle route de l\u2019audio digital - Lawebradio.com - Actualit\u00e9s des radios digitales","og_description":"Le Paris Radio Show 2026 devient le rendez-vous incontournable des webradios : innovations, diffusion, mon\u00e9tisation...","og_url":"https:\/\/www.lawebradio.com\/news\/le-paris-radio-show-2026-trace-la-nouvelle-route-de-laudio-digital\/","og_site_name":"Lawebradio.com - Actualit\u00e9s des radios digitales","article_published_time":"2026-01-22T16:10:22+00:00","og_image":[{"width":735,"height":350,"url":"https:\/\/www.lawebradio.com\/news\/wp-content\/uploads\/2026\/01\/221012026-01.jpg","type":"image\/jpeg"}],"author":"Thomas Renaud","twitter_misc":{"\u00c9crit par":"Thomas Renaud","Dur\u00e9e de lecture estim\u00e9e":"4 minutes"},"schema":{"@context":"https:\/\/schema.org","@graph":[{"@type":"Article","@id":"https:\/\/www.lawebradio.com\/news\/le-paris-radio-show-2026-trace-la-nouvelle-route-de-laudio-digital\/#article","isPartOf":{"@id":"https:\/\/www.lawebradio.com\/news\/le-paris-radio-show-2026-trace-la-nouvelle-route-de-laudio-digital\/"},"author":{"name":"Thomas Renaud","@id":"https:\/\/www.lawebradio.com\/news\/#\/schema\/person\/bc69f5fc3cfaf8f01edc3db43f10f1b6"},"headline":"Le Paris Radio Show 2026 trace la nouvelle route de l\u2019audio digital","datePublished":"2026-01-22T16:10:22+00:00","mainEntityOfPage":{"@id":"https:\/\/www.lawebradio.com\/news\/le-paris-radio-show-2026-trace-la-nouvelle-route-de-laudio-digital\/"},"wordCount":816,"publisher":{"@id":"https:\/\/www.lawebradio.com\/news\/#organization"},"image":{"@id":"https:\/\/www.lawebradio.com\/news\/le-paris-radio-show-2026-trace-la-nouvelle-route-de-laudio-digital\/#primaryimage"},"thumbnailUrl":"https:\/\/www.lawebradio.com\/news\/wp-content\/uploads\/2026\/01\/221012026-01.jpg","keywords":["radio digitale","webradios"],"articleSection":["Revue de Presse"],"inLanguage":"fr-FR"},{"@type":"WebPage","@id":"https:\/\/www.lawebradio.com\/news\/le-paris-radio-show-2026-trace-la-nouvelle-route-de-laudio-digital\/","url":"https:\/\/www.lawebradio.com\/news\/le-paris-radio-show-2026-trace-la-nouvelle-route-de-laudio-digital\/","name":"Le Paris Radio Show 2026 trace la nouvelle route de l\u2019audio digital - Lawebradio.com - Actualit\u00e9s des radios digitales","isPartOf":{"@id":"https:\/\/www.lawebradio.com\/news\/#website"},"primaryImageOfPage":{"@id":"https:\/\/www.lawebradio.com\/news\/le-paris-radio-show-2026-trace-la-nouvelle-route-de-laudio-digital\/#primaryimage"},"image":{"@id":"https:\/\/www.lawebradio.com\/news\/le-paris-radio-show-2026-trace-la-nouvelle-route-de-laudio-digital\/#primaryimage"},"thumbnailUrl":"https:\/\/www.lawebradio.com\/news\/wp-content\/uploads\/2026\/01\/221012026-01.jpg","datePublished":"2026-01-22T16:10:22+00:00","description":"Le Paris Radio Show 2026 devient le rendez-vous incontournable des webradios : innovations, diffusion, mon\u00e9tisation...","inLanguage":"fr-FR","potentialAction":[{"@type":"ReadAction","target":["https:\/\/www.lawebradio.com\/news\/le-paris-radio-show-2026-trace-la-nouvelle-route-de-laudio-digital\/"]}]},{"@type":"ImageObject","inLanguage":"fr-FR","@id":"https:\/\/www.lawebradio.com\/news\/le-paris-radio-show-2026-trace-la-nouvelle-route-de-laudio-digital\/#primaryimage","url":"https:\/\/www.lawebradio.com\/news\/wp-content\/uploads\/2026\/01\/221012026-01.jpg","contentUrl":"https:\/\/www.lawebradio.com\/news\/wp-content\/uploads\/2026\/01\/221012026-01.jpg","width":735,"height":350},{"@type":"WebSite","@id":"https:\/\/www.lawebradio.com\/news\/#website","url":"https:\/\/www.lawebradio.com\/news\/","name":"Lawebradio.com - Actualit\u00e9s des radios digitales","description":"","publisher":{"@id":"https:\/\/www.lawebradio.com\/news\/#organization"},"potentialAction":[{"@type":"SearchAction","target":{"@type":"EntryPoint","urlTemplate":"https:\/\/www.lawebradio.com\/news\/?s={search_term_string}"},"query-input":{"@type":"PropertyValueSpecification","valueRequired":true,"valueName":"search_term_string"}}],"inLanguage":"fr-FR"},{"@type":"Organization","@id":"https:\/\/www.lawebradio.com\/news\/#organization","name":"Lawebradio.com - Actualit\u00e9s des radios digitales","url":"https:\/\/www.lawebradio.com\/news\/","logo":{"@type":"ImageObject","inLanguage":"fr-FR","@id":"https:\/\/www.lawebradio.com\/news\/#\/schema\/logo\/image\/","url":"https:\/\/www.lawebradio.com\/news\/wp-content\/uploads\/2020\/10\/logo2020.png","contentUrl":"https:\/\/www.lawebradio.com\/news\/wp-content\/uploads\/2020\/10\/logo2020.png","width":254,"height":43,"caption":"Lawebradio.com - Actualit\u00e9s des radios digitales"},"image":{"@id":"https:\/\/www.lawebradio.com\/news\/#\/schema\/logo\/image\/"}},{"@type":"Person","@id":"https:\/\/www.lawebradio.com\/news\/#\/schema\/person\/bc69f5fc3cfaf8f01edc3db43f10f1b6","name":"Thomas Renaud","image":{"@type":"ImageObject","inLanguage":"fr-FR","@id":"https:\/\/secure.gravatar.com\/avatar\/24b834e6dacf15dee888f8bbef435cf6307a4b8b6f23d7a4e7b42d8838eb1595?s=96&d=mm&r=g","url":"https:\/\/secure.gravatar.com\/avatar\/24b834e6dacf15dee888f8bbef435cf6307a4b8b6f23d7a4e7b42d8838eb1595?s=96&d=mm&r=g","contentUrl":"https:\/\/secure.gravatar.com\/avatar\/24b834e6dacf15dee888f8bbef435cf6307a4b8b6f23d7a4e7b42d8838eb1595?s=96&d=mm&r=g","caption":"Thomas Renaud"},"url":"https:\/\/www.lawebradio.com\/news\/author\/fg2-newschef\/"}]}},"_links":{"self":[{"href":"https:\/\/www.lawebradio.com\/news\/wp-json\/wp\/v2\/posts\/10638","targetHints":{"allow":["GET"]}}],"collection":[{"href":"https:\/\/www.lawebradio.com\/news\/wp-json\/wp\/v2\/posts"}],"about":[{"href":"https:\/\/www.lawebradio.com\/news\/wp-json\/wp\/v2\/types\/post"}],"author":[{"embeddable":true,"href":"https:\/\/www.lawebradio.com\/news\/wp-json\/wp\/v2\/users\/2"}],"replies":[{"embeddable":true,"href":"https:\/\/www.lawebradio.com\/news\/wp-json\/wp\/v2\/comments?post=10638"}],"version-history":[{"count":7,"href":"https:\/\/www.lawebradio.com\/news\/wp-json\/wp\/v2\/posts\/10638\/revisions"}],"predecessor-version":[{"id":10649,"href":"https:\/\/www.lawebradio.com\/news\/wp-json\/wp\/v2\/posts\/10638\/revisions\/10649"}],"wp:featuredmedia":[{"embeddable":true,"href":"https:\/\/www.lawebradio.com\/news\/wp-json\/wp\/v2\/media\/10639"}],"wp:attachment":[{"href":"https:\/\/www.lawebradio.com\/news\/wp-json\/wp\/v2\/media?parent=10638"}],"wp:term":[{"taxonomy":"category","embeddable":true,"href":"https:\/\/www.lawebradio.com\/news\/wp-json\/wp\/v2\/categories?post=10638"},{"taxonomy":"post_tag","embeddable":true,"href":"https:\/\/www.lawebradio.com\/news\/wp-json\/wp\/v2\/tags?post=10638"}],"curies":[{"name":"wp","href":"https:\/\/api.w.org\/{rel}","templated":true}]}}