{"id":10336,"date":"2025-12-09T23:05:55","date_gmt":"2025-12-09T22:05:55","guid":{"rendered":"https:\/\/www.lawebradio.com\/news\/?p=10336"},"modified":"2025-12-09T23:05:55","modified_gmt":"2025-12-09T22:05:55","slug":"la-radio-plus-vivante-que-jamais-et-resolument-numerique","status":"publish","type":"post","link":"https:\/\/www.lawebradio.com\/news\/la-radio-plus-vivante-que-jamais-et-resolument-numerique\/","title":{"rendered":"La radio, plus vivante que jamais\u2026 et r\u00e9solument num\u00e9rique"},"content":{"rendered":"<p>[et_pb_section fb_built=\u00a0\u00bb1&Prime; _builder_version=\u00a0\u00bb4.6.5&Prime; _module_preset=\u00a0\u00bbdefault\u00a0\u00bb][et_pb_row _builder_version=\u00a0\u00bb4.6.5&Prime; _module_preset=\u00a0\u00bbdefault\u00a0\u00bb][et_pb_column type=\u00a0\u00bb4_4&Prime; _builder_version=\u00a0\u00bb4.6.5&Prime; _module_preset=\u00a0\u00bbdefault\u00a0\u00bb][et_pb_text _builder_version=\u00a0\u00bb4.8.0&Prime; _module_preset=\u00a0\u00bbdefault\u00a0\u00bb header_3_font_size=\u00a0\u00bb21px\u00a0\u00bb header_3_line_height=\u00a0\u00bb1.4em\u00a0\u00bb]<\/p>\n<p><strong>La radio n\u2019a pas dit son dernier mot. Bien au contraire. Chaque jour, 36,8 millions de Fran\u00e7ais \u00e2g\u00e9s de 13 ans et plus sont au rendez-vous des ondes. Une fid\u00e9lit\u00e9 impressionnante, mesur\u00e9e par l\u2019enqu\u00eate EAR &gt; National, qui refl\u00e8te aujourd\u2019hui une r\u00e9alit\u00e9 \u00e9largie : la radio se consomme partout, sur tous les supports, bien au-del\u00e0 du poste traditionnel.<\/strong><\/p>\n<p>Car la radio a su \u00e9voluer avec son temps. Et c\u2019est pr\u00e9cis\u00e9ment ce que met en lumi\u00e8re le module <a href=\"https:\/\/www.lawebradio.com\/news\/la-radio-en-france-debut-2025-un-media-plus-connecte-que-jamais\/\">EAR &gt; Global Radio<\/a>, v\u00e9ritable barom\u00e8tre des nouveaux usages num\u00e9riques.<\/p>\n<h3>Le num\u00e9rique, nouveau terrain de jeu de la radio<\/h3>\n<p>Aujourd\u2019hui, 10,3 millions de Fran\u00e7ais \u00e9coutent la radio chaque jour sur des supports num\u00e9riques. Cela repr\u00e9sente 18,2 % de la population de 13 ans et plus. Une dynamique forte, puisqu\u2019en seulement un an, la radio a s\u00e9duit 473 000 nouveaux auditeurs quotidiens sur ces supports.<\/p>\n<p>Le grand champion de cette r\u00e9volution ? Le t\u00e9l\u00e9phone mobile. Avec 6,7 millions d\u2019adeptes quotidiens, il s\u2019impose comme le compagnon num\u00e9ro un de l\u2019\u00e9coute radio, \u00e0 la maison, en mobilit\u00e9 ou au bureau.<br \/>Derri\u00e8re lui, les enceintes \u00e0 commande vocale confirment leur ancrage dans les foyers, s\u00e9duisant 1,6 million d\u2019auditeurs chaque jour, devant l\u2019ordinateur, encore choisi par 1,2 million de personnes.<\/p>\n<h3>Un public large\u2026 et de plus en plus mature<\/h3>\n<p>Loin de n\u2019attirer qu\u2019un public jeune, <a href=\"https:\/\/www.lawebradio.com\/news\/tendances-decoute-des-francais-a-lere-du-streaming\/\">l\u2019\u00e9coute num\u00e9rique de la radio<\/a> s\u00e9duit des profils vari\u00e9s. Elle s\u2019impose particuli\u00e8rement chez les 35-59 ans, dont 23 % \u00e9coutent d\u00e9sormais la radio chaque jour sur des supports num\u00e9riques (+1,2 point en un an).<\/p>\n<p>Les CSP+ sont aussi au rendez-vous (25 %, +0,8 point), tout comme les Franciliens, parmi lesquels 22,8 % ont adopt\u00e9 ces nouveaux usages, enregistrant la plus forte progression annuelle (+1,9 point).<\/p>\n<p>Et preuve que la radio num\u00e9rique ne conna\u00eet pas d\u2019\u00e2ge : 15,2 % des 60 ans et plus \u00e9coutent d\u00e9sormais la radio sur des supports num\u00e9riques, un chiffre en nette hausse (+1,1 point en un an).<\/p>\n<h3>Plus connect\u00e9e\u2026 sans perdre en intensit\u00e9<\/h3>\n<p>Contrairement aux id\u00e9es re\u00e7ues, le num\u00e9rique n\u2019a pas rendu l\u2019\u00e9coute plus volatile. Les auditeurs sur supports num\u00e9riques \u00e9coutent la radio 2h31 en moyenne chaque jour, soit m\u00eame une minute de plus que ceux qui utilisent des supports d\u00e9di\u00e9s.<\/p>\n<p>R\u00e9sultat : ces 10,3 millions d\u2019auditeurs num\u00e9riques p\u00e8sent d\u00e9sormais 25,5 % du volume total d\u2019\u00e9coute de la radio, contre 23,6 % l\u2019an dernier. Une progression nette, qui confirme le r\u00f4le central du num\u00e9rique dans l\u2019\u00e9cosyst\u00e8me radio.<\/p>\n<h3>Une radio qui se r\u00e9invente, sans se renier<\/h3>\n<p>Entre tradition et innovation, la radio r\u00e9ussit le pari de la modernit\u00e9. Toujours massivement \u00e9cout\u00e9e, elle se r\u00e9invente dans les usages, les lieux et les moments de vie. Mobile, connect\u00e9e, accessible \u00e0 la voix ou au clic, elle s\u2019int\u00e8gre naturellement aux quotidiens d\u2019une audience de plus en plus large.<\/p>\n<p>Une certitude s\u2019impose : la radio ne change pas d\u2019\u00e2me \u2014 elle change de support. Et elle n\u2019a jamais \u00e9t\u00e9 aussi proche de ses auditeurs.<\/p>\n<p>\u2022 <a href=\"https:\/\/www.mediametrie.fr\/fr\/ear-global-radio-vague-septembre-octobre-2025\" target=\"_blank\" rel=\"noopener\"><strong>En savoir plus &gt;&gt;<\/strong><\/a><\/p>\n<p>[\/et_pb_text][\/et_pb_column][\/et_pb_row][\/et_pb_section]<\/p>\n","protected":false},"excerpt":{"rendered":"<p>[et_pb_section fb_built=\u00a0\u00bb1&Prime; _builder_version=\u00a0\u00bb4.6.5&Prime; _module_preset=\u00a0\u00bbdefault\u00a0\u00bb][et_pb_row _builder_version=\u00a0\u00bb4.6.5&Prime; _module_preset=\u00a0\u00bbdefault\u00a0\u00bb][et_pb_column type=\u00a0\u00bb4_4&Prime; _builder_version=\u00a0\u00bb4.6.5&Prime; _module_preset=\u00a0\u00bbdefault\u00a0\u00bb][et_pb_text _builder_version=\u00a0\u00bb4.8.0&Prime; _module_preset=\u00a0\u00bbdefault\u00a0\u00bb header_3_font_size=\u00a0\u00bb21px\u00a0\u00bb header_3_line_height=\u00a0\u00bb1.4em\u00a0\u00bb] La radio n\u2019a pas dit son dernier mot. Bien au contraire. Chaque jour, 36,8 millions de Fran\u00e7ais \u00e2g\u00e9s de 13 ans et plus sont au rendez-vous des ondes. Une fid\u00e9lit\u00e9 impressionnante, mesur\u00e9e par l\u2019enqu\u00eate EAR &gt; National, qui refl\u00e8te aujourd\u2019hui une r\u00e9alit\u00e9 [&hellip;]<\/p>\n","protected":false},"author":2,"featured_media":10337,"comment_status":"closed","ping_status":"closed","sticky":false,"template":"","format":"standard","meta":{"_et_pb_use_builder":"on","_et_pb_old_content":"","_et_gb_content_width":"","footnotes":""},"categories":[12],"tags":[],"class_list":["post-10336","post","type-post","status-publish","format-standard","has-post-thumbnail","hentry","category-revue","et-has-post-format-content","et_post_format-et-post-format-standard"],"yoast_head":"<!-- This site is optimized with the Yoast SEO plugin v27.5 - https:\/\/yoast.com\/product\/yoast-seo-wordpress\/ -->\n<title>La radio, plus vivante que jamais\u2026 et r\u00e9solument num\u00e9rique - Lawebradio.com - Actualit\u00e9s des radios digitales<\/title>\n<meta name=\"description\" content=\"La radio s\u00e9duit chaque jour 36,8\u202fmillions de Fran\u00e7ais et explose sur mobile et enceintes connect\u00e9es !\" \/>\n<meta name=\"robots\" content=\"index, follow, max-snippet:-1, max-image-preview:large, max-video-preview:-1\" \/>\n<link rel=\"canonical\" href=\"https:\/\/www.lawebradio.com\/news\/la-radio-plus-vivante-que-jamais-et-resolument-numerique\/\" \/>\n<meta property=\"og:locale\" content=\"fr_FR\" \/>\n<meta property=\"og:type\" content=\"article\" \/>\n<meta property=\"og:title\" content=\"La radio, plus vivante que jamais\u2026 et r\u00e9solument num\u00e9rique - Lawebradio.com - Actualit\u00e9s des radios digitales\" \/>\n<meta property=\"og:description\" content=\"La radio s\u00e9duit chaque jour 36,8\u202fmillions de Fran\u00e7ais et explose sur mobile et enceintes connect\u00e9es !\" \/>\n<meta property=\"og:url\" content=\"https:\/\/www.lawebradio.com\/news\/la-radio-plus-vivante-que-jamais-et-resolument-numerique\/\" \/>\n<meta property=\"og:site_name\" content=\"Lawebradio.com - Actualit\u00e9s des radios digitales\" \/>\n<meta property=\"article:published_time\" content=\"2025-12-09T22:05:55+00:00\" \/>\n<meta property=\"og:image\" content=\"https:\/\/www.lawebradio.com\/news\/wp-content\/uploads\/2025\/12\/09122025-03.jpg\" \/>\n\t<meta property=\"og:image:width\" content=\"735\" \/>\n\t<meta property=\"og:image:height\" content=\"350\" \/>\n\t<meta property=\"og:image:type\" content=\"image\/jpeg\" \/>\n<meta name=\"author\" content=\"Thomas Renaud\" \/>\n<meta name=\"twitter:label1\" content=\"\u00c9crit par\" \/>\n\t<meta name=\"twitter:data1\" content=\"Thomas Renaud\" \/>\n\t<meta name=\"twitter:label2\" content=\"Dur\u00e9e de lecture estim\u00e9e\" \/>\n\t<meta name=\"twitter:data2\" content=\"3 minutes\" \/>\n<script type=\"application\/ld+json\" class=\"yoast-schema-graph\">{\"@context\":\"https:\\\/\\\/schema.org\",\"@graph\":[{\"@type\":\"Article\",\"@id\":\"https:\\\/\\\/www.lawebradio.com\\\/news\\\/la-radio-plus-vivante-que-jamais-et-resolument-numerique\\\/#article\",\"isPartOf\":{\"@id\":\"https:\\\/\\\/www.lawebradio.com\\\/news\\\/la-radio-plus-vivante-que-jamais-et-resolument-numerique\\\/\"},\"author\":{\"name\":\"Thomas Renaud\",\"@id\":\"https:\\\/\\\/www.lawebradio.com\\\/news\\\/#\\\/schema\\\/person\\\/bc69f5fc3cfaf8f01edc3db43f10f1b6\"},\"headline\":\"La radio, plus vivante que jamais\u2026 et r\u00e9solument num\u00e9rique\",\"datePublished\":\"2025-12-09T22:05:55+00:00\",\"mainEntityOfPage\":{\"@id\":\"https:\\\/\\\/www.lawebradio.com\\\/news\\\/la-radio-plus-vivante-que-jamais-et-resolument-numerique\\\/\"},\"wordCount\":595,\"publisher\":{\"@id\":\"https:\\\/\\\/www.lawebradio.com\\\/news\\\/#organization\"},\"image\":{\"@id\":\"https:\\\/\\\/www.lawebradio.com\\\/news\\\/la-radio-plus-vivante-que-jamais-et-resolument-numerique\\\/#primaryimage\"},\"thumbnailUrl\":\"https:\\\/\\\/www.lawebradio.com\\\/news\\\/wp-content\\\/uploads\\\/2025\\\/12\\\/09122025-03.jpg\",\"articleSection\":[\"Revue de Presse\"],\"inLanguage\":\"fr-FR\"},{\"@type\":\"WebPage\",\"@id\":\"https:\\\/\\\/www.lawebradio.com\\\/news\\\/la-radio-plus-vivante-que-jamais-et-resolument-numerique\\\/\",\"url\":\"https:\\\/\\\/www.lawebradio.com\\\/news\\\/la-radio-plus-vivante-que-jamais-et-resolument-numerique\\\/\",\"name\":\"La radio, plus vivante que jamais\u2026 et r\u00e9solument num\u00e9rique - Lawebradio.com - Actualit\u00e9s des radios digitales\",\"isPartOf\":{\"@id\":\"https:\\\/\\\/www.lawebradio.com\\\/news\\\/#website\"},\"primaryImageOfPage\":{\"@id\":\"https:\\\/\\\/www.lawebradio.com\\\/news\\\/la-radio-plus-vivante-que-jamais-et-resolument-numerique\\\/#primaryimage\"},\"image\":{\"@id\":\"https:\\\/\\\/www.lawebradio.com\\\/news\\\/la-radio-plus-vivante-que-jamais-et-resolument-numerique\\\/#primaryimage\"},\"thumbnailUrl\":\"https:\\\/\\\/www.lawebradio.com\\\/news\\\/wp-content\\\/uploads\\\/2025\\\/12\\\/09122025-03.jpg\",\"datePublished\":\"2025-12-09T22:05:55+00:00\",\"description\":\"La radio s\u00e9duit chaque jour 36,8\u202fmillions de Fran\u00e7ais et explose sur mobile et enceintes connect\u00e9es !\",\"inLanguage\":\"fr-FR\",\"potentialAction\":[{\"@type\":\"ReadAction\",\"target\":[\"https:\\\/\\\/www.lawebradio.com\\\/news\\\/la-radio-plus-vivante-que-jamais-et-resolument-numerique\\\/\"]}]},{\"@type\":\"ImageObject\",\"inLanguage\":\"fr-FR\",\"@id\":\"https:\\\/\\\/www.lawebradio.com\\\/news\\\/la-radio-plus-vivante-que-jamais-et-resolument-numerique\\\/#primaryimage\",\"url\":\"https:\\\/\\\/www.lawebradio.com\\\/news\\\/wp-content\\\/uploads\\\/2025\\\/12\\\/09122025-03.jpg\",\"contentUrl\":\"https:\\\/\\\/www.lawebradio.com\\\/news\\\/wp-content\\\/uploads\\\/2025\\\/12\\\/09122025-03.jpg\",\"width\":735,\"height\":350},{\"@type\":\"WebSite\",\"@id\":\"https:\\\/\\\/www.lawebradio.com\\\/news\\\/#website\",\"url\":\"https:\\\/\\\/www.lawebradio.com\\\/news\\\/\",\"name\":\"Lawebradio.com - Actualit\u00e9s des radios digitales\",\"description\":\"\",\"publisher\":{\"@id\":\"https:\\\/\\\/www.lawebradio.com\\\/news\\\/#organization\"},\"potentialAction\":[{\"@type\":\"SearchAction\",\"target\":{\"@type\":\"EntryPoint\",\"urlTemplate\":\"https:\\\/\\\/www.lawebradio.com\\\/news\\\/?s={search_term_string}\"},\"query-input\":{\"@type\":\"PropertyValueSpecification\",\"valueRequired\":true,\"valueName\":\"search_term_string\"}}],\"inLanguage\":\"fr-FR\"},{\"@type\":\"Organization\",\"@id\":\"https:\\\/\\\/www.lawebradio.com\\\/news\\\/#organization\",\"name\":\"Lawebradio.com - Actualit\u00e9s des radios digitales\",\"url\":\"https:\\\/\\\/www.lawebradio.com\\\/news\\\/\",\"logo\":{\"@type\":\"ImageObject\",\"inLanguage\":\"fr-FR\",\"@id\":\"https:\\\/\\\/www.lawebradio.com\\\/news\\\/#\\\/schema\\\/logo\\\/image\\\/\",\"url\":\"https:\\\/\\\/www.lawebradio.com\\\/news\\\/wp-content\\\/uploads\\\/2020\\\/10\\\/logo2020.png\",\"contentUrl\":\"https:\\\/\\\/www.lawebradio.com\\\/news\\\/wp-content\\\/uploads\\\/2020\\\/10\\\/logo2020.png\",\"width\":254,\"height\":43,\"caption\":\"Lawebradio.com - Actualit\u00e9s des radios digitales\"},\"image\":{\"@id\":\"https:\\\/\\\/www.lawebradio.com\\\/news\\\/#\\\/schema\\\/logo\\\/image\\\/\"}},{\"@type\":\"Person\",\"@id\":\"https:\\\/\\\/www.lawebradio.com\\\/news\\\/#\\\/schema\\\/person\\\/bc69f5fc3cfaf8f01edc3db43f10f1b6\",\"name\":\"Thomas Renaud\",\"image\":{\"@type\":\"ImageObject\",\"inLanguage\":\"fr-FR\",\"@id\":\"https:\\\/\\\/secure.gravatar.com\\\/avatar\\\/24b834e6dacf15dee888f8bbef435cf6307a4b8b6f23d7a4e7b42d8838eb1595?s=96&d=mm&r=g\",\"url\":\"https:\\\/\\\/secure.gravatar.com\\\/avatar\\\/24b834e6dacf15dee888f8bbef435cf6307a4b8b6f23d7a4e7b42d8838eb1595?s=96&d=mm&r=g\",\"contentUrl\":\"https:\\\/\\\/secure.gravatar.com\\\/avatar\\\/24b834e6dacf15dee888f8bbef435cf6307a4b8b6f23d7a4e7b42d8838eb1595?s=96&d=mm&r=g\",\"caption\":\"Thomas Renaud\"},\"url\":\"https:\\\/\\\/www.lawebradio.com\\\/news\\\/author\\\/fg2-newschef\\\/\"}]}<\/script>\n<!-- \/ Yoast SEO plugin. -->","yoast_head_json":{"title":"La radio, plus vivante que jamais\u2026 et r\u00e9solument num\u00e9rique - Lawebradio.com - Actualit\u00e9s des radios digitales","description":"La radio s\u00e9duit chaque jour 36,8\u202fmillions de Fran\u00e7ais et explose sur mobile et enceintes connect\u00e9es !","robots":{"index":"index","follow":"follow","max-snippet":"max-snippet:-1","max-image-preview":"max-image-preview:large","max-video-preview":"max-video-preview:-1"},"canonical":"https:\/\/www.lawebradio.com\/news\/la-radio-plus-vivante-que-jamais-et-resolument-numerique\/","og_locale":"fr_FR","og_type":"article","og_title":"La radio, plus vivante que jamais\u2026 et r\u00e9solument num\u00e9rique - Lawebradio.com - Actualit\u00e9s des radios digitales","og_description":"La radio s\u00e9duit chaque jour 36,8\u202fmillions de Fran\u00e7ais et explose sur mobile et enceintes connect\u00e9es !","og_url":"https:\/\/www.lawebradio.com\/news\/la-radio-plus-vivante-que-jamais-et-resolument-numerique\/","og_site_name":"Lawebradio.com - Actualit\u00e9s des radios digitales","article_published_time":"2025-12-09T22:05:55+00:00","og_image":[{"width":735,"height":350,"url":"https:\/\/www.lawebradio.com\/news\/wp-content\/uploads\/2025\/12\/09122025-03.jpg","type":"image\/jpeg"}],"author":"Thomas Renaud","twitter_misc":{"\u00c9crit par":"Thomas Renaud","Dur\u00e9e de lecture estim\u00e9e":"3 minutes"},"schema":{"@context":"https:\/\/schema.org","@graph":[{"@type":"Article","@id":"https:\/\/www.lawebradio.com\/news\/la-radio-plus-vivante-que-jamais-et-resolument-numerique\/#article","isPartOf":{"@id":"https:\/\/www.lawebradio.com\/news\/la-radio-plus-vivante-que-jamais-et-resolument-numerique\/"},"author":{"name":"Thomas Renaud","@id":"https:\/\/www.lawebradio.com\/news\/#\/schema\/person\/bc69f5fc3cfaf8f01edc3db43f10f1b6"},"headline":"La radio, plus vivante que jamais\u2026 et r\u00e9solument num\u00e9rique","datePublished":"2025-12-09T22:05:55+00:00","mainEntityOfPage":{"@id":"https:\/\/www.lawebradio.com\/news\/la-radio-plus-vivante-que-jamais-et-resolument-numerique\/"},"wordCount":595,"publisher":{"@id":"https:\/\/www.lawebradio.com\/news\/#organization"},"image":{"@id":"https:\/\/www.lawebradio.com\/news\/la-radio-plus-vivante-que-jamais-et-resolument-numerique\/#primaryimage"},"thumbnailUrl":"https:\/\/www.lawebradio.com\/news\/wp-content\/uploads\/2025\/12\/09122025-03.jpg","articleSection":["Revue de Presse"],"inLanguage":"fr-FR"},{"@type":"WebPage","@id":"https:\/\/www.lawebradio.com\/news\/la-radio-plus-vivante-que-jamais-et-resolument-numerique\/","url":"https:\/\/www.lawebradio.com\/news\/la-radio-plus-vivante-que-jamais-et-resolument-numerique\/","name":"La radio, plus vivante que jamais\u2026 et r\u00e9solument num\u00e9rique - Lawebradio.com - Actualit\u00e9s des radios digitales","isPartOf":{"@id":"https:\/\/www.lawebradio.com\/news\/#website"},"primaryImageOfPage":{"@id":"https:\/\/www.lawebradio.com\/news\/la-radio-plus-vivante-que-jamais-et-resolument-numerique\/#primaryimage"},"image":{"@id":"https:\/\/www.lawebradio.com\/news\/la-radio-plus-vivante-que-jamais-et-resolument-numerique\/#primaryimage"},"thumbnailUrl":"https:\/\/www.lawebradio.com\/news\/wp-content\/uploads\/2025\/12\/09122025-03.jpg","datePublished":"2025-12-09T22:05:55+00:00","description":"La radio s\u00e9duit chaque jour 36,8\u202fmillions de Fran\u00e7ais et explose sur mobile et enceintes connect\u00e9es !","inLanguage":"fr-FR","potentialAction":[{"@type":"ReadAction","target":["https:\/\/www.lawebradio.com\/news\/la-radio-plus-vivante-que-jamais-et-resolument-numerique\/"]}]},{"@type":"ImageObject","inLanguage":"fr-FR","@id":"https:\/\/www.lawebradio.com\/news\/la-radio-plus-vivante-que-jamais-et-resolument-numerique\/#primaryimage","url":"https:\/\/www.lawebradio.com\/news\/wp-content\/uploads\/2025\/12\/09122025-03.jpg","contentUrl":"https:\/\/www.lawebradio.com\/news\/wp-content\/uploads\/2025\/12\/09122025-03.jpg","width":735,"height":350},{"@type":"WebSite","@id":"https:\/\/www.lawebradio.com\/news\/#website","url":"https:\/\/www.lawebradio.com\/news\/","name":"Lawebradio.com - Actualit\u00e9s des radios digitales","description":"","publisher":{"@id":"https:\/\/www.lawebradio.com\/news\/#organization"},"potentialAction":[{"@type":"SearchAction","target":{"@type":"EntryPoint","urlTemplate":"https:\/\/www.lawebradio.com\/news\/?s={search_term_string}"},"query-input":{"@type":"PropertyValueSpecification","valueRequired":true,"valueName":"search_term_string"}}],"inLanguage":"fr-FR"},{"@type":"Organization","@id":"https:\/\/www.lawebradio.com\/news\/#organization","name":"Lawebradio.com - Actualit\u00e9s des radios digitales","url":"https:\/\/www.lawebradio.com\/news\/","logo":{"@type":"ImageObject","inLanguage":"fr-FR","@id":"https:\/\/www.lawebradio.com\/news\/#\/schema\/logo\/image\/","url":"https:\/\/www.lawebradio.com\/news\/wp-content\/uploads\/2020\/10\/logo2020.png","contentUrl":"https:\/\/www.lawebradio.com\/news\/wp-content\/uploads\/2020\/10\/logo2020.png","width":254,"height":43,"caption":"Lawebradio.com - Actualit\u00e9s des radios digitales"},"image":{"@id":"https:\/\/www.lawebradio.com\/news\/#\/schema\/logo\/image\/"}},{"@type":"Person","@id":"https:\/\/www.lawebradio.com\/news\/#\/schema\/person\/bc69f5fc3cfaf8f01edc3db43f10f1b6","name":"Thomas Renaud","image":{"@type":"ImageObject","inLanguage":"fr-FR","@id":"https:\/\/secure.gravatar.com\/avatar\/24b834e6dacf15dee888f8bbef435cf6307a4b8b6f23d7a4e7b42d8838eb1595?s=96&d=mm&r=g","url":"https:\/\/secure.gravatar.com\/avatar\/24b834e6dacf15dee888f8bbef435cf6307a4b8b6f23d7a4e7b42d8838eb1595?s=96&d=mm&r=g","contentUrl":"https:\/\/secure.gravatar.com\/avatar\/24b834e6dacf15dee888f8bbef435cf6307a4b8b6f23d7a4e7b42d8838eb1595?s=96&d=mm&r=g","caption":"Thomas Renaud"},"url":"https:\/\/www.lawebradio.com\/news\/author\/fg2-newschef\/"}]}},"_links":{"self":[{"href":"https:\/\/www.lawebradio.com\/news\/wp-json\/wp\/v2\/posts\/10336","targetHints":{"allow":["GET"]}}],"collection":[{"href":"https:\/\/www.lawebradio.com\/news\/wp-json\/wp\/v2\/posts"}],"about":[{"href":"https:\/\/www.lawebradio.com\/news\/wp-json\/wp\/v2\/types\/post"}],"author":[{"embeddable":true,"href":"https:\/\/www.lawebradio.com\/news\/wp-json\/wp\/v2\/users\/2"}],"replies":[{"embeddable":true,"href":"https:\/\/www.lawebradio.com\/news\/wp-json\/wp\/v2\/comments?post=10336"}],"version-history":[{"count":3,"href":"https:\/\/www.lawebradio.com\/news\/wp-json\/wp\/v2\/posts\/10336\/revisions"}],"predecessor-version":[{"id":10341,"href":"https:\/\/www.lawebradio.com\/news\/wp-json\/wp\/v2\/posts\/10336\/revisions\/10341"}],"wp:featuredmedia":[{"embeddable":true,"href":"https:\/\/www.lawebradio.com\/news\/wp-json\/wp\/v2\/media\/10337"}],"wp:attachment":[{"href":"https:\/\/www.lawebradio.com\/news\/wp-json\/wp\/v2\/media?parent=10336"}],"wp:term":[{"taxonomy":"category","embeddable":true,"href":"https:\/\/www.lawebradio.com\/news\/wp-json\/wp\/v2\/categories?post=10336"},{"taxonomy":"post_tag","embeddable":true,"href":"https:\/\/www.lawebradio.com\/news\/wp-json\/wp\/v2\/tags?post=10336"}],"curies":[{"name":"wp","href":"https:\/\/api.w.org\/{rel}","templated":true}]}}