{"id":10327,"date":"2025-12-09T18:33:00","date_gmt":"2025-12-09T17:33:00","guid":{"rendered":"https:\/\/www.lawebradio.com\/news\/?p=10327"},"modified":"2025-12-09T23:06:24","modified_gmt":"2025-12-09T22:06:24","slug":"deauville-la-radio-lesprit-normand-sur-une-bonne-frequence","status":"publish","type":"post","link":"https:\/\/www.lawebradio.com\/news\/deauville-la-radio-lesprit-normand-sur-une-bonne-frequence\/","title":{"rendered":"Deauville La Radio, l\u2019esprit normand sur une bonne fr\u00e9quence"},"content":{"rendered":"<p>[et_pb_section fb_built=\u00a0\u00bb1&Prime; _builder_version=\u00a0\u00bb4.6.5&Prime; _module_preset=\u00a0\u00bbdefault\u00a0\u00bb][et_pb_row _builder_version=\u00a0\u00bb4.6.5&Prime; _module_preset=\u00a0\u00bbdefault\u00a0\u00bb][et_pb_column type=\u00a0\u00bb4_4&Prime; _builder_version=\u00a0\u00bb4.6.5&Prime; _module_preset=\u00a0\u00bbdefault\u00a0\u00bb][et_pb_text _builder_version=\u00a0\u00bb4.8.0&Prime; _module_preset=\u00a0\u00bbdefault\u00a0\u00bb header_3_font_size=\u00a0\u00bb21px\u00a0\u00bb header_3_line_height=\u00a0\u00bb1.4em\u00a0\u00bb hover_enabled=\u00a0\u00bb0&Prime; sticky_enabled=\u00a0\u00bb0&Prime;]<\/p>\n<p><strong>Avec Deauville La Radio, nul besoin de monter le son pour se faire entendre. La station en ligne cultive une \u00e9l\u00e9gance tranquille, bien ancr\u00e9e en Normandie, mais tourn\u00e9e vers le monde. On y parle musique, culture, entrepreneuriat et art de vivre sans jamais forcer le trait. Le ton est juste, l\u2019ambiance chaleureuse, et l\u2019on s\u2019y sent vite \u00e0 l\u2019aise.<\/strong><\/p>\n<p>C\u2019est une webradio que l\u2019on \u00e9coute comme on ouvrirait un bon magazine : sans objectif pr\u00e9cis, juste pour le plaisir de d\u00e9couvrir.<\/p>\n<h3>Une Normandie vivante, loin des clich\u00e9s<\/h3>\n<p>Ici, la Normandie n\u2019est pas fig\u00e9e. Elle vit, elle cr\u00e9e, elle bouge. Deauville La Radio la raconte telle qu\u2019elle est aujourd\u2019hui : inspirante, curieuse et ouverte. Art, musique, gastronomie, tech, sport, livres, soci\u00e9t\u00e9\u2026 les th\u00e8mes se croisent naturellement, port\u00e9s par des voix qui savent de quoi elles parlent et qui aiment partager.<br \/>Le fil conducteur reste simple : proposer des contenus qui parlent vrai, entre racines locales et curiosit\u00e9 globale.<\/p>\n<h3>Le matin, tout en douceur<\/h3>\n<p>Entre 7h et 9h, La Matinale donne le rythme. Une programmation musicale bien choisie, quelques infos pour rester connect\u00e9 \u00e0 l\u2019actualit\u00e9, sans jamais alourdir l\u2019ambiance. C\u2019est le moment parfait pour se r\u00e9veiller tranquillement, caf\u00e9 \u00e0 la main, en prenant la temp\u00e9rature de la journ\u00e9e.<br \/>Un pied \u00e0 Deauville, l\u2019autre ailleurs, toujours avec ce m\u00e9lange d\u2019\u00e9l\u00e9gance et de simplicit\u00e9.<\/p>\n<h3>Des \u00e9changes qui prennent le temps<\/h3>\n<p>La journ\u00e9e se poursuit avec des talk-shows qui ressemblent davantage \u00e0 des conversations qu\u2019\u00e0 des interviews format\u00e9es. Le Club des Hiboux en est un bon exemple : entrepreneurs, cr\u00e9ateurs et personnalit\u00e9s s\u2019y retrouvent pour \u00e9changer sur les tendances, les projets et les id\u00e9es qui les animent.<br \/>On \u00e9coute, on glane des id\u00e9es, on s\u2019inspire, sans pression. Juste le plaisir d\u2019un bon moment d\u2019\u00e9coute.<\/p>\n<h3>Des podcasts port\u00e9s par de vraies voix<\/h3>\n<p>Ce qui fait aussi la force de Deauville La Radio, ce sont ses podcasts incarn\u00e9s. Chaque voix apporte son univers, son regard, sa sensibilit\u00e9. Information, sant\u00e9, gastronomie, culture, musique, sport ou bien-\u00eatre : chacun trouve sa place, son rythme, son public.<br \/>Ces formats donnent envie de revenir, d\u2019\u00e9couter plusieurs \u00e9pisodes, et de suivre les signatures comme on suivrait ses chroniqueurs pr\u00e9f\u00e9r\u00e9s.<\/p>\n<h3>Une radio \u00e0 vivre, tout simplement<\/h3>\n<p>Deauville La Radio va au-del\u00e0 de la simple diffusion musicale. C\u2019est une radio-magazine que l\u2019on garde allum\u00e9e, en fond ou au premier plan, selon l\u2019envie. Une bande-son agr\u00e9able, des contenus intelligents sans \u00eatre compliqu\u00e9s, et une vraie identit\u00e9.<br \/>Une radio pour celles et ceux qui aiment les bonnes playlists, les \u00e9changes inspirants et cette sensation agr\u00e9able de prendre le temps.<\/p>\n<p>\u2022 <a href=\"https:\/\/www.deauvillelaradio.com\/\" target=\"_blank\" rel=\"noopener\"><strong>En savoir plus &gt;&gt;<\/strong><\/a><\/p>\n<p>[\/et_pb_text][\/et_pb_column][\/et_pb_row][\/et_pb_section]<\/p>\n","protected":false},"excerpt":{"rendered":"<p>[et_pb_section fb_built=\u00a0\u00bb1&Prime; _builder_version=\u00a0\u00bb4.6.5&Prime; _module_preset=\u00a0\u00bbdefault\u00a0\u00bb][et_pb_row _builder_version=\u00a0\u00bb4.6.5&Prime; _module_preset=\u00a0\u00bbdefault\u00a0\u00bb][et_pb_column type=\u00a0\u00bb4_4&Prime; _builder_version=\u00a0\u00bb4.6.5&Prime; _module_preset=\u00a0\u00bbdefault\u00a0\u00bb][et_pb_text _builder_version=\u00a0\u00bb4.8.0&Prime; _module_preset=\u00a0\u00bbdefault\u00a0\u00bb header_3_font_size=\u00a0\u00bb21px\u00a0\u00bb header_3_line_height=\u00a0\u00bb1.4em\u00a0\u00bb hover_enabled=\u00a0\u00bb0&Prime; sticky_enabled=\u00a0\u00bb0&Prime;] Avec Deauville La Radio, nul besoin de monter le son pour se faire entendre. La station en ligne cultive une \u00e9l\u00e9gance tranquille, bien ancr\u00e9e en Normandie, mais tourn\u00e9e vers le monde. On y parle musique, culture, entrepreneuriat et art de [&hellip;]<\/p>\n","protected":false},"author":3,"featured_media":10328,"comment_status":"closed","ping_status":"closed","sticky":false,"template":"","format":"standard","meta":{"_et_pb_use_builder":"on","_et_pb_old_content":"","_et_gb_content_width":"","footnotes":""},"categories":[6],"tags":[],"class_list":["post-10327","post","type-post","status-publish","format-standard","has-post-thumbnail","hentry","category-focus","et-has-post-format-content","et_post_format-et-post-format-standard"],"yoast_head":"<!-- This site is optimized with the Yoast SEO plugin v27.5 - https:\/\/yoast.com\/product\/yoast-seo-wordpress\/ -->\n<title>Deauville La Radio, l\u2019esprit normand sur une bonne fr\u00e9quence - Lawebradio.com - Actualit\u00e9s des radios digitales<\/title>\n<meta name=\"description\" content=\"Deauville La Radio, webradio lifestyle normande : musique, culture, podcasts et talk-shows pour vibrer entre \u00e9l\u00e9gance, id\u00e9es et inspirations.\" \/>\n<meta name=\"robots\" content=\"index, follow, max-snippet:-1, max-image-preview:large, max-video-preview:-1\" \/>\n<link rel=\"canonical\" href=\"https:\/\/www.lawebradio.com\/news\/deauville-la-radio-lesprit-normand-sur-une-bonne-frequence\/\" \/>\n<meta property=\"og:locale\" content=\"fr_FR\" \/>\n<meta property=\"og:type\" content=\"article\" \/>\n<meta property=\"og:title\" content=\"Deauville La Radio, l\u2019esprit normand sur une bonne fr\u00e9quence - Lawebradio.com - Actualit\u00e9s des radios digitales\" \/>\n<meta property=\"og:description\" content=\"Deauville La Radio, webradio lifestyle normande : musique, culture, podcasts et talk-shows pour vibrer entre \u00e9l\u00e9gance, id\u00e9es et inspirations.\" \/>\n<meta property=\"og:url\" content=\"https:\/\/www.lawebradio.com\/news\/deauville-la-radio-lesprit-normand-sur-une-bonne-frequence\/\" \/>\n<meta property=\"og:site_name\" content=\"Lawebradio.com - Actualit\u00e9s des radios digitales\" \/>\n<meta property=\"article:published_time\" content=\"2025-12-09T17:33:00+00:00\" \/>\n<meta property=\"article:modified_time\" content=\"2025-12-09T22:06:24+00:00\" \/>\n<meta property=\"og:image\" content=\"https:\/\/www.lawebradio.com\/news\/wp-content\/uploads\/2025\/12\/09122025-01.jpg\" \/>\n\t<meta property=\"og:image:width\" content=\"735\" \/>\n\t<meta property=\"og:image:height\" content=\"350\" \/>\n\t<meta property=\"og:image:type\" content=\"image\/jpeg\" \/>\n<meta name=\"author\" content=\"Julien Lecourbe\" \/>\n<meta name=\"twitter:label1\" content=\"\u00c9crit par\" \/>\n\t<meta name=\"twitter:data1\" content=\"Julien Lecourbe\" \/>\n\t<meta name=\"twitter:label2\" content=\"Dur\u00e9e de lecture estim\u00e9e\" \/>\n\t<meta name=\"twitter:data2\" content=\"3 minutes\" \/>\n<script type=\"application\/ld+json\" class=\"yoast-schema-graph\">{\"@context\":\"https:\\\/\\\/schema.org\",\"@graph\":[{\"@type\":\"Article\",\"@id\":\"https:\\\/\\\/www.lawebradio.com\\\/news\\\/deauville-la-radio-lesprit-normand-sur-une-bonne-frequence\\\/#article\",\"isPartOf\":{\"@id\":\"https:\\\/\\\/www.lawebradio.com\\\/news\\\/deauville-la-radio-lesprit-normand-sur-une-bonne-frequence\\\/\"},\"author\":{\"name\":\"Julien Lecourbe\",\"@id\":\"https:\\\/\\\/www.lawebradio.com\\\/news\\\/#\\\/schema\\\/person\\\/95fd11aee6e6cfe70a4b58b482103f1f\"},\"headline\":\"Deauville La Radio, l\u2019esprit normand sur une bonne fr\u00e9quence\",\"datePublished\":\"2025-12-09T17:33:00+00:00\",\"dateModified\":\"2025-12-09T22:06:24+00:00\",\"mainEntityOfPage\":{\"@id\":\"https:\\\/\\\/www.lawebradio.com\\\/news\\\/deauville-la-radio-lesprit-normand-sur-une-bonne-frequence\\\/\"},\"wordCount\":541,\"publisher\":{\"@id\":\"https:\\\/\\\/www.lawebradio.com\\\/news\\\/#organization\"},\"image\":{\"@id\":\"https:\\\/\\\/www.lawebradio.com\\\/news\\\/deauville-la-radio-lesprit-normand-sur-une-bonne-frequence\\\/#primaryimage\"},\"thumbnailUrl\":\"https:\\\/\\\/www.lawebradio.com\\\/news\\\/wp-content\\\/uploads\\\/2025\\\/12\\\/09122025-01.jpg\",\"articleSection\":[\"Focus\"],\"inLanguage\":\"fr-FR\"},{\"@type\":\"WebPage\",\"@id\":\"https:\\\/\\\/www.lawebradio.com\\\/news\\\/deauville-la-radio-lesprit-normand-sur-une-bonne-frequence\\\/\",\"url\":\"https:\\\/\\\/www.lawebradio.com\\\/news\\\/deauville-la-radio-lesprit-normand-sur-une-bonne-frequence\\\/\",\"name\":\"Deauville La Radio, l\u2019esprit normand sur une bonne fr\u00e9quence - Lawebradio.com - Actualit\u00e9s des radios digitales\",\"isPartOf\":{\"@id\":\"https:\\\/\\\/www.lawebradio.com\\\/news\\\/#website\"},\"primaryImageOfPage\":{\"@id\":\"https:\\\/\\\/www.lawebradio.com\\\/news\\\/deauville-la-radio-lesprit-normand-sur-une-bonne-frequence\\\/#primaryimage\"},\"image\":{\"@id\":\"https:\\\/\\\/www.lawebradio.com\\\/news\\\/deauville-la-radio-lesprit-normand-sur-une-bonne-frequence\\\/#primaryimage\"},\"thumbnailUrl\":\"https:\\\/\\\/www.lawebradio.com\\\/news\\\/wp-content\\\/uploads\\\/2025\\\/12\\\/09122025-01.jpg\",\"datePublished\":\"2025-12-09T17:33:00+00:00\",\"dateModified\":\"2025-12-09T22:06:24+00:00\",\"description\":\"Deauville La Radio, webradio lifestyle normande : musique, culture, podcasts et talk-shows pour vibrer entre \u00e9l\u00e9gance, id\u00e9es et inspirations.\",\"inLanguage\":\"fr-FR\",\"potentialAction\":[{\"@type\":\"ReadAction\",\"target\":[\"https:\\\/\\\/www.lawebradio.com\\\/news\\\/deauville-la-radio-lesprit-normand-sur-une-bonne-frequence\\\/\"]}]},{\"@type\":\"ImageObject\",\"inLanguage\":\"fr-FR\",\"@id\":\"https:\\\/\\\/www.lawebradio.com\\\/news\\\/deauville-la-radio-lesprit-normand-sur-une-bonne-frequence\\\/#primaryimage\",\"url\":\"https:\\\/\\\/www.lawebradio.com\\\/news\\\/wp-content\\\/uploads\\\/2025\\\/12\\\/09122025-01.jpg\",\"contentUrl\":\"https:\\\/\\\/www.lawebradio.com\\\/news\\\/wp-content\\\/uploads\\\/2025\\\/12\\\/09122025-01.jpg\",\"width\":735,\"height\":350},{\"@type\":\"WebSite\",\"@id\":\"https:\\\/\\\/www.lawebradio.com\\\/news\\\/#website\",\"url\":\"https:\\\/\\\/www.lawebradio.com\\\/news\\\/\",\"name\":\"Lawebradio.com - Actualit\u00e9s des radios digitales\",\"description\":\"\",\"publisher\":{\"@id\":\"https:\\\/\\\/www.lawebradio.com\\\/news\\\/#organization\"},\"potentialAction\":[{\"@type\":\"SearchAction\",\"target\":{\"@type\":\"EntryPoint\",\"urlTemplate\":\"https:\\\/\\\/www.lawebradio.com\\\/news\\\/?s={search_term_string}\"},\"query-input\":{\"@type\":\"PropertyValueSpecification\",\"valueRequired\":true,\"valueName\":\"search_term_string\"}}],\"inLanguage\":\"fr-FR\"},{\"@type\":\"Organization\",\"@id\":\"https:\\\/\\\/www.lawebradio.com\\\/news\\\/#organization\",\"name\":\"Lawebradio.com - Actualit\u00e9s des radios digitales\",\"url\":\"https:\\\/\\\/www.lawebradio.com\\\/news\\\/\",\"logo\":{\"@type\":\"ImageObject\",\"inLanguage\":\"fr-FR\",\"@id\":\"https:\\\/\\\/www.lawebradio.com\\\/news\\\/#\\\/schema\\\/logo\\\/image\\\/\",\"url\":\"https:\\\/\\\/www.lawebradio.com\\\/news\\\/wp-content\\\/uploads\\\/2020\\\/10\\\/logo2020.png\",\"contentUrl\":\"https:\\\/\\\/www.lawebradio.com\\\/news\\\/wp-content\\\/uploads\\\/2020\\\/10\\\/logo2020.png\",\"width\":254,\"height\":43,\"caption\":\"Lawebradio.com - Actualit\u00e9s des radios digitales\"},\"image\":{\"@id\":\"https:\\\/\\\/www.lawebradio.com\\\/news\\\/#\\\/schema\\\/logo\\\/image\\\/\"}},{\"@type\":\"Person\",\"@id\":\"https:\\\/\\\/www.lawebradio.com\\\/news\\\/#\\\/schema\\\/person\\\/95fd11aee6e6cfe70a4b58b482103f1f\",\"name\":\"Julien Lecourbe\",\"image\":{\"@type\":\"ImageObject\",\"inLanguage\":\"fr-FR\",\"@id\":\"https:\\\/\\\/secure.gravatar.com\\\/avatar\\\/0d25a327c6e268d9730d9c0cbeeee0fea76f04c6cf9528c29e782ef324afc515?s=96&d=mm&r=g\",\"url\":\"https:\\\/\\\/secure.gravatar.com\\\/avatar\\\/0d25a327c6e268d9730d9c0cbeeee0fea76f04c6cf9528c29e782ef324afc515?s=96&d=mm&r=g\",\"contentUrl\":\"https:\\\/\\\/secure.gravatar.com\\\/avatar\\\/0d25a327c6e268d9730d9c0cbeeee0fea76f04c6cf9528c29e782ef324afc515?s=96&d=mm&r=g\",\"caption\":\"Julien Lecourbe\"},\"url\":\"https:\\\/\\\/www.lawebradio.com\\\/news\\\/author\\\/la-redaction\\\/\"}]}<\/script>\n<!-- \/ Yoast SEO plugin. -->","yoast_head_json":{"title":"Deauville La Radio, l\u2019esprit normand sur une bonne fr\u00e9quence - Lawebradio.com - Actualit\u00e9s des radios digitales","description":"Deauville La Radio, webradio lifestyle normande : musique, culture, podcasts et talk-shows pour vibrer entre \u00e9l\u00e9gance, id\u00e9es et inspirations.","robots":{"index":"index","follow":"follow","max-snippet":"max-snippet:-1","max-image-preview":"max-image-preview:large","max-video-preview":"max-video-preview:-1"},"canonical":"https:\/\/www.lawebradio.com\/news\/deauville-la-radio-lesprit-normand-sur-une-bonne-frequence\/","og_locale":"fr_FR","og_type":"article","og_title":"Deauville La Radio, l\u2019esprit normand sur une bonne fr\u00e9quence - Lawebradio.com - Actualit\u00e9s des radios digitales","og_description":"Deauville La Radio, webradio lifestyle normande : musique, culture, podcasts et talk-shows pour vibrer entre \u00e9l\u00e9gance, id\u00e9es et inspirations.","og_url":"https:\/\/www.lawebradio.com\/news\/deauville-la-radio-lesprit-normand-sur-une-bonne-frequence\/","og_site_name":"Lawebradio.com - Actualit\u00e9s des radios digitales","article_published_time":"2025-12-09T17:33:00+00:00","article_modified_time":"2025-12-09T22:06:24+00:00","og_image":[{"width":735,"height":350,"url":"https:\/\/www.lawebradio.com\/news\/wp-content\/uploads\/2025\/12\/09122025-01.jpg","type":"image\/jpeg"}],"author":"Julien Lecourbe","twitter_misc":{"\u00c9crit par":"Julien Lecourbe","Dur\u00e9e de lecture estim\u00e9e":"3 minutes"},"schema":{"@context":"https:\/\/schema.org","@graph":[{"@type":"Article","@id":"https:\/\/www.lawebradio.com\/news\/deauville-la-radio-lesprit-normand-sur-une-bonne-frequence\/#article","isPartOf":{"@id":"https:\/\/www.lawebradio.com\/news\/deauville-la-radio-lesprit-normand-sur-une-bonne-frequence\/"},"author":{"name":"Julien Lecourbe","@id":"https:\/\/www.lawebradio.com\/news\/#\/schema\/person\/95fd11aee6e6cfe70a4b58b482103f1f"},"headline":"Deauville La Radio, l\u2019esprit normand sur une bonne fr\u00e9quence","datePublished":"2025-12-09T17:33:00+00:00","dateModified":"2025-12-09T22:06:24+00:00","mainEntityOfPage":{"@id":"https:\/\/www.lawebradio.com\/news\/deauville-la-radio-lesprit-normand-sur-une-bonne-frequence\/"},"wordCount":541,"publisher":{"@id":"https:\/\/www.lawebradio.com\/news\/#organization"},"image":{"@id":"https:\/\/www.lawebradio.com\/news\/deauville-la-radio-lesprit-normand-sur-une-bonne-frequence\/#primaryimage"},"thumbnailUrl":"https:\/\/www.lawebradio.com\/news\/wp-content\/uploads\/2025\/12\/09122025-01.jpg","articleSection":["Focus"],"inLanguage":"fr-FR"},{"@type":"WebPage","@id":"https:\/\/www.lawebradio.com\/news\/deauville-la-radio-lesprit-normand-sur-une-bonne-frequence\/","url":"https:\/\/www.lawebradio.com\/news\/deauville-la-radio-lesprit-normand-sur-une-bonne-frequence\/","name":"Deauville La Radio, l\u2019esprit normand sur une bonne fr\u00e9quence - Lawebradio.com - Actualit\u00e9s des radios digitales","isPartOf":{"@id":"https:\/\/www.lawebradio.com\/news\/#website"},"primaryImageOfPage":{"@id":"https:\/\/www.lawebradio.com\/news\/deauville-la-radio-lesprit-normand-sur-une-bonne-frequence\/#primaryimage"},"image":{"@id":"https:\/\/www.lawebradio.com\/news\/deauville-la-radio-lesprit-normand-sur-une-bonne-frequence\/#primaryimage"},"thumbnailUrl":"https:\/\/www.lawebradio.com\/news\/wp-content\/uploads\/2025\/12\/09122025-01.jpg","datePublished":"2025-12-09T17:33:00+00:00","dateModified":"2025-12-09T22:06:24+00:00","description":"Deauville La Radio, webradio lifestyle normande : musique, culture, podcasts et talk-shows pour vibrer entre \u00e9l\u00e9gance, id\u00e9es et inspirations.","inLanguage":"fr-FR","potentialAction":[{"@type":"ReadAction","target":["https:\/\/www.lawebradio.com\/news\/deauville-la-radio-lesprit-normand-sur-une-bonne-frequence\/"]}]},{"@type":"ImageObject","inLanguage":"fr-FR","@id":"https:\/\/www.lawebradio.com\/news\/deauville-la-radio-lesprit-normand-sur-une-bonne-frequence\/#primaryimage","url":"https:\/\/www.lawebradio.com\/news\/wp-content\/uploads\/2025\/12\/09122025-01.jpg","contentUrl":"https:\/\/www.lawebradio.com\/news\/wp-content\/uploads\/2025\/12\/09122025-01.jpg","width":735,"height":350},{"@type":"WebSite","@id":"https:\/\/www.lawebradio.com\/news\/#website","url":"https:\/\/www.lawebradio.com\/news\/","name":"Lawebradio.com - Actualit\u00e9s des radios digitales","description":"","publisher":{"@id":"https:\/\/www.lawebradio.com\/news\/#organization"},"potentialAction":[{"@type":"SearchAction","target":{"@type":"EntryPoint","urlTemplate":"https:\/\/www.lawebradio.com\/news\/?s={search_term_string}"},"query-input":{"@type":"PropertyValueSpecification","valueRequired":true,"valueName":"search_term_string"}}],"inLanguage":"fr-FR"},{"@type":"Organization","@id":"https:\/\/www.lawebradio.com\/news\/#organization","name":"Lawebradio.com - Actualit\u00e9s des radios digitales","url":"https:\/\/www.lawebradio.com\/news\/","logo":{"@type":"ImageObject","inLanguage":"fr-FR","@id":"https:\/\/www.lawebradio.com\/news\/#\/schema\/logo\/image\/","url":"https:\/\/www.lawebradio.com\/news\/wp-content\/uploads\/2020\/10\/logo2020.png","contentUrl":"https:\/\/www.lawebradio.com\/news\/wp-content\/uploads\/2020\/10\/logo2020.png","width":254,"height":43,"caption":"Lawebradio.com - Actualit\u00e9s des radios digitales"},"image":{"@id":"https:\/\/www.lawebradio.com\/news\/#\/schema\/logo\/image\/"}},{"@type":"Person","@id":"https:\/\/www.lawebradio.com\/news\/#\/schema\/person\/95fd11aee6e6cfe70a4b58b482103f1f","name":"Julien Lecourbe","image":{"@type":"ImageObject","inLanguage":"fr-FR","@id":"https:\/\/secure.gravatar.com\/avatar\/0d25a327c6e268d9730d9c0cbeeee0fea76f04c6cf9528c29e782ef324afc515?s=96&d=mm&r=g","url":"https:\/\/secure.gravatar.com\/avatar\/0d25a327c6e268d9730d9c0cbeeee0fea76f04c6cf9528c29e782ef324afc515?s=96&d=mm&r=g","contentUrl":"https:\/\/secure.gravatar.com\/avatar\/0d25a327c6e268d9730d9c0cbeeee0fea76f04c6cf9528c29e782ef324afc515?s=96&d=mm&r=g","caption":"Julien Lecourbe"},"url":"https:\/\/www.lawebradio.com\/news\/author\/la-redaction\/"}]}},"_links":{"self":[{"href":"https:\/\/www.lawebradio.com\/news\/wp-json\/wp\/v2\/posts\/10327","targetHints":{"allow":["GET"]}}],"collection":[{"href":"https:\/\/www.lawebradio.com\/news\/wp-json\/wp\/v2\/posts"}],"about":[{"href":"https:\/\/www.lawebradio.com\/news\/wp-json\/wp\/v2\/types\/post"}],"author":[{"embeddable":true,"href":"https:\/\/www.lawebradio.com\/news\/wp-json\/wp\/v2\/users\/3"}],"replies":[{"embeddable":true,"href":"https:\/\/www.lawebradio.com\/news\/wp-json\/wp\/v2\/comments?post=10327"}],"version-history":[{"count":6,"href":"https:\/\/www.lawebradio.com\/news\/wp-json\/wp\/v2\/posts\/10327\/revisions"}],"predecessor-version":[{"id":10342,"href":"https:\/\/www.lawebradio.com\/news\/wp-json\/wp\/v2\/posts\/10327\/revisions\/10342"}],"wp:featuredmedia":[{"embeddable":true,"href":"https:\/\/www.lawebradio.com\/news\/wp-json\/wp\/v2\/media\/10328"}],"wp:attachment":[{"href":"https:\/\/www.lawebradio.com\/news\/wp-json\/wp\/v2\/media?parent=10327"}],"wp:term":[{"taxonomy":"category","embeddable":true,"href":"https:\/\/www.lawebradio.com\/news\/wp-json\/wp\/v2\/categories?post=10327"},{"taxonomy":"post_tag","embeddable":true,"href":"https:\/\/www.lawebradio.com\/news\/wp-json\/wp\/v2\/tags?post=10327"}],"curies":[{"name":"wp","href":"https:\/\/api.w.org\/{rel}","templated":true}]}}