{"id":10290,"date":"2025-12-01T10:16:53","date_gmt":"2025-12-01T09:16:53","guid":{"rendered":"https:\/\/www.lawebradio.com\/news\/?p=10290"},"modified":"2025-12-03T08:57:10","modified_gmt":"2025-12-03T07:57:10","slug":"sun-junior-la-webradio-qui-donne-la-voix-aux-5-11-ans","status":"publish","type":"post","link":"https:\/\/www.lawebradio.com\/news\/sun-junior-la-webradio-qui-donne-la-voix-aux-5-11-ans\/","title":{"rendered":"SUN Junior : la webradio nantaise donne la voix aux 5-11 ans"},"content":{"rendered":"<p>[et_pb_section fb_built=\u00a0\u00bb1&Prime; _builder_version=\u00a0\u00bb4.6.5&Prime; _module_preset=\u00a0\u00bbdefault\u00a0\u00bb][et_pb_row _builder_version=\u00a0\u00bb4.6.5&Prime; _module_preset=\u00a0\u00bbdefault\u00a0\u00bb][et_pb_column type=\u00a0\u00bb4_4&Prime; _builder_version=\u00a0\u00bb4.6.5&Prime; _module_preset=\u00a0\u00bbdefault\u00a0\u00bb][et_pb_text _builder_version=\u00a0\u00bb4.8.0&Prime; _module_preset=\u00a0\u00bbdefault\u00a0\u00bb header_3_font_size=\u00a0\u00bb21px\u00a0\u00bb header_3_line_height=\u00a0\u00bb1.4em\u00a0\u00bb]<\/p>\n<p><strong>Lanc\u00e9e en octobre 2020 par SUN \u2013 Le Son Unique, la radio associative de la r\u00e9gion nantaise, SUN Junior offre un espace gratuit, ludique et s\u00e9curis\u00e9, disponible 24h\/24 et 7j\/7. Un terrain de jeu sonore unique, pens\u00e9 pour informer, \u00e9veiller et divertir les jeunes oreilles\u2026 loin du tumulte visuel des \u00e9crans.<\/strong><\/p>\n<p>Pour comprendre <a href=\"https:\/\/www.ouest-france.fr\/pays-de-la-loire\/cholet-49300\/cholet-une-nouvelle-radio-a-destination-des-enfants-6988680\">SUN Junior<\/a>, il faut remonter \u00e0 l\u2019ADN m\u00eame de SUN. L\u2019aventure d\u00e9bute en 1996, \u00e0 Saint-S\u00e9bastien-sur-Loire, port\u00e9e par Pierre Boucard et une poign\u00e9e de passionn\u00e9s qui r\u00eavaient d\u00e9j\u00e0 de radio pirate dans les <a href=\"https:\/\/www.lawebradio.com\/news\/pourquoi-la-musique-des-annees-80-est-elle-toujours-aussi-populaire\/\">ann\u00e9es 80<\/a>. Pr\u00e9curseur dans la radio num\u00e9rique, SUN explore les webradios d\u00e8s 2015, avec des flux th\u00e9matiques comme SUN No\u00ebl, SUN Sport ou encore SUN Metal, con\u00e7us pour mettre en lumi\u00e8re des talents locaux et exp\u00e9rimenter de nouveaux formats.<\/p>\n<p>De cette dynamique na\u00eet naturellement SUN Junior : une radio sp\u00e9cialement pens\u00e9e pour les enfants, dot\u00e9e d\u2019un studio d\u00e9di\u00e9 \u00e0 Cholet. Les \u00e9coles, centres de loisirs et structures jeunesse y d\u00e9filent pour apprendre les coulisses de la radio, cr\u00e9er des reportages, inventer des contes ou interviewer des personnalit\u00e9s locales.<\/p>\n<p>Avec pr\u00e8s de 90 b\u00e9n\u00e9voles \u00e9paul\u00e9s par une \u00e9quipe salari\u00e9e, SUN transmet ici tout son esprit : un m\u00e9dia citoyen, engag\u00e9, proche de ses publics et r\u00e9solument tourn\u00e9 vers la cr\u00e9ativit\u00e9. SUN Junior devient alors un outil d\u2019\u00e9ducation aux m\u00e9dias, aidant les jeunes \u00e0 d\u00e9velopper esprit critique, autonomie et compr\u00e9hension du monde \u2014 un d\u00e9fi essentiel \u00e0 l\u2019heure des fake news.<\/p>\n<h3>Une programmation joyeuse, inventive\u2026 et 100% sans publicit\u00e9<\/h3>\n<p>La grille de SUN Junior ressemble \u00e0 un v\u00e9ritable laboratoire sonore. On y retrouve :<br \/>\u2022 Des \u00e9missions r\u00e9alis\u00e9es par les enfants, issues d\u2019ateliers radio men\u00e9s en \u00e9coles et centres de loisirs.<br \/>\u2022 Des chroniques sur l\u2019\u00e9cologie, la culture, l\u2019actualit\u00e9 locale ou l\u2019imaginaire collectif.<br \/>\u2022 Des contes revisit\u00e9s, des histoires originales et des capsules pleines d\u2019humour.<br \/>\u2022 Des lives acoustiques, des quizzes, des jeux participatifs.<br \/>\u2022 Des playlists douces et \u00e9clectiques, h\u00e9rit\u00e9es de l\u2019expertise musicale de SUN qui diffuse plus de 6500 titres chaque mois.<\/p>\n<p>Tout est pens\u00e9 pour \u00e9veiller sans infantiliser, pour captiver sans saturer. Le cr\u00e9neau phare reste l\u2019expression des enfants : leurs productions sont valoris\u00e9es en podcasts sur la plateforme mySUN, lanc\u00e9e en 2022, afin de r\u00e9\u00e9couter leurs cr\u00e9ations \u00e0 volont\u00e9.<\/p>\n<p>Accessible via LeSonUnique.com\/sunjunior, l\u2019application mySUN ou ponctuellement en DAB+ \u00e0 Nantes, SUN Junior casse les fronti\u00e8res du num\u00e9rique pour toucher toujours plus de familles.<\/p>\n<h3>L\u2019actualit\u00e9 : une rentr\u00e9e 2024-2025 dynamique et des f\u00eates tr\u00e8s attendues<\/h3>\n<p>Cette rentr\u00e9e, SUN Junior profite pleinement de la nouvelle grille de SUN, marqu\u00e9e par des soir\u00e9es th\u00e9matiques enrichies et davantage de contenus live. Une dynamique qui irrigue aussi les webradios comme Junior, toujours plus connect\u00e9es aux projets de la maison-m\u00e8re.<\/p>\n<p>\u00c0 Cholet comme \u00e0 Nantes, les ateliers d\u2019\u00e9ducation aux m\u00e9dias se multiplient. Les familles sont r\u00e9guli\u00e8rement invit\u00e9es \u00e0 d\u00e9couvrir les studios \u2014 comme en f\u00e9vrier dernier, o\u00f9 une visite immersive a conquis petits et grands.<\/p>\n<p>Et comme chaque ann\u00e9e depuis 2020, SUN Junior pr\u00e9pare un retour tr\u00e8s attendu en DAB+ \u00e0 Nantes pour d\u00e9cembre, avec une programmation sp\u00e9ciale f\u00eates\u2026 enti\u00e8rement port\u00e9e par les enfants. Une tradition joyeuse, chaleureuse et cr\u00e9ative.<\/p>\n<p>\u00c0 cela s\u2019ajoute une mont\u00e9e en puissance des outils interactifs d\u00e9velopp\u00e9s par SUN, certains m\u00eame brevet\u00e9s, pour faire participer les auditeurs comme jamais auparavant.<\/p>\n<p>\u2022 <a href=\"https:\/\/lesonunique.com\/sunjunior\" target=\"_blank\" rel=\"noopener\"><strong>En savoir plus &gt;&gt;<\/strong><\/a><\/p>\n<p>[\/et_pb_text][et_pb_image src=\u00a0\u00bbhttps:\/\/www.lawebradio.com\/news\/wp-content\/uploads\/2025\/12\/01122025-03.jpg\u00a0\u00bb _builder_version=\u00a0\u00bb4.8.0&Prime; _module_preset=\u00a0\u00bbdefault\u00a0\u00bb][\/et_pb_image][\/et_pb_column][\/et_pb_row][\/et_pb_section]<\/p>\n","protected":false},"excerpt":{"rendered":"<p>[et_pb_section fb_built=\u00a0\u00bb1&Prime; _builder_version=\u00a0\u00bb4.6.5&Prime; _module_preset=\u00a0\u00bbdefault\u00a0\u00bb][et_pb_row _builder_version=\u00a0\u00bb4.6.5&Prime; _module_preset=\u00a0\u00bbdefault\u00a0\u00bb][et_pb_column type=\u00a0\u00bb4_4&Prime; _builder_version=\u00a0\u00bb4.6.5&Prime; _module_preset=\u00a0\u00bbdefault\u00a0\u00bb][et_pb_text _builder_version=\u00a0\u00bb4.8.0&Prime; _module_preset=\u00a0\u00bbdefault\u00a0\u00bb header_3_font_size=\u00a0\u00bb21px\u00a0\u00bb header_3_line_height=\u00a0\u00bb1.4em\u00a0\u00bb] Lanc\u00e9e en octobre 2020 par SUN \u2013 Le Son Unique, la radio associative de la r\u00e9gion nantaise, SUN Junior offre un espace gratuit, ludique et s\u00e9curis\u00e9, disponible 24h\/24 et 7j\/7. Un terrain de jeu sonore unique, pens\u00e9 pour informer, \u00e9veiller et divertir [&hellip;]<\/p>\n","protected":false},"author":3,"featured_media":10291,"comment_status":"closed","ping_status":"closed","sticky":false,"template":"","format":"standard","meta":{"_et_pb_use_builder":"on","_et_pb_old_content":"","_et_gb_content_width":"","footnotes":""},"categories":[6],"tags":[],"class_list":["post-10290","post","type-post","status-publish","format-standard","has-post-thumbnail","hentry","category-focus","et-has-post-format-content","et_post_format-et-post-format-standard"],"yoast_head":"<!-- This site is optimized with the Yoast SEO plugin v27.5 - https:\/\/yoast.com\/product\/yoast-seo-wordpress\/ -->\n<title>SUN Junior : la webradio nantaise donne la voix aux 5-11 ans - Lawebradio.com - Actualit\u00e9s des radios digitales<\/title>\n<meta name=\"description\" content=\"SUN Junior, la webradio d\u00e9di\u00e9e aux 5-11 ans : ateliers radio, podcasts cr\u00e9\u00e9s par les enfants, playlists \u00e9clectiques et contenus \u00e9ducatifs.\" \/>\n<meta name=\"robots\" content=\"index, follow, max-snippet:-1, max-image-preview:large, max-video-preview:-1\" \/>\n<link rel=\"canonical\" href=\"https:\/\/www.lawebradio.com\/news\/sun-junior-la-webradio-qui-donne-la-voix-aux-5-11-ans\/\" \/>\n<meta property=\"og:locale\" content=\"fr_FR\" \/>\n<meta property=\"og:type\" content=\"article\" \/>\n<meta property=\"og:title\" content=\"SUN Junior : la webradio nantaise donne la voix aux 5-11 ans - Lawebradio.com - Actualit\u00e9s des radios digitales\" \/>\n<meta property=\"og:description\" content=\"SUN Junior, la webradio d\u00e9di\u00e9e aux 5-11 ans : ateliers radio, podcasts cr\u00e9\u00e9s par les enfants, playlists \u00e9clectiques et contenus \u00e9ducatifs.\" \/>\n<meta property=\"og:url\" content=\"https:\/\/www.lawebradio.com\/news\/sun-junior-la-webradio-qui-donne-la-voix-aux-5-11-ans\/\" \/>\n<meta property=\"og:site_name\" content=\"Lawebradio.com - Actualit\u00e9s des radios digitales\" \/>\n<meta property=\"article:published_time\" content=\"2025-12-01T09:16:53+00:00\" \/>\n<meta property=\"article:modified_time\" content=\"2025-12-03T07:57:10+00:00\" \/>\n<meta property=\"og:image\" content=\"https:\/\/www.lawebradio.com\/news\/wp-content\/uploads\/2025\/12\/01122025-02.jpg\" \/>\n\t<meta property=\"og:image:width\" content=\"735\" \/>\n\t<meta property=\"og:image:height\" content=\"350\" \/>\n\t<meta property=\"og:image:type\" content=\"image\/jpeg\" \/>\n<meta name=\"author\" content=\"Julien Lecourbe\" \/>\n<meta name=\"twitter:label1\" content=\"\u00c9crit par\" \/>\n\t<meta name=\"twitter:data1\" content=\"Julien Lecourbe\" \/>\n\t<meta name=\"twitter:label2\" content=\"Dur\u00e9e de lecture estim\u00e9e\" \/>\n\t<meta name=\"twitter:data2\" content=\"4 minutes\" \/>\n<script type=\"application\/ld+json\" class=\"yoast-schema-graph\">{\"@context\":\"https:\\\/\\\/schema.org\",\"@graph\":[{\"@type\":\"Article\",\"@id\":\"https:\\\/\\\/www.lawebradio.com\\\/news\\\/sun-junior-la-webradio-qui-donne-la-voix-aux-5-11-ans\\\/#article\",\"isPartOf\":{\"@id\":\"https:\\\/\\\/www.lawebradio.com\\\/news\\\/sun-junior-la-webradio-qui-donne-la-voix-aux-5-11-ans\\\/\"},\"author\":{\"name\":\"Julien Lecourbe\",\"@id\":\"https:\\\/\\\/www.lawebradio.com\\\/news\\\/#\\\/schema\\\/person\\\/95fd11aee6e6cfe70a4b58b482103f1f\"},\"headline\":\"SUN Junior : la webradio nantaise donne la voix aux 5-11 ans\",\"datePublished\":\"2025-12-01T09:16:53+00:00\",\"dateModified\":\"2025-12-03T07:57:10+00:00\",\"mainEntityOfPage\":{\"@id\":\"https:\\\/\\\/www.lawebradio.com\\\/news\\\/sun-junior-la-webradio-qui-donne-la-voix-aux-5-11-ans\\\/\"},\"wordCount\":694,\"publisher\":{\"@id\":\"https:\\\/\\\/www.lawebradio.com\\\/news\\\/#organization\"},\"image\":{\"@id\":\"https:\\\/\\\/www.lawebradio.com\\\/news\\\/sun-junior-la-webradio-qui-donne-la-voix-aux-5-11-ans\\\/#primaryimage\"},\"thumbnailUrl\":\"https:\\\/\\\/www.lawebradio.com\\\/news\\\/wp-content\\\/uploads\\\/2025\\\/12\\\/01122025-02.jpg\",\"articleSection\":[\"Focus\"],\"inLanguage\":\"fr-FR\"},{\"@type\":\"WebPage\",\"@id\":\"https:\\\/\\\/www.lawebradio.com\\\/news\\\/sun-junior-la-webradio-qui-donne-la-voix-aux-5-11-ans\\\/\",\"url\":\"https:\\\/\\\/www.lawebradio.com\\\/news\\\/sun-junior-la-webradio-qui-donne-la-voix-aux-5-11-ans\\\/\",\"name\":\"SUN Junior : la webradio nantaise donne la voix aux 5-11 ans - Lawebradio.com - Actualit\u00e9s des radios digitales\",\"isPartOf\":{\"@id\":\"https:\\\/\\\/www.lawebradio.com\\\/news\\\/#website\"},\"primaryImageOfPage\":{\"@id\":\"https:\\\/\\\/www.lawebradio.com\\\/news\\\/sun-junior-la-webradio-qui-donne-la-voix-aux-5-11-ans\\\/#primaryimage\"},\"image\":{\"@id\":\"https:\\\/\\\/www.lawebradio.com\\\/news\\\/sun-junior-la-webradio-qui-donne-la-voix-aux-5-11-ans\\\/#primaryimage\"},\"thumbnailUrl\":\"https:\\\/\\\/www.lawebradio.com\\\/news\\\/wp-content\\\/uploads\\\/2025\\\/12\\\/01122025-02.jpg\",\"datePublished\":\"2025-12-01T09:16:53+00:00\",\"dateModified\":\"2025-12-03T07:57:10+00:00\",\"description\":\"SUN Junior, la webradio d\u00e9di\u00e9e aux 5-11 ans : ateliers radio, podcasts cr\u00e9\u00e9s par les enfants, playlists \u00e9clectiques et contenus \u00e9ducatifs.\",\"inLanguage\":\"fr-FR\",\"potentialAction\":[{\"@type\":\"ReadAction\",\"target\":[\"https:\\\/\\\/www.lawebradio.com\\\/news\\\/sun-junior-la-webradio-qui-donne-la-voix-aux-5-11-ans\\\/\"]}]},{\"@type\":\"ImageObject\",\"inLanguage\":\"fr-FR\",\"@id\":\"https:\\\/\\\/www.lawebradio.com\\\/news\\\/sun-junior-la-webradio-qui-donne-la-voix-aux-5-11-ans\\\/#primaryimage\",\"url\":\"https:\\\/\\\/www.lawebradio.com\\\/news\\\/wp-content\\\/uploads\\\/2025\\\/12\\\/01122025-02.jpg\",\"contentUrl\":\"https:\\\/\\\/www.lawebradio.com\\\/news\\\/wp-content\\\/uploads\\\/2025\\\/12\\\/01122025-02.jpg\",\"width\":735,\"height\":350},{\"@type\":\"WebSite\",\"@id\":\"https:\\\/\\\/www.lawebradio.com\\\/news\\\/#website\",\"url\":\"https:\\\/\\\/www.lawebradio.com\\\/news\\\/\",\"name\":\"Lawebradio.com - Actualit\u00e9s des radios digitales\",\"description\":\"\",\"publisher\":{\"@id\":\"https:\\\/\\\/www.lawebradio.com\\\/news\\\/#organization\"},\"potentialAction\":[{\"@type\":\"SearchAction\",\"target\":{\"@type\":\"EntryPoint\",\"urlTemplate\":\"https:\\\/\\\/www.lawebradio.com\\\/news\\\/?s={search_term_string}\"},\"query-input\":{\"@type\":\"PropertyValueSpecification\",\"valueRequired\":true,\"valueName\":\"search_term_string\"}}],\"inLanguage\":\"fr-FR\"},{\"@type\":\"Organization\",\"@id\":\"https:\\\/\\\/www.lawebradio.com\\\/news\\\/#organization\",\"name\":\"Lawebradio.com - Actualit\u00e9s des radios digitales\",\"url\":\"https:\\\/\\\/www.lawebradio.com\\\/news\\\/\",\"logo\":{\"@type\":\"ImageObject\",\"inLanguage\":\"fr-FR\",\"@id\":\"https:\\\/\\\/www.lawebradio.com\\\/news\\\/#\\\/schema\\\/logo\\\/image\\\/\",\"url\":\"https:\\\/\\\/www.lawebradio.com\\\/news\\\/wp-content\\\/uploads\\\/2020\\\/10\\\/logo2020.png\",\"contentUrl\":\"https:\\\/\\\/www.lawebradio.com\\\/news\\\/wp-content\\\/uploads\\\/2020\\\/10\\\/logo2020.png\",\"width\":254,\"height\":43,\"caption\":\"Lawebradio.com - Actualit\u00e9s des radios digitales\"},\"image\":{\"@id\":\"https:\\\/\\\/www.lawebradio.com\\\/news\\\/#\\\/schema\\\/logo\\\/image\\\/\"}},{\"@type\":\"Person\",\"@id\":\"https:\\\/\\\/www.lawebradio.com\\\/news\\\/#\\\/schema\\\/person\\\/95fd11aee6e6cfe70a4b58b482103f1f\",\"name\":\"Julien Lecourbe\",\"image\":{\"@type\":\"ImageObject\",\"inLanguage\":\"fr-FR\",\"@id\":\"https:\\\/\\\/secure.gravatar.com\\\/avatar\\\/0d25a327c6e268d9730d9c0cbeeee0fea76f04c6cf9528c29e782ef324afc515?s=96&d=mm&r=g\",\"url\":\"https:\\\/\\\/secure.gravatar.com\\\/avatar\\\/0d25a327c6e268d9730d9c0cbeeee0fea76f04c6cf9528c29e782ef324afc515?s=96&d=mm&r=g\",\"contentUrl\":\"https:\\\/\\\/secure.gravatar.com\\\/avatar\\\/0d25a327c6e268d9730d9c0cbeeee0fea76f04c6cf9528c29e782ef324afc515?s=96&d=mm&r=g\",\"caption\":\"Julien Lecourbe\"},\"url\":\"https:\\\/\\\/www.lawebradio.com\\\/news\\\/author\\\/la-redaction\\\/\"}]}<\/script>\n<!-- \/ Yoast SEO plugin. -->","yoast_head_json":{"title":"SUN Junior : la webradio nantaise donne la voix aux 5-11 ans - Lawebradio.com - Actualit\u00e9s des radios digitales","description":"SUN Junior, la webradio d\u00e9di\u00e9e aux 5-11 ans : ateliers radio, podcasts cr\u00e9\u00e9s par les enfants, playlists \u00e9clectiques et contenus \u00e9ducatifs.","robots":{"index":"index","follow":"follow","max-snippet":"max-snippet:-1","max-image-preview":"max-image-preview:large","max-video-preview":"max-video-preview:-1"},"canonical":"https:\/\/www.lawebradio.com\/news\/sun-junior-la-webradio-qui-donne-la-voix-aux-5-11-ans\/","og_locale":"fr_FR","og_type":"article","og_title":"SUN Junior : la webradio nantaise donne la voix aux 5-11 ans - Lawebradio.com - Actualit\u00e9s des radios digitales","og_description":"SUN Junior, la webradio d\u00e9di\u00e9e aux 5-11 ans : ateliers radio, podcasts cr\u00e9\u00e9s par les enfants, playlists \u00e9clectiques et contenus \u00e9ducatifs.","og_url":"https:\/\/www.lawebradio.com\/news\/sun-junior-la-webradio-qui-donne-la-voix-aux-5-11-ans\/","og_site_name":"Lawebradio.com - Actualit\u00e9s des radios digitales","article_published_time":"2025-12-01T09:16:53+00:00","article_modified_time":"2025-12-03T07:57:10+00:00","og_image":[{"width":735,"height":350,"url":"https:\/\/www.lawebradio.com\/news\/wp-content\/uploads\/2025\/12\/01122025-02.jpg","type":"image\/jpeg"}],"author":"Julien Lecourbe","twitter_misc":{"\u00c9crit par":"Julien Lecourbe","Dur\u00e9e de lecture estim\u00e9e":"4 minutes"},"schema":{"@context":"https:\/\/schema.org","@graph":[{"@type":"Article","@id":"https:\/\/www.lawebradio.com\/news\/sun-junior-la-webradio-qui-donne-la-voix-aux-5-11-ans\/#article","isPartOf":{"@id":"https:\/\/www.lawebradio.com\/news\/sun-junior-la-webradio-qui-donne-la-voix-aux-5-11-ans\/"},"author":{"name":"Julien Lecourbe","@id":"https:\/\/www.lawebradio.com\/news\/#\/schema\/person\/95fd11aee6e6cfe70a4b58b482103f1f"},"headline":"SUN Junior : la webradio nantaise donne la voix aux 5-11 ans","datePublished":"2025-12-01T09:16:53+00:00","dateModified":"2025-12-03T07:57:10+00:00","mainEntityOfPage":{"@id":"https:\/\/www.lawebradio.com\/news\/sun-junior-la-webradio-qui-donne-la-voix-aux-5-11-ans\/"},"wordCount":694,"publisher":{"@id":"https:\/\/www.lawebradio.com\/news\/#organization"},"image":{"@id":"https:\/\/www.lawebradio.com\/news\/sun-junior-la-webradio-qui-donne-la-voix-aux-5-11-ans\/#primaryimage"},"thumbnailUrl":"https:\/\/www.lawebradio.com\/news\/wp-content\/uploads\/2025\/12\/01122025-02.jpg","articleSection":["Focus"],"inLanguage":"fr-FR"},{"@type":"WebPage","@id":"https:\/\/www.lawebradio.com\/news\/sun-junior-la-webradio-qui-donne-la-voix-aux-5-11-ans\/","url":"https:\/\/www.lawebradio.com\/news\/sun-junior-la-webradio-qui-donne-la-voix-aux-5-11-ans\/","name":"SUN Junior : la webradio nantaise donne la voix aux 5-11 ans - Lawebradio.com - Actualit\u00e9s des radios digitales","isPartOf":{"@id":"https:\/\/www.lawebradio.com\/news\/#website"},"primaryImageOfPage":{"@id":"https:\/\/www.lawebradio.com\/news\/sun-junior-la-webradio-qui-donne-la-voix-aux-5-11-ans\/#primaryimage"},"image":{"@id":"https:\/\/www.lawebradio.com\/news\/sun-junior-la-webradio-qui-donne-la-voix-aux-5-11-ans\/#primaryimage"},"thumbnailUrl":"https:\/\/www.lawebradio.com\/news\/wp-content\/uploads\/2025\/12\/01122025-02.jpg","datePublished":"2025-12-01T09:16:53+00:00","dateModified":"2025-12-03T07:57:10+00:00","description":"SUN Junior, la webradio d\u00e9di\u00e9e aux 5-11 ans : ateliers radio, podcasts cr\u00e9\u00e9s par les enfants, playlists \u00e9clectiques et contenus \u00e9ducatifs.","inLanguage":"fr-FR","potentialAction":[{"@type":"ReadAction","target":["https:\/\/www.lawebradio.com\/news\/sun-junior-la-webradio-qui-donne-la-voix-aux-5-11-ans\/"]}]},{"@type":"ImageObject","inLanguage":"fr-FR","@id":"https:\/\/www.lawebradio.com\/news\/sun-junior-la-webradio-qui-donne-la-voix-aux-5-11-ans\/#primaryimage","url":"https:\/\/www.lawebradio.com\/news\/wp-content\/uploads\/2025\/12\/01122025-02.jpg","contentUrl":"https:\/\/www.lawebradio.com\/news\/wp-content\/uploads\/2025\/12\/01122025-02.jpg","width":735,"height":350},{"@type":"WebSite","@id":"https:\/\/www.lawebradio.com\/news\/#website","url":"https:\/\/www.lawebradio.com\/news\/","name":"Lawebradio.com - Actualit\u00e9s des radios digitales","description":"","publisher":{"@id":"https:\/\/www.lawebradio.com\/news\/#organization"},"potentialAction":[{"@type":"SearchAction","target":{"@type":"EntryPoint","urlTemplate":"https:\/\/www.lawebradio.com\/news\/?s={search_term_string}"},"query-input":{"@type":"PropertyValueSpecification","valueRequired":true,"valueName":"search_term_string"}}],"inLanguage":"fr-FR"},{"@type":"Organization","@id":"https:\/\/www.lawebradio.com\/news\/#organization","name":"Lawebradio.com - Actualit\u00e9s des radios digitales","url":"https:\/\/www.lawebradio.com\/news\/","logo":{"@type":"ImageObject","inLanguage":"fr-FR","@id":"https:\/\/www.lawebradio.com\/news\/#\/schema\/logo\/image\/","url":"https:\/\/www.lawebradio.com\/news\/wp-content\/uploads\/2020\/10\/logo2020.png","contentUrl":"https:\/\/www.lawebradio.com\/news\/wp-content\/uploads\/2020\/10\/logo2020.png","width":254,"height":43,"caption":"Lawebradio.com - Actualit\u00e9s des radios digitales"},"image":{"@id":"https:\/\/www.lawebradio.com\/news\/#\/schema\/logo\/image\/"}},{"@type":"Person","@id":"https:\/\/www.lawebradio.com\/news\/#\/schema\/person\/95fd11aee6e6cfe70a4b58b482103f1f","name":"Julien Lecourbe","image":{"@type":"ImageObject","inLanguage":"fr-FR","@id":"https:\/\/secure.gravatar.com\/avatar\/0d25a327c6e268d9730d9c0cbeeee0fea76f04c6cf9528c29e782ef324afc515?s=96&d=mm&r=g","url":"https:\/\/secure.gravatar.com\/avatar\/0d25a327c6e268d9730d9c0cbeeee0fea76f04c6cf9528c29e782ef324afc515?s=96&d=mm&r=g","contentUrl":"https:\/\/secure.gravatar.com\/avatar\/0d25a327c6e268d9730d9c0cbeeee0fea76f04c6cf9528c29e782ef324afc515?s=96&d=mm&r=g","caption":"Julien Lecourbe"},"url":"https:\/\/www.lawebradio.com\/news\/author\/la-redaction\/"}]}},"_links":{"self":[{"href":"https:\/\/www.lawebradio.com\/news\/wp-json\/wp\/v2\/posts\/10290","targetHints":{"allow":["GET"]}}],"collection":[{"href":"https:\/\/www.lawebradio.com\/news\/wp-json\/wp\/v2\/posts"}],"about":[{"href":"https:\/\/www.lawebradio.com\/news\/wp-json\/wp\/v2\/types\/post"}],"author":[{"embeddable":true,"href":"https:\/\/www.lawebradio.com\/news\/wp-json\/wp\/v2\/users\/3"}],"replies":[{"embeddable":true,"href":"https:\/\/www.lawebradio.com\/news\/wp-json\/wp\/v2\/comments?post=10290"}],"version-history":[{"count":9,"href":"https:\/\/www.lawebradio.com\/news\/wp-json\/wp\/v2\/posts\/10290\/revisions"}],"predecessor-version":[{"id":10311,"href":"https:\/\/www.lawebradio.com\/news\/wp-json\/wp\/v2\/posts\/10290\/revisions\/10311"}],"wp:featuredmedia":[{"embeddable":true,"href":"https:\/\/www.lawebradio.com\/news\/wp-json\/wp\/v2\/media\/10291"}],"wp:attachment":[{"href":"https:\/\/www.lawebradio.com\/news\/wp-json\/wp\/v2\/media?parent=10290"}],"wp:term":[{"taxonomy":"category","embeddable":true,"href":"https:\/\/www.lawebradio.com\/news\/wp-json\/wp\/v2\/categories?post=10290"},{"taxonomy":"post_tag","embeddable":true,"href":"https:\/\/www.lawebradio.com\/news\/wp-json\/wp\/v2\/tags?post=10290"}],"curies":[{"name":"wp","href":"https:\/\/api.w.org\/{rel}","templated":true}]}}